{"id":3943,"date":"2019-09-02T12:08:22","date_gmt":"2019-09-02T12:08:22","guid":{"rendered":"https:\/\/super-news.info\/mx\/baja-039-velocidad-039-inversion-extranjera-en-autopartes\/"},"modified":"2019-09-02T12:08:24","modified_gmt":"2019-09-02T12:08:24","slug":"baja-039-velocidad-039-inversion-extranjera-en-autopartes","status":"publish","type":"post","link":"https:\/\/super-news.info\/mx\/baja-039-velocidad-039-inversion-extranjera-en-autopartes\/","title":{"rendered":"Baja &#039;velocidad&#039; inversi\u00f3n extranjera en autopartes"},"content":{"rendered":"<p> [ad_1]<br \/>\n<\/p>\n<p class=\"paragraph\" data-count=\"333\" data-wrap=\"56\">En Quer\u00e9taro, la inversi\u00f3n extranjera directa (IED) en la fabricaci\u00f3n de partes para veh\u00edculos automotores sum\u00f3 135 millones de d\u00f3lares en el primer semestre del a\u00f1o, cifra 32 por ciento menor respecto a los 198.7 millones de d\u00f3lares que se registraron en la primera mitad de 2018, de acuerdo con datos de la Secretar\u00eda de Econom\u00eda.\n<\/p>\n<p class=\"paragraph\" data-count=\"218\" data-wrap=\"34\">Al respecto, el secretario de Desarrollo Sustentable (Sedesu) de Quer\u00e9taro, Marco del Prete, coment\u00f3 que, pese a esos n\u00fameros, las proyecciones son positivas  y la confianza de los inversionistas en el estado contin\u00faa.<\/p>\n<p class=\"paragraph\" data-count=\"161\" data-wrap=\"29\">\u201cLo que tiene que ver en la inversi\u00f3n extranjera, en los diferentes rubros, al no ser estacionales no hay un patr\u00f3n de inversi\u00f3n que se d\u00e9\u201d, dijo en entrevista.\n<\/p>\n<p class=\"paragraph\" data-count=\"139\" data-wrap=\"23\">\u201cNo podemos decir que el primer semestre de 2019 se comporta igual que el mismo semestre de 2018, son cifras totalmente at\u00edpicas\u201d, expuso.\n<\/p>\n<p class=\"paragraph\" data-count=\"213\" data-wrap=\"33\">Sostuvo, as\u00ed, que la confianza de los inversionistas en Quer\u00e9taro contin\u00faa, aun cuando hay incertidumbre sobre el comportamiento econ\u00f3mico a nivel global, y, los ajustes a la baja en las proyecciones para M\u00e9xico.\n<\/p>\n<p class=\"paragraph\" data-count=\"246\" data-wrap=\"41\">\u201cSigue habiendo inter\u00e9s por parte de los inversionistas, sigue habiendo indicadores que son positivos, y es una suma de valores que no depende solamente de lo que nosotros hagamos, sino de lo que ocurre en otros lugares, a nivel global\u201d, agreg\u00f3.\n<\/p>\n<p class=\"paragraph\" data-count=\"204\" data-wrap=\"37\">La IED en autopartes representa 23 por ciento del total del capital for\u00e1neo que registr\u00f3 la entidad en el primer semestre, una proporci\u00f3n similar a la que se report\u00f3 en 2018, cuando fue de 24 por ciento.\n<\/p>\n<p class=\"paragraph\" data-count=\"22\" data-wrap=\"2\"><strong>CONFIANZA EMPRESARIAL<br \/>\n<\/strong><\/p>\n<p class=\"paragraph\" data-count=\"249\" data-wrap=\"46\">En el primer semestre de 2019, la IED en Quer\u00e9taro ascendi\u00f3 a 576.7 millones de d\u00f3lares \u2013con cifras preliminares-, lo cual es menor en 30.26 por ciento a los 827 millones de d\u00f3lares que se registraron en la entidad en el mismo lapso del a\u00f1o previo.\n<\/p>\n<p class=\"paragraph\" data-count=\"152\" data-wrap=\"25\">Del total de IED registrada en el estado en enero-junio de 2019, 491.3 millones de d\u00f3lares -85 por ciento- correspondi\u00f3 a la reinversi\u00f3n de utilidades.\n<\/p>\n<p class=\"paragraph\" data-count=\"119\" data-wrap=\"19\">La reinversi\u00f3n de capital, consider\u00f3 el titular de la Sedesu, refleja la confianza de los inversionistas en el estado.\n<\/p>\n<p class=\"paragraph\" data-count=\"228\" data-wrap=\"41\">Y esto, indic\u00f3, se observa en la concreci\u00f3n de 23 proyectos de inversi\u00f3n en el estado, muchos de ellos de Estados Unidos, Canad\u00e1 y Alemania; as\u00ed como en los 43 proyectos que se encuentran en cartera para su an\u00e1lisis y atenci\u00f3n.\n<\/p>\n<p class=\"paragraph\" data-count=\"237\" data-wrap=\"38\">\u201cAfortunadamente en Quer\u00e9taro seguimos manteniendo el ritmo, y \u00e9ste es positivo\u201d, refiri\u00f3. \u201cSe han visto empresas que nos han ayudado a dar a conocer proyectos en los que han invertido, que siguen participando en la econom\u00eda del estado.\u201d<\/p>\n<div class=\"rich__block \">\n<div><\/div>\n<p><span class=\"element__footer\"><\/span><span class=\"element__credit\"><\/span><\/div>\n<p>[ad_2]<br \/>\n<br \/><a href=\"https:\/\/www.elfinanciero.com.mx\/rss\/bajio\/baja-velocidad-inversion-extranjera-en-autopartes\">Source link <\/a><\/p>\n","protected":false},"excerpt":{"rendered":"<p>[ad_1] En Quer\u00e9taro, la inversi\u00f3n extranjera directa (IED) en la fabricaci\u00f3n de partes para veh\u00edculos automotores sum\u00f3 135 millones de d\u00f3lares en el primer semestre del a\u00f1o, cifra 32 por ciento menor respecto a los 198.7 millones de d\u00f3lares que se registraron en la primera mitad de 2018, de acuerdo con datos de la Secretar\u00eda [&hellip;]<\/p>\n","protected":false},"author":3,"featured_media":3944,"comment_status":"open","ping_status":"open","sticky":false,"template":"","format":"standard","meta":{"footnotes":""},"categories":[1],"tags":[],"class_list":["post-3943","post","type-post","status-publish","format-standard","has-post-thumbnail","hentry","category-noticias-financieras"],"yoast_head":"<!-- This site is optimized with the Yoast SEO plugin v27.4 - https:\/\/yoast.com\/product\/yoast-seo-wordpress\/ -->\n<title>Baja &#039;velocidad&#039; inversi\u00f3n extranjera en autopartes - Super News<\/title>\n<meta name=\"robots\" content=\"index, follow, max-snippet:-1, max-image-preview:large, max-video-preview:-1\" \/>\n<link rel=\"canonical\" href=\"https:\/\/super-news.info\/mx\/baja-039-velocidad-039-inversion-extranjera-en-autopartes\/\" \/>\n<meta property=\"og:locale\" content=\"es_MX\" \/>\n<meta property=\"og:type\" content=\"article\" \/>\n<meta property=\"og:title\" content=\"Baja &#039;velocidad&#039; inversi\u00f3n extranjera en autopartes - Super News\" \/>\n<meta property=\"og:description\" content=\"[ad_1] En Quer\u00e9taro, la inversi\u00f3n extranjera directa (IED) en la fabricaci\u00f3n de partes para veh\u00edculos automotores sum\u00f3 135 millones de d\u00f3lares en el primer semestre del a\u00f1o, cifra 32 por ciento menor respecto a los 198.7 millones de d\u00f3lares que se registraron en la primera mitad de 2018, de acuerdo con datos de la Secretar\u00eda [&hellip;]\" \/>\n<meta property=\"og:url\" content=\"https:\/\/super-news.info\/mx\/baja-039-velocidad-039-inversion-extranjera-en-autopartes\/\" \/>\n<meta property=\"og:site_name\" content=\"Super News\" \/>\n<meta property=\"article:published_time\" content=\"2019-09-02T12:08:22+00:00\" \/>\n<meta property=\"article:modified_time\" content=\"2019-09-02T12:08:24+00:00\" \/>\n<meta property=\"og:image\" content=\"https:\/\/super-news.info\/mx\/wp-content\/uploads\/sites\/8\/2019\/09\/Baja-039velocidad039-inversi-n-extranjera-en-autopartes.jpg\" \/>\n\t<meta property=\"og:image:width\" content=\"864\" \/>\n\t<meta property=\"og:image:height\" content=\"1346\" \/>\n\t<meta property=\"og:image:type\" content=\"image\/jpeg\" \/>\n<meta name=\"author\" content=\"mx\" \/>\n<meta name=\"twitter:card\" content=\"summary_large_image\" \/>\n<meta name=\"twitter:label1\" content=\"Escrito por\" \/>\n\t<meta name=\"twitter:data1\" content=\"mx\" \/>\n\t<meta name=\"twitter:label2\" content=\"Tiempo de lectura\" \/>\n\t<meta name=\"twitter:data2\" content=\"2 minutos\" \/>\n<script type=\"application\/ld+json\" class=\"yoast-schema-graph\">{\"@context\":\"https:\\\/\\\/schema.org\",\"@graph\":[{\"@type\":\"Article\",\"@id\":\"https:\\\/\\\/super-news.info\\\/mx\\\/baja-039-velocidad-039-inversion-extranjera-en-autopartes\\\/#article\",\"isPartOf\":{\"@id\":\"https:\\\/\\\/super-news.info\\\/mx\\\/baja-039-velocidad-039-inversion-extranjera-en-autopartes\\\/\"},\"author\":{\"name\":\"mx\",\"@id\":\"https:\\\/\\\/super-news.info\\\/mx\\\/#\\\/schema\\\/person\\\/74b71ca3d407439fd57da2d9c89449ca\"},\"headline\":\"Baja &#039;velocidad&#039; inversi\u00f3n extranjera en autopartes\",\"datePublished\":\"2019-09-02T12:08:22+00:00\",\"dateModified\":\"2019-09-02T12:08:24+00:00\",\"mainEntityOfPage\":{\"@id\":\"https:\\\/\\\/super-news.info\\\/mx\\\/baja-039-velocidad-039-inversion-extranjera-en-autopartes\\\/\"},\"wordCount\":453,\"commentCount\":0,\"image\":{\"@id\":\"https:\\\/\\\/super-news.info\\\/mx\\\/baja-039-velocidad-039-inversion-extranjera-en-autopartes\\\/#primaryimage\"},\"thumbnailUrl\":\"https:\\\/\\\/super-news.info\\\/mx\\\/wp-content\\\/uploads\\\/sites\\\/8\\\/2019\\\/09\\\/Baja-039velocidad039-inversi-n-extranjera-en-autopartes.jpg\",\"articleSection\":[\"NOTICIAS FINANCIERAS\"],\"inLanguage\":\"es\",\"potentialAction\":[{\"@type\":\"CommentAction\",\"name\":\"Comment\",\"target\":[\"https:\\\/\\\/super-news.info\\\/mx\\\/baja-039-velocidad-039-inversion-extranjera-en-autopartes\\\/#respond\"]}]},{\"@type\":\"WebPage\",\"@id\":\"https:\\\/\\\/super-news.info\\\/mx\\\/baja-039-velocidad-039-inversion-extranjera-en-autopartes\\\/\",\"url\":\"https:\\\/\\\/super-news.info\\\/mx\\\/baja-039-velocidad-039-inversion-extranjera-en-autopartes\\\/\",\"name\":\"Baja &#039;velocidad&#039; inversi\u00f3n extranjera en autopartes - Super News\",\"isPartOf\":{\"@id\":\"https:\\\/\\\/super-news.info\\\/mx\\\/#website\"},\"primaryImageOfPage\":{\"@id\":\"https:\\\/\\\/super-news.info\\\/mx\\\/baja-039-velocidad-039-inversion-extranjera-en-autopartes\\\/#primaryimage\"},\"image\":{\"@id\":\"https:\\\/\\\/super-news.info\\\/mx\\\/baja-039-velocidad-039-inversion-extranjera-en-autopartes\\\/#primaryimage\"},\"thumbnailUrl\":\"https:\\\/\\\/super-news.info\\\/mx\\\/wp-content\\\/uploads\\\/sites\\\/8\\\/2019\\\/09\\\/Baja-039velocidad039-inversi-n-extranjera-en-autopartes.jpg\",\"datePublished\":\"2019-09-02T12:08:22+00:00\",\"dateModified\":\"2019-09-02T12:08:24+00:00\",\"author\":{\"@id\":\"https:\\\/\\\/super-news.info\\\/mx\\\/#\\\/schema\\\/person\\\/74b71ca3d407439fd57da2d9c89449ca\"},\"breadcrumb\":{\"@id\":\"https:\\\/\\\/super-news.info\\\/mx\\\/baja-039-velocidad-039-inversion-extranjera-en-autopartes\\\/#breadcrumb\"},\"inLanguage\":\"es\",\"potentialAction\":[{\"@type\":\"ReadAction\",\"target\":[\"https:\\\/\\\/super-news.info\\\/mx\\\/baja-039-velocidad-039-inversion-extranjera-en-autopartes\\\/\"]}]},{\"@type\":\"ImageObject\",\"inLanguage\":\"es\",\"@id\":\"https:\\\/\\\/super-news.info\\\/mx\\\/baja-039-velocidad-039-inversion-extranjera-en-autopartes\\\/#primaryimage\",\"url\":\"https:\\\/\\\/super-news.info\\\/mx\\\/wp-content\\\/uploads\\\/sites\\\/8\\\/2019\\\/09\\\/Baja-039velocidad039-inversi-n-extranjera-en-autopartes.jpg\",\"contentUrl\":\"https:\\\/\\\/super-news.info\\\/mx\\\/wp-content\\\/uploads\\\/sites\\\/8\\\/2019\\\/09\\\/Baja-039velocidad039-inversi-n-extranjera-en-autopartes.jpg\",\"width\":864,\"height\":1346,\"caption\":\"Baja &#039;velocidad&#039; inversi\u00f3n extranjera en autopartes\"},{\"@type\":\"BreadcrumbList\",\"@id\":\"https:\\\/\\\/super-news.info\\\/mx\\\/baja-039-velocidad-039-inversion-extranjera-en-autopartes\\\/#breadcrumb\",\"itemListElement\":[{\"@type\":\"ListItem\",\"position\":1,\"name\":\"Home\",\"item\":\"https:\\\/\\\/super-news.info\\\/mx\\\/\"},{\"@type\":\"ListItem\",\"position\":2,\"name\":\"Baja &#039;velocidad&#039; inversi\u00f3n extranjera en autopartes\"}]},{\"@type\":\"WebSite\",\"@id\":\"https:\\\/\\\/super-news.info\\\/mx\\\/#website\",\"url\":\"https:\\\/\\\/super-news.info\\\/mx\\\/\",\"name\":\"Super News\",\"description\":\"Super News Mexico\",\"potentialAction\":[{\"@type\":\"SearchAction\",\"target\":{\"@type\":\"EntryPoint\",\"urlTemplate\":\"https:\\\/\\\/super-news.info\\\/mx\\\/?s={search_term_string}\"},\"query-input\":{\"@type\":\"PropertyValueSpecification\",\"valueRequired\":true,\"valueName\":\"search_term_string\"}}],\"inLanguage\":\"es\"},{\"@type\":\"Person\",\"@id\":\"https:\\\/\\\/super-news.info\\\/mx\\\/#\\\/schema\\\/person\\\/74b71ca3d407439fd57da2d9c89449ca\",\"name\":\"mx\",\"image\":{\"@type\":\"ImageObject\",\"inLanguage\":\"es\",\"@id\":\"https:\\\/\\\/secure.gravatar.com\\\/avatar\\\/6374ac65ff69c362a0ae1303d73d69dcd9bd198d62d9861f054a69aaf82c017b?s=96&d=mm&r=g\",\"url\":\"https:\\\/\\\/secure.gravatar.com\\\/avatar\\\/6374ac65ff69c362a0ae1303d73d69dcd9bd198d62d9861f054a69aaf82c017b?s=96&d=mm&r=g\",\"contentUrl\":\"https:\\\/\\\/secure.gravatar.com\\\/avatar\\\/6374ac65ff69c362a0ae1303d73d69dcd9bd198d62d9861f054a69aaf82c017b?s=96&d=mm&r=g\",\"caption\":\"mx\"},\"url\":\"https:\\\/\\\/super-news.info\\\/mx\\\/author\\\/mx\\\/\"}]}<\/script>\n<!-- \/ Yoast SEO plugin. -->","yoast_head_json":{"title":"Baja &#039;velocidad&#039; inversi\u00f3n extranjera en autopartes - Super News","robots":{"index":"index","follow":"follow","max-snippet":"max-snippet:-1","max-image-preview":"max-image-preview:large","max-video-preview":"max-video-preview:-1"},"canonical":"https:\/\/super-news.info\/mx\/baja-039-velocidad-039-inversion-extranjera-en-autopartes\/","og_locale":"es_MX","og_type":"article","og_title":"Baja &#039;velocidad&#039; inversi\u00f3n extranjera en autopartes - Super News","og_description":"[ad_1] En Quer\u00e9taro, la inversi\u00f3n extranjera directa (IED) en la fabricaci\u00f3n de partes para veh\u00edculos automotores sum\u00f3 135 millones de d\u00f3lares en el primer semestre del a\u00f1o, cifra 32 por ciento menor respecto a los 198.7 millones de d\u00f3lares que se registraron en la primera mitad de 2018, de acuerdo con datos de la Secretar\u00eda [&hellip;]","og_url":"https:\/\/super-news.info\/mx\/baja-039-velocidad-039-inversion-extranjera-en-autopartes\/","og_site_name":"Super News","article_published_time":"2019-09-02T12:08:22+00:00","article_modified_time":"2019-09-02T12:08:24+00:00","og_image":[{"width":864,"height":1346,"url":"https:\/\/super-news.info\/mx\/wp-content\/uploads\/sites\/8\/2019\/09\/Baja-039velocidad039-inversi-n-extranjera-en-autopartes.jpg","type":"image\/jpeg"}],"author":"mx","twitter_card":"summary_large_image","twitter_misc":{"Escrito por":"mx","Tiempo de lectura":"2 minutos"},"schema":{"@context":"https:\/\/schema.org","@graph":[{"@type":"Article","@id":"https:\/\/super-news.info\/mx\/baja-039-velocidad-039-inversion-extranjera-en-autopartes\/#article","isPartOf":{"@id":"https:\/\/super-news.info\/mx\/baja-039-velocidad-039-inversion-extranjera-en-autopartes\/"},"author":{"name":"mx","@id":"https:\/\/super-news.info\/mx\/#\/schema\/person\/74b71ca3d407439fd57da2d9c89449ca"},"headline":"Baja &#039;velocidad&#039; inversi\u00f3n extranjera en autopartes","datePublished":"2019-09-02T12:08:22+00:00","dateModified":"2019-09-02T12:08:24+00:00","mainEntityOfPage":{"@id":"https:\/\/super-news.info\/mx\/baja-039-velocidad-039-inversion-extranjera-en-autopartes\/"},"wordCount":453,"commentCount":0,"image":{"@id":"https:\/\/super-news.info\/mx\/baja-039-velocidad-039-inversion-extranjera-en-autopartes\/#primaryimage"},"thumbnailUrl":"https:\/\/super-news.info\/mx\/wp-content\/uploads\/sites\/8\/2019\/09\/Baja-039velocidad039-inversi-n-extranjera-en-autopartes.jpg","articleSection":["NOTICIAS FINANCIERAS"],"inLanguage":"es","potentialAction":[{"@type":"CommentAction","name":"Comment","target":["https:\/\/super-news.info\/mx\/baja-039-velocidad-039-inversion-extranjera-en-autopartes\/#respond"]}]},{"@type":"WebPage","@id":"https:\/\/super-news.info\/mx\/baja-039-velocidad-039-inversion-extranjera-en-autopartes\/","url":"https:\/\/super-news.info\/mx\/baja-039-velocidad-039-inversion-extranjera-en-autopartes\/","name":"Baja &#039;velocidad&#039; inversi\u00f3n extranjera en autopartes - Super News","isPartOf":{"@id":"https:\/\/super-news.info\/mx\/#website"},"primaryImageOfPage":{"@id":"https:\/\/super-news.info\/mx\/baja-039-velocidad-039-inversion-extranjera-en-autopartes\/#primaryimage"},"image":{"@id":"https:\/\/super-news.info\/mx\/baja-039-velocidad-039-inversion-extranjera-en-autopartes\/#primaryimage"},"thumbnailUrl":"https:\/\/super-news.info\/mx\/wp-content\/uploads\/sites\/8\/2019\/09\/Baja-039velocidad039-inversi-n-extranjera-en-autopartes.jpg","datePublished":"2019-09-02T12:08:22+00:00","dateModified":"2019-09-02T12:08:24+00:00","author":{"@id":"https:\/\/super-news.info\/mx\/#\/schema\/person\/74b71ca3d407439fd57da2d9c89449ca"},"breadcrumb":{"@id":"https:\/\/super-news.info\/mx\/baja-039-velocidad-039-inversion-extranjera-en-autopartes\/#breadcrumb"},"inLanguage":"es","potentialAction":[{"@type":"ReadAction","target":["https:\/\/super-news.info\/mx\/baja-039-velocidad-039-inversion-extranjera-en-autopartes\/"]}]},{"@type":"ImageObject","inLanguage":"es","@id":"https:\/\/super-news.info\/mx\/baja-039-velocidad-039-inversion-extranjera-en-autopartes\/#primaryimage","url":"https:\/\/super-news.info\/mx\/wp-content\/uploads\/sites\/8\/2019\/09\/Baja-039velocidad039-inversi-n-extranjera-en-autopartes.jpg","contentUrl":"https:\/\/super-news.info\/mx\/wp-content\/uploads\/sites\/8\/2019\/09\/Baja-039velocidad039-inversi-n-extranjera-en-autopartes.jpg","width":864,"height":1346,"caption":"Baja &#039;velocidad&#039; inversi\u00f3n extranjera en autopartes"},{"@type":"BreadcrumbList","@id":"https:\/\/super-news.info\/mx\/baja-039-velocidad-039-inversion-extranjera-en-autopartes\/#breadcrumb","itemListElement":[{"@type":"ListItem","position":1,"name":"Home","item":"https:\/\/super-news.info\/mx\/"},{"@type":"ListItem","position":2,"name":"Baja &#039;velocidad&#039; inversi\u00f3n extranjera en autopartes"}]},{"@type":"WebSite","@id":"https:\/\/super-news.info\/mx\/#website","url":"https:\/\/super-news.info\/mx\/","name":"Super News","description":"Super News Mexico","potentialAction":[{"@type":"SearchAction","target":{"@type":"EntryPoint","urlTemplate":"https:\/\/super-news.info\/mx\/?s={search_term_string}"},"query-input":{"@type":"PropertyValueSpecification","valueRequired":true,"valueName":"search_term_string"}}],"inLanguage":"es"},{"@type":"Person","@id":"https:\/\/super-news.info\/mx\/#\/schema\/person\/74b71ca3d407439fd57da2d9c89449ca","name":"mx","image":{"@type":"ImageObject","inLanguage":"es","@id":"https:\/\/secure.gravatar.com\/avatar\/6374ac65ff69c362a0ae1303d73d69dcd9bd198d62d9861f054a69aaf82c017b?s=96&d=mm&r=g","url":"https:\/\/secure.gravatar.com\/avatar\/6374ac65ff69c362a0ae1303d73d69dcd9bd198d62d9861f054a69aaf82c017b?s=96&d=mm&r=g","contentUrl":"https:\/\/secure.gravatar.com\/avatar\/6374ac65ff69c362a0ae1303d73d69dcd9bd198d62d9861f054a69aaf82c017b?s=96&d=mm&r=g","caption":"mx"},"url":"https:\/\/super-news.info\/mx\/author\/mx\/"}]}},"_links":{"self":[{"href":"https:\/\/super-news.info\/mx\/wp-json\/wp\/v2\/posts\/3943","targetHints":{"allow":["GET"]}}],"collection":[{"href":"https:\/\/super-news.info\/mx\/wp-json\/wp\/v2\/posts"}],"about":[{"href":"https:\/\/super-news.info\/mx\/wp-json\/wp\/v2\/types\/post"}],"author":[{"embeddable":true,"href":"https:\/\/super-news.info\/mx\/wp-json\/wp\/v2\/users\/3"}],"replies":[{"embeddable":true,"href":"https:\/\/super-news.info\/mx\/wp-json\/wp\/v2\/comments?post=3943"}],"version-history":[{"count":1,"href":"https:\/\/super-news.info\/mx\/wp-json\/wp\/v2\/posts\/3943\/revisions"}],"predecessor-version":[{"id":3945,"href":"https:\/\/super-news.info\/mx\/wp-json\/wp\/v2\/posts\/3943\/revisions\/3945"}],"wp:featuredmedia":[{"embeddable":true,"href":"https:\/\/super-news.info\/mx\/wp-json\/wp\/v2\/media\/3944"}],"wp:attachment":[{"href":"https:\/\/super-news.info\/mx\/wp-json\/wp\/v2\/media?parent=3943"}],"wp:term":[{"taxonomy":"category","embeddable":true,"href":"https:\/\/super-news.info\/mx\/wp-json\/wp\/v2\/categories?post=3943"},{"taxonomy":"post_tag","embeddable":true,"href":"https:\/\/super-news.info\/mx\/wp-json\/wp\/v2\/tags?post=3943"}],"curies":[{"name":"wp","href":"https:\/\/api.w.org\/{rel}","templated":true}]}}