{"id":3928,"date":"2019-09-01T01:04:19","date_gmt":"2019-09-01T01:04:19","guid":{"rendered":"https:\/\/super-news.info\/mx\/el-ocean-viking-y-su-historia-de-un-rescate-humanitario-en-altamar\/"},"modified":"2019-09-01T01:04:23","modified_gmt":"2019-09-01T01:04:23","slug":"el-ocean-viking-y-su-historia-de-un-rescate-humanitario-en-altamar","status":"publish","type":"post","link":"https:\/\/super-news.info\/mx\/el-ocean-viking-y-su-historia-de-un-rescate-humanitario-en-altamar\/","title":{"rendered":"El Ocean Viking y su historia de un rescate humanitario en altamar"},"content":{"rendered":"<p> [ad_1]<br \/>\n<\/p>\n<p class=\"paragraph\" data-count=\"181\" data-wrap=\"32\">Despu\u00e9s de pasar<strong> 14 d\u00edas varado en el Mediterr\u00e1neo<\/strong>, el barco de b\u00fasqueda de M\u00e9dicos Sin Fronteras y SOS Mediterr\u00e1neo desembarc\u00f3 en el puerto de Malta a <strong>365 hombres, mujeres y ni\u00f1os<\/strong>.<\/p>\n<p class=\"paragraph\" data-count=\"288\" data-wrap=\"44\">\u201cHaremos una escala en puerto para realizar labores de reabastecimiento, repostar de combustible y cambiar de tripulaci\u00f3n. Mientras las personas se ahoguen y sigan huyendo de Libia, seguiremos comprometidos con salvar vidas en el mar\u201d, asegur\u00f3 Jay Berger, coordinador de proyecto de MSF. <\/p>\n<div class=\"image__block \">\n<figure><\/figure>\n<p><span class=\"element__footer\"><\/span><span class=\"element__credit\">Fuente: MSF\/Hannah Wallace Bowman<\/span><\/div>\n<p class=\"paragraph\" data-count=\"171\" data-wrap=\"31\">\nEl 12 de agosto, el Ocean Viking realiz\u00f3 su cuarta operaci\u00f3n de rescate en el Mar Mediterr\u00e1neo Central,<strong> salvando a 105 personas<\/strong> de un barco de goma no apto para navegar.\n<\/p>\n<div class=\"image__block \">\n<figure><img decoding=\"async\" alt=\"\" src=\"http:\/\/super-news.info\/mx\/wp-content\/uploads\/sites\/8\/2019\/09\/1567299854_650_El-Ocean-Viking-y-su-historia-de-un-rescate-humanitario.jpeg\" style=\"height:auto;width:100%\" \/><\/figure>\n<p><span class=\"element__footer\"><\/span><span class=\"element__credit\">Fuente: MSF\/Hannah Wallace Bowman<\/span><\/div>\n<p class=\"paragraph\" data-count=\"120\" data-wrap=\"20\">Minutos despu\u00e9s de que se distribuyeron los chalecos salvavidas, <strong>el fr\u00e1gil bote explot\u00f3<\/strong> y las personas cayeron al agua. <\/p>\n<div class=\"image__block \">\n<figure><img decoding=\"async\" alt=\"\" src=\"http:\/\/super-news.info\/mx\/wp-content\/uploads\/sites\/8\/2019\/09\/1567299855_989_El-Ocean-Viking-y-su-historia-de-un-rescate-humanitario.jpeg\" style=\"height:auto;width:100%\" \/><\/figure>\n<p><span class=\"element__footer\"><\/span><span class=\"element__credit\">Fuente: MSF\/Hannah Wallace Bowman<\/span><\/div>\n<p class=\"paragraph\" data-count=\"162\" data-wrap=\"29\">Despu\u00e9s de cuatro rescates en un mismo n\u00famero de d\u00edas, <strong>el Ocean Viking<\/strong> se dirigi\u00f3 hacia el norte para encontrar un puerto seguro para todas las personas a bordo.\n<\/p>\n<div class=\"image__block \">\n<figure><img decoding=\"async\" alt=\"\" src=\"http:\/\/super-news.info\/mx\/wp-content\/uploads\/sites\/8\/2019\/09\/1567299856_273_El-Ocean-Viking-y-su-historia-de-un-rescate-humanitario.jpeg\" style=\"height:auto;width:100%\" \/><\/figure>\n<p><span class=\"element__footer\"><\/span><span class=\"element__credit\"><\/span><\/div>\n<p class=\"paragraph\" data-count=\"155\" data-wrap=\"27\">Los j\u00f3venes a bordo del Ocean Viking, sentados en la cubierta, se preparan para su traslado a las Fuerzas Armadas de Malta y posterior desembarco en Malta.<\/p>\n<div class=\"image__block \">\n<figure><img decoding=\"async\" alt=\"\" src=\"http:\/\/super-news.info\/mx\/wp-content\/uploads\/sites\/8\/2019\/09\/1567299856_496_El-Ocean-Viking-y-su-historia-de-un-rescate-humanitario.jpeg\" style=\"height:auto;width:100%\" \/><\/figure>\n<p><span class=\"element__footer\"><\/span><span class=\"element__credit\">Fuente: MSF\/Hannah Wallace Bowman<\/span><\/div>\n<p class=\"paragraph\" data-count=\"186\" data-wrap=\"32\">El coordinador del proyecto de MSF a bordo del Ocean Viking, <strong>Jay Berger<\/strong>, prepara a una persona rescatada para ser transferida a las Fuerzas Armadas de Malta para <strong>su desembarco en Malta<\/strong>.\n<\/p>\n<div class=\"image__block \">\n<figure><img decoding=\"async\" alt=\"\" src=\"http:\/\/super-news.info\/mx\/wp-content\/uploads\/sites\/8\/2019\/09\/1567299856_268_El-Ocean-Viking-y-su-historia-de-un-rescate-humanitario.jpeg\" style=\"height:auto;width:100%\" \/><\/figure>\n<p><span class=\"element__footer\"><\/span><span class=\"element__credit\">Fuente: MSF\/Hannah Wallace Bowman<\/span><\/div>\n<p class=\"paragraph\" data-count=\"87\" data-wrap=\"17\">La l\u00edder del equipo medico de MSF atiende a un ni\u00f1o rescatado a bordo del Ocean Viking.<\/p>\n<div class=\"image__block \">\n<figure><img decoding=\"async\" alt=\"\" src=\"http:\/\/super-news.info\/mx\/wp-content\/uploads\/sites\/8\/2019\/09\/1567299857_816_El-Ocean-Viking-y-su-historia-de-un-rescate-humanitario.jpeg\" style=\"height:auto;width:100%\" \/><\/figure>\n<p><span class=\"element__footer\"><\/span><span class=\"element__credit\">Fuente: MSF\/Hannah Wallace Bowman<\/span><\/div>\n<p class=\"paragraph\" data-count=\"227\" data-wrap=\"40\">El m\u00e9dico de MSF, Luca Pigozzi, a bordo de Ocean Viking trata a una persona rescatada por <strong>una infecci\u00f3n en la parte superior de la pierna<\/strong>, causada por las condiciones insalubres a las que estuvo expuesto durante un largo tiempo<\/p>\n<div class=\"image__block \">\n<figure><img decoding=\"async\" alt=\"\" src=\"http:\/\/super-news.info\/mx\/wp-content\/uploads\/sites\/8\/2019\/09\/1567299857_396_El-Ocean-Viking-y-su-historia-de-un-rescate-humanitario.jpeg\" style=\"height:auto;width:100%\" \/><\/figure>\n<p><span class=\"element__footer\"><\/span><span class=\"element__credit\">Fuente: MSF\/Hannah Wallace Bowman<\/span><\/div>\n<p class=\"paragraph\" data-count=\"283\" data-wrap=\"49\"><strong>Anas Mohammed<\/strong> tiene 20 a\u00f1os y es originario de Sud\u00e1n. Estuvo en Tr\u00edpoli durante un a\u00f1o. Trataron de arrestarlo en Tajoura despu\u00e9s de que la Guardia Costera de Libia lo intercept\u00f3, pero \u00e9l escap\u00f3 del autom\u00f3vil. Dijo que no quer\u00eda ir all\u00ed porque sab\u00eda que hab\u00eda &#8220;una guerra adentro&#8221;.<\/p>\n<p class=\"paragraph\" data-count=\"239\" data-wrap=\"43\">Cuando un miembro del personal de MSF le pregunt\u00f3 si ten\u00eda algo en particular que quer\u00eda decir o compartir, lo que dijo fue esto: \u201cPor favor, ay\u00fadenme. Ayuda a las personas que est\u00e1n all\u00ed. <strong>Lo que est\u00e1 sucediendo en Libia es una tragedia<\/strong>\u201d.\n<\/p>\n<div class=\"image__block \">\n<figure><img decoding=\"async\" alt=\"\" src=\"http:\/\/super-news.info\/mx\/wp-content\/uploads\/sites\/8\/2019\/09\/1567299858_803_El-Ocean-Viking-y-su-historia-de-un-rescate-humanitario.jpeg\" style=\"height:auto;width:100%\" \/><\/figure>\n<p><span class=\"element__footer\"><\/span><span class=\"element__credit\">Fuente: MSF\/Hannah Wallace Bowman<\/span><\/div>\n<p class=\"paragraph\" data-count=\"101\" data-wrap=\"17\">El mediador cultural de MSF, Kira, se despide de una persona rescatada antes de desembarcar en Malta.<\/p>\n<div class=\"image__block \">\n<figure><img decoding=\"async\" alt=\"\" src=\"http:\/\/super-news.info\/mx\/wp-content\/uploads\/sites\/8\/2019\/09\/1567299858_156_El-Ocean-Viking-y-su-historia-de-un-rescate-humanitario.jpeg\" style=\"height:auto;width:100%\" \/><\/figure>\n<p><span class=\"element__footer\"><\/span><span class=\"element__credit\">Fuente: MSF\/Hannah Wallace Bowman<\/span><\/div>\n<p class=\"paragraph\" data-count=\"200\" data-wrap=\"33\">Personas rescatadas a bordo del Ocean Viking muestran su gratitud luego de descubrir que iban a desembarcar en Malta. Las 365 personas estuvieron en el mar durante 14 d\u00edas, <strong>despu\u00e9s del primer rescate.<\/strong><\/p>\n<div class=\"image__block \">\n<figure><img decoding=\"async\" alt=\"\" src=\"http:\/\/super-news.info\/mx\/wp-content\/uploads\/sites\/8\/2019\/09\/1567299859_362_El-Ocean-Viking-y-su-historia-de-un-rescate-humanitario.jpeg\" style=\"height:auto;width:100%\" \/><\/figure>\n<p><span class=\"element__footer\"><\/span><span class=\"element__credit\">Fuente: MSF\/Hannah Wallace Bowman<\/span><\/div>\n<p class=\"paragraph\" data-count=\"120\" data-wrap=\"21\">\nEl mensaje de amor de una persona rescatada a bordo del Ocean Viking mientras se preparan para su desembarco en Malta.\n<\/p>\n<div class=\"featured__block\">\n<p class=\"paragraph\" data-count=\"121\" data-wrap=\"22\">Esta nota es de MSF y se publica bajo una alianza editorial con El Financiero para difundir el trabajo de la instituci\u00f3n.<\/p>\n<\/p><\/div>\n<p class=\"paragraph\" data-count=\"285\" data-wrap=\"50\">M\u00e9dicos Sin Fronteras fue fundada en Francia en 1971 por un grupo de m\u00e9dicos y periodistas. Ganaron el Premio Nobel de la Paz en 1999 por su labor humanitaria en varios continentes. MSF tiene operaciones en m\u00e1s de 70 pa\u00edses, entre ellos M\u00e9xico, donde la oficina se estableci\u00f3 en 2008.\n<\/p>\n<p class=\"paragraph\" data-count=\"1\" data-wrap=\"1\">\n<p class=\"paragraph\" data-count=\"74\" data-wrap=\"14\">Si quieres saber m\u00e1s del trabajo de MSF, te invitamos a seguir sus redes:\n<\/p>\n<p class=\"paragraph\" data-count=\"1\" data-wrap=\"1\">\n<p class=\"paragraph\" data-count=\"33\" data-wrap=\"3\">-P\u00e1gina web: https:\/\/www.msf.mx\/\n<\/p>\n<p class=\"paragraph\" data-count=\"1\" data-wrap=\"1\">\n<p class=\"paragraph\" data-count=\"48\" data-wrap=\"2\">-Facebook: https:\/\/www.facebook.com\/MSF.Mexico\/\n<\/p>\n<p class=\"paragraph\" data-count=\"1\" data-wrap=\"1\">\n<p class=\"paragraph\" data-count=\"40\" data-wrap=\"2\">-Twitter: <a class=\"ef__link\" href=\"https:\/\/twitter.com\/MSF_Mexico\" target=\"_blank\" rel=\"noopener noreferrer\">https:\/\/twitter.com\/MSF_Mexico<\/a><\/p>\n<p><script async src=\"https:\/\/platform.twitter.com\/widgets.js\" charset=\"utf-8\"><\/script><br \/>\n<br \/>[ad_2]<br \/>\n<br \/><a href=\"https:\/\/www.elfinanciero.com.mx\/rss\/mundo\/el-ocean-viking-y-su-historia-de-un-rescate-humanitario-en-altamar\">Source link <\/a><\/p>\n","protected":false},"excerpt":{"rendered":"<p>[ad_1] Despu\u00e9s de pasar 14 d\u00edas varado en el Mediterr\u00e1neo, el barco de b\u00fasqueda de M\u00e9dicos Sin Fronteras y SOS Mediterr\u00e1neo desembarc\u00f3 en el puerto de Malta a 365 hombres, mujeres y ni\u00f1os. \u201cHaremos una escala en puerto para realizar labores de reabastecimiento, repostar de combustible y cambiar de tripulaci\u00f3n. Mientras las personas se ahoguen [&hellip;]<\/p>\n","protected":false},"author":3,"featured_media":3929,"comment_status":"open","ping_status":"open","sticky":false,"template":"","format":"standard","meta":{"footnotes":""},"categories":[1],"tags":[],"class_list":["post-3928","post","type-post","status-publish","format-standard","has-post-thumbnail","hentry","category-noticias-financieras"],"yoast_head":"<!-- This site is optimized with the Yoast SEO plugin v27.4 - https:\/\/yoast.com\/product\/yoast-seo-wordpress\/ -->\n<title>El Ocean Viking y su historia de un rescate humanitario en altamar - Super News<\/title>\n<meta name=\"robots\" content=\"index, follow, max-snippet:-1, max-image-preview:large, max-video-preview:-1\" \/>\n<link rel=\"canonical\" href=\"https:\/\/super-news.info\/mx\/el-ocean-viking-y-su-historia-de-un-rescate-humanitario-en-altamar\/\" \/>\n<meta property=\"og:locale\" content=\"es_MX\" \/>\n<meta property=\"og:type\" content=\"article\" \/>\n<meta property=\"og:title\" content=\"El Ocean Viking y su historia de un rescate humanitario en altamar - Super News\" \/>\n<meta property=\"og:description\" content=\"[ad_1] Despu\u00e9s de pasar 14 d\u00edas varado en el Mediterr\u00e1neo, el barco de b\u00fasqueda de M\u00e9dicos Sin Fronteras y SOS Mediterr\u00e1neo desembarc\u00f3 en el puerto de Malta a 365 hombres, mujeres y ni\u00f1os. \u201cHaremos una escala en puerto para realizar labores de reabastecimiento, repostar de combustible y cambiar de tripulaci\u00f3n. Mientras las personas se ahoguen [&hellip;]\" \/>\n<meta property=\"og:url\" content=\"https:\/\/super-news.info\/mx\/el-ocean-viking-y-su-historia-de-un-rescate-humanitario-en-altamar\/\" \/>\n<meta property=\"og:site_name\" content=\"Super News\" \/>\n<meta property=\"article:published_time\" content=\"2019-09-01T01:04:19+00:00\" \/>\n<meta property=\"article:modified_time\" content=\"2019-09-01T01:04:23+00:00\" \/>\n<meta property=\"og:image\" content=\"https:\/\/super-news.info\/mx\/wp-content\/uploads\/sites\/8\/2019\/09\/El-Ocean-Viking-y-su-historia-de-un-rescate-humanitario.jpeg\" \/>\n\t<meta property=\"og:image:width\" content=\"966\" \/>\n\t<meta property=\"og:image:height\" content=\"543\" \/>\n\t<meta property=\"og:image:type\" content=\"image\/jpeg\" \/>\n<meta name=\"author\" content=\"mx\" \/>\n<meta name=\"twitter:card\" content=\"summary_large_image\" \/>\n<meta name=\"twitter:label1\" content=\"Escrito por\" \/>\n\t<meta name=\"twitter:data1\" content=\"mx\" \/>\n\t<meta name=\"twitter:label2\" content=\"Tiempo de lectura\" \/>\n\t<meta name=\"twitter:data2\" content=\"3 minutos\" \/>\n<script type=\"application\/ld+json\" class=\"yoast-schema-graph\">{\"@context\":\"https:\\\/\\\/schema.org\",\"@graph\":[{\"@type\":\"Article\",\"@id\":\"https:\\\/\\\/super-news.info\\\/mx\\\/el-ocean-viking-y-su-historia-de-un-rescate-humanitario-en-altamar\\\/#article\",\"isPartOf\":{\"@id\":\"https:\\\/\\\/super-news.info\\\/mx\\\/el-ocean-viking-y-su-historia-de-un-rescate-humanitario-en-altamar\\\/\"},\"author\":{\"name\":\"mx\",\"@id\":\"https:\\\/\\\/super-news.info\\\/mx\\\/#\\\/schema\\\/person\\\/74b71ca3d407439fd57da2d9c89449ca\"},\"headline\":\"El Ocean Viking y su historia de un rescate humanitario en altamar\",\"datePublished\":\"2019-09-01T01:04:19+00:00\",\"dateModified\":\"2019-09-01T01:04:23+00:00\",\"mainEntityOfPage\":{\"@id\":\"https:\\\/\\\/super-news.info\\\/mx\\\/el-ocean-viking-y-su-historia-de-un-rescate-humanitario-en-altamar\\\/\"},\"wordCount\":636,\"commentCount\":0,\"image\":{\"@id\":\"https:\\\/\\\/super-news.info\\\/mx\\\/el-ocean-viking-y-su-historia-de-un-rescate-humanitario-en-altamar\\\/#primaryimage\"},\"thumbnailUrl\":\"https:\\\/\\\/super-news.info\\\/mx\\\/wp-content\\\/uploads\\\/sites\\\/8\\\/2019\\\/09\\\/El-Ocean-Viking-y-su-historia-de-un-rescate-humanitario.jpeg\",\"articleSection\":[\"NOTICIAS FINANCIERAS\"],\"inLanguage\":\"es\",\"potentialAction\":[{\"@type\":\"CommentAction\",\"name\":\"Comment\",\"target\":[\"https:\\\/\\\/super-news.info\\\/mx\\\/el-ocean-viking-y-su-historia-de-un-rescate-humanitario-en-altamar\\\/#respond\"]}]},{\"@type\":\"WebPage\",\"@id\":\"https:\\\/\\\/super-news.info\\\/mx\\\/el-ocean-viking-y-su-historia-de-un-rescate-humanitario-en-altamar\\\/\",\"url\":\"https:\\\/\\\/super-news.info\\\/mx\\\/el-ocean-viking-y-su-historia-de-un-rescate-humanitario-en-altamar\\\/\",\"name\":\"El Ocean Viking y su historia de un rescate humanitario en altamar - Super News\",\"isPartOf\":{\"@id\":\"https:\\\/\\\/super-news.info\\\/mx\\\/#website\"},\"primaryImageOfPage\":{\"@id\":\"https:\\\/\\\/super-news.info\\\/mx\\\/el-ocean-viking-y-su-historia-de-un-rescate-humanitario-en-altamar\\\/#primaryimage\"},\"image\":{\"@id\":\"https:\\\/\\\/super-news.info\\\/mx\\\/el-ocean-viking-y-su-historia-de-un-rescate-humanitario-en-altamar\\\/#primaryimage\"},\"thumbnailUrl\":\"https:\\\/\\\/super-news.info\\\/mx\\\/wp-content\\\/uploads\\\/sites\\\/8\\\/2019\\\/09\\\/El-Ocean-Viking-y-su-historia-de-un-rescate-humanitario.jpeg\",\"datePublished\":\"2019-09-01T01:04:19+00:00\",\"dateModified\":\"2019-09-01T01:04:23+00:00\",\"author\":{\"@id\":\"https:\\\/\\\/super-news.info\\\/mx\\\/#\\\/schema\\\/person\\\/74b71ca3d407439fd57da2d9c89449ca\"},\"breadcrumb\":{\"@id\":\"https:\\\/\\\/super-news.info\\\/mx\\\/el-ocean-viking-y-su-historia-de-un-rescate-humanitario-en-altamar\\\/#breadcrumb\"},\"inLanguage\":\"es\",\"potentialAction\":[{\"@type\":\"ReadAction\",\"target\":[\"https:\\\/\\\/super-news.info\\\/mx\\\/el-ocean-viking-y-su-historia-de-un-rescate-humanitario-en-altamar\\\/\"]}]},{\"@type\":\"ImageObject\",\"inLanguage\":\"es\",\"@id\":\"https:\\\/\\\/super-news.info\\\/mx\\\/el-ocean-viking-y-su-historia-de-un-rescate-humanitario-en-altamar\\\/#primaryimage\",\"url\":\"https:\\\/\\\/super-news.info\\\/mx\\\/wp-content\\\/uploads\\\/sites\\\/8\\\/2019\\\/09\\\/El-Ocean-Viking-y-su-historia-de-un-rescate-humanitario.jpeg\",\"contentUrl\":\"https:\\\/\\\/super-news.info\\\/mx\\\/wp-content\\\/uploads\\\/sites\\\/8\\\/2019\\\/09\\\/El-Ocean-Viking-y-su-historia-de-un-rescate-humanitario.jpeg\",\"width\":966,\"height\":543,\"caption\":\"El Ocean Viking y su historia de un rescate humanitario en altamar\"},{\"@type\":\"BreadcrumbList\",\"@id\":\"https:\\\/\\\/super-news.info\\\/mx\\\/el-ocean-viking-y-su-historia-de-un-rescate-humanitario-en-altamar\\\/#breadcrumb\",\"itemListElement\":[{\"@type\":\"ListItem\",\"position\":1,\"name\":\"Home\",\"item\":\"https:\\\/\\\/super-news.info\\\/mx\\\/\"},{\"@type\":\"ListItem\",\"position\":2,\"name\":\"El Ocean Viking y su historia de un rescate humanitario en altamar\"}]},{\"@type\":\"WebSite\",\"@id\":\"https:\\\/\\\/super-news.info\\\/mx\\\/#website\",\"url\":\"https:\\\/\\\/super-news.info\\\/mx\\\/\",\"name\":\"Super News\",\"description\":\"Super News Mexico\",\"potentialAction\":[{\"@type\":\"SearchAction\",\"target\":{\"@type\":\"EntryPoint\",\"urlTemplate\":\"https:\\\/\\\/super-news.info\\\/mx\\\/?s={search_term_string}\"},\"query-input\":{\"@type\":\"PropertyValueSpecification\",\"valueRequired\":true,\"valueName\":\"search_term_string\"}}],\"inLanguage\":\"es\"},{\"@type\":\"Person\",\"@id\":\"https:\\\/\\\/super-news.info\\\/mx\\\/#\\\/schema\\\/person\\\/74b71ca3d407439fd57da2d9c89449ca\",\"name\":\"mx\",\"image\":{\"@type\":\"ImageObject\",\"inLanguage\":\"es\",\"@id\":\"https:\\\/\\\/secure.gravatar.com\\\/avatar\\\/6374ac65ff69c362a0ae1303d73d69dcd9bd198d62d9861f054a69aaf82c017b?s=96&d=mm&r=g\",\"url\":\"https:\\\/\\\/secure.gravatar.com\\\/avatar\\\/6374ac65ff69c362a0ae1303d73d69dcd9bd198d62d9861f054a69aaf82c017b?s=96&d=mm&r=g\",\"contentUrl\":\"https:\\\/\\\/secure.gravatar.com\\\/avatar\\\/6374ac65ff69c362a0ae1303d73d69dcd9bd198d62d9861f054a69aaf82c017b?s=96&d=mm&r=g\",\"caption\":\"mx\"},\"url\":\"https:\\\/\\\/super-news.info\\\/mx\\\/author\\\/mx\\\/\"}]}<\/script>\n<!-- \/ Yoast SEO plugin. -->","yoast_head_json":{"title":"El Ocean Viking y su historia de un rescate humanitario en altamar - Super News","robots":{"index":"index","follow":"follow","max-snippet":"max-snippet:-1","max-image-preview":"max-image-preview:large","max-video-preview":"max-video-preview:-1"},"canonical":"https:\/\/super-news.info\/mx\/el-ocean-viking-y-su-historia-de-un-rescate-humanitario-en-altamar\/","og_locale":"es_MX","og_type":"article","og_title":"El Ocean Viking y su historia de un rescate humanitario en altamar - Super News","og_description":"[ad_1] Despu\u00e9s de pasar 14 d\u00edas varado en el Mediterr\u00e1neo, el barco de b\u00fasqueda de M\u00e9dicos Sin Fronteras y SOS Mediterr\u00e1neo desembarc\u00f3 en el puerto de Malta a 365 hombres, mujeres y ni\u00f1os. \u201cHaremos una escala en puerto para realizar labores de reabastecimiento, repostar de combustible y cambiar de tripulaci\u00f3n. Mientras las personas se ahoguen [&hellip;]","og_url":"https:\/\/super-news.info\/mx\/el-ocean-viking-y-su-historia-de-un-rescate-humanitario-en-altamar\/","og_site_name":"Super News","article_published_time":"2019-09-01T01:04:19+00:00","article_modified_time":"2019-09-01T01:04:23+00:00","og_image":[{"width":966,"height":543,"url":"https:\/\/super-news.info\/mx\/wp-content\/uploads\/sites\/8\/2019\/09\/El-Ocean-Viking-y-su-historia-de-un-rescate-humanitario.jpeg","type":"image\/jpeg"}],"author":"mx","twitter_card":"summary_large_image","twitter_misc":{"Escrito por":"mx","Tiempo de lectura":"3 minutos"},"schema":{"@context":"https:\/\/schema.org","@graph":[{"@type":"Article","@id":"https:\/\/super-news.info\/mx\/el-ocean-viking-y-su-historia-de-un-rescate-humanitario-en-altamar\/#article","isPartOf":{"@id":"https:\/\/super-news.info\/mx\/el-ocean-viking-y-su-historia-de-un-rescate-humanitario-en-altamar\/"},"author":{"name":"mx","@id":"https:\/\/super-news.info\/mx\/#\/schema\/person\/74b71ca3d407439fd57da2d9c89449ca"},"headline":"El Ocean Viking y su historia de un rescate humanitario en altamar","datePublished":"2019-09-01T01:04:19+00:00","dateModified":"2019-09-01T01:04:23+00:00","mainEntityOfPage":{"@id":"https:\/\/super-news.info\/mx\/el-ocean-viking-y-su-historia-de-un-rescate-humanitario-en-altamar\/"},"wordCount":636,"commentCount":0,"image":{"@id":"https:\/\/super-news.info\/mx\/el-ocean-viking-y-su-historia-de-un-rescate-humanitario-en-altamar\/#primaryimage"},"thumbnailUrl":"https:\/\/super-news.info\/mx\/wp-content\/uploads\/sites\/8\/2019\/09\/El-Ocean-Viking-y-su-historia-de-un-rescate-humanitario.jpeg","articleSection":["NOTICIAS FINANCIERAS"],"inLanguage":"es","potentialAction":[{"@type":"CommentAction","name":"Comment","target":["https:\/\/super-news.info\/mx\/el-ocean-viking-y-su-historia-de-un-rescate-humanitario-en-altamar\/#respond"]}]},{"@type":"WebPage","@id":"https:\/\/super-news.info\/mx\/el-ocean-viking-y-su-historia-de-un-rescate-humanitario-en-altamar\/","url":"https:\/\/super-news.info\/mx\/el-ocean-viking-y-su-historia-de-un-rescate-humanitario-en-altamar\/","name":"El Ocean Viking y su historia de un rescate humanitario en altamar - Super News","isPartOf":{"@id":"https:\/\/super-news.info\/mx\/#website"},"primaryImageOfPage":{"@id":"https:\/\/super-news.info\/mx\/el-ocean-viking-y-su-historia-de-un-rescate-humanitario-en-altamar\/#primaryimage"},"image":{"@id":"https:\/\/super-news.info\/mx\/el-ocean-viking-y-su-historia-de-un-rescate-humanitario-en-altamar\/#primaryimage"},"thumbnailUrl":"https:\/\/super-news.info\/mx\/wp-content\/uploads\/sites\/8\/2019\/09\/El-Ocean-Viking-y-su-historia-de-un-rescate-humanitario.jpeg","datePublished":"2019-09-01T01:04:19+00:00","dateModified":"2019-09-01T01:04:23+00:00","author":{"@id":"https:\/\/super-news.info\/mx\/#\/schema\/person\/74b71ca3d407439fd57da2d9c89449ca"},"breadcrumb":{"@id":"https:\/\/super-news.info\/mx\/el-ocean-viking-y-su-historia-de-un-rescate-humanitario-en-altamar\/#breadcrumb"},"inLanguage":"es","potentialAction":[{"@type":"ReadAction","target":["https:\/\/super-news.info\/mx\/el-ocean-viking-y-su-historia-de-un-rescate-humanitario-en-altamar\/"]}]},{"@type":"ImageObject","inLanguage":"es","@id":"https:\/\/super-news.info\/mx\/el-ocean-viking-y-su-historia-de-un-rescate-humanitario-en-altamar\/#primaryimage","url":"https:\/\/super-news.info\/mx\/wp-content\/uploads\/sites\/8\/2019\/09\/El-Ocean-Viking-y-su-historia-de-un-rescate-humanitario.jpeg","contentUrl":"https:\/\/super-news.info\/mx\/wp-content\/uploads\/sites\/8\/2019\/09\/El-Ocean-Viking-y-su-historia-de-un-rescate-humanitario.jpeg","width":966,"height":543,"caption":"El Ocean Viking y su historia de un rescate humanitario en altamar"},{"@type":"BreadcrumbList","@id":"https:\/\/super-news.info\/mx\/el-ocean-viking-y-su-historia-de-un-rescate-humanitario-en-altamar\/#breadcrumb","itemListElement":[{"@type":"ListItem","position":1,"name":"Home","item":"https:\/\/super-news.info\/mx\/"},{"@type":"ListItem","position":2,"name":"El Ocean Viking y su historia de un rescate humanitario en altamar"}]},{"@type":"WebSite","@id":"https:\/\/super-news.info\/mx\/#website","url":"https:\/\/super-news.info\/mx\/","name":"Super News","description":"Super News Mexico","potentialAction":[{"@type":"SearchAction","target":{"@type":"EntryPoint","urlTemplate":"https:\/\/super-news.info\/mx\/?s={search_term_string}"},"query-input":{"@type":"PropertyValueSpecification","valueRequired":true,"valueName":"search_term_string"}}],"inLanguage":"es"},{"@type":"Person","@id":"https:\/\/super-news.info\/mx\/#\/schema\/person\/74b71ca3d407439fd57da2d9c89449ca","name":"mx","image":{"@type":"ImageObject","inLanguage":"es","@id":"https:\/\/secure.gravatar.com\/avatar\/6374ac65ff69c362a0ae1303d73d69dcd9bd198d62d9861f054a69aaf82c017b?s=96&d=mm&r=g","url":"https:\/\/secure.gravatar.com\/avatar\/6374ac65ff69c362a0ae1303d73d69dcd9bd198d62d9861f054a69aaf82c017b?s=96&d=mm&r=g","contentUrl":"https:\/\/secure.gravatar.com\/avatar\/6374ac65ff69c362a0ae1303d73d69dcd9bd198d62d9861f054a69aaf82c017b?s=96&d=mm&r=g","caption":"mx"},"url":"https:\/\/super-news.info\/mx\/author\/mx\/"}]}},"_links":{"self":[{"href":"https:\/\/super-news.info\/mx\/wp-json\/wp\/v2\/posts\/3928","targetHints":{"allow":["GET"]}}],"collection":[{"href":"https:\/\/super-news.info\/mx\/wp-json\/wp\/v2\/posts"}],"about":[{"href":"https:\/\/super-news.info\/mx\/wp-json\/wp\/v2\/types\/post"}],"author":[{"embeddable":true,"href":"https:\/\/super-news.info\/mx\/wp-json\/wp\/v2\/users\/3"}],"replies":[{"embeddable":true,"href":"https:\/\/super-news.info\/mx\/wp-json\/wp\/v2\/comments?post=3928"}],"version-history":[{"count":1,"href":"https:\/\/super-news.info\/mx\/wp-json\/wp\/v2\/posts\/3928\/revisions"}],"predecessor-version":[{"id":3930,"href":"https:\/\/super-news.info\/mx\/wp-json\/wp\/v2\/posts\/3928\/revisions\/3930"}],"wp:featuredmedia":[{"embeddable":true,"href":"https:\/\/super-news.info\/mx\/wp-json\/wp\/v2\/media\/3929"}],"wp:attachment":[{"href":"https:\/\/super-news.info\/mx\/wp-json\/wp\/v2\/media?parent=3928"}],"wp:term":[{"taxonomy":"category","embeddable":true,"href":"https:\/\/super-news.info\/mx\/wp-json\/wp\/v2\/categories?post=3928"},{"taxonomy":"post_tag","embeddable":true,"href":"https:\/\/super-news.info\/mx\/wp-json\/wp\/v2\/tags?post=3928"}],"curies":[{"name":"wp","href":"https:\/\/api.w.org\/{rel}","templated":true}]}}