{"id":3925,"date":"2019-08-31T01:13:35","date_gmt":"2019-08-31T01:13:35","guid":{"rendered":"https:\/\/super-news.info\/mx\/ultimos-dias-del-festival-macabro-en-el-cinematografo-del-chopo\/"},"modified":"2019-08-31T01:13:39","modified_gmt":"2019-08-31T01:13:39","slug":"ultimos-dias-del-festival-macabro-en-el-cinematografo-del-chopo","status":"publish","type":"post","link":"https:\/\/super-news.info\/mx\/ultimos-dias-del-festival-macabro-en-el-cinematografo-del-chopo\/","title":{"rendered":"\u00daltimos d\u00edas del Festival Macabro en el Cinemat\u00f3grafo del Chopo"},"content":{"rendered":"<p> [ad_1]<br \/>\n<\/p>\n<p class=\"paragraph\" data-count=\"328\" data-wrap=\"56\">El <strong>terror y el gore <\/strong>de la edici\u00f3n 2019 del<strong> Macabro. Festival Internacional de Cine de Horror de la Ciudad de M\u00e9xico <\/strong>est\u00e1 por finalizar, pero a\u00fan pueden encontrarse buenas <strong>pel\u00edculas y cl\u00e1sicos del horror <\/strong>para disfrutar este fin de semana en el <strong>Cinemat\u00f3grafo del Chopo<\/strong>, una de sus sedes habituales desde la creaci\u00f3n del festival.\n<\/p>\n<p class=\"paragraph\" data-count=\"435\" data-wrap=\"73\">La Direcci\u00f3n General de Actividades Cinematogr\u00e1ficas (Filmoteca de la UNAM) y el<strong> Cinemat\u00f3grafo del Chopo <\/strong>proyectar\u00e1n una buena dosis de filmes de terror para este fin de semana. El s\u00e1bado 31 de agosto arrancamos a las 14.30 horas con la proyecci\u00f3n de <em>Siren <\/em>(2019, EU), de Perry Blackshar; a las 17:00 horas podr\u00e1 verse <em>Red letter day<\/em> (2019, Canad\u00e1), de Cameron MacGowan, y a las 19:30 <em>Finale <\/em>(2019, Dinamarca), de Soren Juul Petersen.\n<\/p>\n<p class=\"paragraph\" data-count=\"209\" data-wrap=\"36\">Para el domingo 1 de septiembre el Cinemat\u00f3grafo del Chopo proyectar\u00e1 a las 12 horas el programa de cortometrajes <em>Alarma <\/em>sobre la gran ciudad en donde se tendr\u00e1n como invitados a algunos de los realizadores.\n<\/p>\n<div class=\"image__block \">\n<figure><\/figure>\n<p><span class=\"element__footer\">  <\/span><span class=\"element__credit\">  <\/span><\/div>\n<p class=\"paragraph\" data-count=\"334\" data-wrap=\"61\">A las 14:30 podr\u00e1 verse el filme <em>The mongolian connection<\/em> (2019, Mongolia) de Drew Thomas; a las 17 horas <em>Hous3 <\/em>(Espea\u00f1a, 2018), de Manolo Mungu\u00eda. Y para la \u00faltima de la noche, a las 19:30 horas, <em>The Head Hunter<\/em> (Portugal, 2018), un filme de Jordan Downey sobre un guerrero medieval en busca del monstruo que le arrebat\u00f3 a su hija.\n<\/p>\n<p class=\"paragraph\" data-count=\"438\" data-wrap=\"76\">Para la \u00faltima ronda macabra del lunes 2 de septiembre podr\u00e1n verse varias joyas: a las 12:00 horas empezamos con <em>True fiction<\/em> (Canad\u00e1, 2019), de Braden Croft; a las 14:30 <em>The cleaning lady<\/em> (EU, 2018), de Jon Knautzeua; a las 17:00 el documental <em>Deodato Holocaust<\/em> (Brasil, 2019) de Felipe M. Guerra. Y para cerrar con broche de oro, a las 19:30 se proyectar\u00e1 el cl\u00e1sico del gore italiano de 1980, <em>Holocausto Can\u00edbal<\/em>, de Ruggero Deodato.\n<\/p>\n<p class=\"paragraph\" data-count=\"404\" data-wrap=\"62\">Este 2019 Macabro celebra 18 a\u00f1os de realizaci\u00f3n ininterrumpida, que ha revitalizado la escena del cine de terror en la capital mexicana. Durante todo este tiempo el festival se ha encontrado y consolidado los espacios para mantener un continuo crecimiento. Hoy cuenta con reconocimiento tanto institucional como internacional que ahora lo ubican como uno de los festivales m\u00e1s respetados del circuito.\n<\/p>\n<p class=\"paragraph\" data-count=\"261\" data-wrap=\"39\">Hasta el 2 de septiembre, Filmoteca de la UNAM podr\u00e1 verse en el Cinemat\u00f3grafo del Chopo (Dr. Enrique Gonz\u00e1lez Mart\u00ednez n\u00fam. 10, Col. Santa Mar\u00eda La Ribera), la extensa y variada programaci\u00f3n que incluye estrenos nacionales, latinoamericanos e internacionales.\n<\/p>\n<p class=\"paragraph\" data-count=\"57\" data-wrap=\"9\">Para detalles de las funciones consulta la cartelera en:\n<\/p>\n<p class=\"paragraph\" data-count=\"41\" data-wrap=\"3\">www.filmoteca.unam.mx y\/o www.macabro.mx\n<\/p>\n<p>[ad_2]<br \/>\n<br \/><a href=\"https:\/\/www.elfinanciero.com.mx\/rss\/culturas\/ultimos-dias-del-festival-macabro-en-el-cinematografo-del-chopo\">Source link <\/a><\/p>\n","protected":false},"excerpt":{"rendered":"<p>[ad_1] El terror y el gore de la edici\u00f3n 2019 del Macabro. Festival Internacional de Cine de Horror de la Ciudad de M\u00e9xico est\u00e1 por finalizar, pero a\u00fan pueden encontrarse buenas pel\u00edculas y cl\u00e1sicos del horror para disfrutar este fin de semana en el Cinemat\u00f3grafo del Chopo, una de sus sedes habituales desde la creaci\u00f3n [&hellip;]<\/p>\n","protected":false},"author":3,"featured_media":3926,"comment_status":"open","ping_status":"open","sticky":false,"template":"","format":"standard","meta":{"footnotes":""},"categories":[1],"tags":[],"class_list":["post-3925","post","type-post","status-publish","format-standard","has-post-thumbnail","hentry","category-noticias-financieras"],"yoast_head":"<!-- This site is optimized with the Yoast SEO plugin v27.4 - https:\/\/yoast.com\/product\/yoast-seo-wordpress\/ -->\n<title>\u00daltimos d\u00edas del Festival Macabro en el Cinemat\u00f3grafo del Chopo - Super News<\/title>\n<meta name=\"robots\" content=\"index, follow, max-snippet:-1, max-image-preview:large, max-video-preview:-1\" \/>\n<link rel=\"canonical\" href=\"https:\/\/super-news.info\/mx\/ultimos-dias-del-festival-macabro-en-el-cinematografo-del-chopo\/\" \/>\n<meta property=\"og:locale\" content=\"es_MX\" \/>\n<meta property=\"og:type\" content=\"article\" \/>\n<meta property=\"og:title\" content=\"\u00daltimos d\u00edas del Festival Macabro en el Cinemat\u00f3grafo del Chopo - Super News\" \/>\n<meta property=\"og:description\" content=\"[ad_1] El terror y el gore de la edici\u00f3n 2019 del Macabro. Festival Internacional de Cine de Horror de la Ciudad de M\u00e9xico est\u00e1 por finalizar, pero a\u00fan pueden encontrarse buenas pel\u00edculas y cl\u00e1sicos del horror para disfrutar este fin de semana en el Cinemat\u00f3grafo del Chopo, una de sus sedes habituales desde la creaci\u00f3n [&hellip;]\" \/>\n<meta property=\"og:url\" content=\"https:\/\/super-news.info\/mx\/ultimos-dias-del-festival-macabro-en-el-cinematografo-del-chopo\/\" \/>\n<meta property=\"og:site_name\" content=\"Super News\" \/>\n<meta property=\"article:published_time\" content=\"2019-08-31T01:13:35+00:00\" \/>\n<meta property=\"article:modified_time\" content=\"2019-08-31T01:13:39+00:00\" \/>\n<meta property=\"og:image\" content=\"https:\/\/super-news.info\/mx\/wp-content\/uploads\/sites\/8\/2019\/08\/ltimos-d-as-del-Festival-Macabro-en-el-Cinemat-grafo-del-Chopo.jpeg\" \/>\n\t<meta property=\"og:image:width\" content=\"1776\" \/>\n\t<meta property=\"og:image:height\" content=\"1000\" \/>\n\t<meta property=\"og:image:type\" content=\"image\/jpeg\" \/>\n<meta name=\"author\" content=\"mx\" \/>\n<meta name=\"twitter:card\" content=\"summary_large_image\" \/>\n<meta name=\"twitter:label1\" content=\"Escrito por\" \/>\n\t<meta name=\"twitter:data1\" content=\"mx\" \/>\n\t<meta name=\"twitter:label2\" content=\"Tiempo de lectura\" \/>\n\t<meta name=\"twitter:data2\" content=\"2 minutos\" \/>\n<script type=\"application\/ld+json\" class=\"yoast-schema-graph\">{\"@context\":\"https:\\\/\\\/schema.org\",\"@graph\":[{\"@type\":\"Article\",\"@id\":\"https:\\\/\\\/super-news.info\\\/mx\\\/ultimos-dias-del-festival-macabro-en-el-cinematografo-del-chopo\\\/#article\",\"isPartOf\":{\"@id\":\"https:\\\/\\\/super-news.info\\\/mx\\\/ultimos-dias-del-festival-macabro-en-el-cinematografo-del-chopo\\\/\"},\"author\":{\"name\":\"mx\",\"@id\":\"https:\\\/\\\/super-news.info\\\/mx\\\/#\\\/schema\\\/person\\\/74b71ca3d407439fd57da2d9c89449ca\"},\"headline\":\"\u00daltimos d\u00edas del Festival Macabro en el Cinemat\u00f3grafo del Chopo\",\"datePublished\":\"2019-08-31T01:13:35+00:00\",\"dateModified\":\"2019-08-31T01:13:39+00:00\",\"mainEntityOfPage\":{\"@id\":\"https:\\\/\\\/super-news.info\\\/mx\\\/ultimos-dias-del-festival-macabro-en-el-cinematografo-del-chopo\\\/\"},\"wordCount\":433,\"commentCount\":0,\"image\":{\"@id\":\"https:\\\/\\\/super-news.info\\\/mx\\\/ultimos-dias-del-festival-macabro-en-el-cinematografo-del-chopo\\\/#primaryimage\"},\"thumbnailUrl\":\"https:\\\/\\\/super-news.info\\\/mx\\\/wp-content\\\/uploads\\\/sites\\\/8\\\/2019\\\/08\\\/ltimos-d-as-del-Festival-Macabro-en-el-Cinemat-grafo-del-Chopo.jpeg\",\"articleSection\":[\"NOTICIAS FINANCIERAS\"],\"inLanguage\":\"es\",\"potentialAction\":[{\"@type\":\"CommentAction\",\"name\":\"Comment\",\"target\":[\"https:\\\/\\\/super-news.info\\\/mx\\\/ultimos-dias-del-festival-macabro-en-el-cinematografo-del-chopo\\\/#respond\"]}]},{\"@type\":\"WebPage\",\"@id\":\"https:\\\/\\\/super-news.info\\\/mx\\\/ultimos-dias-del-festival-macabro-en-el-cinematografo-del-chopo\\\/\",\"url\":\"https:\\\/\\\/super-news.info\\\/mx\\\/ultimos-dias-del-festival-macabro-en-el-cinematografo-del-chopo\\\/\",\"name\":\"\u00daltimos d\u00edas del Festival Macabro en el Cinemat\u00f3grafo del Chopo - Super News\",\"isPartOf\":{\"@id\":\"https:\\\/\\\/super-news.info\\\/mx\\\/#website\"},\"primaryImageOfPage\":{\"@id\":\"https:\\\/\\\/super-news.info\\\/mx\\\/ultimos-dias-del-festival-macabro-en-el-cinematografo-del-chopo\\\/#primaryimage\"},\"image\":{\"@id\":\"https:\\\/\\\/super-news.info\\\/mx\\\/ultimos-dias-del-festival-macabro-en-el-cinematografo-del-chopo\\\/#primaryimage\"},\"thumbnailUrl\":\"https:\\\/\\\/super-news.info\\\/mx\\\/wp-content\\\/uploads\\\/sites\\\/8\\\/2019\\\/08\\\/ltimos-d-as-del-Festival-Macabro-en-el-Cinemat-grafo-del-Chopo.jpeg\",\"datePublished\":\"2019-08-31T01:13:35+00:00\",\"dateModified\":\"2019-08-31T01:13:39+00:00\",\"author\":{\"@id\":\"https:\\\/\\\/super-news.info\\\/mx\\\/#\\\/schema\\\/person\\\/74b71ca3d407439fd57da2d9c89449ca\"},\"breadcrumb\":{\"@id\":\"https:\\\/\\\/super-news.info\\\/mx\\\/ultimos-dias-del-festival-macabro-en-el-cinematografo-del-chopo\\\/#breadcrumb\"},\"inLanguage\":\"es\",\"potentialAction\":[{\"@type\":\"ReadAction\",\"target\":[\"https:\\\/\\\/super-news.info\\\/mx\\\/ultimos-dias-del-festival-macabro-en-el-cinematografo-del-chopo\\\/\"]}]},{\"@type\":\"ImageObject\",\"inLanguage\":\"es\",\"@id\":\"https:\\\/\\\/super-news.info\\\/mx\\\/ultimos-dias-del-festival-macabro-en-el-cinematografo-del-chopo\\\/#primaryimage\",\"url\":\"https:\\\/\\\/super-news.info\\\/mx\\\/wp-content\\\/uploads\\\/sites\\\/8\\\/2019\\\/08\\\/ltimos-d-as-del-Festival-Macabro-en-el-Cinemat-grafo-del-Chopo.jpeg\",\"contentUrl\":\"https:\\\/\\\/super-news.info\\\/mx\\\/wp-content\\\/uploads\\\/sites\\\/8\\\/2019\\\/08\\\/ltimos-d-as-del-Festival-Macabro-en-el-Cinemat-grafo-del-Chopo.jpeg\",\"width\":1776,\"height\":1000,\"caption\":\"\u00daltimos d\u00edas del Festival Macabro en el Cinemat\u00f3grafo del Chopo\"},{\"@type\":\"BreadcrumbList\",\"@id\":\"https:\\\/\\\/super-news.info\\\/mx\\\/ultimos-dias-del-festival-macabro-en-el-cinematografo-del-chopo\\\/#breadcrumb\",\"itemListElement\":[{\"@type\":\"ListItem\",\"position\":1,\"name\":\"Home\",\"item\":\"https:\\\/\\\/super-news.info\\\/mx\\\/\"},{\"@type\":\"ListItem\",\"position\":2,\"name\":\"\u00daltimos d\u00edas del Festival Macabro en el Cinemat\u00f3grafo del Chopo\"}]},{\"@type\":\"WebSite\",\"@id\":\"https:\\\/\\\/super-news.info\\\/mx\\\/#website\",\"url\":\"https:\\\/\\\/super-news.info\\\/mx\\\/\",\"name\":\"Super News\",\"description\":\"Super News Mexico\",\"potentialAction\":[{\"@type\":\"SearchAction\",\"target\":{\"@type\":\"EntryPoint\",\"urlTemplate\":\"https:\\\/\\\/super-news.info\\\/mx\\\/?s={search_term_string}\"},\"query-input\":{\"@type\":\"PropertyValueSpecification\",\"valueRequired\":true,\"valueName\":\"search_term_string\"}}],\"inLanguage\":\"es\"},{\"@type\":\"Person\",\"@id\":\"https:\\\/\\\/super-news.info\\\/mx\\\/#\\\/schema\\\/person\\\/74b71ca3d407439fd57da2d9c89449ca\",\"name\":\"mx\",\"image\":{\"@type\":\"ImageObject\",\"inLanguage\":\"es\",\"@id\":\"https:\\\/\\\/secure.gravatar.com\\\/avatar\\\/6374ac65ff69c362a0ae1303d73d69dcd9bd198d62d9861f054a69aaf82c017b?s=96&d=mm&r=g\",\"url\":\"https:\\\/\\\/secure.gravatar.com\\\/avatar\\\/6374ac65ff69c362a0ae1303d73d69dcd9bd198d62d9861f054a69aaf82c017b?s=96&d=mm&r=g\",\"contentUrl\":\"https:\\\/\\\/secure.gravatar.com\\\/avatar\\\/6374ac65ff69c362a0ae1303d73d69dcd9bd198d62d9861f054a69aaf82c017b?s=96&d=mm&r=g\",\"caption\":\"mx\"},\"url\":\"https:\\\/\\\/super-news.info\\\/mx\\\/author\\\/mx\\\/\"}]}<\/script>\n<!-- \/ Yoast SEO plugin. -->","yoast_head_json":{"title":"\u00daltimos d\u00edas del Festival Macabro en el Cinemat\u00f3grafo del Chopo - Super News","robots":{"index":"index","follow":"follow","max-snippet":"max-snippet:-1","max-image-preview":"max-image-preview:large","max-video-preview":"max-video-preview:-1"},"canonical":"https:\/\/super-news.info\/mx\/ultimos-dias-del-festival-macabro-en-el-cinematografo-del-chopo\/","og_locale":"es_MX","og_type":"article","og_title":"\u00daltimos d\u00edas del Festival Macabro en el Cinemat\u00f3grafo del Chopo - Super News","og_description":"[ad_1] El terror y el gore de la edici\u00f3n 2019 del Macabro. Festival Internacional de Cine de Horror de la Ciudad de M\u00e9xico est\u00e1 por finalizar, pero a\u00fan pueden encontrarse buenas pel\u00edculas y cl\u00e1sicos del horror para disfrutar este fin de semana en el Cinemat\u00f3grafo del Chopo, una de sus sedes habituales desde la creaci\u00f3n [&hellip;]","og_url":"https:\/\/super-news.info\/mx\/ultimos-dias-del-festival-macabro-en-el-cinematografo-del-chopo\/","og_site_name":"Super News","article_published_time":"2019-08-31T01:13:35+00:00","article_modified_time":"2019-08-31T01:13:39+00:00","og_image":[{"width":1776,"height":1000,"url":"https:\/\/super-news.info\/mx\/wp-content\/uploads\/sites\/8\/2019\/08\/ltimos-d-as-del-Festival-Macabro-en-el-Cinemat-grafo-del-Chopo.jpeg","type":"image\/jpeg"}],"author":"mx","twitter_card":"summary_large_image","twitter_misc":{"Escrito por":"mx","Tiempo de lectura":"2 minutos"},"schema":{"@context":"https:\/\/schema.org","@graph":[{"@type":"Article","@id":"https:\/\/super-news.info\/mx\/ultimos-dias-del-festival-macabro-en-el-cinematografo-del-chopo\/#article","isPartOf":{"@id":"https:\/\/super-news.info\/mx\/ultimos-dias-del-festival-macabro-en-el-cinematografo-del-chopo\/"},"author":{"name":"mx","@id":"https:\/\/super-news.info\/mx\/#\/schema\/person\/74b71ca3d407439fd57da2d9c89449ca"},"headline":"\u00daltimos d\u00edas del Festival Macabro en el Cinemat\u00f3grafo del Chopo","datePublished":"2019-08-31T01:13:35+00:00","dateModified":"2019-08-31T01:13:39+00:00","mainEntityOfPage":{"@id":"https:\/\/super-news.info\/mx\/ultimos-dias-del-festival-macabro-en-el-cinematografo-del-chopo\/"},"wordCount":433,"commentCount":0,"image":{"@id":"https:\/\/super-news.info\/mx\/ultimos-dias-del-festival-macabro-en-el-cinematografo-del-chopo\/#primaryimage"},"thumbnailUrl":"https:\/\/super-news.info\/mx\/wp-content\/uploads\/sites\/8\/2019\/08\/ltimos-d-as-del-Festival-Macabro-en-el-Cinemat-grafo-del-Chopo.jpeg","articleSection":["NOTICIAS FINANCIERAS"],"inLanguage":"es","potentialAction":[{"@type":"CommentAction","name":"Comment","target":["https:\/\/super-news.info\/mx\/ultimos-dias-del-festival-macabro-en-el-cinematografo-del-chopo\/#respond"]}]},{"@type":"WebPage","@id":"https:\/\/super-news.info\/mx\/ultimos-dias-del-festival-macabro-en-el-cinematografo-del-chopo\/","url":"https:\/\/super-news.info\/mx\/ultimos-dias-del-festival-macabro-en-el-cinematografo-del-chopo\/","name":"\u00daltimos d\u00edas del Festival Macabro en el Cinemat\u00f3grafo del Chopo - Super News","isPartOf":{"@id":"https:\/\/super-news.info\/mx\/#website"},"primaryImageOfPage":{"@id":"https:\/\/super-news.info\/mx\/ultimos-dias-del-festival-macabro-en-el-cinematografo-del-chopo\/#primaryimage"},"image":{"@id":"https:\/\/super-news.info\/mx\/ultimos-dias-del-festival-macabro-en-el-cinematografo-del-chopo\/#primaryimage"},"thumbnailUrl":"https:\/\/super-news.info\/mx\/wp-content\/uploads\/sites\/8\/2019\/08\/ltimos-d-as-del-Festival-Macabro-en-el-Cinemat-grafo-del-Chopo.jpeg","datePublished":"2019-08-31T01:13:35+00:00","dateModified":"2019-08-31T01:13:39+00:00","author":{"@id":"https:\/\/super-news.info\/mx\/#\/schema\/person\/74b71ca3d407439fd57da2d9c89449ca"},"breadcrumb":{"@id":"https:\/\/super-news.info\/mx\/ultimos-dias-del-festival-macabro-en-el-cinematografo-del-chopo\/#breadcrumb"},"inLanguage":"es","potentialAction":[{"@type":"ReadAction","target":["https:\/\/super-news.info\/mx\/ultimos-dias-del-festival-macabro-en-el-cinematografo-del-chopo\/"]}]},{"@type":"ImageObject","inLanguage":"es","@id":"https:\/\/super-news.info\/mx\/ultimos-dias-del-festival-macabro-en-el-cinematografo-del-chopo\/#primaryimage","url":"https:\/\/super-news.info\/mx\/wp-content\/uploads\/sites\/8\/2019\/08\/ltimos-d-as-del-Festival-Macabro-en-el-Cinemat-grafo-del-Chopo.jpeg","contentUrl":"https:\/\/super-news.info\/mx\/wp-content\/uploads\/sites\/8\/2019\/08\/ltimos-d-as-del-Festival-Macabro-en-el-Cinemat-grafo-del-Chopo.jpeg","width":1776,"height":1000,"caption":"\u00daltimos d\u00edas del Festival Macabro en el Cinemat\u00f3grafo del Chopo"},{"@type":"BreadcrumbList","@id":"https:\/\/super-news.info\/mx\/ultimos-dias-del-festival-macabro-en-el-cinematografo-del-chopo\/#breadcrumb","itemListElement":[{"@type":"ListItem","position":1,"name":"Home","item":"https:\/\/super-news.info\/mx\/"},{"@type":"ListItem","position":2,"name":"\u00daltimos d\u00edas del Festival Macabro en el Cinemat\u00f3grafo del Chopo"}]},{"@type":"WebSite","@id":"https:\/\/super-news.info\/mx\/#website","url":"https:\/\/super-news.info\/mx\/","name":"Super News","description":"Super News Mexico","potentialAction":[{"@type":"SearchAction","target":{"@type":"EntryPoint","urlTemplate":"https:\/\/super-news.info\/mx\/?s={search_term_string}"},"query-input":{"@type":"PropertyValueSpecification","valueRequired":true,"valueName":"search_term_string"}}],"inLanguage":"es"},{"@type":"Person","@id":"https:\/\/super-news.info\/mx\/#\/schema\/person\/74b71ca3d407439fd57da2d9c89449ca","name":"mx","image":{"@type":"ImageObject","inLanguage":"es","@id":"https:\/\/secure.gravatar.com\/avatar\/6374ac65ff69c362a0ae1303d73d69dcd9bd198d62d9861f054a69aaf82c017b?s=96&d=mm&r=g","url":"https:\/\/secure.gravatar.com\/avatar\/6374ac65ff69c362a0ae1303d73d69dcd9bd198d62d9861f054a69aaf82c017b?s=96&d=mm&r=g","contentUrl":"https:\/\/secure.gravatar.com\/avatar\/6374ac65ff69c362a0ae1303d73d69dcd9bd198d62d9861f054a69aaf82c017b?s=96&d=mm&r=g","caption":"mx"},"url":"https:\/\/super-news.info\/mx\/author\/mx\/"}]}},"_links":{"self":[{"href":"https:\/\/super-news.info\/mx\/wp-json\/wp\/v2\/posts\/3925","targetHints":{"allow":["GET"]}}],"collection":[{"href":"https:\/\/super-news.info\/mx\/wp-json\/wp\/v2\/posts"}],"about":[{"href":"https:\/\/super-news.info\/mx\/wp-json\/wp\/v2\/types\/post"}],"author":[{"embeddable":true,"href":"https:\/\/super-news.info\/mx\/wp-json\/wp\/v2\/users\/3"}],"replies":[{"embeddable":true,"href":"https:\/\/super-news.info\/mx\/wp-json\/wp\/v2\/comments?post=3925"}],"version-history":[{"count":1,"href":"https:\/\/super-news.info\/mx\/wp-json\/wp\/v2\/posts\/3925\/revisions"}],"predecessor-version":[{"id":3927,"href":"https:\/\/super-news.info\/mx\/wp-json\/wp\/v2\/posts\/3925\/revisions\/3927"}],"wp:featuredmedia":[{"embeddable":true,"href":"https:\/\/super-news.info\/mx\/wp-json\/wp\/v2\/media\/3926"}],"wp:attachment":[{"href":"https:\/\/super-news.info\/mx\/wp-json\/wp\/v2\/media?parent=3925"}],"wp:term":[{"taxonomy":"category","embeddable":true,"href":"https:\/\/super-news.info\/mx\/wp-json\/wp\/v2\/categories?post=3925"},{"taxonomy":"post_tag","embeddable":true,"href":"https:\/\/super-news.info\/mx\/wp-json\/wp\/v2\/tags?post=3925"}],"curies":[{"name":"wp","href":"https:\/\/api.w.org\/{rel}","templated":true}]}}