{"id":3922,"date":"2019-08-31T00:26:36","date_gmt":"2019-08-31T00:26:36","guid":{"rendered":"https:\/\/super-news.info\/mx\/gobiernos-de-edomex-cdmx-e-hidalgo-preparan-ley-de-desarrollo-metropoitano\/"},"modified":"2019-08-31T00:26:37","modified_gmt":"2019-08-31T00:26:37","slug":"gobiernos-de-edomex-cdmx-e-hidalgo-preparan-ley-de-desarrollo-metropoitano","status":"publish","type":"post","link":"https:\/\/super-news.info\/mx\/gobiernos-de-edomex-cdmx-e-hidalgo-preparan-ley-de-desarrollo-metropoitano\/","title":{"rendered":"Gobiernos de Edomex, CDMX e Hidalgo preparan ley de desarrollo metropoitano"},"content":{"rendered":"<p> [ad_1]<br \/>\n<\/p>\n<p class=\"paragraph\" data-count=\"407\" data-wrap=\"65\">El gobernador <strong>Alfredo del Mazo Maza<\/strong>, la jefa de Gobierno de la Ciudad de M\u00e9xico, <strong>Claudia Sheinbaum Pardo<\/strong> y <strong>Omar Fayad Meneses<\/strong>, gobernador de Hidalgo, firmaron la <strong>Iniciativa Conjunta de Ley de Desarrollo Metropolitano para la Zona Metropolitana del<br \/>\nValle de M\u00e9xico<\/strong>, con la finalidad de coordinar estrategias y acciones para atender los retos presentes en esta regi\u00f3n, en beneficio de millones de mexicanos. <\/p>\n<p class=\"paragraph\" data-count=\"368\" data-wrap=\"60\">El mandatario mexiquense destac\u00f3 que esta iniciativa es producto de un gran esfuerzo que llev\u00f3 varios meses de trabajo, y refleja la voluntad de las autoridades de esta regi\u00f3n para mejorar los mecanismos que atiendan los retos en materia de seguridad, movilidad, ambientales o de servicios p\u00fablicos presentes en esta zona metropolitana, que es la m\u00e1s grande del pa\u00eds. <\/p>\n<p class=\"paragraph\" data-count=\"337\" data-wrap=\"47\">&#8220;Las tres entidades presentamos este proyecto legislativo que turnaremos para su aprobaci\u00f3n al Congreso Federal a trav\u00e9s de nuestras legislaturas locales. La Ley de Desarrollo Metropolitano expresa nuestra voluntad de coordinaci\u00f3n y materializa los mecanismos que necesita la regi\u00f3n para consolidarse como motor del desarrollo nacional. <\/p>\n<div class=\"image__block \">\n<figure><\/figure>\n<p><span class=\"element__footer\">  <\/span><span class=\"element__credit\">  <\/span><\/div>\n<p class=\"paragraph\" data-count=\"254\" data-wrap=\"38\">&#8220;Se trata, como dec\u00edamos, de una iniciativa hist\u00f3rica que representa lo mejor del federalismo mexicano al ser la primera de car\u00e1cter interestatal del pa\u00eds, elaborada por tres entidades federativas con el acompa\u00f1amiento del Gobierno de M\u00e9xico&#8221;, enfatiz\u00f3. <\/p>\n<p class=\"paragraph\" data-count=\"0\" data-wrap=\"1\">\n<p class=\"paragraph\" data-count=\"358\" data-wrap=\"57\">En el Centro de Exposiciones, Ferias y Eventos del Parque Naucalli, <strong>Alfredo del Mazo<\/strong> explic\u00f3 que, en la integraci\u00f3n de esta iniciativa participaron  especialistas, acad\u00e9micos y organizaciones civiles, adem\u00e1s de las autoridades de cada entidad federativa, y consider\u00f3 que la aportaci\u00f3n de cada parte es clave para  lograr resolver los rezagos en esta regi\u00f3n. <\/p>\n<p class=\"paragraph\" data-count=\"0\" data-wrap=\"1\">\n<p class=\"paragraph\" data-count=\"336\" data-wrap=\"56\">Del Mazo indic\u00f3 que M\u00e9xico es un pa\u00eds que ha experimentado una transici\u00f3n urbana acelerada, pues actualmente 80 por ciento de los mexicanos viven en ciudades, ya que ah\u00ed se concentran la oferta de empleo, educaci\u00f3n, servicios y entretenimiento, lo cual plantea grandes desaf\u00edos para brindar una vida digna a cada uno de los habitantes. <\/p>\n<p class=\"paragraph\" data-count=\"502\" data-wrap=\"78\">En el territorio mexiquense, subray\u00f3 Del Mazo Maza, se trabaja desde hace tiempo en coordinaci\u00f3n con autoridades de las entidades vecinas para impulsar sistemas de transporte masivo, como el Mexib\u00fas, las l\u00edneas del Mexicable, adem\u00e1s de estrategias de cuidado ambiental, y record\u00f3 que en la primera sesi\u00f3n de este Consejo se anunci\u00f3 la <strong>Agenda Metropolitana<\/strong>, la instalaci\u00f3n de las Comisiones Metropolitanas y la creaci\u00f3n de un marco normativo espec\u00edfico para atender los retos urbanos del Valle de M\u00e9xico<\/p>\n<p class=\"paragraph\" data-count=\"334\" data-wrap=\"55\">En el rubro de seguridad, el titular del Ejecutivo mexiquense recalc\u00f3 la voluntad de colaboraci\u00f3n entre el Edomex y la Ciudad de M\u00e9xico, ya que el trabajo en equipo ha permitido estrategias m\u00e1s eficientes, adem\u00e1s que en el Edomex se han realizado m\u00e1s de 600 operativos conjuntos para combatir la delincuencia en el transporte p\u00fablico.<\/p>\n<p class=\"paragraph\" data-count=\"362\" data-wrap=\"61\">&#8220;Este trabajo coordinado nos ha permitido que tanto la Polic\u00eda del Estado de M\u00e9xico como la de la Ciudad M\u00e9xico podamos cruzar las fronteras de los l\u00edmites pol\u00edticos que tenemos entre ambas entidades; la delincuencia no respeta ni conoce estos l\u00edmites fronterizos y hoy en d\u00eda nuestras polic\u00edas pueden entrar tanto a la Ciudad como la Ciudad al Estado de M\u00e9xico.<\/p>\n<p class=\"paragraph\" data-count=\"379\" data-wrap=\"61\">&#8220;Compartimos frecuencias, tenemos personal de la Secretar\u00eda de Seguridad de la Ciudad M\u00e9xico en el Centro de mando del estado y personal de seguridad del Estado de M\u00e9xico en el Centro de mando de la Ciudad; hemos realizado m\u00e1s de 600 operativos en conjunto para revisi\u00f3n de transporte p\u00fablico, as\u00ed como objetivos prioritarios de trabajo en materia de seguridad p\u00fablica&#8221;, subray\u00f3.<\/p>\n<p class=\"paragraph\" data-count=\"540\" data-wrap=\"78\">En el marco de la Primera Sesi\u00f3n Ordinaria 2019, del Consejo de Desarrollo Metropolitano del Valle de M\u00e9xico y en presencia del Secretario de Desarrollo Agrario Territorial y Urbano, Rom\u00e1n Meyer Falc\u00f3n, el gobernador Alfredo Del Mazo dijo que esta iniciativa define las atribuciones de cada nivel de Gobierno para coordinar acciones metropolitanas, formalizar mecanismos de gobernanza, adem\u00e1s de incorporar estrategias de democracia participativa, que permitir\u00e1n a los habitantes del Valle de M\u00e9xico tomar decisiones sobre pol\u00edtica p\u00fablica.<\/p>\n<p class=\"paragraph\" data-count=\"291\" data-wrap=\"49\">En su calidad de Presidente Conjunto de este Consejo, Del Mazo Maza reconoci\u00f3 la voluntad de la Ciudad de M\u00e9xico, del estado de Hidalgo, as\u00ed como del Gobierno federal para conformar est\u00e1 iniciativa, que contribuir\u00e1 a mejorar la calidad de vida de quienes habitan en esta zona metropolitana. <\/p>\n<p class=\"paragraph\" data-count=\"551\" data-wrap=\"88\">&#8220;Quiero agradecer y reconocer la gran disposici\u00f3n de trabajo en conjunto por parte de la Jefa de Gobierno de la Ciudad de M\u00e9xico, del gobernador del estado de Hidalgo, del Gobierno de M\u00e9xico, a trav\u00e9s del secretario Rom\u00e1n Meyer, y tambi\u00e9n de quienes han participado desde el \u00e1mbito legislativo en esta iniciativa, como la senadora Patricia Mercado, para poder hacer este proyecto realidad, que estaremos turnando pr\u00f3ximamente a nuestras legislaturas, a quienes agradezco que nos acompa\u00f1en y el impulso que le pudieran dar a esta iniciativa&#8221; , expres\u00f3.<\/p>\n<p class=\"paragraph\" data-count=\"331\" data-wrap=\"53\">Andr\u00e9s Massieu Fern\u00e1ndez, secretario de Desarrollo Urbano Metropolitano estatal y Secretario T\u00e9cnico Conjunto de este Consejo, especific\u00f3 que la iniciativa se empez\u00f3 a conformar desde el pasado 9 de enero, para construir una agenda metropolitana y hacer de la zona un h\u00e1bitat inclusivo, seguro y alineado a la Agenda 2030 de la ONU<\/p>\n<p class=\"paragraph\" data-count=\"275\" data-wrap=\"35\">La agenda metropolitana, aclar\u00f3, establece nueve ejes tem\u00e1ticos y contiene 48 acuerdos espec\u00edficos y 68 acuerdos complementarios en materia de ordenamiento territorial, seguridad, procuraci\u00f3n de justicia, salud, resiliencia, desarrollo econ\u00f3mico, gesti\u00f3n del agua y ambiental<\/p>\n<p class=\"paragraph\" data-count=\"310\" data-wrap=\"48\">Explic\u00f3 que la iniciativa est\u00e1 integrada por ocho t\u00edtulos que contienen 78 art\u00edculos, cuyo objetivo es reglamentar el apartado C del Art\u00edculo 122 constitucional, para regular mecanismos de coordinaci\u00f3n y gobernanza en las 16 alcald\u00edas de la Ciudad de M\u00e9xico, 59 municipios mexiquenses y un municipio de Hidalgo<\/p>\n<p class=\"paragraph\" data-count=\"323\" data-wrap=\"51\">En la firma de este acuerdo tambi\u00e9n estuvieron presentes el presidente de la Mesa Directiva del Senado de la Rep\u00fablica, Mart\u00ed Batres Guadarrama, la senadora Patricia Mercado, los presidentes de las Legislaturas locales del Estado de M\u00e9xico, Hidalgo y la Ciudad de M\u00e9xico, e integrantes de los gobiernos estatales y federal.<\/p>\n<p>[ad_2]<br \/>\n<br \/><a href=\"https:\/\/www.elfinanciero.com.mx\/rss\/nacional\/gobiernos-de-edomex-cdmx-e-hidalgo-preparan-ley-de-desarrollo-metropoitano\">Source link <\/a><\/p>\n","protected":false},"excerpt":{"rendered":"<p>[ad_1] El gobernador Alfredo del Mazo Maza, la jefa de Gobierno de la Ciudad de M\u00e9xico, Claudia Sheinbaum Pardo y Omar Fayad Meneses, gobernador de Hidalgo, firmaron la Iniciativa Conjunta de Ley de Desarrollo Metropolitano para la Zona Metropolitana del Valle de M\u00e9xico, con la finalidad de coordinar estrategias y acciones para atender los retos [&hellip;]<\/p>\n","protected":false},"author":3,"featured_media":3923,"comment_status":"open","ping_status":"open","sticky":false,"template":"","format":"standard","meta":{"footnotes":""},"categories":[1],"tags":[],"class_list":["post-3922","post","type-post","status-publish","format-standard","has-post-thumbnail","hentry","category-noticias-financieras"],"yoast_head":"<!-- This site is optimized with the Yoast SEO plugin v27.4 - https:\/\/yoast.com\/product\/yoast-seo-wordpress\/ -->\n<title>Gobiernos de Edomex, CDMX e Hidalgo preparan ley de desarrollo metropoitano - Super News<\/title>\n<meta name=\"robots\" content=\"index, follow, max-snippet:-1, max-image-preview:large, max-video-preview:-1\" \/>\n<link rel=\"canonical\" href=\"https:\/\/super-news.info\/mx\/gobiernos-de-edomex-cdmx-e-hidalgo-preparan-ley-de-desarrollo-metropoitano\/\" \/>\n<meta property=\"og:locale\" content=\"es_MX\" \/>\n<meta property=\"og:type\" content=\"article\" \/>\n<meta property=\"og:title\" content=\"Gobiernos de Edomex, CDMX e Hidalgo preparan ley de desarrollo metropoitano - Super News\" \/>\n<meta property=\"og:description\" content=\"[ad_1] El gobernador Alfredo del Mazo Maza, la jefa de Gobierno de la Ciudad de M\u00e9xico, Claudia Sheinbaum Pardo y Omar Fayad Meneses, gobernador de Hidalgo, firmaron la Iniciativa Conjunta de Ley de Desarrollo Metropolitano para la Zona Metropolitana del Valle de M\u00e9xico, con la finalidad de coordinar estrategias y acciones para atender los retos [&hellip;]\" \/>\n<meta property=\"og:url\" content=\"https:\/\/super-news.info\/mx\/gobiernos-de-edomex-cdmx-e-hidalgo-preparan-ley-de-desarrollo-metropoitano\/\" \/>\n<meta property=\"og:site_name\" content=\"Super News\" \/>\n<meta property=\"article:published_time\" content=\"2019-08-31T00:26:36+00:00\" \/>\n<meta property=\"article:modified_time\" content=\"2019-08-31T00:26:37+00:00\" \/>\n<meta property=\"og:image\" content=\"https:\/\/super-news.info\/mx\/wp-content\/uploads\/sites\/8\/2019\/08\/Gobiernos-de-Edomex-CDMX-e-Hidalgo-preparan-ley-de-desarrollo.jpeg\" \/>\n\t<meta property=\"og:image:width\" content=\"1280\" \/>\n\t<meta property=\"og:image:height\" content=\"720\" \/>\n\t<meta property=\"og:image:type\" content=\"image\/jpeg\" \/>\n<meta name=\"author\" content=\"mx\" \/>\n<meta name=\"twitter:card\" content=\"summary_large_image\" \/>\n<meta name=\"twitter:label1\" content=\"Escrito por\" \/>\n\t<meta name=\"twitter:data1\" content=\"mx\" \/>\n\t<meta name=\"twitter:label2\" content=\"Tiempo de lectura\" \/>\n\t<meta name=\"twitter:data2\" content=\"5 minutos\" \/>\n<script type=\"application\/ld+json\" class=\"yoast-schema-graph\">{\"@context\":\"https:\\\/\\\/schema.org\",\"@graph\":[{\"@type\":\"Article\",\"@id\":\"https:\\\/\\\/super-news.info\\\/mx\\\/gobiernos-de-edomex-cdmx-e-hidalgo-preparan-ley-de-desarrollo-metropoitano\\\/#article\",\"isPartOf\":{\"@id\":\"https:\\\/\\\/super-news.info\\\/mx\\\/gobiernos-de-edomex-cdmx-e-hidalgo-preparan-ley-de-desarrollo-metropoitano\\\/\"},\"author\":{\"name\":\"mx\",\"@id\":\"https:\\\/\\\/super-news.info\\\/mx\\\/#\\\/schema\\\/person\\\/74b71ca3d407439fd57da2d9c89449ca\"},\"headline\":\"Gobiernos de Edomex, CDMX e Hidalgo preparan ley de desarrollo metropoitano\",\"datePublished\":\"2019-08-31T00:26:36+00:00\",\"dateModified\":\"2019-08-31T00:26:37+00:00\",\"mainEntityOfPage\":{\"@id\":\"https:\\\/\\\/super-news.info\\\/mx\\\/gobiernos-de-edomex-cdmx-e-hidalgo-preparan-ley-de-desarrollo-metropoitano\\\/\"},\"wordCount\":1068,\"commentCount\":0,\"image\":{\"@id\":\"https:\\\/\\\/super-news.info\\\/mx\\\/gobiernos-de-edomex-cdmx-e-hidalgo-preparan-ley-de-desarrollo-metropoitano\\\/#primaryimage\"},\"thumbnailUrl\":\"https:\\\/\\\/super-news.info\\\/mx\\\/wp-content\\\/uploads\\\/sites\\\/8\\\/2019\\\/08\\\/Gobiernos-de-Edomex-CDMX-e-Hidalgo-preparan-ley-de-desarrollo.jpeg\",\"articleSection\":[\"NOTICIAS FINANCIERAS\"],\"inLanguage\":\"es\",\"potentialAction\":[{\"@type\":\"CommentAction\",\"name\":\"Comment\",\"target\":[\"https:\\\/\\\/super-news.info\\\/mx\\\/gobiernos-de-edomex-cdmx-e-hidalgo-preparan-ley-de-desarrollo-metropoitano\\\/#respond\"]}]},{\"@type\":\"WebPage\",\"@id\":\"https:\\\/\\\/super-news.info\\\/mx\\\/gobiernos-de-edomex-cdmx-e-hidalgo-preparan-ley-de-desarrollo-metropoitano\\\/\",\"url\":\"https:\\\/\\\/super-news.info\\\/mx\\\/gobiernos-de-edomex-cdmx-e-hidalgo-preparan-ley-de-desarrollo-metropoitano\\\/\",\"name\":\"Gobiernos de Edomex, CDMX e Hidalgo preparan ley de desarrollo metropoitano - Super News\",\"isPartOf\":{\"@id\":\"https:\\\/\\\/super-news.info\\\/mx\\\/#website\"},\"primaryImageOfPage\":{\"@id\":\"https:\\\/\\\/super-news.info\\\/mx\\\/gobiernos-de-edomex-cdmx-e-hidalgo-preparan-ley-de-desarrollo-metropoitano\\\/#primaryimage\"},\"image\":{\"@id\":\"https:\\\/\\\/super-news.info\\\/mx\\\/gobiernos-de-edomex-cdmx-e-hidalgo-preparan-ley-de-desarrollo-metropoitano\\\/#primaryimage\"},\"thumbnailUrl\":\"https:\\\/\\\/super-news.info\\\/mx\\\/wp-content\\\/uploads\\\/sites\\\/8\\\/2019\\\/08\\\/Gobiernos-de-Edomex-CDMX-e-Hidalgo-preparan-ley-de-desarrollo.jpeg\",\"datePublished\":\"2019-08-31T00:26:36+00:00\",\"dateModified\":\"2019-08-31T00:26:37+00:00\",\"author\":{\"@id\":\"https:\\\/\\\/super-news.info\\\/mx\\\/#\\\/schema\\\/person\\\/74b71ca3d407439fd57da2d9c89449ca\"},\"breadcrumb\":{\"@id\":\"https:\\\/\\\/super-news.info\\\/mx\\\/gobiernos-de-edomex-cdmx-e-hidalgo-preparan-ley-de-desarrollo-metropoitano\\\/#breadcrumb\"},\"inLanguage\":\"es\",\"potentialAction\":[{\"@type\":\"ReadAction\",\"target\":[\"https:\\\/\\\/super-news.info\\\/mx\\\/gobiernos-de-edomex-cdmx-e-hidalgo-preparan-ley-de-desarrollo-metropoitano\\\/\"]}]},{\"@type\":\"ImageObject\",\"inLanguage\":\"es\",\"@id\":\"https:\\\/\\\/super-news.info\\\/mx\\\/gobiernos-de-edomex-cdmx-e-hidalgo-preparan-ley-de-desarrollo-metropoitano\\\/#primaryimage\",\"url\":\"https:\\\/\\\/super-news.info\\\/mx\\\/wp-content\\\/uploads\\\/sites\\\/8\\\/2019\\\/08\\\/Gobiernos-de-Edomex-CDMX-e-Hidalgo-preparan-ley-de-desarrollo.jpeg\",\"contentUrl\":\"https:\\\/\\\/super-news.info\\\/mx\\\/wp-content\\\/uploads\\\/sites\\\/8\\\/2019\\\/08\\\/Gobiernos-de-Edomex-CDMX-e-Hidalgo-preparan-ley-de-desarrollo.jpeg\",\"width\":1280,\"height\":720,\"caption\":\"Gobiernos de Edomex, CDMX e Hidalgo preparan ley de desarrollo metropoitano\"},{\"@type\":\"BreadcrumbList\",\"@id\":\"https:\\\/\\\/super-news.info\\\/mx\\\/gobiernos-de-edomex-cdmx-e-hidalgo-preparan-ley-de-desarrollo-metropoitano\\\/#breadcrumb\",\"itemListElement\":[{\"@type\":\"ListItem\",\"position\":1,\"name\":\"Home\",\"item\":\"https:\\\/\\\/super-news.info\\\/mx\\\/\"},{\"@type\":\"ListItem\",\"position\":2,\"name\":\"Gobiernos de Edomex, CDMX e Hidalgo preparan ley de desarrollo metropoitano\"}]},{\"@type\":\"WebSite\",\"@id\":\"https:\\\/\\\/super-news.info\\\/mx\\\/#website\",\"url\":\"https:\\\/\\\/super-news.info\\\/mx\\\/\",\"name\":\"Super News\",\"description\":\"Super News Mexico\",\"potentialAction\":[{\"@type\":\"SearchAction\",\"target\":{\"@type\":\"EntryPoint\",\"urlTemplate\":\"https:\\\/\\\/super-news.info\\\/mx\\\/?s={search_term_string}\"},\"query-input\":{\"@type\":\"PropertyValueSpecification\",\"valueRequired\":true,\"valueName\":\"search_term_string\"}}],\"inLanguage\":\"es\"},{\"@type\":\"Person\",\"@id\":\"https:\\\/\\\/super-news.info\\\/mx\\\/#\\\/schema\\\/person\\\/74b71ca3d407439fd57da2d9c89449ca\",\"name\":\"mx\",\"image\":{\"@type\":\"ImageObject\",\"inLanguage\":\"es\",\"@id\":\"https:\\\/\\\/secure.gravatar.com\\\/avatar\\\/6374ac65ff69c362a0ae1303d73d69dcd9bd198d62d9861f054a69aaf82c017b?s=96&d=mm&r=g\",\"url\":\"https:\\\/\\\/secure.gravatar.com\\\/avatar\\\/6374ac65ff69c362a0ae1303d73d69dcd9bd198d62d9861f054a69aaf82c017b?s=96&d=mm&r=g\",\"contentUrl\":\"https:\\\/\\\/secure.gravatar.com\\\/avatar\\\/6374ac65ff69c362a0ae1303d73d69dcd9bd198d62d9861f054a69aaf82c017b?s=96&d=mm&r=g\",\"caption\":\"mx\"},\"url\":\"https:\\\/\\\/super-news.info\\\/mx\\\/author\\\/mx\\\/\"}]}<\/script>\n<!-- \/ Yoast SEO plugin. -->","yoast_head_json":{"title":"Gobiernos de Edomex, CDMX e Hidalgo preparan ley de desarrollo metropoitano - Super News","robots":{"index":"index","follow":"follow","max-snippet":"max-snippet:-1","max-image-preview":"max-image-preview:large","max-video-preview":"max-video-preview:-1"},"canonical":"https:\/\/super-news.info\/mx\/gobiernos-de-edomex-cdmx-e-hidalgo-preparan-ley-de-desarrollo-metropoitano\/","og_locale":"es_MX","og_type":"article","og_title":"Gobiernos de Edomex, CDMX e Hidalgo preparan ley de desarrollo metropoitano - Super News","og_description":"[ad_1] El gobernador Alfredo del Mazo Maza, la jefa de Gobierno de la Ciudad de M\u00e9xico, Claudia Sheinbaum Pardo y Omar Fayad Meneses, gobernador de Hidalgo, firmaron la Iniciativa Conjunta de Ley de Desarrollo Metropolitano para la Zona Metropolitana del Valle de M\u00e9xico, con la finalidad de coordinar estrategias y acciones para atender los retos [&hellip;]","og_url":"https:\/\/super-news.info\/mx\/gobiernos-de-edomex-cdmx-e-hidalgo-preparan-ley-de-desarrollo-metropoitano\/","og_site_name":"Super News","article_published_time":"2019-08-31T00:26:36+00:00","article_modified_time":"2019-08-31T00:26:37+00:00","og_image":[{"width":1280,"height":720,"url":"https:\/\/super-news.info\/mx\/wp-content\/uploads\/sites\/8\/2019\/08\/Gobiernos-de-Edomex-CDMX-e-Hidalgo-preparan-ley-de-desarrollo.jpeg","type":"image\/jpeg"}],"author":"mx","twitter_card":"summary_large_image","twitter_misc":{"Escrito por":"mx","Tiempo de lectura":"5 minutos"},"schema":{"@context":"https:\/\/schema.org","@graph":[{"@type":"Article","@id":"https:\/\/super-news.info\/mx\/gobiernos-de-edomex-cdmx-e-hidalgo-preparan-ley-de-desarrollo-metropoitano\/#article","isPartOf":{"@id":"https:\/\/super-news.info\/mx\/gobiernos-de-edomex-cdmx-e-hidalgo-preparan-ley-de-desarrollo-metropoitano\/"},"author":{"name":"mx","@id":"https:\/\/super-news.info\/mx\/#\/schema\/person\/74b71ca3d407439fd57da2d9c89449ca"},"headline":"Gobiernos de Edomex, CDMX e Hidalgo preparan ley de desarrollo metropoitano","datePublished":"2019-08-31T00:26:36+00:00","dateModified":"2019-08-31T00:26:37+00:00","mainEntityOfPage":{"@id":"https:\/\/super-news.info\/mx\/gobiernos-de-edomex-cdmx-e-hidalgo-preparan-ley-de-desarrollo-metropoitano\/"},"wordCount":1068,"commentCount":0,"image":{"@id":"https:\/\/super-news.info\/mx\/gobiernos-de-edomex-cdmx-e-hidalgo-preparan-ley-de-desarrollo-metropoitano\/#primaryimage"},"thumbnailUrl":"https:\/\/super-news.info\/mx\/wp-content\/uploads\/sites\/8\/2019\/08\/Gobiernos-de-Edomex-CDMX-e-Hidalgo-preparan-ley-de-desarrollo.jpeg","articleSection":["NOTICIAS FINANCIERAS"],"inLanguage":"es","potentialAction":[{"@type":"CommentAction","name":"Comment","target":["https:\/\/super-news.info\/mx\/gobiernos-de-edomex-cdmx-e-hidalgo-preparan-ley-de-desarrollo-metropoitano\/#respond"]}]},{"@type":"WebPage","@id":"https:\/\/super-news.info\/mx\/gobiernos-de-edomex-cdmx-e-hidalgo-preparan-ley-de-desarrollo-metropoitano\/","url":"https:\/\/super-news.info\/mx\/gobiernos-de-edomex-cdmx-e-hidalgo-preparan-ley-de-desarrollo-metropoitano\/","name":"Gobiernos de Edomex, CDMX e Hidalgo preparan ley de desarrollo metropoitano - Super News","isPartOf":{"@id":"https:\/\/super-news.info\/mx\/#website"},"primaryImageOfPage":{"@id":"https:\/\/super-news.info\/mx\/gobiernos-de-edomex-cdmx-e-hidalgo-preparan-ley-de-desarrollo-metropoitano\/#primaryimage"},"image":{"@id":"https:\/\/super-news.info\/mx\/gobiernos-de-edomex-cdmx-e-hidalgo-preparan-ley-de-desarrollo-metropoitano\/#primaryimage"},"thumbnailUrl":"https:\/\/super-news.info\/mx\/wp-content\/uploads\/sites\/8\/2019\/08\/Gobiernos-de-Edomex-CDMX-e-Hidalgo-preparan-ley-de-desarrollo.jpeg","datePublished":"2019-08-31T00:26:36+00:00","dateModified":"2019-08-31T00:26:37+00:00","author":{"@id":"https:\/\/super-news.info\/mx\/#\/schema\/person\/74b71ca3d407439fd57da2d9c89449ca"},"breadcrumb":{"@id":"https:\/\/super-news.info\/mx\/gobiernos-de-edomex-cdmx-e-hidalgo-preparan-ley-de-desarrollo-metropoitano\/#breadcrumb"},"inLanguage":"es","potentialAction":[{"@type":"ReadAction","target":["https:\/\/super-news.info\/mx\/gobiernos-de-edomex-cdmx-e-hidalgo-preparan-ley-de-desarrollo-metropoitano\/"]}]},{"@type":"ImageObject","inLanguage":"es","@id":"https:\/\/super-news.info\/mx\/gobiernos-de-edomex-cdmx-e-hidalgo-preparan-ley-de-desarrollo-metropoitano\/#primaryimage","url":"https:\/\/super-news.info\/mx\/wp-content\/uploads\/sites\/8\/2019\/08\/Gobiernos-de-Edomex-CDMX-e-Hidalgo-preparan-ley-de-desarrollo.jpeg","contentUrl":"https:\/\/super-news.info\/mx\/wp-content\/uploads\/sites\/8\/2019\/08\/Gobiernos-de-Edomex-CDMX-e-Hidalgo-preparan-ley-de-desarrollo.jpeg","width":1280,"height":720,"caption":"Gobiernos de Edomex, CDMX e Hidalgo preparan ley de desarrollo metropoitano"},{"@type":"BreadcrumbList","@id":"https:\/\/super-news.info\/mx\/gobiernos-de-edomex-cdmx-e-hidalgo-preparan-ley-de-desarrollo-metropoitano\/#breadcrumb","itemListElement":[{"@type":"ListItem","position":1,"name":"Home","item":"https:\/\/super-news.info\/mx\/"},{"@type":"ListItem","position":2,"name":"Gobiernos de Edomex, CDMX e Hidalgo preparan ley de desarrollo metropoitano"}]},{"@type":"WebSite","@id":"https:\/\/super-news.info\/mx\/#website","url":"https:\/\/super-news.info\/mx\/","name":"Super News","description":"Super News Mexico","potentialAction":[{"@type":"SearchAction","target":{"@type":"EntryPoint","urlTemplate":"https:\/\/super-news.info\/mx\/?s={search_term_string}"},"query-input":{"@type":"PropertyValueSpecification","valueRequired":true,"valueName":"search_term_string"}}],"inLanguage":"es"},{"@type":"Person","@id":"https:\/\/super-news.info\/mx\/#\/schema\/person\/74b71ca3d407439fd57da2d9c89449ca","name":"mx","image":{"@type":"ImageObject","inLanguage":"es","@id":"https:\/\/secure.gravatar.com\/avatar\/6374ac65ff69c362a0ae1303d73d69dcd9bd198d62d9861f054a69aaf82c017b?s=96&d=mm&r=g","url":"https:\/\/secure.gravatar.com\/avatar\/6374ac65ff69c362a0ae1303d73d69dcd9bd198d62d9861f054a69aaf82c017b?s=96&d=mm&r=g","contentUrl":"https:\/\/secure.gravatar.com\/avatar\/6374ac65ff69c362a0ae1303d73d69dcd9bd198d62d9861f054a69aaf82c017b?s=96&d=mm&r=g","caption":"mx"},"url":"https:\/\/super-news.info\/mx\/author\/mx\/"}]}},"_links":{"self":[{"href":"https:\/\/super-news.info\/mx\/wp-json\/wp\/v2\/posts\/3922","targetHints":{"allow":["GET"]}}],"collection":[{"href":"https:\/\/super-news.info\/mx\/wp-json\/wp\/v2\/posts"}],"about":[{"href":"https:\/\/super-news.info\/mx\/wp-json\/wp\/v2\/types\/post"}],"author":[{"embeddable":true,"href":"https:\/\/super-news.info\/mx\/wp-json\/wp\/v2\/users\/3"}],"replies":[{"embeddable":true,"href":"https:\/\/super-news.info\/mx\/wp-json\/wp\/v2\/comments?post=3922"}],"version-history":[{"count":1,"href":"https:\/\/super-news.info\/mx\/wp-json\/wp\/v2\/posts\/3922\/revisions"}],"predecessor-version":[{"id":3924,"href":"https:\/\/super-news.info\/mx\/wp-json\/wp\/v2\/posts\/3922\/revisions\/3924"}],"wp:featuredmedia":[{"embeddable":true,"href":"https:\/\/super-news.info\/mx\/wp-json\/wp\/v2\/media\/3923"}],"wp:attachment":[{"href":"https:\/\/super-news.info\/mx\/wp-json\/wp\/v2\/media?parent=3922"}],"wp:term":[{"taxonomy":"category","embeddable":true,"href":"https:\/\/super-news.info\/mx\/wp-json\/wp\/v2\/categories?post=3922"},{"taxonomy":"post_tag","embeddable":true,"href":"https:\/\/super-news.info\/mx\/wp-json\/wp\/v2\/tags?post=3922"}],"curies":[{"name":"wp","href":"https:\/\/api.w.org\/{rel}","templated":true}]}}