{"id":3919,"date":"2019-08-30T21:00:38","date_gmt":"2019-08-30T21:00:38","guid":{"rendered":"https:\/\/super-news.info\/mx\/puno-alzado-y-dientes-afilados-asi-es-la-estatua-de-trump-en-eslovenia\/"},"modified":"2019-08-30T21:00:41","modified_gmt":"2019-08-30T21:00:41","slug":"puno-alzado-y-dientes-afilados-asi-es-la-estatua-de-trump-en-eslovenia","status":"publish","type":"post","link":"https:\/\/super-news.info\/mx\/puno-alzado-y-dientes-afilados-asi-es-la-estatua-de-trump-en-eslovenia\/","title":{"rendered":"Pu\u00f1o alzado y dientes afilados: as\u00ed es la estatua de Trump en Eslovenia"},"content":{"rendered":"<p> [ad_1]<br \/>\n<\/p>\n<p class=\"paragraph\" data-count=\"159\" data-wrap=\"28\">No hay confusi\u00f3n posible: la gran estatua de madera es una imagen poco halagadora de<strong> Donald Trump<\/strong> y se encuentra en <strong>Eslovenia<\/strong>, la patria de su esposa<strong> Melania.<br \/>\n<\/strong><\/p>\n<p class=\"paragraph\" data-count=\"252\" data-wrap=\"46\">La construcci\u00f3n de casi ocho metros de altura muestra a Trump con su peinado caracter\u00edstico, traje azul, camisa blanca y larga corbata roja. Su brazo derecho con el pu\u00f1o crispado se alza como el de la <strong>Estatua de la Libertad en el puerto de Nueva York.<br \/>\n<\/strong><\/p>\n<p class=\"paragraph\" data-count=\"99\" data-wrap=\"17\">Al accionarse un mecanismo, se separan los labios rojos y aparecen dientes como los de un tibur\u00f3n.\n<\/p>\n<p class=\"paragraph\" data-count=\"146\" data-wrap=\"26\">\u201cComo todos los populistas, la estatua tiene dos caras\u201d, dijo el escultor Tomaz Schlegel. \u201cUna es amable y cordial, la otra es la de un vampiro\u201d.\n<\/p>\n<div class=\"image__block \">\n<figure><\/figure>\n<p><span class=\"element__footer\"><\/span><span class=\"element__credit\">Fuente: AP<\/span><\/div>\n<p class=\"paragraph\" data-count=\"172\" data-wrap=\"30\">El monumento se alza sobre una propiedad privada entre la vegetaci\u00f3n y las colinas de la aldea de<strong> Sela pri Kamniku<\/strong>, unos 30 kil\u00f3metros al noreste de Liubliana, la capital.\n<\/p>\n<p class=\"paragraph\" data-count=\"167\" data-wrap=\"26\">Tiene un permiso temporario y debe desaparecer para el 31 de octubre, el d\u00eda de <strong>Halloween<\/strong>. Algunos aldeanos, disgustados por su aspecto, sugieren incendiarla ese d\u00eda.\n<\/p>\n<p class=\"paragraph\" data-count=\"171\" data-wrap=\"29\">\u201cPens\u00e9 que ser\u00eda una estatua, una escultura\u201d, coment\u00f3 Stane Supar, el due\u00f1o del terreno. \u201cPero ahora esta cosa enorme ha crecido y todos me dicen que es una provocaci\u00f3n\u201d.\n<\/p>\n<p class=\"paragraph\" data-count=\"130\" data-wrap=\"22\">Schlegel, que es arquitecto, afirm\u00f3 al defender su obra que <strong>es \u201cuna provocaci\u00f3n contra el populismo del que el mundo est\u00e1 lleno\u201d.<br \/>\n<\/strong><\/p>\n<p class=\"paragraph\" data-count=\"161\" data-wrap=\"28\">\u201cEs la Estatua de la Libertad, que hoy nadie sabe qu\u00e9 representa\u201d, puntualiz\u00f3. \u201cLa pose es la de Superman. Puede hacer y decir lo que quiera sin consecuencias\u201d.\n<\/p>\n<p class=\"paragraph\" data-count=\"116\" data-wrap=\"17\">Dos turistas estadounidenses que escucharon hablar sobre la estatua se acercaron a este rinc\u00f3n remoto de Eslovenia.\n<\/p>\n<p class=\"paragraph\" data-count=\"291\" data-wrap=\"54\">\u201cRealmente parece un lugar ins\u00f3lito para una pieza de arte como esta\u201d, dijo Eddie Flawer, de Santa Rosa, California. \u201cTal vez es una met\u00e1fora de la Estatua de la Libertad, lo cual parece l\u00f3gico ya que \u00e9l hace todo lo posible para negar la belleza y el esp\u00edritu de la Estatua de la Libertad\u201d.<\/p>\n<p>[ad_2]<br \/>\n<br \/><a href=\"https:\/\/www.elfinanciero.com.mx\/rss\/mundo\/puno-alzado-y-dientes-de-tiburon-asi-es-la-estatua-de-trump-en-eslovenia\">Source link <\/a><\/p>\n","protected":false},"excerpt":{"rendered":"<p>[ad_1] No hay confusi\u00f3n posible: la gran estatua de madera es una imagen poco halagadora de Donald Trump y se encuentra en Eslovenia, la patria de su esposa Melania. La construcci\u00f3n de casi ocho metros de altura muestra a Trump con su peinado caracter\u00edstico, traje azul, camisa blanca y larga corbata roja. Su brazo derecho [&hellip;]<\/p>\n","protected":false},"author":3,"featured_media":3920,"comment_status":"open","ping_status":"open","sticky":false,"template":"","format":"standard","meta":{"footnotes":""},"categories":[1],"tags":[],"class_list":["post-3919","post","type-post","status-publish","format-standard","has-post-thumbnail","hentry","category-noticias-financieras"],"yoast_head":"<!-- This site is optimized with the Yoast SEO plugin v27.4 - https:\/\/yoast.com\/product\/yoast-seo-wordpress\/ -->\n<title>Pu\u00f1o alzado y dientes afilados: as\u00ed es la estatua de Trump en Eslovenia - Super News<\/title>\n<meta name=\"robots\" content=\"index, follow, max-snippet:-1, max-image-preview:large, max-video-preview:-1\" \/>\n<link rel=\"canonical\" href=\"https:\/\/super-news.info\/mx\/puno-alzado-y-dientes-afilados-asi-es-la-estatua-de-trump-en-eslovenia\/\" \/>\n<meta property=\"og:locale\" content=\"es_MX\" \/>\n<meta property=\"og:type\" content=\"article\" \/>\n<meta property=\"og:title\" content=\"Pu\u00f1o alzado y dientes afilados: as\u00ed es la estatua de Trump en Eslovenia - Super News\" \/>\n<meta property=\"og:description\" content=\"[ad_1] No hay confusi\u00f3n posible: la gran estatua de madera es una imagen poco halagadora de Donald Trump y se encuentra en Eslovenia, la patria de su esposa Melania. La construcci\u00f3n de casi ocho metros de altura muestra a Trump con su peinado caracter\u00edstico, traje azul, camisa blanca y larga corbata roja. Su brazo derecho [&hellip;]\" \/>\n<meta property=\"og:url\" content=\"https:\/\/super-news.info\/mx\/puno-alzado-y-dientes-afilados-asi-es-la-estatua-de-trump-en-eslovenia\/\" \/>\n<meta property=\"og:site_name\" content=\"Super News\" \/>\n<meta property=\"article:published_time\" content=\"2019-08-30T21:00:38+00:00\" \/>\n<meta property=\"article:modified_time\" content=\"2019-08-30T21:00:41+00:00\" \/>\n<meta property=\"og:image\" content=\"https:\/\/super-news.info\/mx\/wp-content\/uploads\/sites\/8\/2019\/08\/Pu-o-alzado-y-dientes-afilados-as-es-la-estatua-de-1024x576.jpeg\" \/>\n\t<meta property=\"og:image:width\" content=\"1024\" \/>\n\t<meta property=\"og:image:height\" content=\"576\" \/>\n\t<meta property=\"og:image:type\" content=\"image\/jpeg\" \/>\n<meta name=\"author\" content=\"mx\" \/>\n<meta name=\"twitter:card\" content=\"summary_large_image\" \/>\n<meta name=\"twitter:label1\" content=\"Escrito por\" \/>\n\t<meta name=\"twitter:data1\" content=\"mx\" \/>\n\t<meta name=\"twitter:label2\" content=\"Tiempo de lectura\" \/>\n\t<meta name=\"twitter:data2\" content=\"2 minutos\" \/>\n<script type=\"application\/ld+json\" class=\"yoast-schema-graph\">{\"@context\":\"https:\\\/\\\/schema.org\",\"@graph\":[{\"@type\":\"Article\",\"@id\":\"https:\\\/\\\/super-news.info\\\/mx\\\/puno-alzado-y-dientes-afilados-asi-es-la-estatua-de-trump-en-eslovenia\\\/#article\",\"isPartOf\":{\"@id\":\"https:\\\/\\\/super-news.info\\\/mx\\\/puno-alzado-y-dientes-afilados-asi-es-la-estatua-de-trump-en-eslovenia\\\/\"},\"author\":{\"name\":\"mx\",\"@id\":\"https:\\\/\\\/super-news.info\\\/mx\\\/#\\\/schema\\\/person\\\/74b71ca3d407439fd57da2d9c89449ca\"},\"headline\":\"Pu\u00f1o alzado y dientes afilados: as\u00ed es la estatua de Trump en Eslovenia\",\"datePublished\":\"2019-08-30T21:00:38+00:00\",\"dateModified\":\"2019-08-30T21:00:41+00:00\",\"mainEntityOfPage\":{\"@id\":\"https:\\\/\\\/super-news.info\\\/mx\\\/puno-alzado-y-dientes-afilados-asi-es-la-estatua-de-trump-en-eslovenia\\\/\"},\"wordCount\":359,\"commentCount\":0,\"image\":{\"@id\":\"https:\\\/\\\/super-news.info\\\/mx\\\/puno-alzado-y-dientes-afilados-asi-es-la-estatua-de-trump-en-eslovenia\\\/#primaryimage\"},\"thumbnailUrl\":\"https:\\\/\\\/super-news.info\\\/mx\\\/wp-content\\\/uploads\\\/sites\\\/8\\\/2019\\\/08\\\/Pu-o-alzado-y-dientes-afilados-as-es-la-estatua-de.jpeg\",\"articleSection\":[\"NOTICIAS FINANCIERAS\"],\"inLanguage\":\"es\",\"potentialAction\":[{\"@type\":\"CommentAction\",\"name\":\"Comment\",\"target\":[\"https:\\\/\\\/super-news.info\\\/mx\\\/puno-alzado-y-dientes-afilados-asi-es-la-estatua-de-trump-en-eslovenia\\\/#respond\"]}]},{\"@type\":\"WebPage\",\"@id\":\"https:\\\/\\\/super-news.info\\\/mx\\\/puno-alzado-y-dientes-afilados-asi-es-la-estatua-de-trump-en-eslovenia\\\/\",\"url\":\"https:\\\/\\\/super-news.info\\\/mx\\\/puno-alzado-y-dientes-afilados-asi-es-la-estatua-de-trump-en-eslovenia\\\/\",\"name\":\"Pu\u00f1o alzado y dientes afilados: as\u00ed es la estatua de Trump en Eslovenia - Super News\",\"isPartOf\":{\"@id\":\"https:\\\/\\\/super-news.info\\\/mx\\\/#website\"},\"primaryImageOfPage\":{\"@id\":\"https:\\\/\\\/super-news.info\\\/mx\\\/puno-alzado-y-dientes-afilados-asi-es-la-estatua-de-trump-en-eslovenia\\\/#primaryimage\"},\"image\":{\"@id\":\"https:\\\/\\\/super-news.info\\\/mx\\\/puno-alzado-y-dientes-afilados-asi-es-la-estatua-de-trump-en-eslovenia\\\/#primaryimage\"},\"thumbnailUrl\":\"https:\\\/\\\/super-news.info\\\/mx\\\/wp-content\\\/uploads\\\/sites\\\/8\\\/2019\\\/08\\\/Pu-o-alzado-y-dientes-afilados-as-es-la-estatua-de.jpeg\",\"datePublished\":\"2019-08-30T21:00:38+00:00\",\"dateModified\":\"2019-08-30T21:00:41+00:00\",\"author\":{\"@id\":\"https:\\\/\\\/super-news.info\\\/mx\\\/#\\\/schema\\\/person\\\/74b71ca3d407439fd57da2d9c89449ca\"},\"breadcrumb\":{\"@id\":\"https:\\\/\\\/super-news.info\\\/mx\\\/puno-alzado-y-dientes-afilados-asi-es-la-estatua-de-trump-en-eslovenia\\\/#breadcrumb\"},\"inLanguage\":\"es\",\"potentialAction\":[{\"@type\":\"ReadAction\",\"target\":[\"https:\\\/\\\/super-news.info\\\/mx\\\/puno-alzado-y-dientes-afilados-asi-es-la-estatua-de-trump-en-eslovenia\\\/\"]}]},{\"@type\":\"ImageObject\",\"inLanguage\":\"es\",\"@id\":\"https:\\\/\\\/super-news.info\\\/mx\\\/puno-alzado-y-dientes-afilados-asi-es-la-estatua-de-trump-en-eslovenia\\\/#primaryimage\",\"url\":\"https:\\\/\\\/super-news.info\\\/mx\\\/wp-content\\\/uploads\\\/sites\\\/8\\\/2019\\\/08\\\/Pu-o-alzado-y-dientes-afilados-as-es-la-estatua-de.jpeg\",\"contentUrl\":\"https:\\\/\\\/super-news.info\\\/mx\\\/wp-content\\\/uploads\\\/sites\\\/8\\\/2019\\\/08\\\/Pu-o-alzado-y-dientes-afilados-as-es-la-estatua-de.jpeg\",\"width\":6822,\"height\":3837,\"caption\":\"Pu\u00f1o alzado y dientes afilados: as\u00ed es la estatua de Trump en Eslovenia\"},{\"@type\":\"BreadcrumbList\",\"@id\":\"https:\\\/\\\/super-news.info\\\/mx\\\/puno-alzado-y-dientes-afilados-asi-es-la-estatua-de-trump-en-eslovenia\\\/#breadcrumb\",\"itemListElement\":[{\"@type\":\"ListItem\",\"position\":1,\"name\":\"Home\",\"item\":\"https:\\\/\\\/super-news.info\\\/mx\\\/\"},{\"@type\":\"ListItem\",\"position\":2,\"name\":\"Pu\u00f1o alzado y dientes afilados: as\u00ed es la estatua de Trump en Eslovenia\"}]},{\"@type\":\"WebSite\",\"@id\":\"https:\\\/\\\/super-news.info\\\/mx\\\/#website\",\"url\":\"https:\\\/\\\/super-news.info\\\/mx\\\/\",\"name\":\"Super News\",\"description\":\"Super News Mexico\",\"potentialAction\":[{\"@type\":\"SearchAction\",\"target\":{\"@type\":\"EntryPoint\",\"urlTemplate\":\"https:\\\/\\\/super-news.info\\\/mx\\\/?s={search_term_string}\"},\"query-input\":{\"@type\":\"PropertyValueSpecification\",\"valueRequired\":true,\"valueName\":\"search_term_string\"}}],\"inLanguage\":\"es\"},{\"@type\":\"Person\",\"@id\":\"https:\\\/\\\/super-news.info\\\/mx\\\/#\\\/schema\\\/person\\\/74b71ca3d407439fd57da2d9c89449ca\",\"name\":\"mx\",\"image\":{\"@type\":\"ImageObject\",\"inLanguage\":\"es\",\"@id\":\"https:\\\/\\\/secure.gravatar.com\\\/avatar\\\/6374ac65ff69c362a0ae1303d73d69dcd9bd198d62d9861f054a69aaf82c017b?s=96&d=mm&r=g\",\"url\":\"https:\\\/\\\/secure.gravatar.com\\\/avatar\\\/6374ac65ff69c362a0ae1303d73d69dcd9bd198d62d9861f054a69aaf82c017b?s=96&d=mm&r=g\",\"contentUrl\":\"https:\\\/\\\/secure.gravatar.com\\\/avatar\\\/6374ac65ff69c362a0ae1303d73d69dcd9bd198d62d9861f054a69aaf82c017b?s=96&d=mm&r=g\",\"caption\":\"mx\"},\"url\":\"https:\\\/\\\/super-news.info\\\/mx\\\/author\\\/mx\\\/\"}]}<\/script>\n<!-- \/ Yoast SEO plugin. -->","yoast_head_json":{"title":"Pu\u00f1o alzado y dientes afilados: as\u00ed es la estatua de Trump en Eslovenia - Super News","robots":{"index":"index","follow":"follow","max-snippet":"max-snippet:-1","max-image-preview":"max-image-preview:large","max-video-preview":"max-video-preview:-1"},"canonical":"https:\/\/super-news.info\/mx\/puno-alzado-y-dientes-afilados-asi-es-la-estatua-de-trump-en-eslovenia\/","og_locale":"es_MX","og_type":"article","og_title":"Pu\u00f1o alzado y dientes afilados: as\u00ed es la estatua de Trump en Eslovenia - Super News","og_description":"[ad_1] No hay confusi\u00f3n posible: la gran estatua de madera es una imagen poco halagadora de Donald Trump y se encuentra en Eslovenia, la patria de su esposa Melania. La construcci\u00f3n de casi ocho metros de altura muestra a Trump con su peinado caracter\u00edstico, traje azul, camisa blanca y larga corbata roja. Su brazo derecho [&hellip;]","og_url":"https:\/\/super-news.info\/mx\/puno-alzado-y-dientes-afilados-asi-es-la-estatua-de-trump-en-eslovenia\/","og_site_name":"Super News","article_published_time":"2019-08-30T21:00:38+00:00","article_modified_time":"2019-08-30T21:00:41+00:00","og_image":[{"width":1024,"height":576,"url":"https:\/\/super-news.info\/mx\/wp-content\/uploads\/sites\/8\/2019\/08\/Pu-o-alzado-y-dientes-afilados-as-es-la-estatua-de-1024x576.jpeg","type":"image\/jpeg"}],"author":"mx","twitter_card":"summary_large_image","twitter_misc":{"Escrito por":"mx","Tiempo de lectura":"2 minutos"},"schema":{"@context":"https:\/\/schema.org","@graph":[{"@type":"Article","@id":"https:\/\/super-news.info\/mx\/puno-alzado-y-dientes-afilados-asi-es-la-estatua-de-trump-en-eslovenia\/#article","isPartOf":{"@id":"https:\/\/super-news.info\/mx\/puno-alzado-y-dientes-afilados-asi-es-la-estatua-de-trump-en-eslovenia\/"},"author":{"name":"mx","@id":"https:\/\/super-news.info\/mx\/#\/schema\/person\/74b71ca3d407439fd57da2d9c89449ca"},"headline":"Pu\u00f1o alzado y dientes afilados: as\u00ed es la estatua de Trump en Eslovenia","datePublished":"2019-08-30T21:00:38+00:00","dateModified":"2019-08-30T21:00:41+00:00","mainEntityOfPage":{"@id":"https:\/\/super-news.info\/mx\/puno-alzado-y-dientes-afilados-asi-es-la-estatua-de-trump-en-eslovenia\/"},"wordCount":359,"commentCount":0,"image":{"@id":"https:\/\/super-news.info\/mx\/puno-alzado-y-dientes-afilados-asi-es-la-estatua-de-trump-en-eslovenia\/#primaryimage"},"thumbnailUrl":"https:\/\/super-news.info\/mx\/wp-content\/uploads\/sites\/8\/2019\/08\/Pu-o-alzado-y-dientes-afilados-as-es-la-estatua-de.jpeg","articleSection":["NOTICIAS FINANCIERAS"],"inLanguage":"es","potentialAction":[{"@type":"CommentAction","name":"Comment","target":["https:\/\/super-news.info\/mx\/puno-alzado-y-dientes-afilados-asi-es-la-estatua-de-trump-en-eslovenia\/#respond"]}]},{"@type":"WebPage","@id":"https:\/\/super-news.info\/mx\/puno-alzado-y-dientes-afilados-asi-es-la-estatua-de-trump-en-eslovenia\/","url":"https:\/\/super-news.info\/mx\/puno-alzado-y-dientes-afilados-asi-es-la-estatua-de-trump-en-eslovenia\/","name":"Pu\u00f1o alzado y dientes afilados: as\u00ed es la estatua de Trump en Eslovenia - Super News","isPartOf":{"@id":"https:\/\/super-news.info\/mx\/#website"},"primaryImageOfPage":{"@id":"https:\/\/super-news.info\/mx\/puno-alzado-y-dientes-afilados-asi-es-la-estatua-de-trump-en-eslovenia\/#primaryimage"},"image":{"@id":"https:\/\/super-news.info\/mx\/puno-alzado-y-dientes-afilados-asi-es-la-estatua-de-trump-en-eslovenia\/#primaryimage"},"thumbnailUrl":"https:\/\/super-news.info\/mx\/wp-content\/uploads\/sites\/8\/2019\/08\/Pu-o-alzado-y-dientes-afilados-as-es-la-estatua-de.jpeg","datePublished":"2019-08-30T21:00:38+00:00","dateModified":"2019-08-30T21:00:41+00:00","author":{"@id":"https:\/\/super-news.info\/mx\/#\/schema\/person\/74b71ca3d407439fd57da2d9c89449ca"},"breadcrumb":{"@id":"https:\/\/super-news.info\/mx\/puno-alzado-y-dientes-afilados-asi-es-la-estatua-de-trump-en-eslovenia\/#breadcrumb"},"inLanguage":"es","potentialAction":[{"@type":"ReadAction","target":["https:\/\/super-news.info\/mx\/puno-alzado-y-dientes-afilados-asi-es-la-estatua-de-trump-en-eslovenia\/"]}]},{"@type":"ImageObject","inLanguage":"es","@id":"https:\/\/super-news.info\/mx\/puno-alzado-y-dientes-afilados-asi-es-la-estatua-de-trump-en-eslovenia\/#primaryimage","url":"https:\/\/super-news.info\/mx\/wp-content\/uploads\/sites\/8\/2019\/08\/Pu-o-alzado-y-dientes-afilados-as-es-la-estatua-de.jpeg","contentUrl":"https:\/\/super-news.info\/mx\/wp-content\/uploads\/sites\/8\/2019\/08\/Pu-o-alzado-y-dientes-afilados-as-es-la-estatua-de.jpeg","width":6822,"height":3837,"caption":"Pu\u00f1o alzado y dientes afilados: as\u00ed es la estatua de Trump en Eslovenia"},{"@type":"BreadcrumbList","@id":"https:\/\/super-news.info\/mx\/puno-alzado-y-dientes-afilados-asi-es-la-estatua-de-trump-en-eslovenia\/#breadcrumb","itemListElement":[{"@type":"ListItem","position":1,"name":"Home","item":"https:\/\/super-news.info\/mx\/"},{"@type":"ListItem","position":2,"name":"Pu\u00f1o alzado y dientes afilados: as\u00ed es la estatua de Trump en Eslovenia"}]},{"@type":"WebSite","@id":"https:\/\/super-news.info\/mx\/#website","url":"https:\/\/super-news.info\/mx\/","name":"Super News","description":"Super News Mexico","potentialAction":[{"@type":"SearchAction","target":{"@type":"EntryPoint","urlTemplate":"https:\/\/super-news.info\/mx\/?s={search_term_string}"},"query-input":{"@type":"PropertyValueSpecification","valueRequired":true,"valueName":"search_term_string"}}],"inLanguage":"es"},{"@type":"Person","@id":"https:\/\/super-news.info\/mx\/#\/schema\/person\/74b71ca3d407439fd57da2d9c89449ca","name":"mx","image":{"@type":"ImageObject","inLanguage":"es","@id":"https:\/\/secure.gravatar.com\/avatar\/6374ac65ff69c362a0ae1303d73d69dcd9bd198d62d9861f054a69aaf82c017b?s=96&d=mm&r=g","url":"https:\/\/secure.gravatar.com\/avatar\/6374ac65ff69c362a0ae1303d73d69dcd9bd198d62d9861f054a69aaf82c017b?s=96&d=mm&r=g","contentUrl":"https:\/\/secure.gravatar.com\/avatar\/6374ac65ff69c362a0ae1303d73d69dcd9bd198d62d9861f054a69aaf82c017b?s=96&d=mm&r=g","caption":"mx"},"url":"https:\/\/super-news.info\/mx\/author\/mx\/"}]}},"_links":{"self":[{"href":"https:\/\/super-news.info\/mx\/wp-json\/wp\/v2\/posts\/3919","targetHints":{"allow":["GET"]}}],"collection":[{"href":"https:\/\/super-news.info\/mx\/wp-json\/wp\/v2\/posts"}],"about":[{"href":"https:\/\/super-news.info\/mx\/wp-json\/wp\/v2\/types\/post"}],"author":[{"embeddable":true,"href":"https:\/\/super-news.info\/mx\/wp-json\/wp\/v2\/users\/3"}],"replies":[{"embeddable":true,"href":"https:\/\/super-news.info\/mx\/wp-json\/wp\/v2\/comments?post=3919"}],"version-history":[{"count":1,"href":"https:\/\/super-news.info\/mx\/wp-json\/wp\/v2\/posts\/3919\/revisions"}],"predecessor-version":[{"id":3921,"href":"https:\/\/super-news.info\/mx\/wp-json\/wp\/v2\/posts\/3919\/revisions\/3921"}],"wp:featuredmedia":[{"embeddable":true,"href":"https:\/\/super-news.info\/mx\/wp-json\/wp\/v2\/media\/3920"}],"wp:attachment":[{"href":"https:\/\/super-news.info\/mx\/wp-json\/wp\/v2\/media?parent=3919"}],"wp:term":[{"taxonomy":"category","embeddable":true,"href":"https:\/\/super-news.info\/mx\/wp-json\/wp\/v2\/categories?post=3919"},{"taxonomy":"post_tag","embeddable":true,"href":"https:\/\/super-news.info\/mx\/wp-json\/wp\/v2\/tags?post=3919"}],"curies":[{"name":"wp","href":"https:\/\/api.w.org\/{rel}","templated":true}]}}