{"id":3916,"date":"2019-08-30T20:12:41","date_gmt":"2019-08-30T20:12:41","guid":{"rendered":"https:\/\/super-news.info\/mx\/migrantes-de-africa-y-haiti-marchan-en-chiapas-para-exigir-libre-transito-por-mexico\/"},"modified":"2019-08-30T20:12:42","modified_gmt":"2019-08-30T20:12:42","slug":"migrantes-de-africa-y-haiti-marchan-en-chiapas-para-exigir-libre-transito-por-mexico","status":"publish","type":"post","link":"https:\/\/super-news.info\/mx\/migrantes-de-africa-y-haiti-marchan-en-chiapas-para-exigir-libre-transito-por-mexico\/","title":{"rendered":"Migrantes de \u00c1frica y Hait\u00ed marchan en Chiapas para exigir libre tr\u00e1nsito por M\u00e9xico"},"content":{"rendered":"<p> [ad_1]<br \/>\n<\/p>\n<p class=\"paragraph\" data-count=\"322\" data-wrap=\"49\">\u201cFree the migrants. We are here to transit. Not asutum in Mexico\u201d, \u201cLib\u00e9rennos, \u00e1frica llora\u201d, \u201cLiberez nous l&#x27;Afrique pleure\u201d, se\u00f1alan las pancartas de cientos de migrantes africanos que este viernes marcharon de la <strong>Estaci\u00f3n Migratoria &#x27;Siglo XXI&#x27;<\/strong> al parque de la ciudad de <strong>Tapachula<\/strong>, exigiendo libre tr\u00e1nsito por M\u00e9xico.<\/p>\n<p class=\"paragraph\" data-count=\"186\" data-wrap=\"30\">Los extranjeros piden que las autoridades mexicanas les entreguen un oficio de salida que les permita transitar por el pa\u00eds hasta llegar a la frontera norte; rechazan quedarse en M\u00e9xico.<\/p>\n<p class=\"paragraph\" data-count=\"136\" data-wrap=\"23\">\u201cNo cruzamos mares y selvas para quedarnos en M\u00e9xico. No queremos M\u00e9xico, d\u00e9nos pase de salida\u201d, se\u00f1ala uno de los migrantes en espa\u00f1ol.<\/p>\n<p class=\"paragraph\" data-count=\"267\" data-wrap=\"43\">Los inconformes llevan meses solicitando este recurso sin que se les haya dado una respuesta positiva porque, hay que recordar, el Gobierno de Estados Unidos mantiene la exigencia a la administraci\u00f3n federal mexicana de contener a los migrantes en esta frontera sur. <\/p>\n<p class=\"paragraph\" data-count=\"233\" data-wrap=\"37\">En esta regi\u00f3n han tenido que sobrevivir en condiciones sumamente dif\u00edciles. La mayor\u00eda no tienen suficientes recursos para comer ni para rentar alg\u00fan cuarto o habitaci\u00f3n. Muchos viven en los patios de casas ubicadas en la periferia.<\/p>\n<p class=\"paragraph\" data-count=\"307\" data-wrap=\"41\">Con ayuda de un traductor, los manifestantes explicaron que son personas desplazadas forzadamente  de<strong> Angola, Burkina Faso, Camer\u00fan, Eritrea, Etiop\u00eda, Ghana, Guinea, Liberia, Mali, Mauritania, Rep\u00fablica Centroafricana, Rep\u00fablica Democr\u00e1tica de Congo, Rep\u00fablica de Congo, Senegal, Sierra Leona, Togo <\/strong>y<strong> Hait\u00ed.<\/strong><\/p>\n<div class=\"image__block \">\n<figure><\/figure>\n<p><span class=\"element__footer\"><\/span><span class=\"element__credit\">Fuente: \u00c1ngeles Mariscal<\/span><\/div>\n<p class=\"paragraph\" data-count=\"225\" data-wrap=\"34\">Refieren que autoridades migratorias les dijeron que podr\u00edan acceder a la <strong>Tarjeta de Visitante por Razones Humanitarias<\/strong>, pero en los hechos se les ha negado. \u201cQueremos el norte, no queremos M\u00e9xico, d\u00e9jenos pasar\u201d, reiteraron.<\/p>\n<p class=\"paragraph\" data-count=\"245\" data-wrap=\"39\">El jueves, el Consejo Ciudadano del mismo INM consider\u00f3 que es una \u201cemergencia humanitaria\u201d la que viven migrantes de \u00c1frica y Hait\u00ed. Dijo que es urgente que INM y autoridades definan mecanismos de atenci\u00f3n humanitaria y posible regularizaci\u00f3n. <\/p>\n<p class=\"paragraph\" data-count=\"371\" data-wrap=\"58\">D\u00edas antes del m\u00e1s reciente intento de desalojo, el<strong> Comit\u00e9 Contra la Discriminaci\u00f3n Racial de la ONU<\/strong> hab\u00eda solicitado retirar a la Guardia Nacional de las operaciones migratorias. Destac\u00f3 la necesidad de que se llevaran a cabo investigaciones exhaustivas de todos los actos de discriminaci\u00f3n cometidos, y por el uso excesivo de la fuerza cometidos contra los extranjeros.<\/p>\n<p class=\"paragraph\" data-count=\"164\" data-wrap=\"28\">El Comit\u00e9 de la ONU record\u00f3 al Gobierno mexicano que debe garantizar el respeto a los derechos de las personas migrantes, entre ellas el principio de no devoluci\u00f3n.<\/p>\n<p>[ad_2]<br \/>\n<br \/><a href=\"https:\/\/www.elfinanciero.com.mx\/rss\/nacional\/migrantes-de-africa-y-haiti-marchan-en-chiapas-para-exigir-libre-transito-por-mexico\">Source link <\/a><\/p>\n","protected":false},"excerpt":{"rendered":"<p>[ad_1] \u201cFree the migrants. We are here to transit. Not asutum in Mexico\u201d, \u201cLib\u00e9rennos, \u00e1frica llora\u201d, \u201cLiberez nous l&#x27;Afrique pleure\u201d, se\u00f1alan las pancartas de cientos de migrantes africanos que este viernes marcharon de la Estaci\u00f3n Migratoria &#x27;Siglo XXI&#x27; al parque de la ciudad de Tapachula, exigiendo libre tr\u00e1nsito por M\u00e9xico. Los extranjeros piden que las [&hellip;]<\/p>\n","protected":false},"author":3,"featured_media":3917,"comment_status":"open","ping_status":"open","sticky":false,"template":"","format":"standard","meta":{"footnotes":""},"categories":[1],"tags":[],"class_list":["post-3916","post","type-post","status-publish","format-standard","has-post-thumbnail","hentry","category-noticias-financieras"],"yoast_head":"<!-- This site is optimized with the Yoast SEO plugin v27.4 - https:\/\/yoast.com\/product\/yoast-seo-wordpress\/ -->\n<title>Migrantes de \u00c1frica y Hait\u00ed marchan en Chiapas para exigir libre tr\u00e1nsito por M\u00e9xico - Super News<\/title>\n<meta name=\"robots\" content=\"index, follow, max-snippet:-1, max-image-preview:large, max-video-preview:-1\" \/>\n<link rel=\"canonical\" href=\"https:\/\/super-news.info\/mx\/migrantes-de-africa-y-haiti-marchan-en-chiapas-para-exigir-libre-transito-por-mexico\/\" \/>\n<meta property=\"og:locale\" content=\"es_MX\" \/>\n<meta property=\"og:type\" content=\"article\" \/>\n<meta property=\"og:title\" content=\"Migrantes de \u00c1frica y Hait\u00ed marchan en Chiapas para exigir libre tr\u00e1nsito por M\u00e9xico - Super News\" \/>\n<meta property=\"og:description\" content=\"[ad_1] \u201cFree the migrants. We are here to transit. Not asutum in Mexico\u201d, \u201cLib\u00e9rennos, \u00e1frica llora\u201d, \u201cLiberez nous l&#x27;Afrique pleure\u201d, se\u00f1alan las pancartas de cientos de migrantes africanos que este viernes marcharon de la Estaci\u00f3n Migratoria &#x27;Siglo XXI&#x27; al parque de la ciudad de Tapachula, exigiendo libre tr\u00e1nsito por M\u00e9xico. Los extranjeros piden que las [&hellip;]\" \/>\n<meta property=\"og:url\" content=\"https:\/\/super-news.info\/mx\/migrantes-de-africa-y-haiti-marchan-en-chiapas-para-exigir-libre-transito-por-mexico\/\" \/>\n<meta property=\"og:site_name\" content=\"Super News\" \/>\n<meta property=\"article:published_time\" content=\"2019-08-30T20:12:41+00:00\" \/>\n<meta property=\"article:modified_time\" content=\"2019-08-30T20:12:42+00:00\" \/>\n<meta property=\"og:image\" content=\"https:\/\/super-news.info\/mx\/wp-content\/uploads\/sites\/8\/2019\/08\/Migrantes-de-frica-y-Hait-marchan-en-Chiapas-para-exigir.jpeg\" \/>\n\t<meta property=\"og:image:width\" content=\"1280\" \/>\n\t<meta property=\"og:image:height\" content=\"720\" \/>\n\t<meta property=\"og:image:type\" content=\"image\/jpeg\" \/>\n<meta name=\"author\" content=\"mx\" \/>\n<meta name=\"twitter:card\" content=\"summary_large_image\" \/>\n<meta name=\"twitter:label1\" content=\"Escrito por\" \/>\n\t<meta name=\"twitter:data1\" content=\"mx\" \/>\n\t<meta name=\"twitter:label2\" content=\"Tiempo de lectura\" \/>\n\t<meta name=\"twitter:data2\" content=\"2 minutos\" \/>\n<script type=\"application\/ld+json\" class=\"yoast-schema-graph\">{\"@context\":\"https:\\\/\\\/schema.org\",\"@graph\":[{\"@type\":\"Article\",\"@id\":\"https:\\\/\\\/super-news.info\\\/mx\\\/migrantes-de-africa-y-haiti-marchan-en-chiapas-para-exigir-libre-transito-por-mexico\\\/#article\",\"isPartOf\":{\"@id\":\"https:\\\/\\\/super-news.info\\\/mx\\\/migrantes-de-africa-y-haiti-marchan-en-chiapas-para-exigir-libre-transito-por-mexico\\\/\"},\"author\":{\"name\":\"mx\",\"@id\":\"https:\\\/\\\/super-news.info\\\/mx\\\/#\\\/schema\\\/person\\\/74b71ca3d407439fd57da2d9c89449ca\"},\"headline\":\"Migrantes de \u00c1frica y Hait\u00ed marchan en Chiapas para exigir libre tr\u00e1nsito por M\u00e9xico\",\"datePublished\":\"2019-08-30T20:12:41+00:00\",\"dateModified\":\"2019-08-30T20:12:42+00:00\",\"mainEntityOfPage\":{\"@id\":\"https:\\\/\\\/super-news.info\\\/mx\\\/migrantes-de-africa-y-haiti-marchan-en-chiapas-para-exigir-libre-transito-por-mexico\\\/\"},\"wordCount\":441,\"commentCount\":0,\"image\":{\"@id\":\"https:\\\/\\\/super-news.info\\\/mx\\\/migrantes-de-africa-y-haiti-marchan-en-chiapas-para-exigir-libre-transito-por-mexico\\\/#primaryimage\"},\"thumbnailUrl\":\"https:\\\/\\\/super-news.info\\\/mx\\\/wp-content\\\/uploads\\\/sites\\\/8\\\/2019\\\/08\\\/Migrantes-de-frica-y-Hait-marchan-en-Chiapas-para-exigir.jpeg\",\"articleSection\":[\"NOTICIAS FINANCIERAS\"],\"inLanguage\":\"es\",\"potentialAction\":[{\"@type\":\"CommentAction\",\"name\":\"Comment\",\"target\":[\"https:\\\/\\\/super-news.info\\\/mx\\\/migrantes-de-africa-y-haiti-marchan-en-chiapas-para-exigir-libre-transito-por-mexico\\\/#respond\"]}]},{\"@type\":\"WebPage\",\"@id\":\"https:\\\/\\\/super-news.info\\\/mx\\\/migrantes-de-africa-y-haiti-marchan-en-chiapas-para-exigir-libre-transito-por-mexico\\\/\",\"url\":\"https:\\\/\\\/super-news.info\\\/mx\\\/migrantes-de-africa-y-haiti-marchan-en-chiapas-para-exigir-libre-transito-por-mexico\\\/\",\"name\":\"Migrantes de \u00c1frica y Hait\u00ed marchan en Chiapas para exigir libre tr\u00e1nsito por M\u00e9xico - Super News\",\"isPartOf\":{\"@id\":\"https:\\\/\\\/super-news.info\\\/mx\\\/#website\"},\"primaryImageOfPage\":{\"@id\":\"https:\\\/\\\/super-news.info\\\/mx\\\/migrantes-de-africa-y-haiti-marchan-en-chiapas-para-exigir-libre-transito-por-mexico\\\/#primaryimage\"},\"image\":{\"@id\":\"https:\\\/\\\/super-news.info\\\/mx\\\/migrantes-de-africa-y-haiti-marchan-en-chiapas-para-exigir-libre-transito-por-mexico\\\/#primaryimage\"},\"thumbnailUrl\":\"https:\\\/\\\/super-news.info\\\/mx\\\/wp-content\\\/uploads\\\/sites\\\/8\\\/2019\\\/08\\\/Migrantes-de-frica-y-Hait-marchan-en-Chiapas-para-exigir.jpeg\",\"datePublished\":\"2019-08-30T20:12:41+00:00\",\"dateModified\":\"2019-08-30T20:12:42+00:00\",\"author\":{\"@id\":\"https:\\\/\\\/super-news.info\\\/mx\\\/#\\\/schema\\\/person\\\/74b71ca3d407439fd57da2d9c89449ca\"},\"breadcrumb\":{\"@id\":\"https:\\\/\\\/super-news.info\\\/mx\\\/migrantes-de-africa-y-haiti-marchan-en-chiapas-para-exigir-libre-transito-por-mexico\\\/#breadcrumb\"},\"inLanguage\":\"es\",\"potentialAction\":[{\"@type\":\"ReadAction\",\"target\":[\"https:\\\/\\\/super-news.info\\\/mx\\\/migrantes-de-africa-y-haiti-marchan-en-chiapas-para-exigir-libre-transito-por-mexico\\\/\"]}]},{\"@type\":\"ImageObject\",\"inLanguage\":\"es\",\"@id\":\"https:\\\/\\\/super-news.info\\\/mx\\\/migrantes-de-africa-y-haiti-marchan-en-chiapas-para-exigir-libre-transito-por-mexico\\\/#primaryimage\",\"url\":\"https:\\\/\\\/super-news.info\\\/mx\\\/wp-content\\\/uploads\\\/sites\\\/8\\\/2019\\\/08\\\/Migrantes-de-frica-y-Hait-marchan-en-Chiapas-para-exigir.jpeg\",\"contentUrl\":\"https:\\\/\\\/super-news.info\\\/mx\\\/wp-content\\\/uploads\\\/sites\\\/8\\\/2019\\\/08\\\/Migrantes-de-frica-y-Hait-marchan-en-Chiapas-para-exigir.jpeg\",\"width\":1280,\"height\":720,\"caption\":\"Migrantes de \u00c1frica y Hait\u00ed marchan en Chiapas para exigir libre tr\u00e1nsito por M\u00e9xico\"},{\"@type\":\"BreadcrumbList\",\"@id\":\"https:\\\/\\\/super-news.info\\\/mx\\\/migrantes-de-africa-y-haiti-marchan-en-chiapas-para-exigir-libre-transito-por-mexico\\\/#breadcrumb\",\"itemListElement\":[{\"@type\":\"ListItem\",\"position\":1,\"name\":\"Home\",\"item\":\"https:\\\/\\\/super-news.info\\\/mx\\\/\"},{\"@type\":\"ListItem\",\"position\":2,\"name\":\"Migrantes de \u00c1frica y Hait\u00ed marchan en Chiapas para exigir libre tr\u00e1nsito por M\u00e9xico\"}]},{\"@type\":\"WebSite\",\"@id\":\"https:\\\/\\\/super-news.info\\\/mx\\\/#website\",\"url\":\"https:\\\/\\\/super-news.info\\\/mx\\\/\",\"name\":\"Super News\",\"description\":\"Super News Mexico\",\"potentialAction\":[{\"@type\":\"SearchAction\",\"target\":{\"@type\":\"EntryPoint\",\"urlTemplate\":\"https:\\\/\\\/super-news.info\\\/mx\\\/?s={search_term_string}\"},\"query-input\":{\"@type\":\"PropertyValueSpecification\",\"valueRequired\":true,\"valueName\":\"search_term_string\"}}],\"inLanguage\":\"es\"},{\"@type\":\"Person\",\"@id\":\"https:\\\/\\\/super-news.info\\\/mx\\\/#\\\/schema\\\/person\\\/74b71ca3d407439fd57da2d9c89449ca\",\"name\":\"mx\",\"image\":{\"@type\":\"ImageObject\",\"inLanguage\":\"es\",\"@id\":\"https:\\\/\\\/secure.gravatar.com\\\/avatar\\\/6374ac65ff69c362a0ae1303d73d69dcd9bd198d62d9861f054a69aaf82c017b?s=96&d=mm&r=g\",\"url\":\"https:\\\/\\\/secure.gravatar.com\\\/avatar\\\/6374ac65ff69c362a0ae1303d73d69dcd9bd198d62d9861f054a69aaf82c017b?s=96&d=mm&r=g\",\"contentUrl\":\"https:\\\/\\\/secure.gravatar.com\\\/avatar\\\/6374ac65ff69c362a0ae1303d73d69dcd9bd198d62d9861f054a69aaf82c017b?s=96&d=mm&r=g\",\"caption\":\"mx\"},\"url\":\"https:\\\/\\\/super-news.info\\\/mx\\\/author\\\/mx\\\/\"}]}<\/script>\n<!-- \/ Yoast SEO plugin. -->","yoast_head_json":{"title":"Migrantes de \u00c1frica y Hait\u00ed marchan en Chiapas para exigir libre tr\u00e1nsito por M\u00e9xico - Super News","robots":{"index":"index","follow":"follow","max-snippet":"max-snippet:-1","max-image-preview":"max-image-preview:large","max-video-preview":"max-video-preview:-1"},"canonical":"https:\/\/super-news.info\/mx\/migrantes-de-africa-y-haiti-marchan-en-chiapas-para-exigir-libre-transito-por-mexico\/","og_locale":"es_MX","og_type":"article","og_title":"Migrantes de \u00c1frica y Hait\u00ed marchan en Chiapas para exigir libre tr\u00e1nsito por M\u00e9xico - Super News","og_description":"[ad_1] \u201cFree the migrants. We are here to transit. Not asutum in Mexico\u201d, \u201cLib\u00e9rennos, \u00e1frica llora\u201d, \u201cLiberez nous l&#x27;Afrique pleure\u201d, se\u00f1alan las pancartas de cientos de migrantes africanos que este viernes marcharon de la Estaci\u00f3n Migratoria &#x27;Siglo XXI&#x27; al parque de la ciudad de Tapachula, exigiendo libre tr\u00e1nsito por M\u00e9xico. Los extranjeros piden que las [&hellip;]","og_url":"https:\/\/super-news.info\/mx\/migrantes-de-africa-y-haiti-marchan-en-chiapas-para-exigir-libre-transito-por-mexico\/","og_site_name":"Super News","article_published_time":"2019-08-30T20:12:41+00:00","article_modified_time":"2019-08-30T20:12:42+00:00","og_image":[{"width":1280,"height":720,"url":"https:\/\/super-news.info\/mx\/wp-content\/uploads\/sites\/8\/2019\/08\/Migrantes-de-frica-y-Hait-marchan-en-Chiapas-para-exigir.jpeg","type":"image\/jpeg"}],"author":"mx","twitter_card":"summary_large_image","twitter_misc":{"Escrito por":"mx","Tiempo de lectura":"2 minutos"},"schema":{"@context":"https:\/\/schema.org","@graph":[{"@type":"Article","@id":"https:\/\/super-news.info\/mx\/migrantes-de-africa-y-haiti-marchan-en-chiapas-para-exigir-libre-transito-por-mexico\/#article","isPartOf":{"@id":"https:\/\/super-news.info\/mx\/migrantes-de-africa-y-haiti-marchan-en-chiapas-para-exigir-libre-transito-por-mexico\/"},"author":{"name":"mx","@id":"https:\/\/super-news.info\/mx\/#\/schema\/person\/74b71ca3d407439fd57da2d9c89449ca"},"headline":"Migrantes de \u00c1frica y Hait\u00ed marchan en Chiapas para exigir libre tr\u00e1nsito por M\u00e9xico","datePublished":"2019-08-30T20:12:41+00:00","dateModified":"2019-08-30T20:12:42+00:00","mainEntityOfPage":{"@id":"https:\/\/super-news.info\/mx\/migrantes-de-africa-y-haiti-marchan-en-chiapas-para-exigir-libre-transito-por-mexico\/"},"wordCount":441,"commentCount":0,"image":{"@id":"https:\/\/super-news.info\/mx\/migrantes-de-africa-y-haiti-marchan-en-chiapas-para-exigir-libre-transito-por-mexico\/#primaryimage"},"thumbnailUrl":"https:\/\/super-news.info\/mx\/wp-content\/uploads\/sites\/8\/2019\/08\/Migrantes-de-frica-y-Hait-marchan-en-Chiapas-para-exigir.jpeg","articleSection":["NOTICIAS FINANCIERAS"],"inLanguage":"es","potentialAction":[{"@type":"CommentAction","name":"Comment","target":["https:\/\/super-news.info\/mx\/migrantes-de-africa-y-haiti-marchan-en-chiapas-para-exigir-libre-transito-por-mexico\/#respond"]}]},{"@type":"WebPage","@id":"https:\/\/super-news.info\/mx\/migrantes-de-africa-y-haiti-marchan-en-chiapas-para-exigir-libre-transito-por-mexico\/","url":"https:\/\/super-news.info\/mx\/migrantes-de-africa-y-haiti-marchan-en-chiapas-para-exigir-libre-transito-por-mexico\/","name":"Migrantes de \u00c1frica y Hait\u00ed marchan en Chiapas para exigir libre tr\u00e1nsito por M\u00e9xico - Super News","isPartOf":{"@id":"https:\/\/super-news.info\/mx\/#website"},"primaryImageOfPage":{"@id":"https:\/\/super-news.info\/mx\/migrantes-de-africa-y-haiti-marchan-en-chiapas-para-exigir-libre-transito-por-mexico\/#primaryimage"},"image":{"@id":"https:\/\/super-news.info\/mx\/migrantes-de-africa-y-haiti-marchan-en-chiapas-para-exigir-libre-transito-por-mexico\/#primaryimage"},"thumbnailUrl":"https:\/\/super-news.info\/mx\/wp-content\/uploads\/sites\/8\/2019\/08\/Migrantes-de-frica-y-Hait-marchan-en-Chiapas-para-exigir.jpeg","datePublished":"2019-08-30T20:12:41+00:00","dateModified":"2019-08-30T20:12:42+00:00","author":{"@id":"https:\/\/super-news.info\/mx\/#\/schema\/person\/74b71ca3d407439fd57da2d9c89449ca"},"breadcrumb":{"@id":"https:\/\/super-news.info\/mx\/migrantes-de-africa-y-haiti-marchan-en-chiapas-para-exigir-libre-transito-por-mexico\/#breadcrumb"},"inLanguage":"es","potentialAction":[{"@type":"ReadAction","target":["https:\/\/super-news.info\/mx\/migrantes-de-africa-y-haiti-marchan-en-chiapas-para-exigir-libre-transito-por-mexico\/"]}]},{"@type":"ImageObject","inLanguage":"es","@id":"https:\/\/super-news.info\/mx\/migrantes-de-africa-y-haiti-marchan-en-chiapas-para-exigir-libre-transito-por-mexico\/#primaryimage","url":"https:\/\/super-news.info\/mx\/wp-content\/uploads\/sites\/8\/2019\/08\/Migrantes-de-frica-y-Hait-marchan-en-Chiapas-para-exigir.jpeg","contentUrl":"https:\/\/super-news.info\/mx\/wp-content\/uploads\/sites\/8\/2019\/08\/Migrantes-de-frica-y-Hait-marchan-en-Chiapas-para-exigir.jpeg","width":1280,"height":720,"caption":"Migrantes de \u00c1frica y Hait\u00ed marchan en Chiapas para exigir libre tr\u00e1nsito por M\u00e9xico"},{"@type":"BreadcrumbList","@id":"https:\/\/super-news.info\/mx\/migrantes-de-africa-y-haiti-marchan-en-chiapas-para-exigir-libre-transito-por-mexico\/#breadcrumb","itemListElement":[{"@type":"ListItem","position":1,"name":"Home","item":"https:\/\/super-news.info\/mx\/"},{"@type":"ListItem","position":2,"name":"Migrantes de \u00c1frica y Hait\u00ed marchan en Chiapas para exigir libre tr\u00e1nsito por M\u00e9xico"}]},{"@type":"WebSite","@id":"https:\/\/super-news.info\/mx\/#website","url":"https:\/\/super-news.info\/mx\/","name":"Super News","description":"Super News Mexico","potentialAction":[{"@type":"SearchAction","target":{"@type":"EntryPoint","urlTemplate":"https:\/\/super-news.info\/mx\/?s={search_term_string}"},"query-input":{"@type":"PropertyValueSpecification","valueRequired":true,"valueName":"search_term_string"}}],"inLanguage":"es"},{"@type":"Person","@id":"https:\/\/super-news.info\/mx\/#\/schema\/person\/74b71ca3d407439fd57da2d9c89449ca","name":"mx","image":{"@type":"ImageObject","inLanguage":"es","@id":"https:\/\/secure.gravatar.com\/avatar\/6374ac65ff69c362a0ae1303d73d69dcd9bd198d62d9861f054a69aaf82c017b?s=96&d=mm&r=g","url":"https:\/\/secure.gravatar.com\/avatar\/6374ac65ff69c362a0ae1303d73d69dcd9bd198d62d9861f054a69aaf82c017b?s=96&d=mm&r=g","contentUrl":"https:\/\/secure.gravatar.com\/avatar\/6374ac65ff69c362a0ae1303d73d69dcd9bd198d62d9861f054a69aaf82c017b?s=96&d=mm&r=g","caption":"mx"},"url":"https:\/\/super-news.info\/mx\/author\/mx\/"}]}},"_links":{"self":[{"href":"https:\/\/super-news.info\/mx\/wp-json\/wp\/v2\/posts\/3916","targetHints":{"allow":["GET"]}}],"collection":[{"href":"https:\/\/super-news.info\/mx\/wp-json\/wp\/v2\/posts"}],"about":[{"href":"https:\/\/super-news.info\/mx\/wp-json\/wp\/v2\/types\/post"}],"author":[{"embeddable":true,"href":"https:\/\/super-news.info\/mx\/wp-json\/wp\/v2\/users\/3"}],"replies":[{"embeddable":true,"href":"https:\/\/super-news.info\/mx\/wp-json\/wp\/v2\/comments?post=3916"}],"version-history":[{"count":1,"href":"https:\/\/super-news.info\/mx\/wp-json\/wp\/v2\/posts\/3916\/revisions"}],"predecessor-version":[{"id":3918,"href":"https:\/\/super-news.info\/mx\/wp-json\/wp\/v2\/posts\/3916\/revisions\/3918"}],"wp:featuredmedia":[{"embeddable":true,"href":"https:\/\/super-news.info\/mx\/wp-json\/wp\/v2\/media\/3917"}],"wp:attachment":[{"href":"https:\/\/super-news.info\/mx\/wp-json\/wp\/v2\/media?parent=3916"}],"wp:term":[{"taxonomy":"category","embeddable":true,"href":"https:\/\/super-news.info\/mx\/wp-json\/wp\/v2\/categories?post=3916"},{"taxonomy":"post_tag","embeddable":true,"href":"https:\/\/super-news.info\/mx\/wp-json\/wp\/v2\/tags?post=3916"}],"curies":[{"name":"wp","href":"https:\/\/api.w.org\/{rel}","templated":true}]}}