{"id":3914,"date":"2019-08-30T19:25:13","date_gmt":"2019-08-30T19:25:13","guid":{"rendered":"https:\/\/super-news.info\/mx\/un-primer-ejercicio-de-evaluacion-y-rendicion-de-cuentas\/"},"modified":"2019-08-30T19:25:14","modified_gmt":"2019-08-30T19:25:14","slug":"un-primer-ejercicio-de-evaluacion-y-rendicion-de-cuentas","status":"publish","type":"post","link":"https:\/\/super-news.info\/mx\/un-primer-ejercicio-de-evaluacion-y-rendicion-de-cuentas\/","title":{"rendered":"Un primer ejercicio de evaluaci\u00f3n y rendici\u00f3n de cuentas"},"content":{"rendered":"<p> [ad_1]<br \/>\n<\/p>\n<div class=\"image__block -side\">\n<figure><\/figure>\n<p><span class=\"element__footer\">Jorge O. Moreno.<\/span><span class=\"element__credit\">Fuente: Cortes\u00eda<\/span><\/div>\n<p class=\"paragraph\" data-count=\"536\" data-wrap=\"81\">Se aproxima el primer informe de gobierno del Presidente Andr\u00e9s Manuel L\u00f3pez Obrador, y con ello comienzan a consolidarse los primeros indicadores de desempe\u00f1o de la administraci\u00f3n federal en funciones. Ha pasado casi un a\u00f1o del nuevo gobierno, y en medio de cambios institucionales, eliminaci\u00f3n de programas y organismos descentralizados, y del frenes\u00ed en la creaci\u00f3n de nuevos programas sociales que sustituyan a los anteriores, los resultados en materia econ\u00f3mica, desarrollo social y de seguridad no son los prometidos ni esperados.<\/p>\n<p class=\"paragraph\" data-count=\"962\" data-wrap=\"156\">Como se ha discutido en m\u00faltiples medios, el pobre desempe\u00f1o econ\u00f3mico (medido a trav\u00e9s del crecimiento en producci\u00f3n) ha sido corregido por el INEGI para colocar el crecimiento del PIB nacional en cero durante el segundo trimestre de 2019; si a esto se integra el crecimiento natural de la poblaci\u00f3n, esto equivale a una ca\u00edda real en el ingreso promedio per-c\u00e1pita. Este hecho, de la mano de los recientes ajustes a la baja en las expectativas de crecimiento por parte de Banco de M\u00e9xico y de m\u00faltiples agencias especializadas, muestran que, a pesar de los cambios recientes en la pol\u00edtica monetaria, buscando inyectar liquidez a trav\u00e9s de mayor acceso al cr\u00e9dito, no han sido suficientes para incentivar la actividad econ\u00f3mica del pa\u00eds y que el esfuerzo de cambiar la pol\u00edtica monetaria requiere de otros elementos complementarios para garantizar su efectividad en materia de crecimiento, no obstante a que este \u00faltimo no es responsabilidad del banco central.<\/p>\n<p class=\"paragraph\" data-count=\"417\" data-wrap=\"63\">De la mano del hecho anterior, las declaraciones del Presidente tratando de minimizar este indicador econ\u00f3mico y enfatizando la naturaleza redistributiva de su programa econ\u00f3mico, tampoco han sido bien recibidas. Esto se debe a que los primeros indicadores de desarrollo social vinculados a los programas implementados son, cuando los datos permiten evaluarlos y en el mejor de los casos, muy fr\u00e1giles de sustentarse.<\/p>\n<p class=\"paragraph\" data-count=\"1073\" data-wrap=\"167\">En un estudio realizado por \u201cMexicanos Contra la Corrupci\u00f3n y la Impunidad (MCCI)\u201d, evaluando la informaci\u00f3n disponible del programa \u201cJ\u00f3venes Construyendo el Futuro\u201d, implementado por la Secretar\u00eda de Trabajo y Previsi\u00f3n Social para integrar a la vida productiva a los j\u00f3venes que no estudian ni trabajan (com\u00fanmente denominados \u201cninis\u201d), los resultados muestran que, de inicio, existe una falta de transparencia en el padr\u00f3n de beneficiarios y de centros de trabajo receptores. Este hecho constituye una falta grave considerando que este programa tiene destinados 40 mil millones de pesos para ejercer en este a\u00f1o 2019, equivalentes en t\u00e9rminos relativos a casi 1.6 veces el presupuesto total del CONACYT. Sin embargo, lo realmente preocupante, son las series de irregularidades que los datos muestran, en t\u00e9rminos de la din\u00e1mica de las tasas de inscripci\u00f3n, las caracter\u00edsticas de los beneficiarios, y m\u00e1s a\u00fan, la incapacidad de poder localizar y obtener informaci\u00f3n cabal de casi 86 por ciento de los Centros de Trabajo, esto considerando el caso de la Ciudad de M\u00e9xico.<\/p>\n<p class=\"paragraph\" data-count=\"786\" data-wrap=\"134\">El detalle de la informaci\u00f3n revela que de aquellos centros que se pudo obtener y revelaron informaci\u00f3n (763 centros de cinco mil 439 registrados), 28 por ciento declar\u00f3 no haber tenido un becario, y 18 por ciento se\u00f1al\u00f3 que en alg\u00fan momento tuvieron un becario, pero actualmente no es as\u00ed. Esto es, s\u00f3lo en 413 centros (7.63 por ciento del total de centros registrados) se pudo corroborar tanto la existencia del centro como la asistencia efectiva de un becario. Los datos muestran que, de esos 413 centros con mil 923 becarios inscritos, 22 por ciento report\u00f3 ausentismo del becario, y solo se encontr\u00f3 al momento de la encuesta al 78 por ciento de los becarios, aludiendo como razones de ausencia la asistencia a clases, o la falta de regularidad del becario a sus responsabilidades.<\/p>\n<p class=\"paragraph\" data-count=\"534\" data-wrap=\"84\">El grave incremento en las tasas de violencia a nivel nacional, de la mano de la falta de resultados concretos y la vulnerabilidad del grupo objetivo del programa, encienden las luces de alerta en t\u00e9rminos de la necesidad de entender la verdadera problem\u00e1tica asociada a la juventud \u201cnini\u201d, pues claramente la capacitaci\u00f3n y las becas otorgadas no son suficientes para garantizar la creaci\u00f3n de plazas laborales productivas, formales y de largo plazo, una m\u00e9trica que evaluar\u00eda directamente la costo-efectividad y \u00e9xito del programa. <\/p>\n<p class=\"paragraph\" data-count=\"100\" data-wrap=\"19\">El panorama internacional no es alentador, y a un a\u00f1o en el poder, a\u00fan es posible corregir el rumbo.<\/p>\n<p class=\"paragraph\" data-count=\"123\" data-wrap=\"21\"><em>El autor es Doctor en Econom\u00eda por la Universidad de Chicago y Profesor-Investigador de la Facultad de Econom\u00eda de la UANL.<\/em><\/p>\n<p class=\"paragraph\" data-count=\"37\" data-wrap=\"3\">Opine usted: jorge.o.moreno@gmail.com<\/p>\n<p class=\"paragraph\" data-count=\"178\" data-wrap=\"27\"><strong>Esta es una columna de opini\u00f3n. Las expresiones aqu\u00ed vertidas son responsabilidad \u00fanicamente de quien la firma y no necesariamente reflejan la postura editorial de El Financiero.<\/strong><\/p>\n<p>[ad_2]<br \/>\n<br \/><a href=\"https:\/\/www.elfinanciero.com.mx\/rss\/monterrey\/un-primer-ejercicio-de-evaluacion-y-rendicion-de-cuentas\">Source link <\/a><\/p>\n","protected":false},"excerpt":{"rendered":"<p>[ad_1] Jorge O. Moreno.Fuente: Cortes\u00eda Se aproxima el primer informe de gobierno del Presidente Andr\u00e9s Manuel L\u00f3pez Obrador, y con ello comienzan a consolidarse los primeros indicadores de desempe\u00f1o de la administraci\u00f3n federal en funciones. Ha pasado casi un a\u00f1o del nuevo gobierno, y en medio de cambios institucionales, eliminaci\u00f3n de programas y organismos descentralizados, [&hellip;]<\/p>\n","protected":false},"author":3,"featured_media":173,"comment_status":"open","ping_status":"open","sticky":false,"template":"","format":"standard","meta":{"footnotes":""},"categories":[1],"tags":[],"class_list":["post-3914","post","type-post","status-publish","format-standard","has-post-thumbnail","hentry","category-noticias-financieras"],"yoast_head":"<!-- This site is optimized with the Yoast SEO plugin v27.4 - https:\/\/yoast.com\/product\/yoast-seo-wordpress\/ -->\n<title>Un primer ejercicio de evaluaci\u00f3n y rendici\u00f3n de cuentas - Super News<\/title>\n<meta name=\"robots\" content=\"index, follow, max-snippet:-1, max-image-preview:large, max-video-preview:-1\" \/>\n<link rel=\"canonical\" href=\"https:\/\/super-news.info\/mx\/un-primer-ejercicio-de-evaluacion-y-rendicion-de-cuentas\/\" \/>\n<meta property=\"og:locale\" content=\"es_MX\" \/>\n<meta property=\"og:type\" content=\"article\" \/>\n<meta property=\"og:title\" content=\"Un primer ejercicio de evaluaci\u00f3n y rendici\u00f3n de cuentas - Super News\" \/>\n<meta property=\"og:description\" content=\"[ad_1] Jorge O. Moreno.Fuente: Cortes\u00eda Se aproxima el primer informe de gobierno del Presidente Andr\u00e9s Manuel L\u00f3pez Obrador, y con ello comienzan a consolidarse los primeros indicadores de desempe\u00f1o de la administraci\u00f3n federal en funciones. Ha pasado casi un a\u00f1o del nuevo gobierno, y en medio de cambios institucionales, eliminaci\u00f3n de programas y organismos descentralizados, [&hellip;]\" \/>\n<meta property=\"og:url\" content=\"https:\/\/super-news.info\/mx\/un-primer-ejercicio-de-evaluacion-y-rendicion-de-cuentas\/\" \/>\n<meta property=\"og:site_name\" content=\"Super News\" \/>\n<meta property=\"article:published_time\" content=\"2019-08-30T19:25:13+00:00\" \/>\n<meta property=\"article:modified_time\" content=\"2019-08-30T19:25:14+00:00\" \/>\n<meta property=\"og:image\" content=\"https:\/\/super-news.info\/mx\/wp-content\/uploads\/sites\/8\/2019\/04\/Inflaci\u00f3n-y-desempleo-al-alza-primeras-se\u00f1ales-de-precauci\u00f3n.jpeg\" \/>\n\t<meta property=\"og:image:width\" content=\"1776\" \/>\n\t<meta property=\"og:image:height\" content=\"1000\" \/>\n\t<meta property=\"og:image:type\" content=\"image\/jpeg\" \/>\n<meta name=\"author\" content=\"mx\" \/>\n<meta name=\"twitter:card\" content=\"summary_large_image\" \/>\n<meta name=\"twitter:label1\" content=\"Escrito por\" \/>\n\t<meta name=\"twitter:data1\" content=\"mx\" \/>\n\t<meta name=\"twitter:label2\" content=\"Tiempo de lectura\" \/>\n\t<meta name=\"twitter:data2\" content=\"4 minutos\" \/>\n<script type=\"application\/ld+json\" class=\"yoast-schema-graph\">{\"@context\":\"https:\\\/\\\/schema.org\",\"@graph\":[{\"@type\":\"Article\",\"@id\":\"https:\\\/\\\/super-news.info\\\/mx\\\/un-primer-ejercicio-de-evaluacion-y-rendicion-de-cuentas\\\/#article\",\"isPartOf\":{\"@id\":\"https:\\\/\\\/super-news.info\\\/mx\\\/un-primer-ejercicio-de-evaluacion-y-rendicion-de-cuentas\\\/\"},\"author\":{\"name\":\"mx\",\"@id\":\"https:\\\/\\\/super-news.info\\\/mx\\\/#\\\/schema\\\/person\\\/74b71ca3d407439fd57da2d9c89449ca\"},\"headline\":\"Un primer ejercicio de evaluaci\u00f3n y rendici\u00f3n de cuentas\",\"datePublished\":\"2019-08-30T19:25:13+00:00\",\"dateModified\":\"2019-08-30T19:25:14+00:00\",\"mainEntityOfPage\":{\"@id\":\"https:\\\/\\\/super-news.info\\\/mx\\\/un-primer-ejercicio-de-evaluacion-y-rendicion-de-cuentas\\\/\"},\"wordCount\":825,\"commentCount\":0,\"image\":{\"@id\":\"https:\\\/\\\/super-news.info\\\/mx\\\/un-primer-ejercicio-de-evaluacion-y-rendicion-de-cuentas\\\/#primaryimage\"},\"thumbnailUrl\":\"https:\\\/\\\/super-news.info\\\/mx\\\/wp-content\\\/uploads\\\/sites\\\/8\\\/2019\\\/04\\\/Inflaci\u00f3n-y-desempleo-al-alza-primeras-se\u00f1ales-de-precauci\u00f3n.jpeg\",\"articleSection\":[\"NOTICIAS FINANCIERAS\"],\"inLanguage\":\"es\",\"potentialAction\":[{\"@type\":\"CommentAction\",\"name\":\"Comment\",\"target\":[\"https:\\\/\\\/super-news.info\\\/mx\\\/un-primer-ejercicio-de-evaluacion-y-rendicion-de-cuentas\\\/#respond\"]}]},{\"@type\":\"WebPage\",\"@id\":\"https:\\\/\\\/super-news.info\\\/mx\\\/un-primer-ejercicio-de-evaluacion-y-rendicion-de-cuentas\\\/\",\"url\":\"https:\\\/\\\/super-news.info\\\/mx\\\/un-primer-ejercicio-de-evaluacion-y-rendicion-de-cuentas\\\/\",\"name\":\"Un primer ejercicio de evaluaci\u00f3n y rendici\u00f3n de cuentas - Super News\",\"isPartOf\":{\"@id\":\"https:\\\/\\\/super-news.info\\\/mx\\\/#website\"},\"primaryImageOfPage\":{\"@id\":\"https:\\\/\\\/super-news.info\\\/mx\\\/un-primer-ejercicio-de-evaluacion-y-rendicion-de-cuentas\\\/#primaryimage\"},\"image\":{\"@id\":\"https:\\\/\\\/super-news.info\\\/mx\\\/un-primer-ejercicio-de-evaluacion-y-rendicion-de-cuentas\\\/#primaryimage\"},\"thumbnailUrl\":\"https:\\\/\\\/super-news.info\\\/mx\\\/wp-content\\\/uploads\\\/sites\\\/8\\\/2019\\\/04\\\/Inflaci\u00f3n-y-desempleo-al-alza-primeras-se\u00f1ales-de-precauci\u00f3n.jpeg\",\"datePublished\":\"2019-08-30T19:25:13+00:00\",\"dateModified\":\"2019-08-30T19:25:14+00:00\",\"author\":{\"@id\":\"https:\\\/\\\/super-news.info\\\/mx\\\/#\\\/schema\\\/person\\\/74b71ca3d407439fd57da2d9c89449ca\"},\"breadcrumb\":{\"@id\":\"https:\\\/\\\/super-news.info\\\/mx\\\/un-primer-ejercicio-de-evaluacion-y-rendicion-de-cuentas\\\/#breadcrumb\"},\"inLanguage\":\"es\",\"potentialAction\":[{\"@type\":\"ReadAction\",\"target\":[\"https:\\\/\\\/super-news.info\\\/mx\\\/un-primer-ejercicio-de-evaluacion-y-rendicion-de-cuentas\\\/\"]}]},{\"@type\":\"ImageObject\",\"inLanguage\":\"es\",\"@id\":\"https:\\\/\\\/super-news.info\\\/mx\\\/un-primer-ejercicio-de-evaluacion-y-rendicion-de-cuentas\\\/#primaryimage\",\"url\":\"https:\\\/\\\/super-news.info\\\/mx\\\/wp-content\\\/uploads\\\/sites\\\/8\\\/2019\\\/04\\\/Inflaci\u00f3n-y-desempleo-al-alza-primeras-se\u00f1ales-de-precauci\u00f3n.jpeg\",\"contentUrl\":\"https:\\\/\\\/super-news.info\\\/mx\\\/wp-content\\\/uploads\\\/sites\\\/8\\\/2019\\\/04\\\/Inflaci\u00f3n-y-desempleo-al-alza-primeras-se\u00f1ales-de-precauci\u00f3n.jpeg\",\"width\":1776,\"height\":1000,\"caption\":\"Jorge O. Moreno.\"},{\"@type\":\"BreadcrumbList\",\"@id\":\"https:\\\/\\\/super-news.info\\\/mx\\\/un-primer-ejercicio-de-evaluacion-y-rendicion-de-cuentas\\\/#breadcrumb\",\"itemListElement\":[{\"@type\":\"ListItem\",\"position\":1,\"name\":\"Home\",\"item\":\"https:\\\/\\\/super-news.info\\\/mx\\\/\"},{\"@type\":\"ListItem\",\"position\":2,\"name\":\"Un primer ejercicio de evaluaci\u00f3n y rendici\u00f3n de cuentas\"}]},{\"@type\":\"WebSite\",\"@id\":\"https:\\\/\\\/super-news.info\\\/mx\\\/#website\",\"url\":\"https:\\\/\\\/super-news.info\\\/mx\\\/\",\"name\":\"Super News\",\"description\":\"Super News Mexico\",\"potentialAction\":[{\"@type\":\"SearchAction\",\"target\":{\"@type\":\"EntryPoint\",\"urlTemplate\":\"https:\\\/\\\/super-news.info\\\/mx\\\/?s={search_term_string}\"},\"query-input\":{\"@type\":\"PropertyValueSpecification\",\"valueRequired\":true,\"valueName\":\"search_term_string\"}}],\"inLanguage\":\"es\"},{\"@type\":\"Person\",\"@id\":\"https:\\\/\\\/super-news.info\\\/mx\\\/#\\\/schema\\\/person\\\/74b71ca3d407439fd57da2d9c89449ca\",\"name\":\"mx\",\"image\":{\"@type\":\"ImageObject\",\"inLanguage\":\"es\",\"@id\":\"https:\\\/\\\/secure.gravatar.com\\\/avatar\\\/6374ac65ff69c362a0ae1303d73d69dcd9bd198d62d9861f054a69aaf82c017b?s=96&d=mm&r=g\",\"url\":\"https:\\\/\\\/secure.gravatar.com\\\/avatar\\\/6374ac65ff69c362a0ae1303d73d69dcd9bd198d62d9861f054a69aaf82c017b?s=96&d=mm&r=g\",\"contentUrl\":\"https:\\\/\\\/secure.gravatar.com\\\/avatar\\\/6374ac65ff69c362a0ae1303d73d69dcd9bd198d62d9861f054a69aaf82c017b?s=96&d=mm&r=g\",\"caption\":\"mx\"},\"url\":\"https:\\\/\\\/super-news.info\\\/mx\\\/author\\\/mx\\\/\"}]}<\/script>\n<!-- \/ Yoast SEO plugin. -->","yoast_head_json":{"title":"Un primer ejercicio de evaluaci\u00f3n y rendici\u00f3n de cuentas - Super News","robots":{"index":"index","follow":"follow","max-snippet":"max-snippet:-1","max-image-preview":"max-image-preview:large","max-video-preview":"max-video-preview:-1"},"canonical":"https:\/\/super-news.info\/mx\/un-primer-ejercicio-de-evaluacion-y-rendicion-de-cuentas\/","og_locale":"es_MX","og_type":"article","og_title":"Un primer ejercicio de evaluaci\u00f3n y rendici\u00f3n de cuentas - Super News","og_description":"[ad_1] Jorge O. Moreno.Fuente: Cortes\u00eda Se aproxima el primer informe de gobierno del Presidente Andr\u00e9s Manuel L\u00f3pez Obrador, y con ello comienzan a consolidarse los primeros indicadores de desempe\u00f1o de la administraci\u00f3n federal en funciones. Ha pasado casi un a\u00f1o del nuevo gobierno, y en medio de cambios institucionales, eliminaci\u00f3n de programas y organismos descentralizados, [&hellip;]","og_url":"https:\/\/super-news.info\/mx\/un-primer-ejercicio-de-evaluacion-y-rendicion-de-cuentas\/","og_site_name":"Super News","article_published_time":"2019-08-30T19:25:13+00:00","article_modified_time":"2019-08-30T19:25:14+00:00","og_image":[{"width":1776,"height":1000,"url":"https:\/\/super-news.info\/mx\/wp-content\/uploads\/sites\/8\/2019\/04\/Inflaci\u00f3n-y-desempleo-al-alza-primeras-se\u00f1ales-de-precauci\u00f3n.jpeg","type":"image\/jpeg"}],"author":"mx","twitter_card":"summary_large_image","twitter_misc":{"Escrito por":"mx","Tiempo de lectura":"4 minutos"},"schema":{"@context":"https:\/\/schema.org","@graph":[{"@type":"Article","@id":"https:\/\/super-news.info\/mx\/un-primer-ejercicio-de-evaluacion-y-rendicion-de-cuentas\/#article","isPartOf":{"@id":"https:\/\/super-news.info\/mx\/un-primer-ejercicio-de-evaluacion-y-rendicion-de-cuentas\/"},"author":{"name":"mx","@id":"https:\/\/super-news.info\/mx\/#\/schema\/person\/74b71ca3d407439fd57da2d9c89449ca"},"headline":"Un primer ejercicio de evaluaci\u00f3n y rendici\u00f3n de cuentas","datePublished":"2019-08-30T19:25:13+00:00","dateModified":"2019-08-30T19:25:14+00:00","mainEntityOfPage":{"@id":"https:\/\/super-news.info\/mx\/un-primer-ejercicio-de-evaluacion-y-rendicion-de-cuentas\/"},"wordCount":825,"commentCount":0,"image":{"@id":"https:\/\/super-news.info\/mx\/un-primer-ejercicio-de-evaluacion-y-rendicion-de-cuentas\/#primaryimage"},"thumbnailUrl":"https:\/\/super-news.info\/mx\/wp-content\/uploads\/sites\/8\/2019\/04\/Inflaci\u00f3n-y-desempleo-al-alza-primeras-se\u00f1ales-de-precauci\u00f3n.jpeg","articleSection":["NOTICIAS FINANCIERAS"],"inLanguage":"es","potentialAction":[{"@type":"CommentAction","name":"Comment","target":["https:\/\/super-news.info\/mx\/un-primer-ejercicio-de-evaluacion-y-rendicion-de-cuentas\/#respond"]}]},{"@type":"WebPage","@id":"https:\/\/super-news.info\/mx\/un-primer-ejercicio-de-evaluacion-y-rendicion-de-cuentas\/","url":"https:\/\/super-news.info\/mx\/un-primer-ejercicio-de-evaluacion-y-rendicion-de-cuentas\/","name":"Un primer ejercicio de evaluaci\u00f3n y rendici\u00f3n de cuentas - Super News","isPartOf":{"@id":"https:\/\/super-news.info\/mx\/#website"},"primaryImageOfPage":{"@id":"https:\/\/super-news.info\/mx\/un-primer-ejercicio-de-evaluacion-y-rendicion-de-cuentas\/#primaryimage"},"image":{"@id":"https:\/\/super-news.info\/mx\/un-primer-ejercicio-de-evaluacion-y-rendicion-de-cuentas\/#primaryimage"},"thumbnailUrl":"https:\/\/super-news.info\/mx\/wp-content\/uploads\/sites\/8\/2019\/04\/Inflaci\u00f3n-y-desempleo-al-alza-primeras-se\u00f1ales-de-precauci\u00f3n.jpeg","datePublished":"2019-08-30T19:25:13+00:00","dateModified":"2019-08-30T19:25:14+00:00","author":{"@id":"https:\/\/super-news.info\/mx\/#\/schema\/person\/74b71ca3d407439fd57da2d9c89449ca"},"breadcrumb":{"@id":"https:\/\/super-news.info\/mx\/un-primer-ejercicio-de-evaluacion-y-rendicion-de-cuentas\/#breadcrumb"},"inLanguage":"es","potentialAction":[{"@type":"ReadAction","target":["https:\/\/super-news.info\/mx\/un-primer-ejercicio-de-evaluacion-y-rendicion-de-cuentas\/"]}]},{"@type":"ImageObject","inLanguage":"es","@id":"https:\/\/super-news.info\/mx\/un-primer-ejercicio-de-evaluacion-y-rendicion-de-cuentas\/#primaryimage","url":"https:\/\/super-news.info\/mx\/wp-content\/uploads\/sites\/8\/2019\/04\/Inflaci\u00f3n-y-desempleo-al-alza-primeras-se\u00f1ales-de-precauci\u00f3n.jpeg","contentUrl":"https:\/\/super-news.info\/mx\/wp-content\/uploads\/sites\/8\/2019\/04\/Inflaci\u00f3n-y-desempleo-al-alza-primeras-se\u00f1ales-de-precauci\u00f3n.jpeg","width":1776,"height":1000,"caption":"Jorge O. Moreno."},{"@type":"BreadcrumbList","@id":"https:\/\/super-news.info\/mx\/un-primer-ejercicio-de-evaluacion-y-rendicion-de-cuentas\/#breadcrumb","itemListElement":[{"@type":"ListItem","position":1,"name":"Home","item":"https:\/\/super-news.info\/mx\/"},{"@type":"ListItem","position":2,"name":"Un primer ejercicio de evaluaci\u00f3n y rendici\u00f3n de cuentas"}]},{"@type":"WebSite","@id":"https:\/\/super-news.info\/mx\/#website","url":"https:\/\/super-news.info\/mx\/","name":"Super News","description":"Super News Mexico","potentialAction":[{"@type":"SearchAction","target":{"@type":"EntryPoint","urlTemplate":"https:\/\/super-news.info\/mx\/?s={search_term_string}"},"query-input":{"@type":"PropertyValueSpecification","valueRequired":true,"valueName":"search_term_string"}}],"inLanguage":"es"},{"@type":"Person","@id":"https:\/\/super-news.info\/mx\/#\/schema\/person\/74b71ca3d407439fd57da2d9c89449ca","name":"mx","image":{"@type":"ImageObject","inLanguage":"es","@id":"https:\/\/secure.gravatar.com\/avatar\/6374ac65ff69c362a0ae1303d73d69dcd9bd198d62d9861f054a69aaf82c017b?s=96&d=mm&r=g","url":"https:\/\/secure.gravatar.com\/avatar\/6374ac65ff69c362a0ae1303d73d69dcd9bd198d62d9861f054a69aaf82c017b?s=96&d=mm&r=g","contentUrl":"https:\/\/secure.gravatar.com\/avatar\/6374ac65ff69c362a0ae1303d73d69dcd9bd198d62d9861f054a69aaf82c017b?s=96&d=mm&r=g","caption":"mx"},"url":"https:\/\/super-news.info\/mx\/author\/mx\/"}]}},"_links":{"self":[{"href":"https:\/\/super-news.info\/mx\/wp-json\/wp\/v2\/posts\/3914","targetHints":{"allow":["GET"]}}],"collection":[{"href":"https:\/\/super-news.info\/mx\/wp-json\/wp\/v2\/posts"}],"about":[{"href":"https:\/\/super-news.info\/mx\/wp-json\/wp\/v2\/types\/post"}],"author":[{"embeddable":true,"href":"https:\/\/super-news.info\/mx\/wp-json\/wp\/v2\/users\/3"}],"replies":[{"embeddable":true,"href":"https:\/\/super-news.info\/mx\/wp-json\/wp\/v2\/comments?post=3914"}],"version-history":[{"count":1,"href":"https:\/\/super-news.info\/mx\/wp-json\/wp\/v2\/posts\/3914\/revisions"}],"predecessor-version":[{"id":3915,"href":"https:\/\/super-news.info\/mx\/wp-json\/wp\/v2\/posts\/3914\/revisions\/3915"}],"wp:featuredmedia":[{"embeddable":true,"href":"https:\/\/super-news.info\/mx\/wp-json\/wp\/v2\/media\/173"}],"wp:attachment":[{"href":"https:\/\/super-news.info\/mx\/wp-json\/wp\/v2\/media?parent=3914"}],"wp:term":[{"taxonomy":"category","embeddable":true,"href":"https:\/\/super-news.info\/mx\/wp-json\/wp\/v2\/categories?post=3914"},{"taxonomy":"post_tag","embeddable":true,"href":"https:\/\/super-news.info\/mx\/wp-json\/wp\/v2\/tags?post=3914"}],"curies":[{"name":"wp","href":"https:\/\/api.w.org\/{rel}","templated":true}]}}