{"id":3874,"date":"2019-08-29T22:20:42","date_gmt":"2019-08-29T22:20:42","guid":{"rendered":"https:\/\/super-news.info\/mx\/puerto-vallarta-se-alista-para-la-temporada-de-tortugas-marinas\/"},"modified":"2019-08-29T22:20:43","modified_gmt":"2019-08-29T22:20:43","slug":"puerto-vallarta-se-alista-para-la-temporada-de-tortugas-marinas","status":"publish","type":"post","link":"https:\/\/super-news.info\/mx\/puerto-vallarta-se-alista-para-la-temporada-de-tortugas-marinas\/","title":{"rendered":"Puerto Vallarta se alista para la temporada de tortugas marinas"},"content":{"rendered":"<p> [ad_1]<br \/>\n<\/p>\n<p class=\"paragraph\" data-count=\"292\" data-wrap=\"46\">Oficialmente la temporada de tortugas en Puerto Vallarta inicia en agosto y concluye en diciembre, donde a lo largo de 14 kil\u00f3metros de litoral los turistas pueden vivir esta experiencia apoyados por asociaciones y organizaciones que se encargan de vigilar y preservar a esta criatura marina.<\/p>\n<p class=\"paragraph\" data-count=\"350\" data-wrap=\"51\">\u201cNosotros nos dedicamos a la salvaguarda de las distintas especies de tortugas marinas que llegan a Puerto Vallarta. Trabajamos desde Tomatl\u00e1n hasta Playa El Naranjo muy cerca de Guayabitos, donde recolectamos los huevos y los resguardamos para que cuando eclosionen las podamos liberar\u201d, coment\u00f3 Vicente Pe\u00f1a, encargado del operativo Red Tortuguera.<\/p>\n<p class=\"paragraph\" data-count=\"261\" data-wrap=\"44\">Indic\u00f3 que es la \u00fanica ciudad del Pac\u00edfico mexicano que cuenta con un programa de protecci\u00f3n de la tortuga marina que convierte a Puerto Vallarta en uno de los puntos m\u00e1s atractivos para convivir con las especies, en familia, directamente en su h\u00e1bitat natural.<\/p>\n<p class=\"paragraph\" data-count=\"263\" data-wrap=\"44\">Este trabajo, explic\u00f3, har\u00e1 que en febrero de 2020 se reciba aqu\u00ed a los participantes del Congreso Anual del Grupo de Tortugueros de las Californias, uno de los m\u00e1s importantes a nivel internacional donde intercambiar\u00e1n datos con m\u00e1s de 80 campamentos del mundo. <\/p>\n<p class=\"paragraph\" data-count=\"288\" data-wrap=\"46\">Se tienen previstas al menos cuatro ponencias a cargo de cient\u00edficos y bi\u00f3logos reconocidos, donde se abordar\u00e1n temas como cambios en los ecosistemas propiciados  por el calentamiento global. Todo esto se da gracias al apoyo de la iniciativa privada y del ayuntamiento de Puerto Vallarta.<\/p>\n<h3 class=\"featured__title\"><strong>Campamentos p\u00fablicos<\/strong><\/h3>\n<p class=\"paragraph\" data-count=\"306\" data-wrap=\"53\">En Boca de Tomate, el p\u00fablico en general puede atestiguar y vivir la experiencia de liberar a las peque\u00f1as tortugas en la playa. Adem\u00e1s, se brinda una explicaci\u00f3n sobre la importancia que tiene este animal, cu\u00e1l es su ciclo de vida y la labor que hacen las asociaciones civiles para conservar las especies.<\/p>\n<p class=\"paragraph\" data-count=\"313\" data-wrap=\"47\">Incluso en algunos hoteles de Puerto Vallarta los hu\u00e9spedes pueden formar parte de estas acciones donde estar\u00e1n instalados algunos nidos tortugueros para preservar los huevos. Inclusive en el malec\u00f3n del estado se realizan noches especiales para que los turistas puedan presenciar el desove de la tortuga golfina.<\/p>\n<div class=\"image__block \">\n<figure><\/figure>\n<p><span class=\"element__footer\">Existen 12 campamentos de este tipo con 10 mil nidos que ya est\u00e1n salvaguardados.<\/span><span class=\"element__credit\">Pixabay<\/span><\/div>\n<p class=\"paragraph\" data-count=\"338\" data-wrap=\"57\">\u201cPara poder asistir a estos eventos pueden contactar a los distintos campamentos a trav\u00e9s de sus redes sociales, en p\u00e1ginas web o directamente en el ayuntamiento de Puerto Vallarta donde les pueden dar una gu\u00eda de las actividades que se realizar\u00e1n a lo largo de la temporada, as\u00ed como visitas guiadas en las playas de anidaci\u00f3n\u201d, coment\u00f3.<\/p>\n<p class=\"paragraph\" data-count=\"224\" data-wrap=\"44\">En toda la regi\u00f3n se tienen 12 campamentos de este tipo con alrededor de 10 mil nidos que ya est\u00e1n salvaguardados en 2019, por lo que se espera que se liberan m\u00e1s de tres mil 500 cr\u00edas en cada uno de los espacios protegidos.<\/p>\n<p class=\"paragraph\" data-count=\"259\" data-wrap=\"45\">Hay que aclarar que debido a que no hay un tiempo de eclosi\u00f3n definido para los huevos de tortuga, las fechas que se establecen en los programas pueden no ser variables, por lo que se recomienda estar atentos a la informaci\u00f3n que proporcionen los campamentos.<\/p>\n<p>[ad_2]<br \/>\n<br \/><a href=\"https:\/\/www.elfinanciero.com.mx\/rss\/viajes\/puerto-vallarta-se-alista-para-la-temporada-de-tortugas-marinas\">Source link <\/a><\/p>\n","protected":false},"excerpt":{"rendered":"<p>[ad_1] Oficialmente la temporada de tortugas en Puerto Vallarta inicia en agosto y concluye en diciembre, donde a lo largo de 14 kil\u00f3metros de litoral los turistas pueden vivir esta experiencia apoyados por asociaciones y organizaciones que se encargan de vigilar y preservar a esta criatura marina. \u201cNosotros nos dedicamos a la salvaguarda de las [&hellip;]<\/p>\n","protected":false},"author":3,"featured_media":3875,"comment_status":"open","ping_status":"open","sticky":false,"template":"","format":"standard","meta":{"footnotes":""},"categories":[1],"tags":[],"class_list":["post-3874","post","type-post","status-publish","format-standard","has-post-thumbnail","hentry","category-noticias-financieras"],"yoast_head":"<!-- This site is optimized with the Yoast SEO plugin v27.4 - https:\/\/yoast.com\/product\/yoast-seo-wordpress\/ -->\n<title>Puerto Vallarta se alista para la temporada de tortugas marinas - Super News<\/title>\n<meta name=\"robots\" content=\"index, follow, max-snippet:-1, max-image-preview:large, max-video-preview:-1\" \/>\n<link rel=\"canonical\" href=\"https:\/\/super-news.info\/mx\/puerto-vallarta-se-alista-para-la-temporada-de-tortugas-marinas\/\" \/>\n<meta property=\"og:locale\" content=\"es_MX\" \/>\n<meta property=\"og:type\" content=\"article\" \/>\n<meta property=\"og:title\" content=\"Puerto Vallarta se alista para la temporada de tortugas marinas - Super News\" \/>\n<meta property=\"og:description\" content=\"[ad_1] Oficialmente la temporada de tortugas en Puerto Vallarta inicia en agosto y concluye en diciembre, donde a lo largo de 14 kil\u00f3metros de litoral los turistas pueden vivir esta experiencia apoyados por asociaciones y organizaciones que se encargan de vigilar y preservar a esta criatura marina. \u201cNosotros nos dedicamos a la salvaguarda de las [&hellip;]\" \/>\n<meta property=\"og:url\" content=\"https:\/\/super-news.info\/mx\/puerto-vallarta-se-alista-para-la-temporada-de-tortugas-marinas\/\" \/>\n<meta property=\"og:site_name\" content=\"Super News\" \/>\n<meta property=\"article:published_time\" content=\"2019-08-29T22:20:42+00:00\" \/>\n<meta property=\"article:modified_time\" content=\"2019-08-29T22:20:43+00:00\" \/>\n<meta property=\"og:image\" content=\"https:\/\/super-news.info\/mx\/wp-content\/uploads\/sites\/8\/2019\/08\/Puerto-Vallarta-se-alista-para-la-temporada-de-tortugas-marinas.jpeg\" \/>\n\t<meta property=\"og:image:width\" content=\"1920\" \/>\n\t<meta property=\"og:image:height\" content=\"1080\" \/>\n\t<meta property=\"og:image:type\" content=\"image\/jpeg\" \/>\n<meta name=\"author\" content=\"mx\" \/>\n<meta name=\"twitter:card\" content=\"summary_large_image\" \/>\n<meta name=\"twitter:label1\" content=\"Escrito por\" \/>\n\t<meta name=\"twitter:data1\" content=\"mx\" \/>\n\t<meta name=\"twitter:label2\" content=\"Tiempo de lectura\" \/>\n\t<meta name=\"twitter:data2\" content=\"3 minutos\" \/>\n<script type=\"application\/ld+json\" class=\"yoast-schema-graph\">{\"@context\":\"https:\\\/\\\/schema.org\",\"@graph\":[{\"@type\":\"Article\",\"@id\":\"https:\\\/\\\/super-news.info\\\/mx\\\/puerto-vallarta-se-alista-para-la-temporada-de-tortugas-marinas\\\/#article\",\"isPartOf\":{\"@id\":\"https:\\\/\\\/super-news.info\\\/mx\\\/puerto-vallarta-se-alista-para-la-temporada-de-tortugas-marinas\\\/\"},\"author\":{\"name\":\"mx\",\"@id\":\"https:\\\/\\\/super-news.info\\\/mx\\\/#\\\/schema\\\/person\\\/74b71ca3d407439fd57da2d9c89449ca\"},\"headline\":\"Puerto Vallarta se alista para la temporada de tortugas marinas\",\"datePublished\":\"2019-08-29T22:20:42+00:00\",\"dateModified\":\"2019-08-29T22:20:43+00:00\",\"mainEntityOfPage\":{\"@id\":\"https:\\\/\\\/super-news.info\\\/mx\\\/puerto-vallarta-se-alista-para-la-temporada-de-tortugas-marinas\\\/\"},\"wordCount\":531,\"commentCount\":0,\"image\":{\"@id\":\"https:\\\/\\\/super-news.info\\\/mx\\\/puerto-vallarta-se-alista-para-la-temporada-de-tortugas-marinas\\\/#primaryimage\"},\"thumbnailUrl\":\"https:\\\/\\\/super-news.info\\\/mx\\\/wp-content\\\/uploads\\\/sites\\\/8\\\/2019\\\/08\\\/Puerto-Vallarta-se-alista-para-la-temporada-de-tortugas-marinas.jpeg\",\"articleSection\":[\"NOTICIAS FINANCIERAS\"],\"inLanguage\":\"es\",\"potentialAction\":[{\"@type\":\"CommentAction\",\"name\":\"Comment\",\"target\":[\"https:\\\/\\\/super-news.info\\\/mx\\\/puerto-vallarta-se-alista-para-la-temporada-de-tortugas-marinas\\\/#respond\"]}]},{\"@type\":\"WebPage\",\"@id\":\"https:\\\/\\\/super-news.info\\\/mx\\\/puerto-vallarta-se-alista-para-la-temporada-de-tortugas-marinas\\\/\",\"url\":\"https:\\\/\\\/super-news.info\\\/mx\\\/puerto-vallarta-se-alista-para-la-temporada-de-tortugas-marinas\\\/\",\"name\":\"Puerto Vallarta se alista para la temporada de tortugas marinas - Super News\",\"isPartOf\":{\"@id\":\"https:\\\/\\\/super-news.info\\\/mx\\\/#website\"},\"primaryImageOfPage\":{\"@id\":\"https:\\\/\\\/super-news.info\\\/mx\\\/puerto-vallarta-se-alista-para-la-temporada-de-tortugas-marinas\\\/#primaryimage\"},\"image\":{\"@id\":\"https:\\\/\\\/super-news.info\\\/mx\\\/puerto-vallarta-se-alista-para-la-temporada-de-tortugas-marinas\\\/#primaryimage\"},\"thumbnailUrl\":\"https:\\\/\\\/super-news.info\\\/mx\\\/wp-content\\\/uploads\\\/sites\\\/8\\\/2019\\\/08\\\/Puerto-Vallarta-se-alista-para-la-temporada-de-tortugas-marinas.jpeg\",\"datePublished\":\"2019-08-29T22:20:42+00:00\",\"dateModified\":\"2019-08-29T22:20:43+00:00\",\"author\":{\"@id\":\"https:\\\/\\\/super-news.info\\\/mx\\\/#\\\/schema\\\/person\\\/74b71ca3d407439fd57da2d9c89449ca\"},\"breadcrumb\":{\"@id\":\"https:\\\/\\\/super-news.info\\\/mx\\\/puerto-vallarta-se-alista-para-la-temporada-de-tortugas-marinas\\\/#breadcrumb\"},\"inLanguage\":\"es\",\"potentialAction\":[{\"@type\":\"ReadAction\",\"target\":[\"https:\\\/\\\/super-news.info\\\/mx\\\/puerto-vallarta-se-alista-para-la-temporada-de-tortugas-marinas\\\/\"]}]},{\"@type\":\"ImageObject\",\"inLanguage\":\"es\",\"@id\":\"https:\\\/\\\/super-news.info\\\/mx\\\/puerto-vallarta-se-alista-para-la-temporada-de-tortugas-marinas\\\/#primaryimage\",\"url\":\"https:\\\/\\\/super-news.info\\\/mx\\\/wp-content\\\/uploads\\\/sites\\\/8\\\/2019\\\/08\\\/Puerto-Vallarta-se-alista-para-la-temporada-de-tortugas-marinas.jpeg\",\"contentUrl\":\"https:\\\/\\\/super-news.info\\\/mx\\\/wp-content\\\/uploads\\\/sites\\\/8\\\/2019\\\/08\\\/Puerto-Vallarta-se-alista-para-la-temporada-de-tortugas-marinas.jpeg\",\"width\":1920,\"height\":1080,\"caption\":\"Existen 12 campamentos de este tipo con 10 mil nidos que ya est\u00e1n salvaguardados.\"},{\"@type\":\"BreadcrumbList\",\"@id\":\"https:\\\/\\\/super-news.info\\\/mx\\\/puerto-vallarta-se-alista-para-la-temporada-de-tortugas-marinas\\\/#breadcrumb\",\"itemListElement\":[{\"@type\":\"ListItem\",\"position\":1,\"name\":\"Home\",\"item\":\"https:\\\/\\\/super-news.info\\\/mx\\\/\"},{\"@type\":\"ListItem\",\"position\":2,\"name\":\"Puerto Vallarta se alista para la temporada de tortugas marinas\"}]},{\"@type\":\"WebSite\",\"@id\":\"https:\\\/\\\/super-news.info\\\/mx\\\/#website\",\"url\":\"https:\\\/\\\/super-news.info\\\/mx\\\/\",\"name\":\"Super News\",\"description\":\"Super News Mexico\",\"potentialAction\":[{\"@type\":\"SearchAction\",\"target\":{\"@type\":\"EntryPoint\",\"urlTemplate\":\"https:\\\/\\\/super-news.info\\\/mx\\\/?s={search_term_string}\"},\"query-input\":{\"@type\":\"PropertyValueSpecification\",\"valueRequired\":true,\"valueName\":\"search_term_string\"}}],\"inLanguage\":\"es\"},{\"@type\":\"Person\",\"@id\":\"https:\\\/\\\/super-news.info\\\/mx\\\/#\\\/schema\\\/person\\\/74b71ca3d407439fd57da2d9c89449ca\",\"name\":\"mx\",\"image\":{\"@type\":\"ImageObject\",\"inLanguage\":\"es\",\"@id\":\"https:\\\/\\\/secure.gravatar.com\\\/avatar\\\/6374ac65ff69c362a0ae1303d73d69dcd9bd198d62d9861f054a69aaf82c017b?s=96&d=mm&r=g\",\"url\":\"https:\\\/\\\/secure.gravatar.com\\\/avatar\\\/6374ac65ff69c362a0ae1303d73d69dcd9bd198d62d9861f054a69aaf82c017b?s=96&d=mm&r=g\",\"contentUrl\":\"https:\\\/\\\/secure.gravatar.com\\\/avatar\\\/6374ac65ff69c362a0ae1303d73d69dcd9bd198d62d9861f054a69aaf82c017b?s=96&d=mm&r=g\",\"caption\":\"mx\"},\"url\":\"https:\\\/\\\/super-news.info\\\/mx\\\/author\\\/mx\\\/\"}]}<\/script>\n<!-- \/ Yoast SEO plugin. -->","yoast_head_json":{"title":"Puerto Vallarta se alista para la temporada de tortugas marinas - Super News","robots":{"index":"index","follow":"follow","max-snippet":"max-snippet:-1","max-image-preview":"max-image-preview:large","max-video-preview":"max-video-preview:-1"},"canonical":"https:\/\/super-news.info\/mx\/puerto-vallarta-se-alista-para-la-temporada-de-tortugas-marinas\/","og_locale":"es_MX","og_type":"article","og_title":"Puerto Vallarta se alista para la temporada de tortugas marinas - Super News","og_description":"[ad_1] Oficialmente la temporada de tortugas en Puerto Vallarta inicia en agosto y concluye en diciembre, donde a lo largo de 14 kil\u00f3metros de litoral los turistas pueden vivir esta experiencia apoyados por asociaciones y organizaciones que se encargan de vigilar y preservar a esta criatura marina. \u201cNosotros nos dedicamos a la salvaguarda de las [&hellip;]","og_url":"https:\/\/super-news.info\/mx\/puerto-vallarta-se-alista-para-la-temporada-de-tortugas-marinas\/","og_site_name":"Super News","article_published_time":"2019-08-29T22:20:42+00:00","article_modified_time":"2019-08-29T22:20:43+00:00","og_image":[{"width":1920,"height":1080,"url":"https:\/\/super-news.info\/mx\/wp-content\/uploads\/sites\/8\/2019\/08\/Puerto-Vallarta-se-alista-para-la-temporada-de-tortugas-marinas.jpeg","type":"image\/jpeg"}],"author":"mx","twitter_card":"summary_large_image","twitter_misc":{"Escrito por":"mx","Tiempo de lectura":"3 minutos"},"schema":{"@context":"https:\/\/schema.org","@graph":[{"@type":"Article","@id":"https:\/\/super-news.info\/mx\/puerto-vallarta-se-alista-para-la-temporada-de-tortugas-marinas\/#article","isPartOf":{"@id":"https:\/\/super-news.info\/mx\/puerto-vallarta-se-alista-para-la-temporada-de-tortugas-marinas\/"},"author":{"name":"mx","@id":"https:\/\/super-news.info\/mx\/#\/schema\/person\/74b71ca3d407439fd57da2d9c89449ca"},"headline":"Puerto Vallarta se alista para la temporada de tortugas marinas","datePublished":"2019-08-29T22:20:42+00:00","dateModified":"2019-08-29T22:20:43+00:00","mainEntityOfPage":{"@id":"https:\/\/super-news.info\/mx\/puerto-vallarta-se-alista-para-la-temporada-de-tortugas-marinas\/"},"wordCount":531,"commentCount":0,"image":{"@id":"https:\/\/super-news.info\/mx\/puerto-vallarta-se-alista-para-la-temporada-de-tortugas-marinas\/#primaryimage"},"thumbnailUrl":"https:\/\/super-news.info\/mx\/wp-content\/uploads\/sites\/8\/2019\/08\/Puerto-Vallarta-se-alista-para-la-temporada-de-tortugas-marinas.jpeg","articleSection":["NOTICIAS FINANCIERAS"],"inLanguage":"es","potentialAction":[{"@type":"CommentAction","name":"Comment","target":["https:\/\/super-news.info\/mx\/puerto-vallarta-se-alista-para-la-temporada-de-tortugas-marinas\/#respond"]}]},{"@type":"WebPage","@id":"https:\/\/super-news.info\/mx\/puerto-vallarta-se-alista-para-la-temporada-de-tortugas-marinas\/","url":"https:\/\/super-news.info\/mx\/puerto-vallarta-se-alista-para-la-temporada-de-tortugas-marinas\/","name":"Puerto Vallarta se alista para la temporada de tortugas marinas - Super News","isPartOf":{"@id":"https:\/\/super-news.info\/mx\/#website"},"primaryImageOfPage":{"@id":"https:\/\/super-news.info\/mx\/puerto-vallarta-se-alista-para-la-temporada-de-tortugas-marinas\/#primaryimage"},"image":{"@id":"https:\/\/super-news.info\/mx\/puerto-vallarta-se-alista-para-la-temporada-de-tortugas-marinas\/#primaryimage"},"thumbnailUrl":"https:\/\/super-news.info\/mx\/wp-content\/uploads\/sites\/8\/2019\/08\/Puerto-Vallarta-se-alista-para-la-temporada-de-tortugas-marinas.jpeg","datePublished":"2019-08-29T22:20:42+00:00","dateModified":"2019-08-29T22:20:43+00:00","author":{"@id":"https:\/\/super-news.info\/mx\/#\/schema\/person\/74b71ca3d407439fd57da2d9c89449ca"},"breadcrumb":{"@id":"https:\/\/super-news.info\/mx\/puerto-vallarta-se-alista-para-la-temporada-de-tortugas-marinas\/#breadcrumb"},"inLanguage":"es","potentialAction":[{"@type":"ReadAction","target":["https:\/\/super-news.info\/mx\/puerto-vallarta-se-alista-para-la-temporada-de-tortugas-marinas\/"]}]},{"@type":"ImageObject","inLanguage":"es","@id":"https:\/\/super-news.info\/mx\/puerto-vallarta-se-alista-para-la-temporada-de-tortugas-marinas\/#primaryimage","url":"https:\/\/super-news.info\/mx\/wp-content\/uploads\/sites\/8\/2019\/08\/Puerto-Vallarta-se-alista-para-la-temporada-de-tortugas-marinas.jpeg","contentUrl":"https:\/\/super-news.info\/mx\/wp-content\/uploads\/sites\/8\/2019\/08\/Puerto-Vallarta-se-alista-para-la-temporada-de-tortugas-marinas.jpeg","width":1920,"height":1080,"caption":"Existen 12 campamentos de este tipo con 10 mil nidos que ya est\u00e1n salvaguardados."},{"@type":"BreadcrumbList","@id":"https:\/\/super-news.info\/mx\/puerto-vallarta-se-alista-para-la-temporada-de-tortugas-marinas\/#breadcrumb","itemListElement":[{"@type":"ListItem","position":1,"name":"Home","item":"https:\/\/super-news.info\/mx\/"},{"@type":"ListItem","position":2,"name":"Puerto Vallarta se alista para la temporada de tortugas marinas"}]},{"@type":"WebSite","@id":"https:\/\/super-news.info\/mx\/#website","url":"https:\/\/super-news.info\/mx\/","name":"Super News","description":"Super News Mexico","potentialAction":[{"@type":"SearchAction","target":{"@type":"EntryPoint","urlTemplate":"https:\/\/super-news.info\/mx\/?s={search_term_string}"},"query-input":{"@type":"PropertyValueSpecification","valueRequired":true,"valueName":"search_term_string"}}],"inLanguage":"es"},{"@type":"Person","@id":"https:\/\/super-news.info\/mx\/#\/schema\/person\/74b71ca3d407439fd57da2d9c89449ca","name":"mx","image":{"@type":"ImageObject","inLanguage":"es","@id":"https:\/\/secure.gravatar.com\/avatar\/6374ac65ff69c362a0ae1303d73d69dcd9bd198d62d9861f054a69aaf82c017b?s=96&d=mm&r=g","url":"https:\/\/secure.gravatar.com\/avatar\/6374ac65ff69c362a0ae1303d73d69dcd9bd198d62d9861f054a69aaf82c017b?s=96&d=mm&r=g","contentUrl":"https:\/\/secure.gravatar.com\/avatar\/6374ac65ff69c362a0ae1303d73d69dcd9bd198d62d9861f054a69aaf82c017b?s=96&d=mm&r=g","caption":"mx"},"url":"https:\/\/super-news.info\/mx\/author\/mx\/"}]}},"_links":{"self":[{"href":"https:\/\/super-news.info\/mx\/wp-json\/wp\/v2\/posts\/3874","targetHints":{"allow":["GET"]}}],"collection":[{"href":"https:\/\/super-news.info\/mx\/wp-json\/wp\/v2\/posts"}],"about":[{"href":"https:\/\/super-news.info\/mx\/wp-json\/wp\/v2\/types\/post"}],"author":[{"embeddable":true,"href":"https:\/\/super-news.info\/mx\/wp-json\/wp\/v2\/users\/3"}],"replies":[{"embeddable":true,"href":"https:\/\/super-news.info\/mx\/wp-json\/wp\/v2\/comments?post=3874"}],"version-history":[{"count":1,"href":"https:\/\/super-news.info\/mx\/wp-json\/wp\/v2\/posts\/3874\/revisions"}],"predecessor-version":[{"id":3876,"href":"https:\/\/super-news.info\/mx\/wp-json\/wp\/v2\/posts\/3874\/revisions\/3876"}],"wp:featuredmedia":[{"embeddable":true,"href":"https:\/\/super-news.info\/mx\/wp-json\/wp\/v2\/media\/3875"}],"wp:attachment":[{"href":"https:\/\/super-news.info\/mx\/wp-json\/wp\/v2\/media?parent=3874"}],"wp:term":[{"taxonomy":"category","embeddable":true,"href":"https:\/\/super-news.info\/mx\/wp-json\/wp\/v2\/categories?post=3874"},{"taxonomy":"post_tag","embeddable":true,"href":"https:\/\/super-news.info\/mx\/wp-json\/wp\/v2\/tags?post=3874"}],"curies":[{"name":"wp","href":"https:\/\/api.w.org\/{rel}","templated":true}]}}