{"id":3850,"date":"2019-08-29T15:31:15","date_gmt":"2019-08-29T15:31:15","guid":{"rendered":"https:\/\/super-news.info\/mx\/exportaciones-automotrices-siguen-creciendo\/"},"modified":"2019-08-29T15:31:16","modified_gmt":"2019-08-29T15:31:16","slug":"exportaciones-automotrices-siguen-creciendo","status":"publish","type":"post","link":"https:\/\/super-news.info\/mx\/exportaciones-automotrices-siguen-creciendo\/","title":{"rendered":"Exportaciones automotrices siguen creciendo"},"content":{"rendered":"<p> [ad_1]<br \/>\n<\/p>\n<div class=\"image__block -side\">\n<figure><\/figure>\n<p><span class=\"element__footer\">Jes\u00fas Garza<\/span><span class=\"element__credit\">Fuente: Cortes\u00eda<\/span><\/div>\n<p class=\"paragraph\" data-count=\"506\" data-wrap=\"78\">El Instituto Nacional de Estad\u00edstica y Geograf\u00eda (INEGI) public\u00f3 esta semana las cifras de la balanza comercial para el mes de julio. Destaca el crecimiento de las <strong>exportaciones en 7 por ciento<\/strong> donde las automotrices se expandieron un s\u00f3lido 12.6 por ciento, confirmando el buen dinamismo de este sector. Las exportaciones manufactureras crecieron 7.9 por ciento, las agropecuarias 30.7 por ciento y las extractivas 6.7 por ciento. En contraste, las exportaciones petroleras cayeron 14.1 por ciento anual. <\/p>\n<p class=\"paragraph\" data-count=\"520\" data-wrap=\"81\">En los primeros 7 meses del a\u00f1o las exportaciones totales han crecido 4.2 por ciento donde las manufactureras se han expandido 5.4 por ciento. Al interior, las exportaciones automotrices han crecido 7.1 por ciento. El buen<strong> dinamismo del sector exportador <\/strong>se debe esencialmente al s\u00f3lido crecimiento econ\u00f3mico de los Estados Unidos. El 80 por ciento de las exportaciones nacionales se dirigen al vecino pa\u00eds. Aunado a esto, las exportaciones automotrices (que incluyen autopartes) representan el 33 por ciento del total. <\/p>\n<p class=\"paragraph\" data-count=\"791\" data-wrap=\"126\">Por otra parte, las importaciones en julio reportaron un aumento de 2 por ciento destacando el incremento de las importaciones de bienes intermedios (+5 por ciento). En contraste, las importaciones de bienes de consumo cayeron 0.7 por ciento, probablemente como reflejo de la fuerte desaceleraci\u00f3n de la actividad econ\u00f3mica. Por otro lado, las importaciones de bienes intermedios<strong> crecieron al 5 por ciento<\/strong>, reflejo del buen dinamismo de la exportaci\u00f3n de bienes finales (gran parte de los insumos manufacturados en el pa\u00eds son extranjeros). Por \u00faltimo, resalta la fuerte contracci\u00f3n en 16.5 por ciento de bienes de capital, normalmente asociados con maquinaria y equipo, es decir, inversi\u00f3n. As\u00ed, en los primeros 7 meses del a\u00f1o se observa un <strong>aumento en las importaciones de 0.5 por ciento. <\/strong><\/p>\n<p class=\"paragraph\" data-count=\"717\" data-wrap=\"113\">Lo anterior implica que el pa\u00eds observa un <strong>super\u00e1vit comercial<\/strong>, muy positivo para el crecimiento econ\u00f3mico. Recordemos que las exportaciones netas, as\u00ed como el consumo privado, el gasto de gobierno y la inversi\u00f3n son los componentes del crecimiento econ\u00f3mico. Es decir, que a\u00fan con el buen desempe\u00f1o del sector externo en el pa\u00eds el crecimiento est\u00e1 estancado. La <strong>demanda interna <\/strong>no se reactiva y la inversi\u00f3n contin\u00faa decreciendo. El reciente acuerdo de los gasoductos entre CFE y las empresas privadas y extranjeras son buenas noticias para la inversi\u00f3n, pero la reactivaci\u00f3n de la reforma energ\u00e9tica, sobre todo la relacionada con las subastas petroleras ser\u00eda un empuje mucho mayor para incrementar la inversi\u00f3n. <\/p>\n<p class=\"paragraph\" data-count=\"344\" data-wrap=\"56\">Aunado a esto, es importante recalcar que existe un riesgo que Estados Unidos pueda entrar en recesi\u00f3n el pr\u00f3ximo a\u00f1o. Si esto se materializara, se eliminar\u00eda el \u00fanico factor que hasta el momento est\u00e1 fomentando al crecimiento nacional. Es sumamente vital que el gobierno comience a generar mayor certidumbre para atraer m\u00e1s inversi\u00f3n al pa\u00eds. <\/p>\n<p class=\"paragraph\" data-count=\"256\" data-wrap=\"42\"><em>El autor es director general y fundador de Soluciones Financieras GAMMA y profesor de Econom\u00eda y Finanzas en EGADE Business School. Cuenta con una maestr\u00eda en Econom\u00eda Financiera y doctorado en Finanzas, ambas por la Universidad de Essex en el Reino Unido.<\/em><\/p>\n<p class=\"paragraph\" data-count=\"31\" data-wrap=\"3\">Opine usted: jgarzagg@gmail.com<\/p>\n<p class=\"paragraph\" data-count=\"178\" data-wrap=\"27\"><strong>Esta es una columna de opini\u00f3n. Las expresiones aqu\u00ed vertidas son responsabilidad \u00fanicamente de quien la firma y no necesariamente reflejan la postura editorial de El Financiero.<\/strong><\/p>\n<p>[ad_2]<br \/>\n<br \/><a href=\"https:\/\/www.elfinanciero.com.mx\/rss\/monterrey\/exportaciones-automotrices-siguen-creciendo\">Source link <\/a><\/p>\n","protected":false},"excerpt":{"rendered":"<p>[ad_1] Jes\u00fas GarzaFuente: Cortes\u00eda El Instituto Nacional de Estad\u00edstica y Geograf\u00eda (INEGI) public\u00f3 esta semana las cifras de la balanza comercial para el mes de julio. Destaca el crecimiento de las exportaciones en 7 por ciento donde las automotrices se expandieron un s\u00f3lido 12.6 por ciento, confirmando el buen dinamismo de este sector. Las exportaciones [&hellip;]<\/p>\n","protected":false},"author":3,"featured_media":758,"comment_status":"open","ping_status":"open","sticky":false,"template":"","format":"standard","meta":{"footnotes":""},"categories":[1],"tags":[],"class_list":["post-3850","post","type-post","status-publish","format-standard","has-post-thumbnail","hentry","category-noticias-financieras"],"yoast_head":"<!-- This site is optimized with the Yoast SEO plugin v27.4 - https:\/\/yoast.com\/product\/yoast-seo-wordpress\/ -->\n<title>Exportaciones automotrices siguen creciendo - Super News<\/title>\n<meta name=\"robots\" content=\"index, follow, max-snippet:-1, max-image-preview:large, max-video-preview:-1\" \/>\n<link rel=\"canonical\" href=\"https:\/\/super-news.info\/mx\/exportaciones-automotrices-siguen-creciendo\/\" \/>\n<meta property=\"og:locale\" content=\"es_MX\" \/>\n<meta property=\"og:type\" content=\"article\" \/>\n<meta property=\"og:title\" content=\"Exportaciones automotrices siguen creciendo - Super News\" \/>\n<meta property=\"og:description\" content=\"[ad_1] Jes\u00fas GarzaFuente: Cortes\u00eda El Instituto Nacional de Estad\u00edstica y Geograf\u00eda (INEGI) public\u00f3 esta semana las cifras de la balanza comercial para el mes de julio. Destaca el crecimiento de las exportaciones en 7 por ciento donde las automotrices se expandieron un s\u00f3lido 12.6 por ciento, confirmando el buen dinamismo de este sector. Las exportaciones [&hellip;]\" \/>\n<meta property=\"og:url\" content=\"https:\/\/super-news.info\/mx\/exportaciones-automotrices-siguen-creciendo\/\" \/>\n<meta property=\"og:site_name\" content=\"Super News\" \/>\n<meta property=\"article:published_time\" content=\"2019-08-29T15:31:15+00:00\" \/>\n<meta property=\"article:modified_time\" content=\"2019-08-29T15:31:16+00:00\" \/>\n<meta property=\"og:image\" content=\"https:\/\/super-news.info\/mx\/wp-content\/uploads\/sites\/8\/2019\/05\/Hacia-la-inclusi\u00f3n-financiera.jpeg\" \/>\n\t<meta property=\"og:image:width\" content=\"1776\" \/>\n\t<meta property=\"og:image:height\" content=\"1000\" \/>\n\t<meta property=\"og:image:type\" content=\"image\/jpeg\" \/>\n<meta name=\"author\" content=\"mx\" \/>\n<meta name=\"twitter:card\" content=\"summary_large_image\" \/>\n<meta name=\"twitter:label1\" content=\"Escrito por\" \/>\n\t<meta name=\"twitter:data1\" content=\"mx\" \/>\n\t<meta name=\"twitter:label2\" content=\"Tiempo de lectura\" \/>\n\t<meta name=\"twitter:data2\" content=\"3 minutos\" \/>\n<script type=\"application\/ld+json\" class=\"yoast-schema-graph\">{\"@context\":\"https:\\\/\\\/schema.org\",\"@graph\":[{\"@type\":\"Article\",\"@id\":\"https:\\\/\\\/super-news.info\\\/mx\\\/exportaciones-automotrices-siguen-creciendo\\\/#article\",\"isPartOf\":{\"@id\":\"https:\\\/\\\/super-news.info\\\/mx\\\/exportaciones-automotrices-siguen-creciendo\\\/\"},\"author\":{\"name\":\"mx\",\"@id\":\"https:\\\/\\\/super-news.info\\\/mx\\\/#\\\/schema\\\/person\\\/74b71ca3d407439fd57da2d9c89449ca\"},\"headline\":\"Exportaciones automotrices siguen creciendo\",\"datePublished\":\"2019-08-29T15:31:15+00:00\",\"dateModified\":\"2019-08-29T15:31:16+00:00\",\"mainEntityOfPage\":{\"@id\":\"https:\\\/\\\/super-news.info\\\/mx\\\/exportaciones-automotrices-siguen-creciendo\\\/\"},\"wordCount\":558,\"commentCount\":0,\"image\":{\"@id\":\"https:\\\/\\\/super-news.info\\\/mx\\\/exportaciones-automotrices-siguen-creciendo\\\/#primaryimage\"},\"thumbnailUrl\":\"https:\\\/\\\/super-news.info\\\/mx\\\/wp-content\\\/uploads\\\/sites\\\/8\\\/2019\\\/05\\\/Hacia-la-inclusi\u00f3n-financiera.jpeg\",\"articleSection\":[\"NOTICIAS FINANCIERAS\"],\"inLanguage\":\"es\",\"potentialAction\":[{\"@type\":\"CommentAction\",\"name\":\"Comment\",\"target\":[\"https:\\\/\\\/super-news.info\\\/mx\\\/exportaciones-automotrices-siguen-creciendo\\\/#respond\"]}]},{\"@type\":\"WebPage\",\"@id\":\"https:\\\/\\\/super-news.info\\\/mx\\\/exportaciones-automotrices-siguen-creciendo\\\/\",\"url\":\"https:\\\/\\\/super-news.info\\\/mx\\\/exportaciones-automotrices-siguen-creciendo\\\/\",\"name\":\"Exportaciones automotrices siguen creciendo - Super News\",\"isPartOf\":{\"@id\":\"https:\\\/\\\/super-news.info\\\/mx\\\/#website\"},\"primaryImageOfPage\":{\"@id\":\"https:\\\/\\\/super-news.info\\\/mx\\\/exportaciones-automotrices-siguen-creciendo\\\/#primaryimage\"},\"image\":{\"@id\":\"https:\\\/\\\/super-news.info\\\/mx\\\/exportaciones-automotrices-siguen-creciendo\\\/#primaryimage\"},\"thumbnailUrl\":\"https:\\\/\\\/super-news.info\\\/mx\\\/wp-content\\\/uploads\\\/sites\\\/8\\\/2019\\\/05\\\/Hacia-la-inclusi\u00f3n-financiera.jpeg\",\"datePublished\":\"2019-08-29T15:31:15+00:00\",\"dateModified\":\"2019-08-29T15:31:16+00:00\",\"author\":{\"@id\":\"https:\\\/\\\/super-news.info\\\/mx\\\/#\\\/schema\\\/person\\\/74b71ca3d407439fd57da2d9c89449ca\"},\"breadcrumb\":{\"@id\":\"https:\\\/\\\/super-news.info\\\/mx\\\/exportaciones-automotrices-siguen-creciendo\\\/#breadcrumb\"},\"inLanguage\":\"es\",\"potentialAction\":[{\"@type\":\"ReadAction\",\"target\":[\"https:\\\/\\\/super-news.info\\\/mx\\\/exportaciones-automotrices-siguen-creciendo\\\/\"]}]},{\"@type\":\"ImageObject\",\"inLanguage\":\"es\",\"@id\":\"https:\\\/\\\/super-news.info\\\/mx\\\/exportaciones-automotrices-siguen-creciendo\\\/#primaryimage\",\"url\":\"https:\\\/\\\/super-news.info\\\/mx\\\/wp-content\\\/uploads\\\/sites\\\/8\\\/2019\\\/05\\\/Hacia-la-inclusi\u00f3n-financiera.jpeg\",\"contentUrl\":\"https:\\\/\\\/super-news.info\\\/mx\\\/wp-content\\\/uploads\\\/sites\\\/8\\\/2019\\\/05\\\/Hacia-la-inclusi\u00f3n-financiera.jpeg\",\"width\":1776,\"height\":1000,\"caption\":\"Jes\u00fas Garza\"},{\"@type\":\"BreadcrumbList\",\"@id\":\"https:\\\/\\\/super-news.info\\\/mx\\\/exportaciones-automotrices-siguen-creciendo\\\/#breadcrumb\",\"itemListElement\":[{\"@type\":\"ListItem\",\"position\":1,\"name\":\"Home\",\"item\":\"https:\\\/\\\/super-news.info\\\/mx\\\/\"},{\"@type\":\"ListItem\",\"position\":2,\"name\":\"Exportaciones automotrices siguen creciendo\"}]},{\"@type\":\"WebSite\",\"@id\":\"https:\\\/\\\/super-news.info\\\/mx\\\/#website\",\"url\":\"https:\\\/\\\/super-news.info\\\/mx\\\/\",\"name\":\"Super News\",\"description\":\"Super News Mexico\",\"potentialAction\":[{\"@type\":\"SearchAction\",\"target\":{\"@type\":\"EntryPoint\",\"urlTemplate\":\"https:\\\/\\\/super-news.info\\\/mx\\\/?s={search_term_string}\"},\"query-input\":{\"@type\":\"PropertyValueSpecification\",\"valueRequired\":true,\"valueName\":\"search_term_string\"}}],\"inLanguage\":\"es\"},{\"@type\":\"Person\",\"@id\":\"https:\\\/\\\/super-news.info\\\/mx\\\/#\\\/schema\\\/person\\\/74b71ca3d407439fd57da2d9c89449ca\",\"name\":\"mx\",\"image\":{\"@type\":\"ImageObject\",\"inLanguage\":\"es\",\"@id\":\"https:\\\/\\\/secure.gravatar.com\\\/avatar\\\/6374ac65ff69c362a0ae1303d73d69dcd9bd198d62d9861f054a69aaf82c017b?s=96&d=mm&r=g\",\"url\":\"https:\\\/\\\/secure.gravatar.com\\\/avatar\\\/6374ac65ff69c362a0ae1303d73d69dcd9bd198d62d9861f054a69aaf82c017b?s=96&d=mm&r=g\",\"contentUrl\":\"https:\\\/\\\/secure.gravatar.com\\\/avatar\\\/6374ac65ff69c362a0ae1303d73d69dcd9bd198d62d9861f054a69aaf82c017b?s=96&d=mm&r=g\",\"caption\":\"mx\"},\"url\":\"https:\\\/\\\/super-news.info\\\/mx\\\/author\\\/mx\\\/\"}]}<\/script>\n<!-- \/ Yoast SEO plugin. -->","yoast_head_json":{"title":"Exportaciones automotrices siguen creciendo - Super News","robots":{"index":"index","follow":"follow","max-snippet":"max-snippet:-1","max-image-preview":"max-image-preview:large","max-video-preview":"max-video-preview:-1"},"canonical":"https:\/\/super-news.info\/mx\/exportaciones-automotrices-siguen-creciendo\/","og_locale":"es_MX","og_type":"article","og_title":"Exportaciones automotrices siguen creciendo - Super News","og_description":"[ad_1] Jes\u00fas GarzaFuente: Cortes\u00eda El Instituto Nacional de Estad\u00edstica y Geograf\u00eda (INEGI) public\u00f3 esta semana las cifras de la balanza comercial para el mes de julio. Destaca el crecimiento de las exportaciones en 7 por ciento donde las automotrices se expandieron un s\u00f3lido 12.6 por ciento, confirmando el buen dinamismo de este sector. Las exportaciones [&hellip;]","og_url":"https:\/\/super-news.info\/mx\/exportaciones-automotrices-siguen-creciendo\/","og_site_name":"Super News","article_published_time":"2019-08-29T15:31:15+00:00","article_modified_time":"2019-08-29T15:31:16+00:00","og_image":[{"width":1776,"height":1000,"url":"https:\/\/super-news.info\/mx\/wp-content\/uploads\/sites\/8\/2019\/05\/Hacia-la-inclusi\u00f3n-financiera.jpeg","type":"image\/jpeg"}],"author":"mx","twitter_card":"summary_large_image","twitter_misc":{"Escrito por":"mx","Tiempo de lectura":"3 minutos"},"schema":{"@context":"https:\/\/schema.org","@graph":[{"@type":"Article","@id":"https:\/\/super-news.info\/mx\/exportaciones-automotrices-siguen-creciendo\/#article","isPartOf":{"@id":"https:\/\/super-news.info\/mx\/exportaciones-automotrices-siguen-creciendo\/"},"author":{"name":"mx","@id":"https:\/\/super-news.info\/mx\/#\/schema\/person\/74b71ca3d407439fd57da2d9c89449ca"},"headline":"Exportaciones automotrices siguen creciendo","datePublished":"2019-08-29T15:31:15+00:00","dateModified":"2019-08-29T15:31:16+00:00","mainEntityOfPage":{"@id":"https:\/\/super-news.info\/mx\/exportaciones-automotrices-siguen-creciendo\/"},"wordCount":558,"commentCount":0,"image":{"@id":"https:\/\/super-news.info\/mx\/exportaciones-automotrices-siguen-creciendo\/#primaryimage"},"thumbnailUrl":"https:\/\/super-news.info\/mx\/wp-content\/uploads\/sites\/8\/2019\/05\/Hacia-la-inclusi\u00f3n-financiera.jpeg","articleSection":["NOTICIAS FINANCIERAS"],"inLanguage":"es","potentialAction":[{"@type":"CommentAction","name":"Comment","target":["https:\/\/super-news.info\/mx\/exportaciones-automotrices-siguen-creciendo\/#respond"]}]},{"@type":"WebPage","@id":"https:\/\/super-news.info\/mx\/exportaciones-automotrices-siguen-creciendo\/","url":"https:\/\/super-news.info\/mx\/exportaciones-automotrices-siguen-creciendo\/","name":"Exportaciones automotrices siguen creciendo - Super News","isPartOf":{"@id":"https:\/\/super-news.info\/mx\/#website"},"primaryImageOfPage":{"@id":"https:\/\/super-news.info\/mx\/exportaciones-automotrices-siguen-creciendo\/#primaryimage"},"image":{"@id":"https:\/\/super-news.info\/mx\/exportaciones-automotrices-siguen-creciendo\/#primaryimage"},"thumbnailUrl":"https:\/\/super-news.info\/mx\/wp-content\/uploads\/sites\/8\/2019\/05\/Hacia-la-inclusi\u00f3n-financiera.jpeg","datePublished":"2019-08-29T15:31:15+00:00","dateModified":"2019-08-29T15:31:16+00:00","author":{"@id":"https:\/\/super-news.info\/mx\/#\/schema\/person\/74b71ca3d407439fd57da2d9c89449ca"},"breadcrumb":{"@id":"https:\/\/super-news.info\/mx\/exportaciones-automotrices-siguen-creciendo\/#breadcrumb"},"inLanguage":"es","potentialAction":[{"@type":"ReadAction","target":["https:\/\/super-news.info\/mx\/exportaciones-automotrices-siguen-creciendo\/"]}]},{"@type":"ImageObject","inLanguage":"es","@id":"https:\/\/super-news.info\/mx\/exportaciones-automotrices-siguen-creciendo\/#primaryimage","url":"https:\/\/super-news.info\/mx\/wp-content\/uploads\/sites\/8\/2019\/05\/Hacia-la-inclusi\u00f3n-financiera.jpeg","contentUrl":"https:\/\/super-news.info\/mx\/wp-content\/uploads\/sites\/8\/2019\/05\/Hacia-la-inclusi\u00f3n-financiera.jpeg","width":1776,"height":1000,"caption":"Jes\u00fas Garza"},{"@type":"BreadcrumbList","@id":"https:\/\/super-news.info\/mx\/exportaciones-automotrices-siguen-creciendo\/#breadcrumb","itemListElement":[{"@type":"ListItem","position":1,"name":"Home","item":"https:\/\/super-news.info\/mx\/"},{"@type":"ListItem","position":2,"name":"Exportaciones automotrices siguen creciendo"}]},{"@type":"WebSite","@id":"https:\/\/super-news.info\/mx\/#website","url":"https:\/\/super-news.info\/mx\/","name":"Super News","description":"Super News Mexico","potentialAction":[{"@type":"SearchAction","target":{"@type":"EntryPoint","urlTemplate":"https:\/\/super-news.info\/mx\/?s={search_term_string}"},"query-input":{"@type":"PropertyValueSpecification","valueRequired":true,"valueName":"search_term_string"}}],"inLanguage":"es"},{"@type":"Person","@id":"https:\/\/super-news.info\/mx\/#\/schema\/person\/74b71ca3d407439fd57da2d9c89449ca","name":"mx","image":{"@type":"ImageObject","inLanguage":"es","@id":"https:\/\/secure.gravatar.com\/avatar\/6374ac65ff69c362a0ae1303d73d69dcd9bd198d62d9861f054a69aaf82c017b?s=96&d=mm&r=g","url":"https:\/\/secure.gravatar.com\/avatar\/6374ac65ff69c362a0ae1303d73d69dcd9bd198d62d9861f054a69aaf82c017b?s=96&d=mm&r=g","contentUrl":"https:\/\/secure.gravatar.com\/avatar\/6374ac65ff69c362a0ae1303d73d69dcd9bd198d62d9861f054a69aaf82c017b?s=96&d=mm&r=g","caption":"mx"},"url":"https:\/\/super-news.info\/mx\/author\/mx\/"}]}},"_links":{"self":[{"href":"https:\/\/super-news.info\/mx\/wp-json\/wp\/v2\/posts\/3850","targetHints":{"allow":["GET"]}}],"collection":[{"href":"https:\/\/super-news.info\/mx\/wp-json\/wp\/v2\/posts"}],"about":[{"href":"https:\/\/super-news.info\/mx\/wp-json\/wp\/v2\/types\/post"}],"author":[{"embeddable":true,"href":"https:\/\/super-news.info\/mx\/wp-json\/wp\/v2\/users\/3"}],"replies":[{"embeddable":true,"href":"https:\/\/super-news.info\/mx\/wp-json\/wp\/v2\/comments?post=3850"}],"version-history":[{"count":1,"href":"https:\/\/super-news.info\/mx\/wp-json\/wp\/v2\/posts\/3850\/revisions"}],"predecessor-version":[{"id":3851,"href":"https:\/\/super-news.info\/mx\/wp-json\/wp\/v2\/posts\/3850\/revisions\/3851"}],"wp:featuredmedia":[{"embeddable":true,"href":"https:\/\/super-news.info\/mx\/wp-json\/wp\/v2\/media\/758"}],"wp:attachment":[{"href":"https:\/\/super-news.info\/mx\/wp-json\/wp\/v2\/media?parent=3850"}],"wp:term":[{"taxonomy":"category","embeddable":true,"href":"https:\/\/super-news.info\/mx\/wp-json\/wp\/v2\/categories?post=3850"},{"taxonomy":"post_tag","embeddable":true,"href":"https:\/\/super-news.info\/mx\/wp-json\/wp\/v2\/tags?post=3850"}],"curies":[{"name":"wp","href":"https:\/\/api.w.org\/{rel}","templated":true}]}}