{"id":3843,"date":"2019-08-29T12:56:07","date_gmt":"2019-08-29T12:56:07","guid":{"rendered":"https:\/\/super-news.info\/mx\/el-espacio-godin-de-mexico-crecera-20-en-4-anos-avison-young\/"},"modified":"2019-08-29T12:56:08","modified_gmt":"2019-08-29T12:56:08","slug":"el-espacio-godin-de-mexico-crecera-20-en-4-anos-avison-young","status":"publish","type":"post","link":"https:\/\/super-news.info\/mx\/el-espacio-godin-de-mexico-crecera-20-en-4-anos-avison-young\/","title":{"rendered":"El espacio \u2018god\u00edn\u2019 de M\u00e9xico crecer\u00e1 20% en 4 a\u00f1os: Avison Young"},"content":{"rendered":"<p> [ad_1]<br \/>\n<\/p>\n<p class=\"paragraph\" data-count=\"146\" data-wrap=\"24\">Actualmente, <strong>en el pa\u00eds se construyen 2 millones 508 mil metros cuadrados de oficinas<\/strong>, los cuales se entregar\u00e1n durante los pr\u00f3ximos cuatro a\u00f1os. <\/p>\n<p class=\"paragraph\" data-count=\"230\" data-wrap=\"38\">Esta cifra corresponde al <strong>19.5 por ciento del inventario total de oficinas en M\u00e9xico<\/strong>, que asciende a 12 millones 820 mil metros cuadrados al segundo semestre de 2019, seg\u00fan datos de la firma de corretaje inmobiliario Avison Young.<\/p>\n<p class=\"paragraph\" data-count=\"271\" data-wrap=\"44\"><strong>Guadalupe Cos, Head of Marketing &amp; Research de Avison Young M\u00e9xico, <\/strong>detall\u00f3 que el mercado de la Ciudad de M\u00e9xico represent\u00f3 el 70 por ciento del nuevo espacio en construcci\u00f3n, mientras que Monterrey y Tijuana tambi\u00e9n registraron un repunte en la actividad de desarrollo.<\/p>\n<p class=\"paragraph\" data-count=\"186\" data-wrap=\"29\">En todos los mercados de oficinas del pa\u00eds, la competencia de nuevos proyectos en desarrollo, <strong>90 edificios en marcha<\/strong>, dieron como resultado en competitividad en las tarifas de alquiler.\u00a0<\/p>\n<p class=\"paragraph\" data-count=\"259\" data-wrap=\"38\">Esto, pese a la incertidumbre que rodea al pa\u00eds por las pol\u00edticas econ\u00f3micas y <strong>cancelaci\u00f3n de proyectos de infraestructura<\/strong>, los cuales han desacelerado el pron\u00f3stico de crecimiento econ\u00f3mico, inversiones de capital y nuevas propuestas de proyectos de oficina.<\/p>\n<p class=\"paragraph\" data-count=\"328\" data-wrap=\"62\">Cabe se\u00f1alar que del<strong> inventario general de oficinas en el pa\u00eds <\/strong>\u201312 millones 820 mil metros cuadrados\u2013, el 80.5 por ciento se concentra en el mercado de la Ciudad de M\u00e9xico, el 8.1 por ciento en Monterrey, el 5 por ciento en Guadalajara, el 2.6 por ciento en Quer\u00e9taro, el 2.1 por ciento en Puebla y el 1.7 por ciento en Tijuana.<\/p>\n<h3 class=\"featured__title\">Coworking domina el mercado<\/h3>\n<p class=\"paragraph\" data-count=\"190\" data-wrap=\"32\">Guadalupe Cos, Head of Marketing &amp; Research de Avison Young M\u00e9xico, destac\u00f3 que hoy en d\u00eda el mercado de oficinas es de inquilinos y est\u00e1 dominado por los espacios colaborativos o <em>coworking<\/em>.<\/p>\n<p class=\"paragraph\" data-count=\"205\" data-wrap=\"34\">En este segmento de <em>coworking<\/em> participan firmas  como WeWork, Regus, IOS Office e IZA, por mencionar algunos, los cuales ocupan casi 250 mil metros cuadrados de oficinas, 2 por ciento del inventario total.<\/p>\n<p class=\"paragraph\" data-count=\"234\" data-wrap=\"33\">\u201cEl arrendamiento de espacios compartidos est\u00e1 compitiendo directamente con <strong>la oferta de espacios de oficinas<\/strong> directa de los desarrolladores o propietarios. Esto ha obligado que en los nuevos corporativos se ofrezca amenidades\u201d, dijo.<\/p>\n<p class=\"paragraph\" data-count=\"163\" data-wrap=\"29\">Por ejemplo, WeWork ha rentado <strong>m\u00e1s de 8 mil metros cuadrados en cada edificio<\/strong> donde tiene presencia, a fin de atraer a empresas globales, con m\u00e1s de 500 empleados.<\/p>\n<p class=\"paragraph\" data-count=\"123\" data-wrap=\"23\">Actualmente <strong>WeWork ya es el mayor ocupante de oficinas privadas en el pa\u00eds<\/strong>, luego de casi tres a\u00f1os de su llegada a M\u00e9xico.<\/p>\n<p class=\"paragraph\" data-count=\"147\" data-wrap=\"26\">La empresa que fund\u00f3 Adam Neumann tiene un total de 17 edificios operativos en el pa\u00eds, en los cuales arrenda 221 mil metros cuadrados de oficinas.<\/p>\n<p class=\"paragraph\" data-count=\"190\" data-wrap=\"31\">Actualmente, WeWork cuenta con cerca de 32 mil miembros en M\u00e9xico, divididos en la Ciudad de M\u00e9xico, Monterrey y Guadalajara; adem\u00e1s proyecta cerrar 2019 con m\u00e1s de 280 mil metros cuadrados.<\/p>\n<div class=\"image__block \">\n<figure><\/figure>\n<p><span class=\"element__footer\"><\/span><span class=\"element__credit\"><\/span><\/div>\n<p>[ad_2]<br \/>\n<br \/><a href=\"https:\/\/www.elfinanciero.com.mx\/rss\/empresas\/el-espacio-godin-de-mexico-crecera-20-en-4-anos-avison-young\">Source link <\/a><\/p>\n","protected":false},"excerpt":{"rendered":"<p>[ad_1] Actualmente, en el pa\u00eds se construyen 2 millones 508 mil metros cuadrados de oficinas, los cuales se entregar\u00e1n durante los pr\u00f3ximos cuatro a\u00f1os. Esta cifra corresponde al 19.5 por ciento del inventario total de oficinas en M\u00e9xico, que asciende a 12 millones 820 mil metros cuadrados al segundo semestre de 2019, seg\u00fan datos de [&hellip;]<\/p>\n","protected":false},"author":3,"featured_media":3844,"comment_status":"open","ping_status":"open","sticky":false,"template":"","format":"standard","meta":{"footnotes":""},"categories":[1],"tags":[],"class_list":["post-3843","post","type-post","status-publish","format-standard","has-post-thumbnail","hentry","category-noticias-financieras"],"yoast_head":"<!-- This site is optimized with the Yoast SEO plugin v27.4 - https:\/\/yoast.com\/product\/yoast-seo-wordpress\/ -->\n<title>El espacio \u2018god\u00edn\u2019 de M\u00e9xico crecer\u00e1 20% en 4 a\u00f1os: Avison Young - Super News<\/title>\n<meta name=\"robots\" content=\"index, follow, max-snippet:-1, max-image-preview:large, max-video-preview:-1\" \/>\n<link rel=\"canonical\" href=\"https:\/\/super-news.info\/mx\/el-espacio-godin-de-mexico-crecera-20-en-4-anos-avison-young\/\" \/>\n<meta property=\"og:locale\" content=\"es_MX\" \/>\n<meta property=\"og:type\" content=\"article\" \/>\n<meta property=\"og:title\" content=\"El espacio \u2018god\u00edn\u2019 de M\u00e9xico crecer\u00e1 20% en 4 a\u00f1os: Avison Young - Super News\" \/>\n<meta property=\"og:description\" content=\"[ad_1] Actualmente, en el pa\u00eds se construyen 2 millones 508 mil metros cuadrados de oficinas, los cuales se entregar\u00e1n durante los pr\u00f3ximos cuatro a\u00f1os. Esta cifra corresponde al 19.5 por ciento del inventario total de oficinas en M\u00e9xico, que asciende a 12 millones 820 mil metros cuadrados al segundo semestre de 2019, seg\u00fan datos de [&hellip;]\" \/>\n<meta property=\"og:url\" content=\"https:\/\/super-news.info\/mx\/el-espacio-godin-de-mexico-crecera-20-en-4-anos-avison-young\/\" \/>\n<meta property=\"og:site_name\" content=\"Super News\" \/>\n<meta property=\"article:published_time\" content=\"2019-08-29T12:56:07+00:00\" \/>\n<meta property=\"article:modified_time\" content=\"2019-08-29T12:56:08+00:00\" \/>\n<meta property=\"og:image\" content=\"https:\/\/super-news.info\/mx\/wp-content\/uploads\/sites\/8\/2019\/08\/El-espacio-god-n-de-M-xico-crecer-20-en-4-a-os.jpeg\" \/>\n\t<meta property=\"og:image:width\" content=\"850\" \/>\n\t<meta property=\"og:image:height\" content=\"368\" \/>\n\t<meta property=\"og:image:type\" content=\"image\/jpeg\" \/>\n<meta name=\"author\" content=\"mx\" \/>\n<meta name=\"twitter:card\" content=\"summary_large_image\" \/>\n<meta name=\"twitter:label1\" content=\"Escrito por\" \/>\n\t<meta name=\"twitter:data1\" content=\"mx\" \/>\n\t<meta name=\"twitter:label2\" content=\"Tiempo de lectura\" \/>\n\t<meta name=\"twitter:data2\" content=\"2 minutos\" \/>\n<script type=\"application\/ld+json\" class=\"yoast-schema-graph\">{\"@context\":\"https:\\\/\\\/schema.org\",\"@graph\":[{\"@type\":\"Article\",\"@id\":\"https:\\\/\\\/super-news.info\\\/mx\\\/el-espacio-godin-de-mexico-crecera-20-en-4-anos-avison-young\\\/#article\",\"isPartOf\":{\"@id\":\"https:\\\/\\\/super-news.info\\\/mx\\\/el-espacio-godin-de-mexico-crecera-20-en-4-anos-avison-young\\\/\"},\"author\":{\"name\":\"mx\",\"@id\":\"https:\\\/\\\/super-news.info\\\/mx\\\/#\\\/schema\\\/person\\\/74b71ca3d407439fd57da2d9c89449ca\"},\"headline\":\"El espacio \u2018god\u00edn\u2019 de M\u00e9xico crecer\u00e1 20% en 4 a\u00f1os: Avison Young\",\"datePublished\":\"2019-08-29T12:56:07+00:00\",\"dateModified\":\"2019-08-29T12:56:08+00:00\",\"mainEntityOfPage\":{\"@id\":\"https:\\\/\\\/super-news.info\\\/mx\\\/el-espacio-godin-de-mexico-crecera-20-en-4-anos-avison-young\\\/\"},\"wordCount\":470,\"commentCount\":0,\"image\":{\"@id\":\"https:\\\/\\\/super-news.info\\\/mx\\\/el-espacio-godin-de-mexico-crecera-20-en-4-anos-avison-young\\\/#primaryimage\"},\"thumbnailUrl\":\"https:\\\/\\\/super-news.info\\\/mx\\\/wp-content\\\/uploads\\\/sites\\\/8\\\/2019\\\/08\\\/El-espacio-god-n-de-M-xico-crecer-20-en-4-a-os.jpeg\",\"articleSection\":[\"NOTICIAS FINANCIERAS\"],\"inLanguage\":\"es\",\"potentialAction\":[{\"@type\":\"CommentAction\",\"name\":\"Comment\",\"target\":[\"https:\\\/\\\/super-news.info\\\/mx\\\/el-espacio-godin-de-mexico-crecera-20-en-4-anos-avison-young\\\/#respond\"]}]},{\"@type\":\"WebPage\",\"@id\":\"https:\\\/\\\/super-news.info\\\/mx\\\/el-espacio-godin-de-mexico-crecera-20-en-4-anos-avison-young\\\/\",\"url\":\"https:\\\/\\\/super-news.info\\\/mx\\\/el-espacio-godin-de-mexico-crecera-20-en-4-anos-avison-young\\\/\",\"name\":\"El espacio \u2018god\u00edn\u2019 de M\u00e9xico crecer\u00e1 20% en 4 a\u00f1os: Avison Young - Super News\",\"isPartOf\":{\"@id\":\"https:\\\/\\\/super-news.info\\\/mx\\\/#website\"},\"primaryImageOfPage\":{\"@id\":\"https:\\\/\\\/super-news.info\\\/mx\\\/el-espacio-godin-de-mexico-crecera-20-en-4-anos-avison-young\\\/#primaryimage\"},\"image\":{\"@id\":\"https:\\\/\\\/super-news.info\\\/mx\\\/el-espacio-godin-de-mexico-crecera-20-en-4-anos-avison-young\\\/#primaryimage\"},\"thumbnailUrl\":\"https:\\\/\\\/super-news.info\\\/mx\\\/wp-content\\\/uploads\\\/sites\\\/8\\\/2019\\\/08\\\/El-espacio-god-n-de-M-xico-crecer-20-en-4-a-os.jpeg\",\"datePublished\":\"2019-08-29T12:56:07+00:00\",\"dateModified\":\"2019-08-29T12:56:08+00:00\",\"author\":{\"@id\":\"https:\\\/\\\/super-news.info\\\/mx\\\/#\\\/schema\\\/person\\\/74b71ca3d407439fd57da2d9c89449ca\"},\"breadcrumb\":{\"@id\":\"https:\\\/\\\/super-news.info\\\/mx\\\/el-espacio-godin-de-mexico-crecera-20-en-4-anos-avison-young\\\/#breadcrumb\"},\"inLanguage\":\"es\",\"potentialAction\":[{\"@type\":\"ReadAction\",\"target\":[\"https:\\\/\\\/super-news.info\\\/mx\\\/el-espacio-godin-de-mexico-crecera-20-en-4-anos-avison-young\\\/\"]}]},{\"@type\":\"ImageObject\",\"inLanguage\":\"es\",\"@id\":\"https:\\\/\\\/super-news.info\\\/mx\\\/el-espacio-godin-de-mexico-crecera-20-en-4-anos-avison-young\\\/#primaryimage\",\"url\":\"https:\\\/\\\/super-news.info\\\/mx\\\/wp-content\\\/uploads\\\/sites\\\/8\\\/2019\\\/08\\\/El-espacio-god-n-de-M-xico-crecer-20-en-4-a-os.jpeg\",\"contentUrl\":\"https:\\\/\\\/super-news.info\\\/mx\\\/wp-content\\\/uploads\\\/sites\\\/8\\\/2019\\\/08\\\/El-espacio-god-n-de-M-xico-crecer-20-en-4-a-os.jpeg\",\"width\":850,\"height\":368,\"caption\":\"El espacio \u2018god\u00edn\u2019 de M\u00e9xico crecer\u00e1 20% en 4 a\u00f1os: Avison Young\"},{\"@type\":\"BreadcrumbList\",\"@id\":\"https:\\\/\\\/super-news.info\\\/mx\\\/el-espacio-godin-de-mexico-crecera-20-en-4-anos-avison-young\\\/#breadcrumb\",\"itemListElement\":[{\"@type\":\"ListItem\",\"position\":1,\"name\":\"Home\",\"item\":\"https:\\\/\\\/super-news.info\\\/mx\\\/\"},{\"@type\":\"ListItem\",\"position\":2,\"name\":\"El espacio \u2018god\u00edn\u2019 de M\u00e9xico crecer\u00e1 20% en 4 a\u00f1os: Avison Young\"}]},{\"@type\":\"WebSite\",\"@id\":\"https:\\\/\\\/super-news.info\\\/mx\\\/#website\",\"url\":\"https:\\\/\\\/super-news.info\\\/mx\\\/\",\"name\":\"Super News\",\"description\":\"Super News Mexico\",\"potentialAction\":[{\"@type\":\"SearchAction\",\"target\":{\"@type\":\"EntryPoint\",\"urlTemplate\":\"https:\\\/\\\/super-news.info\\\/mx\\\/?s={search_term_string}\"},\"query-input\":{\"@type\":\"PropertyValueSpecification\",\"valueRequired\":true,\"valueName\":\"search_term_string\"}}],\"inLanguage\":\"es\"},{\"@type\":\"Person\",\"@id\":\"https:\\\/\\\/super-news.info\\\/mx\\\/#\\\/schema\\\/person\\\/74b71ca3d407439fd57da2d9c89449ca\",\"name\":\"mx\",\"image\":{\"@type\":\"ImageObject\",\"inLanguage\":\"es\",\"@id\":\"https:\\\/\\\/secure.gravatar.com\\\/avatar\\\/6374ac65ff69c362a0ae1303d73d69dcd9bd198d62d9861f054a69aaf82c017b?s=96&d=mm&r=g\",\"url\":\"https:\\\/\\\/secure.gravatar.com\\\/avatar\\\/6374ac65ff69c362a0ae1303d73d69dcd9bd198d62d9861f054a69aaf82c017b?s=96&d=mm&r=g\",\"contentUrl\":\"https:\\\/\\\/secure.gravatar.com\\\/avatar\\\/6374ac65ff69c362a0ae1303d73d69dcd9bd198d62d9861f054a69aaf82c017b?s=96&d=mm&r=g\",\"caption\":\"mx\"},\"url\":\"https:\\\/\\\/super-news.info\\\/mx\\\/author\\\/mx\\\/\"}]}<\/script>\n<!-- \/ Yoast SEO plugin. -->","yoast_head_json":{"title":"El espacio \u2018god\u00edn\u2019 de M\u00e9xico crecer\u00e1 20% en 4 a\u00f1os: Avison Young - Super News","robots":{"index":"index","follow":"follow","max-snippet":"max-snippet:-1","max-image-preview":"max-image-preview:large","max-video-preview":"max-video-preview:-1"},"canonical":"https:\/\/super-news.info\/mx\/el-espacio-godin-de-mexico-crecera-20-en-4-anos-avison-young\/","og_locale":"es_MX","og_type":"article","og_title":"El espacio \u2018god\u00edn\u2019 de M\u00e9xico crecer\u00e1 20% en 4 a\u00f1os: Avison Young - Super News","og_description":"[ad_1] Actualmente, en el pa\u00eds se construyen 2 millones 508 mil metros cuadrados de oficinas, los cuales se entregar\u00e1n durante los pr\u00f3ximos cuatro a\u00f1os. Esta cifra corresponde al 19.5 por ciento del inventario total de oficinas en M\u00e9xico, que asciende a 12 millones 820 mil metros cuadrados al segundo semestre de 2019, seg\u00fan datos de [&hellip;]","og_url":"https:\/\/super-news.info\/mx\/el-espacio-godin-de-mexico-crecera-20-en-4-anos-avison-young\/","og_site_name":"Super News","article_published_time":"2019-08-29T12:56:07+00:00","article_modified_time":"2019-08-29T12:56:08+00:00","og_image":[{"width":850,"height":368,"url":"https:\/\/super-news.info\/mx\/wp-content\/uploads\/sites\/8\/2019\/08\/El-espacio-god-n-de-M-xico-crecer-20-en-4-a-os.jpeg","type":"image\/jpeg"}],"author":"mx","twitter_card":"summary_large_image","twitter_misc":{"Escrito por":"mx","Tiempo de lectura":"2 minutos"},"schema":{"@context":"https:\/\/schema.org","@graph":[{"@type":"Article","@id":"https:\/\/super-news.info\/mx\/el-espacio-godin-de-mexico-crecera-20-en-4-anos-avison-young\/#article","isPartOf":{"@id":"https:\/\/super-news.info\/mx\/el-espacio-godin-de-mexico-crecera-20-en-4-anos-avison-young\/"},"author":{"name":"mx","@id":"https:\/\/super-news.info\/mx\/#\/schema\/person\/74b71ca3d407439fd57da2d9c89449ca"},"headline":"El espacio \u2018god\u00edn\u2019 de M\u00e9xico crecer\u00e1 20% en 4 a\u00f1os: Avison Young","datePublished":"2019-08-29T12:56:07+00:00","dateModified":"2019-08-29T12:56:08+00:00","mainEntityOfPage":{"@id":"https:\/\/super-news.info\/mx\/el-espacio-godin-de-mexico-crecera-20-en-4-anos-avison-young\/"},"wordCount":470,"commentCount":0,"image":{"@id":"https:\/\/super-news.info\/mx\/el-espacio-godin-de-mexico-crecera-20-en-4-anos-avison-young\/#primaryimage"},"thumbnailUrl":"https:\/\/super-news.info\/mx\/wp-content\/uploads\/sites\/8\/2019\/08\/El-espacio-god-n-de-M-xico-crecer-20-en-4-a-os.jpeg","articleSection":["NOTICIAS FINANCIERAS"],"inLanguage":"es","potentialAction":[{"@type":"CommentAction","name":"Comment","target":["https:\/\/super-news.info\/mx\/el-espacio-godin-de-mexico-crecera-20-en-4-anos-avison-young\/#respond"]}]},{"@type":"WebPage","@id":"https:\/\/super-news.info\/mx\/el-espacio-godin-de-mexico-crecera-20-en-4-anos-avison-young\/","url":"https:\/\/super-news.info\/mx\/el-espacio-godin-de-mexico-crecera-20-en-4-anos-avison-young\/","name":"El espacio \u2018god\u00edn\u2019 de M\u00e9xico crecer\u00e1 20% en 4 a\u00f1os: Avison Young - Super News","isPartOf":{"@id":"https:\/\/super-news.info\/mx\/#website"},"primaryImageOfPage":{"@id":"https:\/\/super-news.info\/mx\/el-espacio-godin-de-mexico-crecera-20-en-4-anos-avison-young\/#primaryimage"},"image":{"@id":"https:\/\/super-news.info\/mx\/el-espacio-godin-de-mexico-crecera-20-en-4-anos-avison-young\/#primaryimage"},"thumbnailUrl":"https:\/\/super-news.info\/mx\/wp-content\/uploads\/sites\/8\/2019\/08\/El-espacio-god-n-de-M-xico-crecer-20-en-4-a-os.jpeg","datePublished":"2019-08-29T12:56:07+00:00","dateModified":"2019-08-29T12:56:08+00:00","author":{"@id":"https:\/\/super-news.info\/mx\/#\/schema\/person\/74b71ca3d407439fd57da2d9c89449ca"},"breadcrumb":{"@id":"https:\/\/super-news.info\/mx\/el-espacio-godin-de-mexico-crecera-20-en-4-anos-avison-young\/#breadcrumb"},"inLanguage":"es","potentialAction":[{"@type":"ReadAction","target":["https:\/\/super-news.info\/mx\/el-espacio-godin-de-mexico-crecera-20-en-4-anos-avison-young\/"]}]},{"@type":"ImageObject","inLanguage":"es","@id":"https:\/\/super-news.info\/mx\/el-espacio-godin-de-mexico-crecera-20-en-4-anos-avison-young\/#primaryimage","url":"https:\/\/super-news.info\/mx\/wp-content\/uploads\/sites\/8\/2019\/08\/El-espacio-god-n-de-M-xico-crecer-20-en-4-a-os.jpeg","contentUrl":"https:\/\/super-news.info\/mx\/wp-content\/uploads\/sites\/8\/2019\/08\/El-espacio-god-n-de-M-xico-crecer-20-en-4-a-os.jpeg","width":850,"height":368,"caption":"El espacio \u2018god\u00edn\u2019 de M\u00e9xico crecer\u00e1 20% en 4 a\u00f1os: Avison Young"},{"@type":"BreadcrumbList","@id":"https:\/\/super-news.info\/mx\/el-espacio-godin-de-mexico-crecera-20-en-4-anos-avison-young\/#breadcrumb","itemListElement":[{"@type":"ListItem","position":1,"name":"Home","item":"https:\/\/super-news.info\/mx\/"},{"@type":"ListItem","position":2,"name":"El espacio \u2018god\u00edn\u2019 de M\u00e9xico crecer\u00e1 20% en 4 a\u00f1os: Avison Young"}]},{"@type":"WebSite","@id":"https:\/\/super-news.info\/mx\/#website","url":"https:\/\/super-news.info\/mx\/","name":"Super News","description":"Super News Mexico","potentialAction":[{"@type":"SearchAction","target":{"@type":"EntryPoint","urlTemplate":"https:\/\/super-news.info\/mx\/?s={search_term_string}"},"query-input":{"@type":"PropertyValueSpecification","valueRequired":true,"valueName":"search_term_string"}}],"inLanguage":"es"},{"@type":"Person","@id":"https:\/\/super-news.info\/mx\/#\/schema\/person\/74b71ca3d407439fd57da2d9c89449ca","name":"mx","image":{"@type":"ImageObject","inLanguage":"es","@id":"https:\/\/secure.gravatar.com\/avatar\/6374ac65ff69c362a0ae1303d73d69dcd9bd198d62d9861f054a69aaf82c017b?s=96&d=mm&r=g","url":"https:\/\/secure.gravatar.com\/avatar\/6374ac65ff69c362a0ae1303d73d69dcd9bd198d62d9861f054a69aaf82c017b?s=96&d=mm&r=g","contentUrl":"https:\/\/secure.gravatar.com\/avatar\/6374ac65ff69c362a0ae1303d73d69dcd9bd198d62d9861f054a69aaf82c017b?s=96&d=mm&r=g","caption":"mx"},"url":"https:\/\/super-news.info\/mx\/author\/mx\/"}]}},"_links":{"self":[{"href":"https:\/\/super-news.info\/mx\/wp-json\/wp\/v2\/posts\/3843","targetHints":{"allow":["GET"]}}],"collection":[{"href":"https:\/\/super-news.info\/mx\/wp-json\/wp\/v2\/posts"}],"about":[{"href":"https:\/\/super-news.info\/mx\/wp-json\/wp\/v2\/types\/post"}],"author":[{"embeddable":true,"href":"https:\/\/super-news.info\/mx\/wp-json\/wp\/v2\/users\/3"}],"replies":[{"embeddable":true,"href":"https:\/\/super-news.info\/mx\/wp-json\/wp\/v2\/comments?post=3843"}],"version-history":[{"count":1,"href":"https:\/\/super-news.info\/mx\/wp-json\/wp\/v2\/posts\/3843\/revisions"}],"predecessor-version":[{"id":3845,"href":"https:\/\/super-news.info\/mx\/wp-json\/wp\/v2\/posts\/3843\/revisions\/3845"}],"wp:featuredmedia":[{"embeddable":true,"href":"https:\/\/super-news.info\/mx\/wp-json\/wp\/v2\/media\/3844"}],"wp:attachment":[{"href":"https:\/\/super-news.info\/mx\/wp-json\/wp\/v2\/media?parent=3843"}],"wp:term":[{"taxonomy":"category","embeddable":true,"href":"https:\/\/super-news.info\/mx\/wp-json\/wp\/v2\/categories?post=3843"},{"taxonomy":"post_tag","embeddable":true,"href":"https:\/\/super-news.info\/mx\/wp-json\/wp\/v2\/tags?post=3843"}],"curies":[{"name":"wp","href":"https:\/\/api.w.org\/{rel}","templated":true}]}}