{"id":3827,"date":"2019-08-28T16:34:51","date_gmt":"2019-08-28T16:34:51","guid":{"rendered":"https:\/\/super-news.info\/mx\/podra-el-presidente-cumplir-su-promesa-de-no-aumentar-la-deuda\/"},"modified":"2019-08-28T16:34:52","modified_gmt":"2019-08-28T16:34:52","slug":"podra-el-presidente-cumplir-su-promesa-de-no-aumentar-la-deuda","status":"publish","type":"post","link":"https:\/\/super-news.info\/mx\/podra-el-presidente-cumplir-su-promesa-de-no-aumentar-la-deuda\/","title":{"rendered":"\u00bfPodr\u00e1 el Presidente cumplir su promesa de no aumentar la Deuda?"},"content":{"rendered":"<p> [ad_1]<br \/>\n<\/p>\n<div class=\"image__block -side\">\n<figure><\/figure>\n<p><span class=\"element__footer\">Marco P\u00e9rez Valtier<\/span><span class=\"element__credit\">Fuente: F\u00e9lix V\u00e1squez<\/span><\/div>\n<p class=\"paragraph\" data-count=\"250\" data-wrap=\"44\">Ya empiezan a escucharse por la radio los promocionales con la voz del<strong> presidente L\u00f3pez Obrador,<\/strong> donde afirma que es un hombre de palabra y que est\u00e1 cumpliendo sus promesas de campa\u00f1a, entre las que incluye el no haber aumentado m\u00e1s la deuda p\u00fablica.<\/p>\n<p class=\"paragraph\" data-count=\"275\" data-wrap=\"46\">Sin embargo, esta promesa NO implica que la contrataci\u00f3n de nueva deuda sea de CERO PESOS, sino que el crecimiento del<strong> endeudamiento gubernamental<\/strong>, NO supere al que tendr\u00e1 el Producto Interno Bruto, (PIB) de tal suerte que la Deuda, como porcentaje del PIB, no se incremente.<\/p>\n<p class=\"paragraph\" data-count=\"368\" data-wrap=\"60\">De hecho, en la Ley de Ingresos de la Federaci\u00f3n (LIF) aprobada por el Congreso para el presente a\u00f1o, se contemplan ingresos por financiamientos del orden de los $539.9 miles de millones de pesos, necesarios para<strong> sufragar el Gasto Presupuestal, <\/strong>ya que los ingresos propios ser\u00e1n insuficientes en ese monto, para cubrir el Presupuesto de Egresos de la Federaci\u00f3n (PEF).<\/p>\n<p class=\"paragraph\" data-count=\"430\" data-wrap=\"72\">Sin embargo, si a ese monto le sumamos los financiamientos adicionales que requiere el Gobierno Federal, para sufragar sus compromisos de gasto extra presupuestales, que NO se incluyen en el PEF, se tiene entonces que la autorizaci\u00f3n para contratar m\u00e1s deuda, que el <strong>Ejecutivo Federal solicita al Poder Legislativo<\/strong>, se eleva a la cantidad de $730.5 miles de millones de pesos, seg\u00fan lo detalla el art\u00edculo 2 de la ya referida LIF.<\/p>\n<p class=\"paragraph\" data-count=\"178\" data-wrap=\"30\">De ese monto de mayor deuda solicitada, $598,000 millones de pesos ser\u00e1n para al Gobierno Federal, $112,800 millones de pesos para <strong>Pemex<\/strong>, y $19,700 millones de pesos para la <strong>CFE<\/strong>.<\/p>\n<p class=\"paragraph\" data-count=\"397\" data-wrap=\"72\">Ahora bien, si consideramos que al cierre del a\u00f1o pasado la Deuda del Sector P\u00fablico Federal sum\u00f3 la cantidad de<strong> $11,019.2 miles de millones de pesos<\/strong>, y el PIB nominal cerr\u00f3 en $23,552.5 miles de millones de pesos, entonces se tiene que el cociente de deuda a PIB fue de 46.8 por ciento, cociente que se debe mantener, para cumplir con la promesa de campa\u00f1a de no incrementar m\u00e1s la deuda p\u00fablica.<\/p>\n<p class=\"paragraph\" data-count=\"382\" data-wrap=\"63\">Sin embargo, si consideramos el PIB nominal contemplado en el documento de <strong>Criterios Generales de Pol\u00edtica Econ\u00f3mica<\/strong> para 2019, el cual ascender\u00eda a $24,942.1 miles de millones de pesos, el 46.8 por ciento equivale a $11,672.9 miles de millones de pesos, por lo que la Deuda adicional a contratar en 2019 estar\u00eda topada en $653.7 miles de millones de pesos. ($11,672.9 &#8211; $11,019.2).<\/p>\n<p class=\"paragraph\" data-count=\"369\" data-wrap=\"60\">De salida, seg\u00fan podemos deducir, si solicitan al Congreso autorizaci\u00f3n para contratar m\u00e1s deuda por $730.5 miles de millones de pesos, esa cantidad elevar\u00eda la deuda gubernamental a los $11,749.7 miles de millones de pesos, cantidad equivalente al 47.1 por ciento del PIB, superando el 46.8 por ciento del PIB nominal esperado, y no se cumplir\u00eda la promesa de campa\u00f1a.<\/p>\n<p class=\"paragraph\" data-count=\"345\" data-wrap=\"61\">No obstante la solicitud de mayor deuda que se present\u00f3 al Congreso de la Uni\u00f3n representaba un aumento de la deuda como proporci\u00f3n del PIB, la<strong> situaci\u00f3n actualmente es a\u00fan peor,<\/strong> ya que ni por error la econom\u00eda crecer\u00e1 al 2 por ciento originalmente esperado, ni tampoco al 1.1 por ciento que es la nueva meta planteada recientemente por la SHCP.<\/p>\n<p class=\"paragraph\" data-count=\"357\" data-wrap=\"64\">Incluso aceptando que fue CERO el crecimiento del PIB al segundo trimestre, seg\u00fan lo report\u00f3 el INEGI, resulta que esta cifra es inveros\u00edmil, ya que el PIB NOMINAL creci\u00f3 3 por ciento, lo que implica que el deflactor fue tambi\u00e9n de 3 por ciento, inflaci\u00f3n poco cre\u00edble ya que el \u00cdndice de Precios al Consumidor fue 27 por ciento superior, de 3.8 por ciento.<\/p>\n<p class=\"paragraph\" data-count=\"260\" data-wrap=\"41\">Entonces, lo que seguramente tendremos ser\u00e1 un PIB NOMINAL muy inferior al contemplado en las proyecciones gubernamentales originales, que si somos optimistas, <strong>crecer\u00e1 en un 0.5 por ciento anual<\/strong>, mientras que el deflactor del PIB rondar\u00e1 por el 3.5 por ciento.<\/p>\n<p class=\"paragraph\" data-count=\"465\" data-wrap=\"81\">Es decir, el PIB Nominal para 2019 se ubicar\u00e1 muy probablemente sobre los $24.5 Billones de pesos corrientes, lo que implica que para cumplir con la promesa de no m\u00e1s deuda, y mantenerla en el<strong> 46.8 por ciento del PIB,<\/strong> \u00e9sta deber\u00eda ser no mayor a los $11,464 miles de millones de pesos, es decir, solo deber\u00eda aumentar en $445 mil millones de pesos, ($285 mmp menos a los solicitados) ingresos insuficientes ni siquiera para sufragar el d\u00e9ficit del Gobierno Federal.<\/p>\n<p class=\"paragraph\" data-count=\"79\" data-wrap=\"12\">Le sugerir\u00eda al Presidente, revisar lo m\u00e1s pronto posible su spot publicitario.<\/p>\n<p class=\"paragraph\" data-count=\"146\" data-wrap=\"23\"><em>El autor es especialista en estudios econ\u00f3micos y de finanzas p\u00fablicas. Actualmente ocupa el cargo de Socio Econom\u00eda en P\u00e9rez G\u00f3ngora y Asociados.<\/em><\/p>\n<p class=\"paragraph\" data-count=\"37\" data-wrap=\"3\">Opine usted: mperezv@perezgongora.com<\/p>\n<p class=\"paragraph\" data-count=\"178\" data-wrap=\"27\"><strong>Esta es una columna de opini\u00f3n. Las expresiones aqu\u00ed vertidas son responsabilidad \u00fanicamente de quien la firma y no necesariamente reflejan la postura editorial de El Financiero.<\/strong><\/p>\n<p>[ad_2]<br \/>\n<br \/><a href=\"https:\/\/www.elfinanciero.com.mx\/rss\/monterrey\/podra-el-presidente-cumplir-su-promesa-de-no-aumentar-la-deuda\">Source link <\/a><\/p>\n","protected":false},"excerpt":{"rendered":"<p>[ad_1] Marco P\u00e9rez ValtierFuente: F\u00e9lix V\u00e1squez Ya empiezan a escucharse por la radio los promocionales con la voz del presidente L\u00f3pez Obrador, donde afirma que es un hombre de palabra y que est\u00e1 cumpliendo sus promesas de campa\u00f1a, entre las que incluye el no haber aumentado m\u00e1s la deuda p\u00fablica. Sin embargo, esta promesa NO [&hellip;]<\/p>\n","protected":false},"author":3,"featured_media":353,"comment_status":"open","ping_status":"open","sticky":false,"template":"","format":"standard","meta":{"footnotes":""},"categories":[1],"tags":[],"class_list":["post-3827","post","type-post","status-publish","format-standard","has-post-thumbnail","hentry","category-noticias-financieras"],"yoast_head":"<!-- This site is optimized with the Yoast SEO plugin v27.4 - https:\/\/yoast.com\/product\/yoast-seo-wordpress\/ -->\n<title>\u00bfPodr\u00e1 el Presidente cumplir su promesa de no aumentar la Deuda? - Super News<\/title>\n<meta name=\"robots\" content=\"index, follow, max-snippet:-1, max-image-preview:large, max-video-preview:-1\" \/>\n<link rel=\"canonical\" href=\"https:\/\/super-news.info\/mx\/podra-el-presidente-cumplir-su-promesa-de-no-aumentar-la-deuda\/\" \/>\n<meta property=\"og:locale\" content=\"es_MX\" \/>\n<meta property=\"og:type\" content=\"article\" \/>\n<meta property=\"og:title\" content=\"\u00bfPodr\u00e1 el Presidente cumplir su promesa de no aumentar la Deuda? - Super News\" \/>\n<meta property=\"og:description\" content=\"[ad_1] Marco P\u00e9rez ValtierFuente: F\u00e9lix V\u00e1squez Ya empiezan a escucharse por la radio los promocionales con la voz del presidente L\u00f3pez Obrador, donde afirma que es un hombre de palabra y que est\u00e1 cumpliendo sus promesas de campa\u00f1a, entre las que incluye el no haber aumentado m\u00e1s la deuda p\u00fablica. Sin embargo, esta promesa NO [&hellip;]\" \/>\n<meta property=\"og:url\" content=\"https:\/\/super-news.info\/mx\/podra-el-presidente-cumplir-su-promesa-de-no-aumentar-la-deuda\/\" \/>\n<meta property=\"og:site_name\" content=\"Super News\" \/>\n<meta property=\"article:published_time\" content=\"2019-08-28T16:34:51+00:00\" \/>\n<meta property=\"article:modified_time\" content=\"2019-08-28T16:34:52+00:00\" \/>\n<meta property=\"og:image\" content=\"https:\/\/super-news.info\/mx\/wp-content\/uploads\/sites\/8\/2019\/05\/El-combate-al-huachicol-no-se-refleja-en-las-finanzas.jpeg\" \/>\n\t<meta property=\"og:image:width\" content=\"1776\" \/>\n\t<meta property=\"og:image:height\" content=\"1000\" \/>\n\t<meta property=\"og:image:type\" content=\"image\/jpeg\" \/>\n<meta name=\"author\" content=\"mx\" \/>\n<meta name=\"twitter:card\" content=\"summary_large_image\" \/>\n<meta name=\"twitter:label1\" content=\"Escrito por\" \/>\n\t<meta name=\"twitter:data1\" content=\"mx\" \/>\n\t<meta name=\"twitter:label2\" content=\"Tiempo de lectura\" \/>\n\t<meta name=\"twitter:data2\" content=\"4 minutos\" \/>\n<script type=\"application\/ld+json\" class=\"yoast-schema-graph\">{\"@context\":\"https:\\\/\\\/schema.org\",\"@graph\":[{\"@type\":\"Article\",\"@id\":\"https:\\\/\\\/super-news.info\\\/mx\\\/podra-el-presidente-cumplir-su-promesa-de-no-aumentar-la-deuda\\\/#article\",\"isPartOf\":{\"@id\":\"https:\\\/\\\/super-news.info\\\/mx\\\/podra-el-presidente-cumplir-su-promesa-de-no-aumentar-la-deuda\\\/\"},\"author\":{\"name\":\"mx\",\"@id\":\"https:\\\/\\\/super-news.info\\\/mx\\\/#\\\/schema\\\/person\\\/74b71ca3d407439fd57da2d9c89449ca\"},\"headline\":\"\u00bfPodr\u00e1 el Presidente cumplir su promesa de no aumentar la Deuda?\",\"datePublished\":\"2019-08-28T16:34:51+00:00\",\"dateModified\":\"2019-08-28T16:34:52+00:00\",\"mainEntityOfPage\":{\"@id\":\"https:\\\/\\\/super-news.info\\\/mx\\\/podra-el-presidente-cumplir-su-promesa-de-no-aumentar-la-deuda\\\/\"},\"wordCount\":801,\"commentCount\":0,\"image\":{\"@id\":\"https:\\\/\\\/super-news.info\\\/mx\\\/podra-el-presidente-cumplir-su-promesa-de-no-aumentar-la-deuda\\\/#primaryimage\"},\"thumbnailUrl\":\"https:\\\/\\\/super-news.info\\\/mx\\\/wp-content\\\/uploads\\\/sites\\\/8\\\/2019\\\/05\\\/El-combate-al-huachicol-no-se-refleja-en-las-finanzas.jpeg\",\"articleSection\":[\"NOTICIAS FINANCIERAS\"],\"inLanguage\":\"es\",\"potentialAction\":[{\"@type\":\"CommentAction\",\"name\":\"Comment\",\"target\":[\"https:\\\/\\\/super-news.info\\\/mx\\\/podra-el-presidente-cumplir-su-promesa-de-no-aumentar-la-deuda\\\/#respond\"]}]},{\"@type\":\"WebPage\",\"@id\":\"https:\\\/\\\/super-news.info\\\/mx\\\/podra-el-presidente-cumplir-su-promesa-de-no-aumentar-la-deuda\\\/\",\"url\":\"https:\\\/\\\/super-news.info\\\/mx\\\/podra-el-presidente-cumplir-su-promesa-de-no-aumentar-la-deuda\\\/\",\"name\":\"\u00bfPodr\u00e1 el Presidente cumplir su promesa de no aumentar la Deuda? - Super News\",\"isPartOf\":{\"@id\":\"https:\\\/\\\/super-news.info\\\/mx\\\/#website\"},\"primaryImageOfPage\":{\"@id\":\"https:\\\/\\\/super-news.info\\\/mx\\\/podra-el-presidente-cumplir-su-promesa-de-no-aumentar-la-deuda\\\/#primaryimage\"},\"image\":{\"@id\":\"https:\\\/\\\/super-news.info\\\/mx\\\/podra-el-presidente-cumplir-su-promesa-de-no-aumentar-la-deuda\\\/#primaryimage\"},\"thumbnailUrl\":\"https:\\\/\\\/super-news.info\\\/mx\\\/wp-content\\\/uploads\\\/sites\\\/8\\\/2019\\\/05\\\/El-combate-al-huachicol-no-se-refleja-en-las-finanzas.jpeg\",\"datePublished\":\"2019-08-28T16:34:51+00:00\",\"dateModified\":\"2019-08-28T16:34:52+00:00\",\"author\":{\"@id\":\"https:\\\/\\\/super-news.info\\\/mx\\\/#\\\/schema\\\/person\\\/74b71ca3d407439fd57da2d9c89449ca\"},\"breadcrumb\":{\"@id\":\"https:\\\/\\\/super-news.info\\\/mx\\\/podra-el-presidente-cumplir-su-promesa-de-no-aumentar-la-deuda\\\/#breadcrumb\"},\"inLanguage\":\"es\",\"potentialAction\":[{\"@type\":\"ReadAction\",\"target\":[\"https:\\\/\\\/super-news.info\\\/mx\\\/podra-el-presidente-cumplir-su-promesa-de-no-aumentar-la-deuda\\\/\"]}]},{\"@type\":\"ImageObject\",\"inLanguage\":\"es\",\"@id\":\"https:\\\/\\\/super-news.info\\\/mx\\\/podra-el-presidente-cumplir-su-promesa-de-no-aumentar-la-deuda\\\/#primaryimage\",\"url\":\"https:\\\/\\\/super-news.info\\\/mx\\\/wp-content\\\/uploads\\\/sites\\\/8\\\/2019\\\/05\\\/El-combate-al-huachicol-no-se-refleja-en-las-finanzas.jpeg\",\"contentUrl\":\"https:\\\/\\\/super-news.info\\\/mx\\\/wp-content\\\/uploads\\\/sites\\\/8\\\/2019\\\/05\\\/El-combate-al-huachicol-no-se-refleja-en-las-finanzas.jpeg\",\"width\":1776,\"height\":1000,\"caption\":\"Marco P\u00e9rez Valtier\"},{\"@type\":\"BreadcrumbList\",\"@id\":\"https:\\\/\\\/super-news.info\\\/mx\\\/podra-el-presidente-cumplir-su-promesa-de-no-aumentar-la-deuda\\\/#breadcrumb\",\"itemListElement\":[{\"@type\":\"ListItem\",\"position\":1,\"name\":\"Home\",\"item\":\"https:\\\/\\\/super-news.info\\\/mx\\\/\"},{\"@type\":\"ListItem\",\"position\":2,\"name\":\"\u00bfPodr\u00e1 el Presidente cumplir su promesa de no aumentar la Deuda?\"}]},{\"@type\":\"WebSite\",\"@id\":\"https:\\\/\\\/super-news.info\\\/mx\\\/#website\",\"url\":\"https:\\\/\\\/super-news.info\\\/mx\\\/\",\"name\":\"Super News\",\"description\":\"Super News Mexico\",\"potentialAction\":[{\"@type\":\"SearchAction\",\"target\":{\"@type\":\"EntryPoint\",\"urlTemplate\":\"https:\\\/\\\/super-news.info\\\/mx\\\/?s={search_term_string}\"},\"query-input\":{\"@type\":\"PropertyValueSpecification\",\"valueRequired\":true,\"valueName\":\"search_term_string\"}}],\"inLanguage\":\"es\"},{\"@type\":\"Person\",\"@id\":\"https:\\\/\\\/super-news.info\\\/mx\\\/#\\\/schema\\\/person\\\/74b71ca3d407439fd57da2d9c89449ca\",\"name\":\"mx\",\"image\":{\"@type\":\"ImageObject\",\"inLanguage\":\"es\",\"@id\":\"https:\\\/\\\/secure.gravatar.com\\\/avatar\\\/6374ac65ff69c362a0ae1303d73d69dcd9bd198d62d9861f054a69aaf82c017b?s=96&d=mm&r=g\",\"url\":\"https:\\\/\\\/secure.gravatar.com\\\/avatar\\\/6374ac65ff69c362a0ae1303d73d69dcd9bd198d62d9861f054a69aaf82c017b?s=96&d=mm&r=g\",\"contentUrl\":\"https:\\\/\\\/secure.gravatar.com\\\/avatar\\\/6374ac65ff69c362a0ae1303d73d69dcd9bd198d62d9861f054a69aaf82c017b?s=96&d=mm&r=g\",\"caption\":\"mx\"},\"url\":\"https:\\\/\\\/super-news.info\\\/mx\\\/author\\\/mx\\\/\"}]}<\/script>\n<!-- \/ Yoast SEO plugin. -->","yoast_head_json":{"title":"\u00bfPodr\u00e1 el Presidente cumplir su promesa de no aumentar la Deuda? - Super News","robots":{"index":"index","follow":"follow","max-snippet":"max-snippet:-1","max-image-preview":"max-image-preview:large","max-video-preview":"max-video-preview:-1"},"canonical":"https:\/\/super-news.info\/mx\/podra-el-presidente-cumplir-su-promesa-de-no-aumentar-la-deuda\/","og_locale":"es_MX","og_type":"article","og_title":"\u00bfPodr\u00e1 el Presidente cumplir su promesa de no aumentar la Deuda? - Super News","og_description":"[ad_1] Marco P\u00e9rez ValtierFuente: F\u00e9lix V\u00e1squez Ya empiezan a escucharse por la radio los promocionales con la voz del presidente L\u00f3pez Obrador, donde afirma que es un hombre de palabra y que est\u00e1 cumpliendo sus promesas de campa\u00f1a, entre las que incluye el no haber aumentado m\u00e1s la deuda p\u00fablica. Sin embargo, esta promesa NO [&hellip;]","og_url":"https:\/\/super-news.info\/mx\/podra-el-presidente-cumplir-su-promesa-de-no-aumentar-la-deuda\/","og_site_name":"Super News","article_published_time":"2019-08-28T16:34:51+00:00","article_modified_time":"2019-08-28T16:34:52+00:00","og_image":[{"width":1776,"height":1000,"url":"https:\/\/super-news.info\/mx\/wp-content\/uploads\/sites\/8\/2019\/05\/El-combate-al-huachicol-no-se-refleja-en-las-finanzas.jpeg","type":"image\/jpeg"}],"author":"mx","twitter_card":"summary_large_image","twitter_misc":{"Escrito por":"mx","Tiempo de lectura":"4 minutos"},"schema":{"@context":"https:\/\/schema.org","@graph":[{"@type":"Article","@id":"https:\/\/super-news.info\/mx\/podra-el-presidente-cumplir-su-promesa-de-no-aumentar-la-deuda\/#article","isPartOf":{"@id":"https:\/\/super-news.info\/mx\/podra-el-presidente-cumplir-su-promesa-de-no-aumentar-la-deuda\/"},"author":{"name":"mx","@id":"https:\/\/super-news.info\/mx\/#\/schema\/person\/74b71ca3d407439fd57da2d9c89449ca"},"headline":"\u00bfPodr\u00e1 el Presidente cumplir su promesa de no aumentar la Deuda?","datePublished":"2019-08-28T16:34:51+00:00","dateModified":"2019-08-28T16:34:52+00:00","mainEntityOfPage":{"@id":"https:\/\/super-news.info\/mx\/podra-el-presidente-cumplir-su-promesa-de-no-aumentar-la-deuda\/"},"wordCount":801,"commentCount":0,"image":{"@id":"https:\/\/super-news.info\/mx\/podra-el-presidente-cumplir-su-promesa-de-no-aumentar-la-deuda\/#primaryimage"},"thumbnailUrl":"https:\/\/super-news.info\/mx\/wp-content\/uploads\/sites\/8\/2019\/05\/El-combate-al-huachicol-no-se-refleja-en-las-finanzas.jpeg","articleSection":["NOTICIAS FINANCIERAS"],"inLanguage":"es","potentialAction":[{"@type":"CommentAction","name":"Comment","target":["https:\/\/super-news.info\/mx\/podra-el-presidente-cumplir-su-promesa-de-no-aumentar-la-deuda\/#respond"]}]},{"@type":"WebPage","@id":"https:\/\/super-news.info\/mx\/podra-el-presidente-cumplir-su-promesa-de-no-aumentar-la-deuda\/","url":"https:\/\/super-news.info\/mx\/podra-el-presidente-cumplir-su-promesa-de-no-aumentar-la-deuda\/","name":"\u00bfPodr\u00e1 el Presidente cumplir su promesa de no aumentar la Deuda? - Super News","isPartOf":{"@id":"https:\/\/super-news.info\/mx\/#website"},"primaryImageOfPage":{"@id":"https:\/\/super-news.info\/mx\/podra-el-presidente-cumplir-su-promesa-de-no-aumentar-la-deuda\/#primaryimage"},"image":{"@id":"https:\/\/super-news.info\/mx\/podra-el-presidente-cumplir-su-promesa-de-no-aumentar-la-deuda\/#primaryimage"},"thumbnailUrl":"https:\/\/super-news.info\/mx\/wp-content\/uploads\/sites\/8\/2019\/05\/El-combate-al-huachicol-no-se-refleja-en-las-finanzas.jpeg","datePublished":"2019-08-28T16:34:51+00:00","dateModified":"2019-08-28T16:34:52+00:00","author":{"@id":"https:\/\/super-news.info\/mx\/#\/schema\/person\/74b71ca3d407439fd57da2d9c89449ca"},"breadcrumb":{"@id":"https:\/\/super-news.info\/mx\/podra-el-presidente-cumplir-su-promesa-de-no-aumentar-la-deuda\/#breadcrumb"},"inLanguage":"es","potentialAction":[{"@type":"ReadAction","target":["https:\/\/super-news.info\/mx\/podra-el-presidente-cumplir-su-promesa-de-no-aumentar-la-deuda\/"]}]},{"@type":"ImageObject","inLanguage":"es","@id":"https:\/\/super-news.info\/mx\/podra-el-presidente-cumplir-su-promesa-de-no-aumentar-la-deuda\/#primaryimage","url":"https:\/\/super-news.info\/mx\/wp-content\/uploads\/sites\/8\/2019\/05\/El-combate-al-huachicol-no-se-refleja-en-las-finanzas.jpeg","contentUrl":"https:\/\/super-news.info\/mx\/wp-content\/uploads\/sites\/8\/2019\/05\/El-combate-al-huachicol-no-se-refleja-en-las-finanzas.jpeg","width":1776,"height":1000,"caption":"Marco P\u00e9rez Valtier"},{"@type":"BreadcrumbList","@id":"https:\/\/super-news.info\/mx\/podra-el-presidente-cumplir-su-promesa-de-no-aumentar-la-deuda\/#breadcrumb","itemListElement":[{"@type":"ListItem","position":1,"name":"Home","item":"https:\/\/super-news.info\/mx\/"},{"@type":"ListItem","position":2,"name":"\u00bfPodr\u00e1 el Presidente cumplir su promesa de no aumentar la Deuda?"}]},{"@type":"WebSite","@id":"https:\/\/super-news.info\/mx\/#website","url":"https:\/\/super-news.info\/mx\/","name":"Super News","description":"Super News Mexico","potentialAction":[{"@type":"SearchAction","target":{"@type":"EntryPoint","urlTemplate":"https:\/\/super-news.info\/mx\/?s={search_term_string}"},"query-input":{"@type":"PropertyValueSpecification","valueRequired":true,"valueName":"search_term_string"}}],"inLanguage":"es"},{"@type":"Person","@id":"https:\/\/super-news.info\/mx\/#\/schema\/person\/74b71ca3d407439fd57da2d9c89449ca","name":"mx","image":{"@type":"ImageObject","inLanguage":"es","@id":"https:\/\/secure.gravatar.com\/avatar\/6374ac65ff69c362a0ae1303d73d69dcd9bd198d62d9861f054a69aaf82c017b?s=96&d=mm&r=g","url":"https:\/\/secure.gravatar.com\/avatar\/6374ac65ff69c362a0ae1303d73d69dcd9bd198d62d9861f054a69aaf82c017b?s=96&d=mm&r=g","contentUrl":"https:\/\/secure.gravatar.com\/avatar\/6374ac65ff69c362a0ae1303d73d69dcd9bd198d62d9861f054a69aaf82c017b?s=96&d=mm&r=g","caption":"mx"},"url":"https:\/\/super-news.info\/mx\/author\/mx\/"}]}},"_links":{"self":[{"href":"https:\/\/super-news.info\/mx\/wp-json\/wp\/v2\/posts\/3827","targetHints":{"allow":["GET"]}}],"collection":[{"href":"https:\/\/super-news.info\/mx\/wp-json\/wp\/v2\/posts"}],"about":[{"href":"https:\/\/super-news.info\/mx\/wp-json\/wp\/v2\/types\/post"}],"author":[{"embeddable":true,"href":"https:\/\/super-news.info\/mx\/wp-json\/wp\/v2\/users\/3"}],"replies":[{"embeddable":true,"href":"https:\/\/super-news.info\/mx\/wp-json\/wp\/v2\/comments?post=3827"}],"version-history":[{"count":1,"href":"https:\/\/super-news.info\/mx\/wp-json\/wp\/v2\/posts\/3827\/revisions"}],"predecessor-version":[{"id":3828,"href":"https:\/\/super-news.info\/mx\/wp-json\/wp\/v2\/posts\/3827\/revisions\/3828"}],"wp:featuredmedia":[{"embeddable":true,"href":"https:\/\/super-news.info\/mx\/wp-json\/wp\/v2\/media\/353"}],"wp:attachment":[{"href":"https:\/\/super-news.info\/mx\/wp-json\/wp\/v2\/media?parent=3827"}],"wp:term":[{"taxonomy":"category","embeddable":true,"href":"https:\/\/super-news.info\/mx\/wp-json\/wp\/v2\/categories?post=3827"},{"taxonomy":"post_tag","embeddable":true,"href":"https:\/\/super-news.info\/mx\/wp-json\/wp\/v2\/tags?post=3827"}],"curies":[{"name":"wp","href":"https:\/\/api.w.org\/{rel}","templated":true}]}}