{"id":3819,"date":"2019-08-28T14:53:18","date_gmt":"2019-08-28T14:53:18","guid":{"rendered":"https:\/\/super-news.info\/mx\/por-que-nos-cuesta-tanto-comprometernos\/"},"modified":"2019-08-28T14:53:19","modified_gmt":"2019-08-28T14:53:19","slug":"por-que-nos-cuesta-tanto-comprometernos","status":"publish","type":"post","link":"https:\/\/super-news.info\/mx\/por-que-nos-cuesta-tanto-comprometernos\/","title":{"rendered":"\u00bfPor qu\u00e9 nos cuesta tanto comprometernos?"},"content":{"rendered":"<p> [ad_1]<br \/>\n<\/p>\n<div class=\"image__block -side\">\n<figure><\/figure>\n<p><span class=\"element__footer\">Alejandro Zertuche Fuente<\/span><span class=\"element__credit\">Fuente: Cortes\u00eda<\/span><\/div>\n<p class=\"paragraph\" data-count=\"164\" data-wrap=\"26\">Estamos enfrascados en conflictos que nosotros mismos, creamos y no nos comprometemos a  participar de forma activa en la soluci\u00f3n<strong> \u00bfQu\u00e9 estamos dejando de atender?.<\/strong><\/p>\n<p class=\"paragraph\" data-count=\"429\" data-wrap=\"71\">Un compromiso incluye acci\u00f3n y con ella el dedicarle energ\u00eda a algo que lo requiere. Hoy podemos observar que tener compromiso est\u00e1 ausente en diferentes \u00e1mbitos tales como nuestra vida personal, el trabajo, en lo social y por supuesto en nuestro rol como seres humanos que habitamos este planeta. Tenemos <strong>agendas llenas<\/strong> de supuestos compromisos y no nos damos cuenta que estamos dedic\u00e1ndole energ\u00eda a cosas que no valen la pena.<\/p>\n<p class=\"paragraph\" data-count=\"330\" data-wrap=\"55\">El reto que tenemos frente a nosotros es el de comprometernos de forma consciente. Cuando uno lo hace conscientemente, se crea una conexi\u00f3n con el significado que gener\u00f3 el compromiso m\u00e1s que con el compromiso mismo. Esto permite hacerlo parte de nosotros y por lo tanto vivirlo sin necesidad de administrarlo o tener que hacerlo.<\/p>\n<p class=\"paragraph\" data-count=\"333\" data-wrap=\"58\">En la actualidad hay poco compromiso en los empleados, en los l\u00edderes, en las <strong>relaciones de pareja o de amistad,<\/strong> en nuestro rol como ciudadanos, en los pol\u00edticos e inclusive con nosotros mismos. Se podr\u00eda decir que vivimos alejados de la realidad y que por ende, nos mantiene al margen de la oportunidad de vivir de forma consciente.<\/p>\n<p class=\"paragraph\" data-count=\"382\" data-wrap=\"59\">Ante un mundo en constante movimiento que parece que no nos permite comprometernos al 100 por ciento <strong>\u00bfQu\u00e9 necesitamos para detenernos y darnos cuenta de lo que estamos experimentando como seres humanos?<\/strong> \u00bfAcaso requerimos seguir viviendo en crisis o tragedias para poder observarlo? \u00bfPor qu\u00e9 nos alejamos tan f\u00e1cilmente de la realidad y soltamos nuestra responsabilidad por la misma?<\/p>\n<p class=\"paragraph\" data-count=\"362\" data-wrap=\"58\">Cuando estamos conscientes (presentes), se detonan la curiosidad, la compasi\u00f3n y el coraje; lo que nos permite estar en estado de co-creaci\u00f3n.  Cuando estamos en <strong>forma inconsciente<\/strong> (ausentes) viene el miedo, enojo y la ignorancia que nos llevan a culpar a los dem\u00e1s, terminando en la destrucci\u00f3n de posibilidades y distra\u00eddos de lo que realmente est\u00e1 sucediendo.<\/p>\n<p class=\"paragraph\" data-count=\"278\" data-wrap=\"50\">Nos es m\u00e1s f\u00e1cil no hacer nada, as\u00ed la culpa contin\u00faa siendo de otro. Nos gusta mucho culpar a los otros de todos nuestros problemas. Terminamos culpando a un pol\u00edtico, al jefe, al cliente, a un empleado, al amigo o la pareja y al final<strong> \u00bfEn d\u00f3nde queda nuestra responsabilidad?.<\/strong><\/p>\n<p class=\"paragraph\" data-count=\"495\" data-wrap=\"78\">Estar conscientes nos permite darnos cuenta de lo que hay detr\u00e1s de lo que estamos sintiendo y experimentando. Nos permite  despertar para observar desde d\u00f3nde estamos creando esa realidad y asumir nuestra responsabilidad. Estar despiertos nos habilita para aprender a observarnos en autoreferencia y conectar con nosotros mismos y con lo que nos rodea. Nos abre las posibilidades de comprometernos m\u00e1s all\u00e1 de lo que pensamos y creemos. Desde un estado de consciencia el compromiso es libertad.<\/p>\n<p class=\"paragraph\" data-count=\"398\" data-wrap=\"63\">Hoy existen diferentes formas de practicar un estado consciente. Desde las meditaciones y la inteligencia emocional hasta el yoga. Hay lecturas de cientos de libros e inclusive practicas tan antiguas y universales como el K\u00e1bbalah. Tenemos mucho de donde aprender en videos y cursos en l\u00ednea gratuitos para practicarla, pero seguimos muy ocupados y ciclados creando una y otra vez las mismas cosas.<\/p>\n<p class=\"paragraph\" data-count=\"350\" data-wrap=\"56\">Estamos en una era de la consciencia gracias al pasado cargado de inconsciencia. Hemos perdido la <strong>br\u00fajula de la evoluci\u00f3n <\/strong>por los intereses del ego. No queremos despertar por miedo a vernos a nosotros mismos. Nos hemos puesto m\u00e1scaras para crear identidades que solo nos separan de las posibilidades de comprometernos como individuos y como sociedad.<\/p>\n<p class=\"paragraph\" data-count=\"552\" data-wrap=\"94\">Estamos m\u00e1s preocupados porque nuestro equipo de f\u00fatbol gane, que por el equilibrio de nuestras vidas. Nos polarizamos para no tener responsabilidad y por lo tanto alejarnos del compromiso. No nos damos cuenta que en <strong>Monterrey <\/strong>no somos regios y en CDMX no son chilangos. Hemos ca\u00eddo en el juego de las denominaciones y la separaci\u00f3n ideol\u00f3gica. Hoy tenemos nuevas generaciones y ya les pusimos nombre en vez de abrirles el paso para llevarlos hacia la madurez y aceptar que ellos nos vienen a recordar que estamos en el mundo para colaborar y co-crear.<\/p>\n<p class=\"paragraph\" data-count=\"218\" data-wrap=\"31\">Estamos dejando de atendernos a nosotros mismos por miedo a descubrirnos. Es momento de preguntarnos \u00bfCu\u00e1ndo decidiremos quitarnos las m\u00e1scaras para comprometernos a vivir en una sociedad m\u00e1s consciente y equilibrada?.<\/p>\n<p class=\"paragraph\" data-count=\"265\" data-wrap=\"42\"><em>El autor es emprendedor por m\u00e1s de 20 a\u00f1os en la industria de la consultor\u00eda y servicios. Hoy es asesor de Liderazgos p\u00fablicos y privados d\u00f3nde implementa el modelo y tecnolog\u00eda propia llamado Liderazgo Convergente. Influencer en temas de consciente e inconsciente.<\/em><\/p>\n<p class=\"paragraph\" data-count=\"36\" data-wrap=\"3\">Opine usted: alejandro@convergent.mx<\/p>\n<p class=\"paragraph\" data-count=\"178\" data-wrap=\"27\"><strong>Esta es una columna de opini\u00f3n. Las expresiones aqu\u00ed vertidas son responsabilidad \u00fanicamente de quien la firma y no necesariamente reflejan la postura editorial de El Financiero.<\/strong><\/p>\n<p>[ad_2]<br \/>\n<br \/><a href=\"https:\/\/www.elfinanciero.com.mx\/rss\/monterrey\/por-que-nos-cuesta-tanto-comprometernos\">Source link <\/a><\/p>\n","protected":false},"excerpt":{"rendered":"<p>[ad_1] Alejandro Zertuche FuenteFuente: Cortes\u00eda Estamos enfrascados en conflictos que nosotros mismos, creamos y no nos comprometemos a participar de forma activa en la soluci\u00f3n \u00bfQu\u00e9 estamos dejando de atender?. Un compromiso incluye acci\u00f3n y con ella el dedicarle energ\u00eda a algo que lo requiere. Hoy podemos observar que tener compromiso est\u00e1 ausente en diferentes [&hellip;]<\/p>\n","protected":false},"author":3,"featured_media":368,"comment_status":"open","ping_status":"open","sticky":false,"template":"","format":"standard","meta":{"footnotes":""},"categories":[1],"tags":[],"class_list":["post-3819","post","type-post","status-publish","format-standard","has-post-thumbnail","hentry","category-noticias-financieras"],"yoast_head":"<!-- This site is optimized with the Yoast SEO plugin v27.4 - https:\/\/yoast.com\/product\/yoast-seo-wordpress\/ -->\n<title>\u00bfPor qu\u00e9 nos cuesta tanto comprometernos? - Super News<\/title>\n<meta name=\"robots\" content=\"index, follow, max-snippet:-1, max-image-preview:large, max-video-preview:-1\" \/>\n<link rel=\"canonical\" href=\"https:\/\/super-news.info\/mx\/por-que-nos-cuesta-tanto-comprometernos\/\" \/>\n<meta property=\"og:locale\" content=\"es_MX\" \/>\n<meta property=\"og:type\" content=\"article\" \/>\n<meta property=\"og:title\" content=\"\u00bfPor qu\u00e9 nos cuesta tanto comprometernos? - Super News\" \/>\n<meta property=\"og:description\" content=\"[ad_1] Alejandro Zertuche FuenteFuente: Cortes\u00eda Estamos enfrascados en conflictos que nosotros mismos, creamos y no nos comprometemos a participar de forma activa en la soluci\u00f3n \u00bfQu\u00e9 estamos dejando de atender?. Un compromiso incluye acci\u00f3n y con ella el dedicarle energ\u00eda a algo que lo requiere. Hoy podemos observar que tener compromiso est\u00e1 ausente en diferentes [&hellip;]\" \/>\n<meta property=\"og:url\" content=\"https:\/\/super-news.info\/mx\/por-que-nos-cuesta-tanto-comprometernos\/\" \/>\n<meta property=\"og:site_name\" content=\"Super News\" \/>\n<meta property=\"article:published_time\" content=\"2019-08-28T14:53:18+00:00\" \/>\n<meta property=\"article:modified_time\" content=\"2019-08-28T14:53:19+00:00\" \/>\n<meta property=\"og:image\" content=\"https:\/\/super-news.info\/mx\/wp-content\/uploads\/sites\/8\/2019\/05\/La-Narrativa-que-nos-debemos-contar.jpeg\" \/>\n\t<meta property=\"og:image:width\" content=\"1776\" \/>\n\t<meta property=\"og:image:height\" content=\"1000\" \/>\n\t<meta property=\"og:image:type\" content=\"image\/jpeg\" \/>\n<meta name=\"author\" content=\"mx\" \/>\n<meta name=\"twitter:card\" content=\"summary_large_image\" \/>\n<meta name=\"twitter:label1\" content=\"Escrito por\" \/>\n\t<meta name=\"twitter:data1\" content=\"mx\" \/>\n\t<meta name=\"twitter:label2\" content=\"Tiempo de lectura\" \/>\n\t<meta name=\"twitter:data2\" content=\"4 minutos\" \/>\n<script type=\"application\/ld+json\" class=\"yoast-schema-graph\">{\"@context\":\"https:\\\/\\\/schema.org\",\"@graph\":[{\"@type\":\"Article\",\"@id\":\"https:\\\/\\\/super-news.info\\\/mx\\\/por-que-nos-cuesta-tanto-comprometernos\\\/#article\",\"isPartOf\":{\"@id\":\"https:\\\/\\\/super-news.info\\\/mx\\\/por-que-nos-cuesta-tanto-comprometernos\\\/\"},\"author\":{\"name\":\"mx\",\"@id\":\"https:\\\/\\\/super-news.info\\\/mx\\\/#\\\/schema\\\/person\\\/74b71ca3d407439fd57da2d9c89449ca\"},\"headline\":\"\u00bfPor qu\u00e9 nos cuesta tanto comprometernos?\",\"datePublished\":\"2019-08-28T14:53:18+00:00\",\"dateModified\":\"2019-08-28T14:53:19+00:00\",\"mainEntityOfPage\":{\"@id\":\"https:\\\/\\\/super-news.info\\\/mx\\\/por-que-nos-cuesta-tanto-comprometernos\\\/\"},\"wordCount\":828,\"commentCount\":0,\"image\":{\"@id\":\"https:\\\/\\\/super-news.info\\\/mx\\\/por-que-nos-cuesta-tanto-comprometernos\\\/#primaryimage\"},\"thumbnailUrl\":\"https:\\\/\\\/super-news.info\\\/mx\\\/wp-content\\\/uploads\\\/sites\\\/8\\\/2019\\\/05\\\/La-Narrativa-que-nos-debemos-contar.jpeg\",\"articleSection\":[\"NOTICIAS FINANCIERAS\"],\"inLanguage\":\"es\",\"potentialAction\":[{\"@type\":\"CommentAction\",\"name\":\"Comment\",\"target\":[\"https:\\\/\\\/super-news.info\\\/mx\\\/por-que-nos-cuesta-tanto-comprometernos\\\/#respond\"]}]},{\"@type\":\"WebPage\",\"@id\":\"https:\\\/\\\/super-news.info\\\/mx\\\/por-que-nos-cuesta-tanto-comprometernos\\\/\",\"url\":\"https:\\\/\\\/super-news.info\\\/mx\\\/por-que-nos-cuesta-tanto-comprometernos\\\/\",\"name\":\"\u00bfPor qu\u00e9 nos cuesta tanto comprometernos? - Super News\",\"isPartOf\":{\"@id\":\"https:\\\/\\\/super-news.info\\\/mx\\\/#website\"},\"primaryImageOfPage\":{\"@id\":\"https:\\\/\\\/super-news.info\\\/mx\\\/por-que-nos-cuesta-tanto-comprometernos\\\/#primaryimage\"},\"image\":{\"@id\":\"https:\\\/\\\/super-news.info\\\/mx\\\/por-que-nos-cuesta-tanto-comprometernos\\\/#primaryimage\"},\"thumbnailUrl\":\"https:\\\/\\\/super-news.info\\\/mx\\\/wp-content\\\/uploads\\\/sites\\\/8\\\/2019\\\/05\\\/La-Narrativa-que-nos-debemos-contar.jpeg\",\"datePublished\":\"2019-08-28T14:53:18+00:00\",\"dateModified\":\"2019-08-28T14:53:19+00:00\",\"author\":{\"@id\":\"https:\\\/\\\/super-news.info\\\/mx\\\/#\\\/schema\\\/person\\\/74b71ca3d407439fd57da2d9c89449ca\"},\"breadcrumb\":{\"@id\":\"https:\\\/\\\/super-news.info\\\/mx\\\/por-que-nos-cuesta-tanto-comprometernos\\\/#breadcrumb\"},\"inLanguage\":\"es\",\"potentialAction\":[{\"@type\":\"ReadAction\",\"target\":[\"https:\\\/\\\/super-news.info\\\/mx\\\/por-que-nos-cuesta-tanto-comprometernos\\\/\"]}]},{\"@type\":\"ImageObject\",\"inLanguage\":\"es\",\"@id\":\"https:\\\/\\\/super-news.info\\\/mx\\\/por-que-nos-cuesta-tanto-comprometernos\\\/#primaryimage\",\"url\":\"https:\\\/\\\/super-news.info\\\/mx\\\/wp-content\\\/uploads\\\/sites\\\/8\\\/2019\\\/05\\\/La-Narrativa-que-nos-debemos-contar.jpeg\",\"contentUrl\":\"https:\\\/\\\/super-news.info\\\/mx\\\/wp-content\\\/uploads\\\/sites\\\/8\\\/2019\\\/05\\\/La-Narrativa-que-nos-debemos-contar.jpeg\",\"width\":1776,\"height\":1000,\"caption\":\"Alejandro Zertuche Fuente\"},{\"@type\":\"BreadcrumbList\",\"@id\":\"https:\\\/\\\/super-news.info\\\/mx\\\/por-que-nos-cuesta-tanto-comprometernos\\\/#breadcrumb\",\"itemListElement\":[{\"@type\":\"ListItem\",\"position\":1,\"name\":\"Home\",\"item\":\"https:\\\/\\\/super-news.info\\\/mx\\\/\"},{\"@type\":\"ListItem\",\"position\":2,\"name\":\"\u00bfPor qu\u00e9 nos cuesta tanto comprometernos?\"}]},{\"@type\":\"WebSite\",\"@id\":\"https:\\\/\\\/super-news.info\\\/mx\\\/#website\",\"url\":\"https:\\\/\\\/super-news.info\\\/mx\\\/\",\"name\":\"Super News\",\"description\":\"Super News Mexico\",\"potentialAction\":[{\"@type\":\"SearchAction\",\"target\":{\"@type\":\"EntryPoint\",\"urlTemplate\":\"https:\\\/\\\/super-news.info\\\/mx\\\/?s={search_term_string}\"},\"query-input\":{\"@type\":\"PropertyValueSpecification\",\"valueRequired\":true,\"valueName\":\"search_term_string\"}}],\"inLanguage\":\"es\"},{\"@type\":\"Person\",\"@id\":\"https:\\\/\\\/super-news.info\\\/mx\\\/#\\\/schema\\\/person\\\/74b71ca3d407439fd57da2d9c89449ca\",\"name\":\"mx\",\"image\":{\"@type\":\"ImageObject\",\"inLanguage\":\"es\",\"@id\":\"https:\\\/\\\/secure.gravatar.com\\\/avatar\\\/6374ac65ff69c362a0ae1303d73d69dcd9bd198d62d9861f054a69aaf82c017b?s=96&d=mm&r=g\",\"url\":\"https:\\\/\\\/secure.gravatar.com\\\/avatar\\\/6374ac65ff69c362a0ae1303d73d69dcd9bd198d62d9861f054a69aaf82c017b?s=96&d=mm&r=g\",\"contentUrl\":\"https:\\\/\\\/secure.gravatar.com\\\/avatar\\\/6374ac65ff69c362a0ae1303d73d69dcd9bd198d62d9861f054a69aaf82c017b?s=96&d=mm&r=g\",\"caption\":\"mx\"},\"url\":\"https:\\\/\\\/super-news.info\\\/mx\\\/author\\\/mx\\\/\"}]}<\/script>\n<!-- \/ Yoast SEO plugin. -->","yoast_head_json":{"title":"\u00bfPor qu\u00e9 nos cuesta tanto comprometernos? - Super News","robots":{"index":"index","follow":"follow","max-snippet":"max-snippet:-1","max-image-preview":"max-image-preview:large","max-video-preview":"max-video-preview:-1"},"canonical":"https:\/\/super-news.info\/mx\/por-que-nos-cuesta-tanto-comprometernos\/","og_locale":"es_MX","og_type":"article","og_title":"\u00bfPor qu\u00e9 nos cuesta tanto comprometernos? - Super News","og_description":"[ad_1] Alejandro Zertuche FuenteFuente: Cortes\u00eda Estamos enfrascados en conflictos que nosotros mismos, creamos y no nos comprometemos a participar de forma activa en la soluci\u00f3n \u00bfQu\u00e9 estamos dejando de atender?. Un compromiso incluye acci\u00f3n y con ella el dedicarle energ\u00eda a algo que lo requiere. Hoy podemos observar que tener compromiso est\u00e1 ausente en diferentes [&hellip;]","og_url":"https:\/\/super-news.info\/mx\/por-que-nos-cuesta-tanto-comprometernos\/","og_site_name":"Super News","article_published_time":"2019-08-28T14:53:18+00:00","article_modified_time":"2019-08-28T14:53:19+00:00","og_image":[{"width":1776,"height":1000,"url":"https:\/\/super-news.info\/mx\/wp-content\/uploads\/sites\/8\/2019\/05\/La-Narrativa-que-nos-debemos-contar.jpeg","type":"image\/jpeg"}],"author":"mx","twitter_card":"summary_large_image","twitter_misc":{"Escrito por":"mx","Tiempo de lectura":"4 minutos"},"schema":{"@context":"https:\/\/schema.org","@graph":[{"@type":"Article","@id":"https:\/\/super-news.info\/mx\/por-que-nos-cuesta-tanto-comprometernos\/#article","isPartOf":{"@id":"https:\/\/super-news.info\/mx\/por-que-nos-cuesta-tanto-comprometernos\/"},"author":{"name":"mx","@id":"https:\/\/super-news.info\/mx\/#\/schema\/person\/74b71ca3d407439fd57da2d9c89449ca"},"headline":"\u00bfPor qu\u00e9 nos cuesta tanto comprometernos?","datePublished":"2019-08-28T14:53:18+00:00","dateModified":"2019-08-28T14:53:19+00:00","mainEntityOfPage":{"@id":"https:\/\/super-news.info\/mx\/por-que-nos-cuesta-tanto-comprometernos\/"},"wordCount":828,"commentCount":0,"image":{"@id":"https:\/\/super-news.info\/mx\/por-que-nos-cuesta-tanto-comprometernos\/#primaryimage"},"thumbnailUrl":"https:\/\/super-news.info\/mx\/wp-content\/uploads\/sites\/8\/2019\/05\/La-Narrativa-que-nos-debemos-contar.jpeg","articleSection":["NOTICIAS FINANCIERAS"],"inLanguage":"es","potentialAction":[{"@type":"CommentAction","name":"Comment","target":["https:\/\/super-news.info\/mx\/por-que-nos-cuesta-tanto-comprometernos\/#respond"]}]},{"@type":"WebPage","@id":"https:\/\/super-news.info\/mx\/por-que-nos-cuesta-tanto-comprometernos\/","url":"https:\/\/super-news.info\/mx\/por-que-nos-cuesta-tanto-comprometernos\/","name":"\u00bfPor qu\u00e9 nos cuesta tanto comprometernos? - Super News","isPartOf":{"@id":"https:\/\/super-news.info\/mx\/#website"},"primaryImageOfPage":{"@id":"https:\/\/super-news.info\/mx\/por-que-nos-cuesta-tanto-comprometernos\/#primaryimage"},"image":{"@id":"https:\/\/super-news.info\/mx\/por-que-nos-cuesta-tanto-comprometernos\/#primaryimage"},"thumbnailUrl":"https:\/\/super-news.info\/mx\/wp-content\/uploads\/sites\/8\/2019\/05\/La-Narrativa-que-nos-debemos-contar.jpeg","datePublished":"2019-08-28T14:53:18+00:00","dateModified":"2019-08-28T14:53:19+00:00","author":{"@id":"https:\/\/super-news.info\/mx\/#\/schema\/person\/74b71ca3d407439fd57da2d9c89449ca"},"breadcrumb":{"@id":"https:\/\/super-news.info\/mx\/por-que-nos-cuesta-tanto-comprometernos\/#breadcrumb"},"inLanguage":"es","potentialAction":[{"@type":"ReadAction","target":["https:\/\/super-news.info\/mx\/por-que-nos-cuesta-tanto-comprometernos\/"]}]},{"@type":"ImageObject","inLanguage":"es","@id":"https:\/\/super-news.info\/mx\/por-que-nos-cuesta-tanto-comprometernos\/#primaryimage","url":"https:\/\/super-news.info\/mx\/wp-content\/uploads\/sites\/8\/2019\/05\/La-Narrativa-que-nos-debemos-contar.jpeg","contentUrl":"https:\/\/super-news.info\/mx\/wp-content\/uploads\/sites\/8\/2019\/05\/La-Narrativa-que-nos-debemos-contar.jpeg","width":1776,"height":1000,"caption":"Alejandro Zertuche Fuente"},{"@type":"BreadcrumbList","@id":"https:\/\/super-news.info\/mx\/por-que-nos-cuesta-tanto-comprometernos\/#breadcrumb","itemListElement":[{"@type":"ListItem","position":1,"name":"Home","item":"https:\/\/super-news.info\/mx\/"},{"@type":"ListItem","position":2,"name":"\u00bfPor qu\u00e9 nos cuesta tanto comprometernos?"}]},{"@type":"WebSite","@id":"https:\/\/super-news.info\/mx\/#website","url":"https:\/\/super-news.info\/mx\/","name":"Super News","description":"Super News Mexico","potentialAction":[{"@type":"SearchAction","target":{"@type":"EntryPoint","urlTemplate":"https:\/\/super-news.info\/mx\/?s={search_term_string}"},"query-input":{"@type":"PropertyValueSpecification","valueRequired":true,"valueName":"search_term_string"}}],"inLanguage":"es"},{"@type":"Person","@id":"https:\/\/super-news.info\/mx\/#\/schema\/person\/74b71ca3d407439fd57da2d9c89449ca","name":"mx","image":{"@type":"ImageObject","inLanguage":"es","@id":"https:\/\/secure.gravatar.com\/avatar\/6374ac65ff69c362a0ae1303d73d69dcd9bd198d62d9861f054a69aaf82c017b?s=96&d=mm&r=g","url":"https:\/\/secure.gravatar.com\/avatar\/6374ac65ff69c362a0ae1303d73d69dcd9bd198d62d9861f054a69aaf82c017b?s=96&d=mm&r=g","contentUrl":"https:\/\/secure.gravatar.com\/avatar\/6374ac65ff69c362a0ae1303d73d69dcd9bd198d62d9861f054a69aaf82c017b?s=96&d=mm&r=g","caption":"mx"},"url":"https:\/\/super-news.info\/mx\/author\/mx\/"}]}},"_links":{"self":[{"href":"https:\/\/super-news.info\/mx\/wp-json\/wp\/v2\/posts\/3819","targetHints":{"allow":["GET"]}}],"collection":[{"href":"https:\/\/super-news.info\/mx\/wp-json\/wp\/v2\/posts"}],"about":[{"href":"https:\/\/super-news.info\/mx\/wp-json\/wp\/v2\/types\/post"}],"author":[{"embeddable":true,"href":"https:\/\/super-news.info\/mx\/wp-json\/wp\/v2\/users\/3"}],"replies":[{"embeddable":true,"href":"https:\/\/super-news.info\/mx\/wp-json\/wp\/v2\/comments?post=3819"}],"version-history":[{"count":1,"href":"https:\/\/super-news.info\/mx\/wp-json\/wp\/v2\/posts\/3819\/revisions"}],"predecessor-version":[{"id":3820,"href":"https:\/\/super-news.info\/mx\/wp-json\/wp\/v2\/posts\/3819\/revisions\/3820"}],"wp:featuredmedia":[{"embeddable":true,"href":"https:\/\/super-news.info\/mx\/wp-json\/wp\/v2\/media\/368"}],"wp:attachment":[{"href":"https:\/\/super-news.info\/mx\/wp-json\/wp\/v2\/media?parent=3819"}],"wp:term":[{"taxonomy":"category","embeddable":true,"href":"https:\/\/super-news.info\/mx\/wp-json\/wp\/v2\/categories?post=3819"},{"taxonomy":"post_tag","embeddable":true,"href":"https:\/\/super-news.info\/mx\/wp-json\/wp\/v2\/tags?post=3819"}],"curies":[{"name":"wp","href":"https:\/\/api.w.org\/{rel}","templated":true}]}}