{"id":3810,"date":"2019-08-28T12:21:04","date_gmt":"2019-08-28T12:21:04","guid":{"rendered":"https:\/\/super-news.info\/mx\/generacion-de-mipymes-cae-26-en-el-semestre\/"},"modified":"2019-08-28T12:21:05","modified_gmt":"2019-08-28T12:21:05","slug":"generacion-de-mipymes-cae-26-en-el-semestre","status":"publish","type":"post","link":"https:\/\/super-news.info\/mx\/generacion-de-mipymes-cae-26-en-el-semestre\/","title":{"rendered":"Generaci\u00f3n de MiPymes cae 26% en el semestre"},"content":{"rendered":"<p> [ad_1]<br \/>\n<\/p>\n<p class=\"paragraph\" data-count=\"240\" data-wrap=\"38\">La generaci\u00f3n de <strong>nuevas unidades econ\u00f3micas<\/strong> en el pa\u00eds disminuy\u00f3 en el primer semestre, ante<strong> la ca\u00edda en la creaci\u00f3n de micro, peque\u00f1as y medianas empresas (Mipymes)<\/strong>, segmento que es m\u00e1s sensible al debilitamiento en la actividad econ\u00f3mica.<\/p>\n<p class=\"paragraph\" data-count=\"215\" data-wrap=\"44\">El n\u00famero de Mipymes entre enero y junio de este a\u00f1o aument\u00f3 en 12 mil 900, lo que implic\u00f3<strong> una ca\u00edda de 26 por ciento<\/strong>, respecto al mismo periodo del a\u00f1o anterior, y esta fue su mayor baja en los \u00faltimos cinco a\u00f1os. <\/p>\n<p class=\"paragraph\" data-count=\"81\" data-wrap=\"14\">Este segmento<strong> representa el 99 por ciento de las empresas registradas<\/strong> en el IMSS.<\/p>\n<p class=\"paragraph\" data-count=\"281\" data-wrap=\"42\">Para H\u00e9ctor M\u00e1rquez, director general de relaciones institucionales de ManpowerGroup, ya se esperaba <strong>un primer semestre dif\u00edcil para la creaci\u00f3n de nuevas empresas y de empleos<\/strong>, debido al cambio de administraci\u00f3n, ya que el proceso de adaptaci\u00f3n suele golpear la inversi\u00f3n p\u00fablica.<\/p>\n<p class=\"paragraph\" data-count=\"467\" data-wrap=\"77\">\u201c<strong>Las pol\u00edticas para fomentar la inversi\u00f3n no van a ser muy diferentes<\/strong> a lo que ven\u00edamos viendo en las administraciones anteriores, pero si es necesario que la inversi\u00f3n p\u00fablica comience a fluir, no solo es un tema de confianza, sino de liquidez, ya que al haber un mayor incentivo en el mercado, los peque\u00f1os negocios se ven m\u00e1s entusiasmados para emprender, necesitan condiciones apropiadas para que puedan iniciar sus proyectos, y a su vez, generar empleo\u201d, indic\u00f3.<\/p>\n<p class=\"paragraph\" data-count=\"268\" data-wrap=\"52\">En el <strong>segmento de micro y peque\u00f1as empresas<\/strong> (hasta 50 trabajadores) la ca\u00edda fue de 25 por ciento, en<strong> las medianas<\/strong> (de 51 a 250 trabajadores) la baja fue de 37 por ciento y <strong>en las grandes<\/strong> (m\u00e1s de 251 trabajadores) el descenso fue de 59 por ciento, el mayor desde 2009.<\/p>\n<p class=\"paragraph\" data-count=\"164\" data-wrap=\"29\">M\u00e1rquez espera que en el \u00faltimo trimestre del a\u00f1o se observe <strong>una mejor\u00eda en estos datos<\/strong>, debido a que el gobierno ya habr\u00eda ejercido su presupuesto de mejor manera.<\/p>\n<div class=\"image__block \">\n<figure><\/figure>\n<p><span class=\"element__footer\"><\/span><span class=\"element__credit\"><\/span><\/div>\n<p>[ad_2]<br \/>\n<br \/><a href=\"https:\/\/www.elfinanciero.com.mx\/rss\/economia\/generacion-de-mipymes-cae-26-en-el-semestre\">Source link <\/a><\/p>\n","protected":false},"excerpt":{"rendered":"<p>[ad_1] La generaci\u00f3n de nuevas unidades econ\u00f3micas en el pa\u00eds disminuy\u00f3 en el primer semestre, ante la ca\u00edda en la creaci\u00f3n de micro, peque\u00f1as y medianas empresas (Mipymes), segmento que es m\u00e1s sensible al debilitamiento en la actividad econ\u00f3mica. El n\u00famero de Mipymes entre enero y junio de este a\u00f1o aument\u00f3 en 12 mil 900, [&hellip;]<\/p>\n","protected":false},"author":3,"featured_media":3811,"comment_status":"open","ping_status":"open","sticky":false,"template":"","format":"standard","meta":{"footnotes":""},"categories":[1],"tags":[],"class_list":["post-3810","post","type-post","status-publish","format-standard","has-post-thumbnail","hentry","category-noticias-financieras"],"yoast_head":"<!-- This site is optimized with the Yoast SEO plugin v27.4 - https:\/\/yoast.com\/product\/yoast-seo-wordpress\/ -->\n<title>Generaci\u00f3n de MiPymes cae 26% en el semestre - Super News<\/title>\n<meta name=\"robots\" content=\"index, follow, max-snippet:-1, max-image-preview:large, max-video-preview:-1\" \/>\n<link rel=\"canonical\" href=\"https:\/\/super-news.info\/mx\/generacion-de-mipymes-cae-26-en-el-semestre\/\" \/>\n<meta property=\"og:locale\" content=\"es_MX\" \/>\n<meta property=\"og:type\" content=\"article\" \/>\n<meta property=\"og:title\" content=\"Generaci\u00f3n de MiPymes cae 26% en el semestre - Super News\" \/>\n<meta property=\"og:description\" content=\"[ad_1] La generaci\u00f3n de nuevas unidades econ\u00f3micas en el pa\u00eds disminuy\u00f3 en el primer semestre, ante la ca\u00edda en la creaci\u00f3n de micro, peque\u00f1as y medianas empresas (Mipymes), segmento que es m\u00e1s sensible al debilitamiento en la actividad econ\u00f3mica. El n\u00famero de Mipymes entre enero y junio de este a\u00f1o aument\u00f3 en 12 mil 900, [&hellip;]\" \/>\n<meta property=\"og:url\" content=\"https:\/\/super-news.info\/mx\/generacion-de-mipymes-cae-26-en-el-semestre\/\" \/>\n<meta property=\"og:site_name\" content=\"Super News\" \/>\n<meta property=\"article:published_time\" content=\"2019-08-28T12:21:04+00:00\" \/>\n<meta property=\"article:modified_time\" content=\"2019-08-28T12:21:05+00:00\" \/>\n<meta property=\"og:image\" content=\"https:\/\/super-news.info\/mx\/wp-content\/uploads\/sites\/8\/2019\/08\/Generaci-n-de-MiPymes-cae-26-en-el-semestre.jpeg\" \/>\n\t<meta property=\"og:image:width\" content=\"800\" \/>\n\t<meta property=\"og:image:height\" content=\"486\" \/>\n\t<meta property=\"og:image:type\" content=\"image\/jpeg\" \/>\n<meta name=\"author\" content=\"mx\" \/>\n<meta name=\"twitter:card\" content=\"summary_large_image\" \/>\n<meta name=\"twitter:label1\" content=\"Escrito por\" \/>\n\t<meta name=\"twitter:data1\" content=\"mx\" \/>\n\t<meta name=\"twitter:label2\" content=\"Tiempo de lectura\" \/>\n\t<meta name=\"twitter:data2\" content=\"2 minutos\" \/>\n<script type=\"application\/ld+json\" class=\"yoast-schema-graph\">{\"@context\":\"https:\\\/\\\/schema.org\",\"@graph\":[{\"@type\":\"Article\",\"@id\":\"https:\\\/\\\/super-news.info\\\/mx\\\/generacion-de-mipymes-cae-26-en-el-semestre\\\/#article\",\"isPartOf\":{\"@id\":\"https:\\\/\\\/super-news.info\\\/mx\\\/generacion-de-mipymes-cae-26-en-el-semestre\\\/\"},\"author\":{\"name\":\"mx\",\"@id\":\"https:\\\/\\\/super-news.info\\\/mx\\\/#\\\/schema\\\/person\\\/74b71ca3d407439fd57da2d9c89449ca\"},\"headline\":\"Generaci\u00f3n de MiPymes cae 26% en el semestre\",\"datePublished\":\"2019-08-28T12:21:04+00:00\",\"dateModified\":\"2019-08-28T12:21:05+00:00\",\"mainEntityOfPage\":{\"@id\":\"https:\\\/\\\/super-news.info\\\/mx\\\/generacion-de-mipymes-cae-26-en-el-semestre\\\/\"},\"wordCount\":330,\"commentCount\":0,\"image\":{\"@id\":\"https:\\\/\\\/super-news.info\\\/mx\\\/generacion-de-mipymes-cae-26-en-el-semestre\\\/#primaryimage\"},\"thumbnailUrl\":\"https:\\\/\\\/super-news.info\\\/mx\\\/wp-content\\\/uploads\\\/sites\\\/8\\\/2019\\\/08\\\/Generaci-n-de-MiPymes-cae-26-en-el-semestre.jpeg\",\"articleSection\":[\"NOTICIAS FINANCIERAS\"],\"inLanguage\":\"es\",\"potentialAction\":[{\"@type\":\"CommentAction\",\"name\":\"Comment\",\"target\":[\"https:\\\/\\\/super-news.info\\\/mx\\\/generacion-de-mipymes-cae-26-en-el-semestre\\\/#respond\"]}]},{\"@type\":\"WebPage\",\"@id\":\"https:\\\/\\\/super-news.info\\\/mx\\\/generacion-de-mipymes-cae-26-en-el-semestre\\\/\",\"url\":\"https:\\\/\\\/super-news.info\\\/mx\\\/generacion-de-mipymes-cae-26-en-el-semestre\\\/\",\"name\":\"Generaci\u00f3n de MiPymes cae 26% en el semestre - Super News\",\"isPartOf\":{\"@id\":\"https:\\\/\\\/super-news.info\\\/mx\\\/#website\"},\"primaryImageOfPage\":{\"@id\":\"https:\\\/\\\/super-news.info\\\/mx\\\/generacion-de-mipymes-cae-26-en-el-semestre\\\/#primaryimage\"},\"image\":{\"@id\":\"https:\\\/\\\/super-news.info\\\/mx\\\/generacion-de-mipymes-cae-26-en-el-semestre\\\/#primaryimage\"},\"thumbnailUrl\":\"https:\\\/\\\/super-news.info\\\/mx\\\/wp-content\\\/uploads\\\/sites\\\/8\\\/2019\\\/08\\\/Generaci-n-de-MiPymes-cae-26-en-el-semestre.jpeg\",\"datePublished\":\"2019-08-28T12:21:04+00:00\",\"dateModified\":\"2019-08-28T12:21:05+00:00\",\"author\":{\"@id\":\"https:\\\/\\\/super-news.info\\\/mx\\\/#\\\/schema\\\/person\\\/74b71ca3d407439fd57da2d9c89449ca\"},\"breadcrumb\":{\"@id\":\"https:\\\/\\\/super-news.info\\\/mx\\\/generacion-de-mipymes-cae-26-en-el-semestre\\\/#breadcrumb\"},\"inLanguage\":\"es\",\"potentialAction\":[{\"@type\":\"ReadAction\",\"target\":[\"https:\\\/\\\/super-news.info\\\/mx\\\/generacion-de-mipymes-cae-26-en-el-semestre\\\/\"]}]},{\"@type\":\"ImageObject\",\"inLanguage\":\"es\",\"@id\":\"https:\\\/\\\/super-news.info\\\/mx\\\/generacion-de-mipymes-cae-26-en-el-semestre\\\/#primaryimage\",\"url\":\"https:\\\/\\\/super-news.info\\\/mx\\\/wp-content\\\/uploads\\\/sites\\\/8\\\/2019\\\/08\\\/Generaci-n-de-MiPymes-cae-26-en-el-semestre.jpeg\",\"contentUrl\":\"https:\\\/\\\/super-news.info\\\/mx\\\/wp-content\\\/uploads\\\/sites\\\/8\\\/2019\\\/08\\\/Generaci-n-de-MiPymes-cae-26-en-el-semestre.jpeg\",\"width\":800,\"height\":486,\"caption\":\"Generaci\u00f3n de MiPymes cae 26% en el semestre\"},{\"@type\":\"BreadcrumbList\",\"@id\":\"https:\\\/\\\/super-news.info\\\/mx\\\/generacion-de-mipymes-cae-26-en-el-semestre\\\/#breadcrumb\",\"itemListElement\":[{\"@type\":\"ListItem\",\"position\":1,\"name\":\"Home\",\"item\":\"https:\\\/\\\/super-news.info\\\/mx\\\/\"},{\"@type\":\"ListItem\",\"position\":2,\"name\":\"Generaci\u00f3n de MiPymes cae 26% en el semestre\"}]},{\"@type\":\"WebSite\",\"@id\":\"https:\\\/\\\/super-news.info\\\/mx\\\/#website\",\"url\":\"https:\\\/\\\/super-news.info\\\/mx\\\/\",\"name\":\"Super News\",\"description\":\"Super News Mexico\",\"potentialAction\":[{\"@type\":\"SearchAction\",\"target\":{\"@type\":\"EntryPoint\",\"urlTemplate\":\"https:\\\/\\\/super-news.info\\\/mx\\\/?s={search_term_string}\"},\"query-input\":{\"@type\":\"PropertyValueSpecification\",\"valueRequired\":true,\"valueName\":\"search_term_string\"}}],\"inLanguage\":\"es\"},{\"@type\":\"Person\",\"@id\":\"https:\\\/\\\/super-news.info\\\/mx\\\/#\\\/schema\\\/person\\\/74b71ca3d407439fd57da2d9c89449ca\",\"name\":\"mx\",\"image\":{\"@type\":\"ImageObject\",\"inLanguage\":\"es\",\"@id\":\"https:\\\/\\\/secure.gravatar.com\\\/avatar\\\/6374ac65ff69c362a0ae1303d73d69dcd9bd198d62d9861f054a69aaf82c017b?s=96&d=mm&r=g\",\"url\":\"https:\\\/\\\/secure.gravatar.com\\\/avatar\\\/6374ac65ff69c362a0ae1303d73d69dcd9bd198d62d9861f054a69aaf82c017b?s=96&d=mm&r=g\",\"contentUrl\":\"https:\\\/\\\/secure.gravatar.com\\\/avatar\\\/6374ac65ff69c362a0ae1303d73d69dcd9bd198d62d9861f054a69aaf82c017b?s=96&d=mm&r=g\",\"caption\":\"mx\"},\"url\":\"https:\\\/\\\/super-news.info\\\/mx\\\/author\\\/mx\\\/\"}]}<\/script>\n<!-- \/ Yoast SEO plugin. -->","yoast_head_json":{"title":"Generaci\u00f3n de MiPymes cae 26% en el semestre - Super News","robots":{"index":"index","follow":"follow","max-snippet":"max-snippet:-1","max-image-preview":"max-image-preview:large","max-video-preview":"max-video-preview:-1"},"canonical":"https:\/\/super-news.info\/mx\/generacion-de-mipymes-cae-26-en-el-semestre\/","og_locale":"es_MX","og_type":"article","og_title":"Generaci\u00f3n de MiPymes cae 26% en el semestre - Super News","og_description":"[ad_1] La generaci\u00f3n de nuevas unidades econ\u00f3micas en el pa\u00eds disminuy\u00f3 en el primer semestre, ante la ca\u00edda en la creaci\u00f3n de micro, peque\u00f1as y medianas empresas (Mipymes), segmento que es m\u00e1s sensible al debilitamiento en la actividad econ\u00f3mica. El n\u00famero de Mipymes entre enero y junio de este a\u00f1o aument\u00f3 en 12 mil 900, [&hellip;]","og_url":"https:\/\/super-news.info\/mx\/generacion-de-mipymes-cae-26-en-el-semestre\/","og_site_name":"Super News","article_published_time":"2019-08-28T12:21:04+00:00","article_modified_time":"2019-08-28T12:21:05+00:00","og_image":[{"width":800,"height":486,"url":"https:\/\/super-news.info\/mx\/wp-content\/uploads\/sites\/8\/2019\/08\/Generaci-n-de-MiPymes-cae-26-en-el-semestre.jpeg","type":"image\/jpeg"}],"author":"mx","twitter_card":"summary_large_image","twitter_misc":{"Escrito por":"mx","Tiempo de lectura":"2 minutos"},"schema":{"@context":"https:\/\/schema.org","@graph":[{"@type":"Article","@id":"https:\/\/super-news.info\/mx\/generacion-de-mipymes-cae-26-en-el-semestre\/#article","isPartOf":{"@id":"https:\/\/super-news.info\/mx\/generacion-de-mipymes-cae-26-en-el-semestre\/"},"author":{"name":"mx","@id":"https:\/\/super-news.info\/mx\/#\/schema\/person\/74b71ca3d407439fd57da2d9c89449ca"},"headline":"Generaci\u00f3n de MiPymes cae 26% en el semestre","datePublished":"2019-08-28T12:21:04+00:00","dateModified":"2019-08-28T12:21:05+00:00","mainEntityOfPage":{"@id":"https:\/\/super-news.info\/mx\/generacion-de-mipymes-cae-26-en-el-semestre\/"},"wordCount":330,"commentCount":0,"image":{"@id":"https:\/\/super-news.info\/mx\/generacion-de-mipymes-cae-26-en-el-semestre\/#primaryimage"},"thumbnailUrl":"https:\/\/super-news.info\/mx\/wp-content\/uploads\/sites\/8\/2019\/08\/Generaci-n-de-MiPymes-cae-26-en-el-semestre.jpeg","articleSection":["NOTICIAS FINANCIERAS"],"inLanguage":"es","potentialAction":[{"@type":"CommentAction","name":"Comment","target":["https:\/\/super-news.info\/mx\/generacion-de-mipymes-cae-26-en-el-semestre\/#respond"]}]},{"@type":"WebPage","@id":"https:\/\/super-news.info\/mx\/generacion-de-mipymes-cae-26-en-el-semestre\/","url":"https:\/\/super-news.info\/mx\/generacion-de-mipymes-cae-26-en-el-semestre\/","name":"Generaci\u00f3n de MiPymes cae 26% en el semestre - Super News","isPartOf":{"@id":"https:\/\/super-news.info\/mx\/#website"},"primaryImageOfPage":{"@id":"https:\/\/super-news.info\/mx\/generacion-de-mipymes-cae-26-en-el-semestre\/#primaryimage"},"image":{"@id":"https:\/\/super-news.info\/mx\/generacion-de-mipymes-cae-26-en-el-semestre\/#primaryimage"},"thumbnailUrl":"https:\/\/super-news.info\/mx\/wp-content\/uploads\/sites\/8\/2019\/08\/Generaci-n-de-MiPymes-cae-26-en-el-semestre.jpeg","datePublished":"2019-08-28T12:21:04+00:00","dateModified":"2019-08-28T12:21:05+00:00","author":{"@id":"https:\/\/super-news.info\/mx\/#\/schema\/person\/74b71ca3d407439fd57da2d9c89449ca"},"breadcrumb":{"@id":"https:\/\/super-news.info\/mx\/generacion-de-mipymes-cae-26-en-el-semestre\/#breadcrumb"},"inLanguage":"es","potentialAction":[{"@type":"ReadAction","target":["https:\/\/super-news.info\/mx\/generacion-de-mipymes-cae-26-en-el-semestre\/"]}]},{"@type":"ImageObject","inLanguage":"es","@id":"https:\/\/super-news.info\/mx\/generacion-de-mipymes-cae-26-en-el-semestre\/#primaryimage","url":"https:\/\/super-news.info\/mx\/wp-content\/uploads\/sites\/8\/2019\/08\/Generaci-n-de-MiPymes-cae-26-en-el-semestre.jpeg","contentUrl":"https:\/\/super-news.info\/mx\/wp-content\/uploads\/sites\/8\/2019\/08\/Generaci-n-de-MiPymes-cae-26-en-el-semestre.jpeg","width":800,"height":486,"caption":"Generaci\u00f3n de MiPymes cae 26% en el semestre"},{"@type":"BreadcrumbList","@id":"https:\/\/super-news.info\/mx\/generacion-de-mipymes-cae-26-en-el-semestre\/#breadcrumb","itemListElement":[{"@type":"ListItem","position":1,"name":"Home","item":"https:\/\/super-news.info\/mx\/"},{"@type":"ListItem","position":2,"name":"Generaci\u00f3n de MiPymes cae 26% en el semestre"}]},{"@type":"WebSite","@id":"https:\/\/super-news.info\/mx\/#website","url":"https:\/\/super-news.info\/mx\/","name":"Super News","description":"Super News Mexico","potentialAction":[{"@type":"SearchAction","target":{"@type":"EntryPoint","urlTemplate":"https:\/\/super-news.info\/mx\/?s={search_term_string}"},"query-input":{"@type":"PropertyValueSpecification","valueRequired":true,"valueName":"search_term_string"}}],"inLanguage":"es"},{"@type":"Person","@id":"https:\/\/super-news.info\/mx\/#\/schema\/person\/74b71ca3d407439fd57da2d9c89449ca","name":"mx","image":{"@type":"ImageObject","inLanguage":"es","@id":"https:\/\/secure.gravatar.com\/avatar\/6374ac65ff69c362a0ae1303d73d69dcd9bd198d62d9861f054a69aaf82c017b?s=96&d=mm&r=g","url":"https:\/\/secure.gravatar.com\/avatar\/6374ac65ff69c362a0ae1303d73d69dcd9bd198d62d9861f054a69aaf82c017b?s=96&d=mm&r=g","contentUrl":"https:\/\/secure.gravatar.com\/avatar\/6374ac65ff69c362a0ae1303d73d69dcd9bd198d62d9861f054a69aaf82c017b?s=96&d=mm&r=g","caption":"mx"},"url":"https:\/\/super-news.info\/mx\/author\/mx\/"}]}},"_links":{"self":[{"href":"https:\/\/super-news.info\/mx\/wp-json\/wp\/v2\/posts\/3810","targetHints":{"allow":["GET"]}}],"collection":[{"href":"https:\/\/super-news.info\/mx\/wp-json\/wp\/v2\/posts"}],"about":[{"href":"https:\/\/super-news.info\/mx\/wp-json\/wp\/v2\/types\/post"}],"author":[{"embeddable":true,"href":"https:\/\/super-news.info\/mx\/wp-json\/wp\/v2\/users\/3"}],"replies":[{"embeddable":true,"href":"https:\/\/super-news.info\/mx\/wp-json\/wp\/v2\/comments?post=3810"}],"version-history":[{"count":1,"href":"https:\/\/super-news.info\/mx\/wp-json\/wp\/v2\/posts\/3810\/revisions"}],"predecessor-version":[{"id":3812,"href":"https:\/\/super-news.info\/mx\/wp-json\/wp\/v2\/posts\/3810\/revisions\/3812"}],"wp:featuredmedia":[{"embeddable":true,"href":"https:\/\/super-news.info\/mx\/wp-json\/wp\/v2\/media\/3811"}],"wp:attachment":[{"href":"https:\/\/super-news.info\/mx\/wp-json\/wp\/v2\/media?parent=3810"}],"wp:term":[{"taxonomy":"category","embeddable":true,"href":"https:\/\/super-news.info\/mx\/wp-json\/wp\/v2\/categories?post=3810"},{"taxonomy":"post_tag","embeddable":true,"href":"https:\/\/super-news.info\/mx\/wp-json\/wp\/v2\/tags?post=3810"}],"curies":[{"name":"wp","href":"https:\/\/api.w.org\/{rel}","templated":true}]}}