{"id":3807,"date":"2019-08-28T11:22:48","date_gmt":"2019-08-28T11:22:48","guid":{"rendered":"https:\/\/super-news.info\/mx\/el-turismo-va-a-la-baja-los-otros-datos-de-los-empresarios-del-sector\/"},"modified":"2019-08-28T11:22:49","modified_gmt":"2019-08-28T11:22:49","slug":"el-turismo-va-a-la-baja-los-otros-datos-de-los-empresarios-del-sector","status":"publish","type":"post","link":"https:\/\/super-news.info\/mx\/el-turismo-va-a-la-baja-los-otros-datos-de-los-empresarios-del-sector\/","title":{"rendered":"El turismo va a la baja: \u2018los otros datos\u2019 de los empresarios del sector"},"content":{"rendered":"<p> [ad_1]<br \/>\n<\/p>\n<p class=\"paragraph\" data-count=\"278\" data-wrap=\"44\">Hoy se llevar\u00e1 a cabo la primera reuni\u00f3n entre el nuevo organismo de promoci\u00f3n tur\u00edstica de M\u00e9xico, encabezado por el cuerpo diplom\u00e1tico mexicano, la Secretar\u00eda de Turismo y el empresariado del sector, con la finalidad de encontrar una v\u00eda para financiar esta nueva instituci\u00f3n.<\/p>\n<p class=\"paragraph\" data-count=\"327\" data-wrap=\"56\">Sin embargo, a cerca de nueve  meses de la entrada de la \u2018nueva pol\u00edtica\u2019 tur\u00edstica del pa\u00eds, los representantes empresariales de la industria que aporta el 8.8 por ciento del PIB nacional est\u00e1n preocupados por la ca\u00edda del 18 por ciento en ingresos, 1.1 puntos porcentuales en ocupaci\u00f3n y hasta 15 por ciento tarifas promedio.<\/p>\n<p class=\"paragraph\" data-count=\"225\" data-wrap=\"40\">A pesar de esto, Miguel Torruco, titular de la Sectur ha afirmado que todo \u2018va muy bien\u2019: el n\u00famero de viajeros internacionales aument\u00f3 6 por ciento en el primer semestre y la captaci\u00f3n de divisas se expandi\u00f3 13.9 por ciento.<\/p>\n<p class=\"paragraph\" data-count=\"80\" data-wrap=\"13\">Sin embargo, en pol\u00edtica como en turismo, los empresarios \u201ctienen otros datos\u201d. <\/p>\n<p class=\"paragraph\" data-count=\"243\" data-wrap=\"36\">\u201cEstamos realmente preocupados: tenemos una baja en ingresos cercana al 18 por ciento en lo transcurrido del 2019, esto contra el mismo periodo del a\u00f1o anterior\u201d, lament\u00f3 Pablo Azc\u00e1rraga, presidente del Consejo Nacional Empresarial Tur\u00edstico. <\/p>\n<p class=\"paragraph\" data-count=\"341\" data-wrap=\"58\">Aunque la llegada de internacionales v\u00eda a\u00e9rea aument\u00f3 2 por ciento en el periodo enero-junio, esto se debi\u00f3 a que las empresas tur\u00edsticas tuvieron que llenar los espacios vac\u00edos con ofertas de \u00faltimo momento; bajar las tarifas promedio y vender los cuartos de hotel, as\u00ed como los boletos de avi\u00f3n a viajeros que dejan menor derrama al pa\u00eds.<\/p>\n<p class=\"paragraph\" data-count=\"198\" data-wrap=\"31\">\u201cComo hemos tenido una baja en el volumen de las reservaciones de los turistas de alto poder adquisitivo, hemos tenido que llenar esos lugares con ofertas, sacrificando las tarifas\u201d, dijo Azc\u00e1rraga.<\/p>\n<p class=\"paragraph\" data-count=\"279\" data-wrap=\"45\">Luis Barrios, director general de Hoteles City Express, una de las cadenas con mayor atracci\u00f3n de viajeros de negocios nacionales, opin\u00f3 que la ca\u00edda en los indicadores tur\u00edsticos ha sido como \u201cuna muerte anunciada\u201d, esto debido al abandono al que el gobierno condena al turismo.<\/p>\n<p class=\"paragraph\" data-count=\"303\" data-wrap=\"58\">\u201cEl hecho es que esto es como una muerte anunciada, lo que hay que reconocer es el impacto de las medidas tur\u00edsticas del nuevo gobierno. En el  primer semestre nos ha costado m\u00e1s vender un cuarto: en 80 ciudades del pa\u00eds hay un deterioro del 2 al 3 por ciento en ocupaci\u00f3n\u201d, dijo Barrios a El Financiero<\/p>\n<p class=\"paragraph\" data-count=\"247\" data-wrap=\"37\">Los empresarios coincidieron en que la ca\u00edda de los principales indicadores est\u00e1 motivada por una desaceleraci\u00f3n en la llegada de los visitantes estadounidenses a M\u00e9xico, as\u00ed como una mayor reserva del mercado nacional para realizar viajes largos.<\/p>\n<p class=\"paragraph\" data-count=\"207\" data-wrap=\"38\">De acuerdo con datos de Datatur, 8 de cada 10 viajeros son nacionales, mientras que el resto provienen de pa\u00edses como Estados Unidos  en 55.3 por ciento, Canad\u00e1 con 14.3 por ciento y Colombia 2.7 por ciento.<\/p>\n<p class=\"paragraph\" data-count=\"229\" data-wrap=\"39\">En el primer semestre de este a\u00f1o, el turismo de estadounidenses ha puesto el \u2018freno\u2019: en los primeros seis meses del a\u00f1o cay\u00f3 0.5 por ciento, situaci\u00f3n que inquieta a las empresas como Apple Leisure, que dirige Alejandro Zozaya.<\/p>\n<p class=\"paragraph\" data-count=\"325\" data-wrap=\"55\">\u201cEstamos preocupados sobre lo que pueda ocurrir en los siguientes dos o tres a\u00f1os porque pueden ser negativos en la parte de turismo. En 2019 hay un entorno m\u00e1s preocupante, M\u00e9xico est\u00e1 perdiendo participaci\u00f3n de mercado\u201d; advirti\u00f3 el director de la empresa que anualmente trae al pa\u00eds cerca de 2 millones de turistas de E.U.<\/p>\n<p class=\"paragraph\" data-count=\"279\" data-wrap=\"45\">Seg\u00fan la perspectiva de la IP, la respuesta del gobierno ante la eliminaci\u00f3n del Consejo de Promoci\u00f3n Tur\u00edstica de M\u00e9xico, ha sido lenta, pues la organizaci\u00f3n sustituta\u2013 el Consejo de Diplomacia Tur\u00edstica\u2013 lleg\u00f3 8 meses despu\u00e9s de la toma de posesi\u00f3n de la administraci\u00f3n actual.<\/p>\n<p class=\"paragraph\" data-count=\"192\" data-wrap=\"31\">Para Zozaya, Barrios y Azc\u00e1rraga este nuevo organismo encabezado por el cuerpo diplom\u00e1tico mexicano no podr\u00e1 tener resultados en el corto o mediano plazo si no cuenta con recursos para operar.<\/p>\n<p class=\"paragraph\" data-count=\"198\" data-wrap=\"32\">\u201cMe preocupa lo que est\u00e1 pasando; \u00bfva a haber presupuesto o no?\u201d, cuestiona Zozaya, quien asegura que el empresariado destina parte de sus costos operativos para promocionar los destinos en el pa\u00eds.<\/p>\n<p class=\"paragraph\" data-count=\"217\" data-wrap=\"31\">En contraparte, Ignacio Cabrera, la \u2018cabeza\u2019 del cuerpo diplom\u00e1tico de promoci\u00f3n tiene como objetivo conciliar a una desencantada IP con el objetivo de austeridad republicana impulsada por Andr\u00e9s Manuel L\u00f3pez Obrador.<\/p>\n<p class=\"paragraph\" data-count=\"114\" data-wrap=\"18\">\u201cLa verdad es que estoy optimista, pero tengo una misi\u00f3n: pactar, generar y trabajar por M\u00e9xico\u201d, asegura Cabrera.<\/p>\n<p class=\"paragraph\" data-count=\"192\" data-wrap=\"31\">Cabe destacar que ayer la Secretar\u00eda de Turismo relanz\u00f3 la plataforma \u2018Visit M\u00e9xico\u2019, un sitio de internet en donde se consolidar\u00e1 toda la oferta tur\u00edstica del pa\u00eds para reforzar la promoci\u00f3n.<\/p>\n<div class=\"image__block \">\n<figure><\/figure>\n<p><span class=\"element__footer\"><\/span><span class=\"element__credit\"><\/span><\/div>\n<p>[ad_2]<br \/>\n<br \/><a href=\"https:\/\/www.elfinanciero.com.mx\/rss\/empresas\/el-turismo-va-a-la-baja-los-otros-datos-de-los-empresarios-del-sector\">Source link <\/a><\/p>\n","protected":false},"excerpt":{"rendered":"<p>[ad_1] Hoy se llevar\u00e1 a cabo la primera reuni\u00f3n entre el nuevo organismo de promoci\u00f3n tur\u00edstica de M\u00e9xico, encabezado por el cuerpo diplom\u00e1tico mexicano, la Secretar\u00eda de Turismo y el empresariado del sector, con la finalidad de encontrar una v\u00eda para financiar esta nueva instituci\u00f3n. Sin embargo, a cerca de nueve meses de la entrada [&hellip;]<\/p>\n","protected":false},"author":3,"featured_media":3808,"comment_status":"open","ping_status":"open","sticky":false,"template":"","format":"standard","meta":{"footnotes":""},"categories":[1],"tags":[],"class_list":["post-3807","post","type-post","status-publish","format-standard","has-post-thumbnail","hentry","category-noticias-financieras"],"yoast_head":"<!-- This site is optimized with the Yoast SEO plugin v27.4 - https:\/\/yoast.com\/product\/yoast-seo-wordpress\/ -->\n<title>El turismo va a la baja: \u2018los otros datos\u2019 de los empresarios del sector - Super News<\/title>\n<meta name=\"robots\" content=\"index, follow, max-snippet:-1, max-image-preview:large, max-video-preview:-1\" \/>\n<link rel=\"canonical\" href=\"https:\/\/super-news.info\/mx\/el-turismo-va-a-la-baja-los-otros-datos-de-los-empresarios-del-sector\/\" \/>\n<meta property=\"og:locale\" content=\"es_MX\" \/>\n<meta property=\"og:type\" content=\"article\" \/>\n<meta property=\"og:title\" content=\"El turismo va a la baja: \u2018los otros datos\u2019 de los empresarios del sector - Super News\" \/>\n<meta property=\"og:description\" content=\"[ad_1] Hoy se llevar\u00e1 a cabo la primera reuni\u00f3n entre el nuevo organismo de promoci\u00f3n tur\u00edstica de M\u00e9xico, encabezado por el cuerpo diplom\u00e1tico mexicano, la Secretar\u00eda de Turismo y el empresariado del sector, con la finalidad de encontrar una v\u00eda para financiar esta nueva instituci\u00f3n. Sin embargo, a cerca de nueve meses de la entrada [&hellip;]\" \/>\n<meta property=\"og:url\" content=\"https:\/\/super-news.info\/mx\/el-turismo-va-a-la-baja-los-otros-datos-de-los-empresarios-del-sector\/\" \/>\n<meta property=\"og:site_name\" content=\"Super News\" \/>\n<meta property=\"article:published_time\" content=\"2019-08-28T11:22:48+00:00\" \/>\n<meta property=\"article:modified_time\" content=\"2019-08-28T11:22:49+00:00\" \/>\n<meta property=\"og:image\" content=\"https:\/\/super-news.info\/mx\/wp-content\/uploads\/sites\/8\/2019\/08\/El-turismo-va-a-la-baja-los-otros-datos-de.jpeg\" \/>\n\t<meta property=\"og:image:width\" content=\"804\" \/>\n\t<meta property=\"og:image:height\" content=\"1478\" \/>\n\t<meta property=\"og:image:type\" content=\"image\/jpeg\" \/>\n<meta name=\"author\" content=\"mx\" \/>\n<meta name=\"twitter:card\" content=\"summary_large_image\" \/>\n<meta name=\"twitter:label1\" content=\"Escrito por\" \/>\n\t<meta name=\"twitter:data1\" content=\"mx\" \/>\n\t<meta name=\"twitter:label2\" content=\"Tiempo de lectura\" \/>\n\t<meta name=\"twitter:data2\" content=\"4 minutos\" \/>\n<script type=\"application\/ld+json\" class=\"yoast-schema-graph\">{\"@context\":\"https:\\\/\\\/schema.org\",\"@graph\":[{\"@type\":\"Article\",\"@id\":\"https:\\\/\\\/super-news.info\\\/mx\\\/el-turismo-va-a-la-baja-los-otros-datos-de-los-empresarios-del-sector\\\/#article\",\"isPartOf\":{\"@id\":\"https:\\\/\\\/super-news.info\\\/mx\\\/el-turismo-va-a-la-baja-los-otros-datos-de-los-empresarios-del-sector\\\/\"},\"author\":{\"name\":\"mx\",\"@id\":\"https:\\\/\\\/super-news.info\\\/mx\\\/#\\\/schema\\\/person\\\/74b71ca3d407439fd57da2d9c89449ca\"},\"headline\":\"El turismo va a la baja: \u2018los otros datos\u2019 de los empresarios del sector\",\"datePublished\":\"2019-08-28T11:22:48+00:00\",\"dateModified\":\"2019-08-28T11:22:49+00:00\",\"mainEntityOfPage\":{\"@id\":\"https:\\\/\\\/super-news.info\\\/mx\\\/el-turismo-va-a-la-baja-los-otros-datos-de-los-empresarios-del-sector\\\/\"},\"wordCount\":801,\"commentCount\":0,\"image\":{\"@id\":\"https:\\\/\\\/super-news.info\\\/mx\\\/el-turismo-va-a-la-baja-los-otros-datos-de-los-empresarios-del-sector\\\/#primaryimage\"},\"thumbnailUrl\":\"https:\\\/\\\/super-news.info\\\/mx\\\/wp-content\\\/uploads\\\/sites\\\/8\\\/2019\\\/08\\\/El-turismo-va-a-la-baja-los-otros-datos-de.jpeg\",\"articleSection\":[\"NOTICIAS FINANCIERAS\"],\"inLanguage\":\"es\",\"potentialAction\":[{\"@type\":\"CommentAction\",\"name\":\"Comment\",\"target\":[\"https:\\\/\\\/super-news.info\\\/mx\\\/el-turismo-va-a-la-baja-los-otros-datos-de-los-empresarios-del-sector\\\/#respond\"]}]},{\"@type\":\"WebPage\",\"@id\":\"https:\\\/\\\/super-news.info\\\/mx\\\/el-turismo-va-a-la-baja-los-otros-datos-de-los-empresarios-del-sector\\\/\",\"url\":\"https:\\\/\\\/super-news.info\\\/mx\\\/el-turismo-va-a-la-baja-los-otros-datos-de-los-empresarios-del-sector\\\/\",\"name\":\"El turismo va a la baja: \u2018los otros datos\u2019 de los empresarios del sector - Super News\",\"isPartOf\":{\"@id\":\"https:\\\/\\\/super-news.info\\\/mx\\\/#website\"},\"primaryImageOfPage\":{\"@id\":\"https:\\\/\\\/super-news.info\\\/mx\\\/el-turismo-va-a-la-baja-los-otros-datos-de-los-empresarios-del-sector\\\/#primaryimage\"},\"image\":{\"@id\":\"https:\\\/\\\/super-news.info\\\/mx\\\/el-turismo-va-a-la-baja-los-otros-datos-de-los-empresarios-del-sector\\\/#primaryimage\"},\"thumbnailUrl\":\"https:\\\/\\\/super-news.info\\\/mx\\\/wp-content\\\/uploads\\\/sites\\\/8\\\/2019\\\/08\\\/El-turismo-va-a-la-baja-los-otros-datos-de.jpeg\",\"datePublished\":\"2019-08-28T11:22:48+00:00\",\"dateModified\":\"2019-08-28T11:22:49+00:00\",\"author\":{\"@id\":\"https:\\\/\\\/super-news.info\\\/mx\\\/#\\\/schema\\\/person\\\/74b71ca3d407439fd57da2d9c89449ca\"},\"breadcrumb\":{\"@id\":\"https:\\\/\\\/super-news.info\\\/mx\\\/el-turismo-va-a-la-baja-los-otros-datos-de-los-empresarios-del-sector\\\/#breadcrumb\"},\"inLanguage\":\"es\",\"potentialAction\":[{\"@type\":\"ReadAction\",\"target\":[\"https:\\\/\\\/super-news.info\\\/mx\\\/el-turismo-va-a-la-baja-los-otros-datos-de-los-empresarios-del-sector\\\/\"]}]},{\"@type\":\"ImageObject\",\"inLanguage\":\"es\",\"@id\":\"https:\\\/\\\/super-news.info\\\/mx\\\/el-turismo-va-a-la-baja-los-otros-datos-de-los-empresarios-del-sector\\\/#primaryimage\",\"url\":\"https:\\\/\\\/super-news.info\\\/mx\\\/wp-content\\\/uploads\\\/sites\\\/8\\\/2019\\\/08\\\/El-turismo-va-a-la-baja-los-otros-datos-de.jpeg\",\"contentUrl\":\"https:\\\/\\\/super-news.info\\\/mx\\\/wp-content\\\/uploads\\\/sites\\\/8\\\/2019\\\/08\\\/El-turismo-va-a-la-baja-los-otros-datos-de.jpeg\",\"width\":804,\"height\":1478,\"caption\":\"El turismo va a la baja: \u2018los otros datos\u2019 de los empresarios del sector\"},{\"@type\":\"BreadcrumbList\",\"@id\":\"https:\\\/\\\/super-news.info\\\/mx\\\/el-turismo-va-a-la-baja-los-otros-datos-de-los-empresarios-del-sector\\\/#breadcrumb\",\"itemListElement\":[{\"@type\":\"ListItem\",\"position\":1,\"name\":\"Home\",\"item\":\"https:\\\/\\\/super-news.info\\\/mx\\\/\"},{\"@type\":\"ListItem\",\"position\":2,\"name\":\"El turismo va a la baja: \u2018los otros datos\u2019 de los empresarios del sector\"}]},{\"@type\":\"WebSite\",\"@id\":\"https:\\\/\\\/super-news.info\\\/mx\\\/#website\",\"url\":\"https:\\\/\\\/super-news.info\\\/mx\\\/\",\"name\":\"Super News\",\"description\":\"Super News Mexico\",\"potentialAction\":[{\"@type\":\"SearchAction\",\"target\":{\"@type\":\"EntryPoint\",\"urlTemplate\":\"https:\\\/\\\/super-news.info\\\/mx\\\/?s={search_term_string}\"},\"query-input\":{\"@type\":\"PropertyValueSpecification\",\"valueRequired\":true,\"valueName\":\"search_term_string\"}}],\"inLanguage\":\"es\"},{\"@type\":\"Person\",\"@id\":\"https:\\\/\\\/super-news.info\\\/mx\\\/#\\\/schema\\\/person\\\/74b71ca3d407439fd57da2d9c89449ca\",\"name\":\"mx\",\"image\":{\"@type\":\"ImageObject\",\"inLanguage\":\"es\",\"@id\":\"https:\\\/\\\/secure.gravatar.com\\\/avatar\\\/6374ac65ff69c362a0ae1303d73d69dcd9bd198d62d9861f054a69aaf82c017b?s=96&d=mm&r=g\",\"url\":\"https:\\\/\\\/secure.gravatar.com\\\/avatar\\\/6374ac65ff69c362a0ae1303d73d69dcd9bd198d62d9861f054a69aaf82c017b?s=96&d=mm&r=g\",\"contentUrl\":\"https:\\\/\\\/secure.gravatar.com\\\/avatar\\\/6374ac65ff69c362a0ae1303d73d69dcd9bd198d62d9861f054a69aaf82c017b?s=96&d=mm&r=g\",\"caption\":\"mx\"},\"url\":\"https:\\\/\\\/super-news.info\\\/mx\\\/author\\\/mx\\\/\"}]}<\/script>\n<!-- \/ Yoast SEO plugin. -->","yoast_head_json":{"title":"El turismo va a la baja: \u2018los otros datos\u2019 de los empresarios del sector - Super News","robots":{"index":"index","follow":"follow","max-snippet":"max-snippet:-1","max-image-preview":"max-image-preview:large","max-video-preview":"max-video-preview:-1"},"canonical":"https:\/\/super-news.info\/mx\/el-turismo-va-a-la-baja-los-otros-datos-de-los-empresarios-del-sector\/","og_locale":"es_MX","og_type":"article","og_title":"El turismo va a la baja: \u2018los otros datos\u2019 de los empresarios del sector - Super News","og_description":"[ad_1] Hoy se llevar\u00e1 a cabo la primera reuni\u00f3n entre el nuevo organismo de promoci\u00f3n tur\u00edstica de M\u00e9xico, encabezado por el cuerpo diplom\u00e1tico mexicano, la Secretar\u00eda de Turismo y el empresariado del sector, con la finalidad de encontrar una v\u00eda para financiar esta nueva instituci\u00f3n. Sin embargo, a cerca de nueve meses de la entrada [&hellip;]","og_url":"https:\/\/super-news.info\/mx\/el-turismo-va-a-la-baja-los-otros-datos-de-los-empresarios-del-sector\/","og_site_name":"Super News","article_published_time":"2019-08-28T11:22:48+00:00","article_modified_time":"2019-08-28T11:22:49+00:00","og_image":[{"width":804,"height":1478,"url":"https:\/\/super-news.info\/mx\/wp-content\/uploads\/sites\/8\/2019\/08\/El-turismo-va-a-la-baja-los-otros-datos-de.jpeg","type":"image\/jpeg"}],"author":"mx","twitter_card":"summary_large_image","twitter_misc":{"Escrito por":"mx","Tiempo de lectura":"4 minutos"},"schema":{"@context":"https:\/\/schema.org","@graph":[{"@type":"Article","@id":"https:\/\/super-news.info\/mx\/el-turismo-va-a-la-baja-los-otros-datos-de-los-empresarios-del-sector\/#article","isPartOf":{"@id":"https:\/\/super-news.info\/mx\/el-turismo-va-a-la-baja-los-otros-datos-de-los-empresarios-del-sector\/"},"author":{"name":"mx","@id":"https:\/\/super-news.info\/mx\/#\/schema\/person\/74b71ca3d407439fd57da2d9c89449ca"},"headline":"El turismo va a la baja: \u2018los otros datos\u2019 de los empresarios del sector","datePublished":"2019-08-28T11:22:48+00:00","dateModified":"2019-08-28T11:22:49+00:00","mainEntityOfPage":{"@id":"https:\/\/super-news.info\/mx\/el-turismo-va-a-la-baja-los-otros-datos-de-los-empresarios-del-sector\/"},"wordCount":801,"commentCount":0,"image":{"@id":"https:\/\/super-news.info\/mx\/el-turismo-va-a-la-baja-los-otros-datos-de-los-empresarios-del-sector\/#primaryimage"},"thumbnailUrl":"https:\/\/super-news.info\/mx\/wp-content\/uploads\/sites\/8\/2019\/08\/El-turismo-va-a-la-baja-los-otros-datos-de.jpeg","articleSection":["NOTICIAS FINANCIERAS"],"inLanguage":"es","potentialAction":[{"@type":"CommentAction","name":"Comment","target":["https:\/\/super-news.info\/mx\/el-turismo-va-a-la-baja-los-otros-datos-de-los-empresarios-del-sector\/#respond"]}]},{"@type":"WebPage","@id":"https:\/\/super-news.info\/mx\/el-turismo-va-a-la-baja-los-otros-datos-de-los-empresarios-del-sector\/","url":"https:\/\/super-news.info\/mx\/el-turismo-va-a-la-baja-los-otros-datos-de-los-empresarios-del-sector\/","name":"El turismo va a la baja: \u2018los otros datos\u2019 de los empresarios del sector - Super News","isPartOf":{"@id":"https:\/\/super-news.info\/mx\/#website"},"primaryImageOfPage":{"@id":"https:\/\/super-news.info\/mx\/el-turismo-va-a-la-baja-los-otros-datos-de-los-empresarios-del-sector\/#primaryimage"},"image":{"@id":"https:\/\/super-news.info\/mx\/el-turismo-va-a-la-baja-los-otros-datos-de-los-empresarios-del-sector\/#primaryimage"},"thumbnailUrl":"https:\/\/super-news.info\/mx\/wp-content\/uploads\/sites\/8\/2019\/08\/El-turismo-va-a-la-baja-los-otros-datos-de.jpeg","datePublished":"2019-08-28T11:22:48+00:00","dateModified":"2019-08-28T11:22:49+00:00","author":{"@id":"https:\/\/super-news.info\/mx\/#\/schema\/person\/74b71ca3d407439fd57da2d9c89449ca"},"breadcrumb":{"@id":"https:\/\/super-news.info\/mx\/el-turismo-va-a-la-baja-los-otros-datos-de-los-empresarios-del-sector\/#breadcrumb"},"inLanguage":"es","potentialAction":[{"@type":"ReadAction","target":["https:\/\/super-news.info\/mx\/el-turismo-va-a-la-baja-los-otros-datos-de-los-empresarios-del-sector\/"]}]},{"@type":"ImageObject","inLanguage":"es","@id":"https:\/\/super-news.info\/mx\/el-turismo-va-a-la-baja-los-otros-datos-de-los-empresarios-del-sector\/#primaryimage","url":"https:\/\/super-news.info\/mx\/wp-content\/uploads\/sites\/8\/2019\/08\/El-turismo-va-a-la-baja-los-otros-datos-de.jpeg","contentUrl":"https:\/\/super-news.info\/mx\/wp-content\/uploads\/sites\/8\/2019\/08\/El-turismo-va-a-la-baja-los-otros-datos-de.jpeg","width":804,"height":1478,"caption":"El turismo va a la baja: \u2018los otros datos\u2019 de los empresarios del sector"},{"@type":"BreadcrumbList","@id":"https:\/\/super-news.info\/mx\/el-turismo-va-a-la-baja-los-otros-datos-de-los-empresarios-del-sector\/#breadcrumb","itemListElement":[{"@type":"ListItem","position":1,"name":"Home","item":"https:\/\/super-news.info\/mx\/"},{"@type":"ListItem","position":2,"name":"El turismo va a la baja: \u2018los otros datos\u2019 de los empresarios del sector"}]},{"@type":"WebSite","@id":"https:\/\/super-news.info\/mx\/#website","url":"https:\/\/super-news.info\/mx\/","name":"Super News","description":"Super News Mexico","potentialAction":[{"@type":"SearchAction","target":{"@type":"EntryPoint","urlTemplate":"https:\/\/super-news.info\/mx\/?s={search_term_string}"},"query-input":{"@type":"PropertyValueSpecification","valueRequired":true,"valueName":"search_term_string"}}],"inLanguage":"es"},{"@type":"Person","@id":"https:\/\/super-news.info\/mx\/#\/schema\/person\/74b71ca3d407439fd57da2d9c89449ca","name":"mx","image":{"@type":"ImageObject","inLanguage":"es","@id":"https:\/\/secure.gravatar.com\/avatar\/6374ac65ff69c362a0ae1303d73d69dcd9bd198d62d9861f054a69aaf82c017b?s=96&d=mm&r=g","url":"https:\/\/secure.gravatar.com\/avatar\/6374ac65ff69c362a0ae1303d73d69dcd9bd198d62d9861f054a69aaf82c017b?s=96&d=mm&r=g","contentUrl":"https:\/\/secure.gravatar.com\/avatar\/6374ac65ff69c362a0ae1303d73d69dcd9bd198d62d9861f054a69aaf82c017b?s=96&d=mm&r=g","caption":"mx"},"url":"https:\/\/super-news.info\/mx\/author\/mx\/"}]}},"_links":{"self":[{"href":"https:\/\/super-news.info\/mx\/wp-json\/wp\/v2\/posts\/3807","targetHints":{"allow":["GET"]}}],"collection":[{"href":"https:\/\/super-news.info\/mx\/wp-json\/wp\/v2\/posts"}],"about":[{"href":"https:\/\/super-news.info\/mx\/wp-json\/wp\/v2\/types\/post"}],"author":[{"embeddable":true,"href":"https:\/\/super-news.info\/mx\/wp-json\/wp\/v2\/users\/3"}],"replies":[{"embeddable":true,"href":"https:\/\/super-news.info\/mx\/wp-json\/wp\/v2\/comments?post=3807"}],"version-history":[{"count":1,"href":"https:\/\/super-news.info\/mx\/wp-json\/wp\/v2\/posts\/3807\/revisions"}],"predecessor-version":[{"id":3809,"href":"https:\/\/super-news.info\/mx\/wp-json\/wp\/v2\/posts\/3807\/revisions\/3809"}],"wp:featuredmedia":[{"embeddable":true,"href":"https:\/\/super-news.info\/mx\/wp-json\/wp\/v2\/media\/3808"}],"wp:attachment":[{"href":"https:\/\/super-news.info\/mx\/wp-json\/wp\/v2\/media?parent=3807"}],"wp:term":[{"taxonomy":"category","embeddable":true,"href":"https:\/\/super-news.info\/mx\/wp-json\/wp\/v2\/categories?post=3807"},{"taxonomy":"post_tag","embeddable":true,"href":"https:\/\/super-news.info\/mx\/wp-json\/wp\/v2\/tags?post=3807"}],"curies":[{"name":"wp","href":"https:\/\/api.w.org\/{rel}","templated":true}]}}