{"id":3804,"date":"2019-08-28T10:34:25","date_gmt":"2019-08-28T10:34:25","guid":{"rendered":"https:\/\/super-news.info\/mx\/desaceleracion-economica-039-nubla-039-ocupacion-en-el-bajio\/"},"modified":"2019-08-28T10:34:26","modified_gmt":"2019-08-28T10:34:26","slug":"desaceleracion-economica-039-nubla-039-ocupacion-en-el-bajio","status":"publish","type":"post","link":"https:\/\/super-news.info\/mx\/desaceleracion-economica-039-nubla-039-ocupacion-en-el-bajio\/","title":{"rendered":"Desaceleraci\u00f3n econ\u00f3mica &#039;nubla&#039; ocupaci\u00f3n en el Baj\u00edo"},"content":{"rendered":"<p> [ad_1]<br \/>\n<\/p>\n<p class=\"paragraph\" data-count=\"152\" data-wrap=\"26\">La desaceleraci\u00f3n econ\u00f3mica que sufre el pa\u00eds ya caus\u00f3 \u2018nubarrones\u2019 en las tasas de desocupaci\u00f3n (TD) de las entidades que integran la zona del Baj\u00edo.\n<\/p>\n<p class=\"paragraph\" data-count=\"276\" data-wrap=\"44\">De acuerdo con el reporte \u201cSituaci\u00f3n M\u00e9xico, para el tercer trimestre de 2019\u201d, elaborado por BBVA Research, la din\u00e1mica de bajo crecimiento econ\u00f3mico y la lenta reactivaci\u00f3n de la inversi\u00f3n ya est\u00e1n repercutiendo en la generaci\u00f3n de empleos de distintas entidades del pa\u00eds.\n<\/p>\n<p class=\"paragraph\" data-count=\"357\" data-wrap=\"60\">La mayor afectaci\u00f3n se ha vislumbrado en Guanajuato, ya que durante julio se observ\u00f3 una tasa de desocupaci\u00f3n de 4.08 por ciento, lo que signific\u00f3 un aumento de 1.16 puntos porcentuales en comparaci\u00f3n con el mismo mes del a\u00f1o anterior, seg\u00fan los datos de la Encuesta Nacional de Ocupaci\u00f3n y Empleo (ENOE) del Instituto Nacional de Estad\u00edstica y Geograf\u00eda.\n<\/p>\n<p class=\"paragraph\" data-count=\"197\" data-wrap=\"29\">El indicador que cuantifica el n\u00famero de guanajuatenses que no trabajaron ni siquiera una hora pero manifestaron su disposici\u00f3n de encontrar un empleo ha aumentado ininterrumpidamente desde mayo.\n<\/p>\n<p class=\"paragraph\" data-count=\"136\" data-wrap=\"22\">Por otra parte, las tasas de desocupaci\u00f3n de Aguascalientes y San Luis Potos\u00ed tambi\u00e9n dibujaron una trayectoria al alza durante julio.\n<\/p>\n<p class=\"paragraph\" data-count=\"278\" data-wrap=\"48\">Los hidroc\u00e1lidos reportaron una tasa de desocupaci\u00f3n de 3.77 por ciento, su mayor nivel desde septiembre de 2018, mientras que en el caso de los potosinos la tasa se ubic\u00f3 en 2.84 por ciento, lo que represent\u00f3 un incremento de 0.28 puntos porcentuales respecto a julio de 2018.\n<\/p>\n<p class=\"paragraph\" data-count=\"29\" data-wrap=\"5\"><strong>QUER\u00c9TARO SE \u2018CUECE\u2019 APARTE<br \/>\n<\/strong><\/p>\n<p class=\"paragraph\" data-count=\"509\" data-wrap=\"85\">A pesar de que la tasa de desocupaci\u00f3n en Quer\u00e9taro se ha mantenido sin grandes cambios durante el \u00faltimo a\u00f1o, esta entidad se encuentra ubicada en el lugar n\u00famero ocho en el \u2018ranking estatal de desocupados\u2019, por debajo de estados como Tabasco (6.33 por ciento), Sonora (5.14), Coahuila (5.09), CDMX (5.04), Estado de M\u00e9xico (4.60), Baja California Sur (4.59) y Nayarit (4.50). Durante julio, la TD de Quer\u00e9taro ascendi\u00f3 a 4.27 por ciento, cifra inferior al 4.57 por ciento registrado durante el mes previo.\n<\/p>\n<p class=\"paragraph\" data-count=\"145\" data-wrap=\"25\">Con base en cifras originales, la tasa de desocupaci\u00f3n a nivel nacional se ubic\u00f3 en 3.7 por ciento de la Poblaci\u00f3n Econ\u00f3micamente Activa (PEA).\n<\/p>\n<div class=\"rich__block \">\n<div>\n<\/div>\n<p><span class=\"element__footer\"><\/span><span class=\"element__credit\"><\/span><\/div>\n<p>[ad_2]<br \/>\n<br \/><a href=\"https:\/\/www.elfinanciero.com.mx\/rss\/bajio\/desaceleracion-economica-nubla-ocupacion-en-el-bajio\">Source link <\/a><\/p>\n","protected":false},"excerpt":{"rendered":"<p>[ad_1] La desaceleraci\u00f3n econ\u00f3mica que sufre el pa\u00eds ya caus\u00f3 \u2018nubarrones\u2019 en las tasas de desocupaci\u00f3n (TD) de las entidades que integran la zona del Baj\u00edo. De acuerdo con el reporte \u201cSituaci\u00f3n M\u00e9xico, para el tercer trimestre de 2019\u201d, elaborado por BBVA Research, la din\u00e1mica de bajo crecimiento econ\u00f3mico y la lenta reactivaci\u00f3n de la [&hellip;]<\/p>\n","protected":false},"author":3,"featured_media":3805,"comment_status":"open","ping_status":"open","sticky":false,"template":"","format":"standard","meta":{"footnotes":""},"categories":[1],"tags":[],"class_list":["post-3804","post","type-post","status-publish","format-standard","has-post-thumbnail","hentry","category-noticias-financieras"],"yoast_head":"<!-- This site is optimized with the Yoast SEO plugin v27.4 - https:\/\/yoast.com\/product\/yoast-seo-wordpress\/ -->\n<title>Desaceleraci\u00f3n econ\u00f3mica &#039;nubla&#039; ocupaci\u00f3n en el Baj\u00edo - Super News<\/title>\n<meta name=\"robots\" content=\"index, follow, max-snippet:-1, max-image-preview:large, max-video-preview:-1\" \/>\n<link rel=\"canonical\" href=\"https:\/\/super-news.info\/mx\/desaceleracion-economica-039-nubla-039-ocupacion-en-el-bajio\/\" \/>\n<meta property=\"og:locale\" content=\"es_MX\" \/>\n<meta property=\"og:type\" content=\"article\" \/>\n<meta property=\"og:title\" content=\"Desaceleraci\u00f3n econ\u00f3mica &#039;nubla&#039; ocupaci\u00f3n en el Baj\u00edo - Super News\" \/>\n<meta property=\"og:description\" content=\"[ad_1] La desaceleraci\u00f3n econ\u00f3mica que sufre el pa\u00eds ya caus\u00f3 \u2018nubarrones\u2019 en las tasas de desocupaci\u00f3n (TD) de las entidades que integran la zona del Baj\u00edo. De acuerdo con el reporte \u201cSituaci\u00f3n M\u00e9xico, para el tercer trimestre de 2019\u201d, elaborado por BBVA Research, la din\u00e1mica de bajo crecimiento econ\u00f3mico y la lenta reactivaci\u00f3n de la [&hellip;]\" \/>\n<meta property=\"og:url\" content=\"https:\/\/super-news.info\/mx\/desaceleracion-economica-039-nubla-039-ocupacion-en-el-bajio\/\" \/>\n<meta property=\"og:site_name\" content=\"Super News\" \/>\n<meta property=\"article:published_time\" content=\"2019-08-28T10:34:25+00:00\" \/>\n<meta property=\"article:modified_time\" content=\"2019-08-28T10:34:26+00:00\" \/>\n<meta property=\"og:image\" content=\"https:\/\/super-news.info\/mx\/wp-content\/uploads\/sites\/8\/2019\/08\/Desaceleraci-n-econ-mica-039nubla039-ocupaci-n-en-el-Baj-o.jpg\" \/>\n\t<meta property=\"og:image:width\" content=\"864\" \/>\n\t<meta property=\"og:image:height\" content=\"493\" \/>\n\t<meta property=\"og:image:type\" content=\"image\/jpeg\" \/>\n<meta name=\"author\" content=\"mx\" \/>\n<meta name=\"twitter:card\" content=\"summary_large_image\" \/>\n<meta name=\"twitter:label1\" content=\"Escrito por\" \/>\n\t<meta name=\"twitter:data1\" content=\"mx\" \/>\n\t<meta name=\"twitter:label2\" content=\"Tiempo de lectura\" \/>\n\t<meta name=\"twitter:data2\" content=\"2 minutos\" \/>\n<script type=\"application\/ld+json\" class=\"yoast-schema-graph\">{\"@context\":\"https:\\\/\\\/schema.org\",\"@graph\":[{\"@type\":\"Article\",\"@id\":\"https:\\\/\\\/super-news.info\\\/mx\\\/desaceleracion-economica-039-nubla-039-ocupacion-en-el-bajio\\\/#article\",\"isPartOf\":{\"@id\":\"https:\\\/\\\/super-news.info\\\/mx\\\/desaceleracion-economica-039-nubla-039-ocupacion-en-el-bajio\\\/\"},\"author\":{\"name\":\"mx\",\"@id\":\"https:\\\/\\\/super-news.info\\\/mx\\\/#\\\/schema\\\/person\\\/74b71ca3d407439fd57da2d9c89449ca\"},\"headline\":\"Desaceleraci\u00f3n econ\u00f3mica &#039;nubla&#039; ocupaci\u00f3n en el Baj\u00edo\",\"datePublished\":\"2019-08-28T10:34:25+00:00\",\"dateModified\":\"2019-08-28T10:34:26+00:00\",\"mainEntityOfPage\":{\"@id\":\"https:\\\/\\\/super-news.info\\\/mx\\\/desaceleracion-economica-039-nubla-039-ocupacion-en-el-bajio\\\/\"},\"wordCount\":371,\"commentCount\":0,\"image\":{\"@id\":\"https:\\\/\\\/super-news.info\\\/mx\\\/desaceleracion-economica-039-nubla-039-ocupacion-en-el-bajio\\\/#primaryimage\"},\"thumbnailUrl\":\"https:\\\/\\\/super-news.info\\\/mx\\\/wp-content\\\/uploads\\\/sites\\\/8\\\/2019\\\/08\\\/Desaceleraci-n-econ-mica-039nubla039-ocupaci-n-en-el-Baj-o.jpg\",\"articleSection\":[\"NOTICIAS FINANCIERAS\"],\"inLanguage\":\"es\",\"potentialAction\":[{\"@type\":\"CommentAction\",\"name\":\"Comment\",\"target\":[\"https:\\\/\\\/super-news.info\\\/mx\\\/desaceleracion-economica-039-nubla-039-ocupacion-en-el-bajio\\\/#respond\"]}]},{\"@type\":\"WebPage\",\"@id\":\"https:\\\/\\\/super-news.info\\\/mx\\\/desaceleracion-economica-039-nubla-039-ocupacion-en-el-bajio\\\/\",\"url\":\"https:\\\/\\\/super-news.info\\\/mx\\\/desaceleracion-economica-039-nubla-039-ocupacion-en-el-bajio\\\/\",\"name\":\"Desaceleraci\u00f3n econ\u00f3mica &#039;nubla&#039; ocupaci\u00f3n en el Baj\u00edo - Super News\",\"isPartOf\":{\"@id\":\"https:\\\/\\\/super-news.info\\\/mx\\\/#website\"},\"primaryImageOfPage\":{\"@id\":\"https:\\\/\\\/super-news.info\\\/mx\\\/desaceleracion-economica-039-nubla-039-ocupacion-en-el-bajio\\\/#primaryimage\"},\"image\":{\"@id\":\"https:\\\/\\\/super-news.info\\\/mx\\\/desaceleracion-economica-039-nubla-039-ocupacion-en-el-bajio\\\/#primaryimage\"},\"thumbnailUrl\":\"https:\\\/\\\/super-news.info\\\/mx\\\/wp-content\\\/uploads\\\/sites\\\/8\\\/2019\\\/08\\\/Desaceleraci-n-econ-mica-039nubla039-ocupaci-n-en-el-Baj-o.jpg\",\"datePublished\":\"2019-08-28T10:34:25+00:00\",\"dateModified\":\"2019-08-28T10:34:26+00:00\",\"author\":{\"@id\":\"https:\\\/\\\/super-news.info\\\/mx\\\/#\\\/schema\\\/person\\\/74b71ca3d407439fd57da2d9c89449ca\"},\"breadcrumb\":{\"@id\":\"https:\\\/\\\/super-news.info\\\/mx\\\/desaceleracion-economica-039-nubla-039-ocupacion-en-el-bajio\\\/#breadcrumb\"},\"inLanguage\":\"es\",\"potentialAction\":[{\"@type\":\"ReadAction\",\"target\":[\"https:\\\/\\\/super-news.info\\\/mx\\\/desaceleracion-economica-039-nubla-039-ocupacion-en-el-bajio\\\/\"]}]},{\"@type\":\"ImageObject\",\"inLanguage\":\"es\",\"@id\":\"https:\\\/\\\/super-news.info\\\/mx\\\/desaceleracion-economica-039-nubla-039-ocupacion-en-el-bajio\\\/#primaryimage\",\"url\":\"https:\\\/\\\/super-news.info\\\/mx\\\/wp-content\\\/uploads\\\/sites\\\/8\\\/2019\\\/08\\\/Desaceleraci-n-econ-mica-039nubla039-ocupaci-n-en-el-Baj-o.jpg\",\"contentUrl\":\"https:\\\/\\\/super-news.info\\\/mx\\\/wp-content\\\/uploads\\\/sites\\\/8\\\/2019\\\/08\\\/Desaceleraci-n-econ-mica-039nubla039-ocupaci-n-en-el-Baj-o.jpg\",\"width\":864,\"height\":493,\"caption\":\"Desaceleraci\u00f3n econ\u00f3mica &#039;nubla&#039; ocupaci\u00f3n en el Baj\u00edo\"},{\"@type\":\"BreadcrumbList\",\"@id\":\"https:\\\/\\\/super-news.info\\\/mx\\\/desaceleracion-economica-039-nubla-039-ocupacion-en-el-bajio\\\/#breadcrumb\",\"itemListElement\":[{\"@type\":\"ListItem\",\"position\":1,\"name\":\"Home\",\"item\":\"https:\\\/\\\/super-news.info\\\/mx\\\/\"},{\"@type\":\"ListItem\",\"position\":2,\"name\":\"Desaceleraci\u00f3n econ\u00f3mica &#039;nubla&#039; ocupaci\u00f3n en el Baj\u00edo\"}]},{\"@type\":\"WebSite\",\"@id\":\"https:\\\/\\\/super-news.info\\\/mx\\\/#website\",\"url\":\"https:\\\/\\\/super-news.info\\\/mx\\\/\",\"name\":\"Super News\",\"description\":\"Super News Mexico\",\"potentialAction\":[{\"@type\":\"SearchAction\",\"target\":{\"@type\":\"EntryPoint\",\"urlTemplate\":\"https:\\\/\\\/super-news.info\\\/mx\\\/?s={search_term_string}\"},\"query-input\":{\"@type\":\"PropertyValueSpecification\",\"valueRequired\":true,\"valueName\":\"search_term_string\"}}],\"inLanguage\":\"es\"},{\"@type\":\"Person\",\"@id\":\"https:\\\/\\\/super-news.info\\\/mx\\\/#\\\/schema\\\/person\\\/74b71ca3d407439fd57da2d9c89449ca\",\"name\":\"mx\",\"image\":{\"@type\":\"ImageObject\",\"inLanguage\":\"es\",\"@id\":\"https:\\\/\\\/secure.gravatar.com\\\/avatar\\\/6374ac65ff69c362a0ae1303d73d69dcd9bd198d62d9861f054a69aaf82c017b?s=96&d=mm&r=g\",\"url\":\"https:\\\/\\\/secure.gravatar.com\\\/avatar\\\/6374ac65ff69c362a0ae1303d73d69dcd9bd198d62d9861f054a69aaf82c017b?s=96&d=mm&r=g\",\"contentUrl\":\"https:\\\/\\\/secure.gravatar.com\\\/avatar\\\/6374ac65ff69c362a0ae1303d73d69dcd9bd198d62d9861f054a69aaf82c017b?s=96&d=mm&r=g\",\"caption\":\"mx\"},\"url\":\"https:\\\/\\\/super-news.info\\\/mx\\\/author\\\/mx\\\/\"}]}<\/script>\n<!-- \/ Yoast SEO plugin. -->","yoast_head_json":{"title":"Desaceleraci\u00f3n econ\u00f3mica &#039;nubla&#039; ocupaci\u00f3n en el Baj\u00edo - Super News","robots":{"index":"index","follow":"follow","max-snippet":"max-snippet:-1","max-image-preview":"max-image-preview:large","max-video-preview":"max-video-preview:-1"},"canonical":"https:\/\/super-news.info\/mx\/desaceleracion-economica-039-nubla-039-ocupacion-en-el-bajio\/","og_locale":"es_MX","og_type":"article","og_title":"Desaceleraci\u00f3n econ\u00f3mica &#039;nubla&#039; ocupaci\u00f3n en el Baj\u00edo - Super News","og_description":"[ad_1] La desaceleraci\u00f3n econ\u00f3mica que sufre el pa\u00eds ya caus\u00f3 \u2018nubarrones\u2019 en las tasas de desocupaci\u00f3n (TD) de las entidades que integran la zona del Baj\u00edo. De acuerdo con el reporte \u201cSituaci\u00f3n M\u00e9xico, para el tercer trimestre de 2019\u201d, elaborado por BBVA Research, la din\u00e1mica de bajo crecimiento econ\u00f3mico y la lenta reactivaci\u00f3n de la [&hellip;]","og_url":"https:\/\/super-news.info\/mx\/desaceleracion-economica-039-nubla-039-ocupacion-en-el-bajio\/","og_site_name":"Super News","article_published_time":"2019-08-28T10:34:25+00:00","article_modified_time":"2019-08-28T10:34:26+00:00","og_image":[{"width":864,"height":493,"url":"https:\/\/super-news.info\/mx\/wp-content\/uploads\/sites\/8\/2019\/08\/Desaceleraci-n-econ-mica-039nubla039-ocupaci-n-en-el-Baj-o.jpg","type":"image\/jpeg"}],"author":"mx","twitter_card":"summary_large_image","twitter_misc":{"Escrito por":"mx","Tiempo de lectura":"2 minutos"},"schema":{"@context":"https:\/\/schema.org","@graph":[{"@type":"Article","@id":"https:\/\/super-news.info\/mx\/desaceleracion-economica-039-nubla-039-ocupacion-en-el-bajio\/#article","isPartOf":{"@id":"https:\/\/super-news.info\/mx\/desaceleracion-economica-039-nubla-039-ocupacion-en-el-bajio\/"},"author":{"name":"mx","@id":"https:\/\/super-news.info\/mx\/#\/schema\/person\/74b71ca3d407439fd57da2d9c89449ca"},"headline":"Desaceleraci\u00f3n econ\u00f3mica &#039;nubla&#039; ocupaci\u00f3n en el Baj\u00edo","datePublished":"2019-08-28T10:34:25+00:00","dateModified":"2019-08-28T10:34:26+00:00","mainEntityOfPage":{"@id":"https:\/\/super-news.info\/mx\/desaceleracion-economica-039-nubla-039-ocupacion-en-el-bajio\/"},"wordCount":371,"commentCount":0,"image":{"@id":"https:\/\/super-news.info\/mx\/desaceleracion-economica-039-nubla-039-ocupacion-en-el-bajio\/#primaryimage"},"thumbnailUrl":"https:\/\/super-news.info\/mx\/wp-content\/uploads\/sites\/8\/2019\/08\/Desaceleraci-n-econ-mica-039nubla039-ocupaci-n-en-el-Baj-o.jpg","articleSection":["NOTICIAS FINANCIERAS"],"inLanguage":"es","potentialAction":[{"@type":"CommentAction","name":"Comment","target":["https:\/\/super-news.info\/mx\/desaceleracion-economica-039-nubla-039-ocupacion-en-el-bajio\/#respond"]}]},{"@type":"WebPage","@id":"https:\/\/super-news.info\/mx\/desaceleracion-economica-039-nubla-039-ocupacion-en-el-bajio\/","url":"https:\/\/super-news.info\/mx\/desaceleracion-economica-039-nubla-039-ocupacion-en-el-bajio\/","name":"Desaceleraci\u00f3n econ\u00f3mica &#039;nubla&#039; ocupaci\u00f3n en el Baj\u00edo - Super News","isPartOf":{"@id":"https:\/\/super-news.info\/mx\/#website"},"primaryImageOfPage":{"@id":"https:\/\/super-news.info\/mx\/desaceleracion-economica-039-nubla-039-ocupacion-en-el-bajio\/#primaryimage"},"image":{"@id":"https:\/\/super-news.info\/mx\/desaceleracion-economica-039-nubla-039-ocupacion-en-el-bajio\/#primaryimage"},"thumbnailUrl":"https:\/\/super-news.info\/mx\/wp-content\/uploads\/sites\/8\/2019\/08\/Desaceleraci-n-econ-mica-039nubla039-ocupaci-n-en-el-Baj-o.jpg","datePublished":"2019-08-28T10:34:25+00:00","dateModified":"2019-08-28T10:34:26+00:00","author":{"@id":"https:\/\/super-news.info\/mx\/#\/schema\/person\/74b71ca3d407439fd57da2d9c89449ca"},"breadcrumb":{"@id":"https:\/\/super-news.info\/mx\/desaceleracion-economica-039-nubla-039-ocupacion-en-el-bajio\/#breadcrumb"},"inLanguage":"es","potentialAction":[{"@type":"ReadAction","target":["https:\/\/super-news.info\/mx\/desaceleracion-economica-039-nubla-039-ocupacion-en-el-bajio\/"]}]},{"@type":"ImageObject","inLanguage":"es","@id":"https:\/\/super-news.info\/mx\/desaceleracion-economica-039-nubla-039-ocupacion-en-el-bajio\/#primaryimage","url":"https:\/\/super-news.info\/mx\/wp-content\/uploads\/sites\/8\/2019\/08\/Desaceleraci-n-econ-mica-039nubla039-ocupaci-n-en-el-Baj-o.jpg","contentUrl":"https:\/\/super-news.info\/mx\/wp-content\/uploads\/sites\/8\/2019\/08\/Desaceleraci-n-econ-mica-039nubla039-ocupaci-n-en-el-Baj-o.jpg","width":864,"height":493,"caption":"Desaceleraci\u00f3n econ\u00f3mica &#039;nubla&#039; ocupaci\u00f3n en el Baj\u00edo"},{"@type":"BreadcrumbList","@id":"https:\/\/super-news.info\/mx\/desaceleracion-economica-039-nubla-039-ocupacion-en-el-bajio\/#breadcrumb","itemListElement":[{"@type":"ListItem","position":1,"name":"Home","item":"https:\/\/super-news.info\/mx\/"},{"@type":"ListItem","position":2,"name":"Desaceleraci\u00f3n econ\u00f3mica &#039;nubla&#039; ocupaci\u00f3n en el Baj\u00edo"}]},{"@type":"WebSite","@id":"https:\/\/super-news.info\/mx\/#website","url":"https:\/\/super-news.info\/mx\/","name":"Super News","description":"Super News Mexico","potentialAction":[{"@type":"SearchAction","target":{"@type":"EntryPoint","urlTemplate":"https:\/\/super-news.info\/mx\/?s={search_term_string}"},"query-input":{"@type":"PropertyValueSpecification","valueRequired":true,"valueName":"search_term_string"}}],"inLanguage":"es"},{"@type":"Person","@id":"https:\/\/super-news.info\/mx\/#\/schema\/person\/74b71ca3d407439fd57da2d9c89449ca","name":"mx","image":{"@type":"ImageObject","inLanguage":"es","@id":"https:\/\/secure.gravatar.com\/avatar\/6374ac65ff69c362a0ae1303d73d69dcd9bd198d62d9861f054a69aaf82c017b?s=96&d=mm&r=g","url":"https:\/\/secure.gravatar.com\/avatar\/6374ac65ff69c362a0ae1303d73d69dcd9bd198d62d9861f054a69aaf82c017b?s=96&d=mm&r=g","contentUrl":"https:\/\/secure.gravatar.com\/avatar\/6374ac65ff69c362a0ae1303d73d69dcd9bd198d62d9861f054a69aaf82c017b?s=96&d=mm&r=g","caption":"mx"},"url":"https:\/\/super-news.info\/mx\/author\/mx\/"}]}},"_links":{"self":[{"href":"https:\/\/super-news.info\/mx\/wp-json\/wp\/v2\/posts\/3804","targetHints":{"allow":["GET"]}}],"collection":[{"href":"https:\/\/super-news.info\/mx\/wp-json\/wp\/v2\/posts"}],"about":[{"href":"https:\/\/super-news.info\/mx\/wp-json\/wp\/v2\/types\/post"}],"author":[{"embeddable":true,"href":"https:\/\/super-news.info\/mx\/wp-json\/wp\/v2\/users\/3"}],"replies":[{"embeddable":true,"href":"https:\/\/super-news.info\/mx\/wp-json\/wp\/v2\/comments?post=3804"}],"version-history":[{"count":1,"href":"https:\/\/super-news.info\/mx\/wp-json\/wp\/v2\/posts\/3804\/revisions"}],"predecessor-version":[{"id":3806,"href":"https:\/\/super-news.info\/mx\/wp-json\/wp\/v2\/posts\/3804\/revisions\/3806"}],"wp:featuredmedia":[{"embeddable":true,"href":"https:\/\/super-news.info\/mx\/wp-json\/wp\/v2\/media\/3805"}],"wp:attachment":[{"href":"https:\/\/super-news.info\/mx\/wp-json\/wp\/v2\/media?parent=3804"}],"wp:term":[{"taxonomy":"category","embeddable":true,"href":"https:\/\/super-news.info\/mx\/wp-json\/wp\/v2\/categories?post=3804"},{"taxonomy":"post_tag","embeddable":true,"href":"https:\/\/super-news.info\/mx\/wp-json\/wp\/v2\/tags?post=3804"}],"curies":[{"name":"wp","href":"https:\/\/api.w.org\/{rel}","templated":true}]}}