{"id":3791,"date":"2019-08-27T18:34:11","date_gmt":"2019-08-27T18:34:11","guid":{"rendered":"https:\/\/super-news.info\/mx\/felicidad-y-resiliencia-nuevas-competencias-laborales\/"},"modified":"2019-08-27T18:34:12","modified_gmt":"2019-08-27T18:34:12","slug":"felicidad-y-resiliencia-nuevas-competencias-laborales","status":"publish","type":"post","link":"https:\/\/super-news.info\/mx\/felicidad-y-resiliencia-nuevas-competencias-laborales\/","title":{"rendered":"\u201cFelicidad y Resiliencia\u201d \u00bfNuevas Competencias Laborales?"},"content":{"rendered":"<p> [ad_1]<br \/>\n<\/p>\n<div class=\"image__block -side\">\n<figure><\/figure>\n<p><span class=\"element__footer\">Aldo Eliud Ju\u00e1rez Luna<\/span><span class=\"element__credit\">Fuente: Cortes\u00eda<\/span><\/div>\n<p class=\"paragraph\" data-count=\"583\" data-wrap=\"89\">Estimados lectores, el mundo de negocios cambia a un ritmo vertiginoso y cada d\u00eda nos enfrentamos a retos laborales m\u00e1s complicados por una fuerza de trabajo con caracter\u00edsticas cada vez mas globalizada, causada entre otros factores por la incorporaci\u00f3n laboral de<strong> nuevas generaciones como los millennials <\/strong>que tienen otra cultura y los mueven distintos valores, la llamada 4\u00aa Revoluci\u00f3n Industrial que est\u00e1 automatizando procesos y sustituyendo mano de obra, el desarrollo tecnol\u00f3gico y las nuevas ramas industriales; que est\u00e1n cambiando el presente y el futuro del mundo del empleo.<\/p>\n<p class=\"paragraph\" data-count=\"460\" data-wrap=\"68\">El reto ahora para las empresas es el atraer al mejor talento humano para adaptarse r\u00e1pidamente a estos cambios, buscando en su personal<strong> ciertas Competencias Laborales<\/strong>: que son los conocimientos, habilidades y actitudes necesarios para llevar a cabo plena y exitosamente una determinada actividad laboral; dichas competencias cambian cada determinado tiempo y parece ser que es momento para que la Felicidad y la Resiliencia sean Nuevas Competencias Laborales.<\/p>\n<p class=\"paragraph\" data-count=\"438\" data-wrap=\"78\">La lucha por contar con el <strong>mejor Capital Humano<\/strong> siempre fue visto desde el punto de vista del beneficio de la empresa; pero hoy en d\u00eda el enfoque tambi\u00e9n es en beneficio de las propias personas; es decir, no solo es contar con los trabajadores m\u00e1s competentes y preparados sino tambi\u00e9n con personas satisfechas y felices con su trabajo, roles o actividades tanto en la empresa como fuera de ella, con su vida personal como con su familia.<\/p>\n<p class=\"paragraph\" data-count=\"68\" data-wrap=\"13\"><strong>Entonces la pregunta que les hago es \u00bfQu\u00e9 es ser feliz y resiliente?<\/strong><\/p>\n<p class=\"paragraph\" data-count=\"873\" data-wrap=\"137\">La Real Academia Espa\u00f1ola define a la Resiliencia como la capacidad o adaptaci\u00f3n de un ser vivo frente a un agente perturbador o un estado o situaci\u00f3n adversos; es decir, la capacidad de los seres humanos para adaptarse positivamente a <strong>situaciones adversas <\/strong>y la Felicidad como el estado de grata satisfacci\u00f3n espiritual y f\u00edsica. Por eso ahora en M\u00e9xico con la obligatoriedad de la NOM-035-2018-STPS se busca combatir los riesgos de car\u00e1cter psicosocial para proteger no solo la salud f\u00edsica sino tambi\u00e9n la salud emocional logrando el bienestar integral del trabajador. Si bien es cierto dicha Norma no busca formar trabajadores felices y resilientes, si busca mejorar las condiciones laborales, favorecer el entorno organizacional y eliminar la violencia, estr\u00e9s y acoso laboral; todo en pro de tener trabajadores satisfechos con su ambiente laboral y su \u00e1mbito personal.<\/p>\n<p class=\"paragraph\" data-count=\"792\" data-wrap=\"131\">Amigos: Ahora  estamos viviendo un Cambio de \u00c9poca Laboral, en donde a nivel mundial el Recurso Humano necesita se le provea de mejores pr\u00e1cticas para desarrollar su potencial, por eso ahora el enfoque debe ser que un trabajador feliz ser\u00e1 un<strong> elemento  m\u00e1s productivo para la empresa;<\/strong>  el cumplir con la NOM-035-2018-STPS es dar un gran salto en la b\u00fasqueda del bienestar integral del trabajador dado que es una base para logar un entorno organizacional favorable y evitar situaciones de estr\u00e9s laboral. Recuerden que en estos momentos de incertidumbre y volatilidad que estamos viviendo donde se visualizan tiempos de contracci\u00f3n, un Factor Clave para superar crisis es contar con el <strong>mejor Talento Humano;<\/strong> y al final del d\u00eda, as\u00ed como la inteligencia emocional es ya una competencia laboral.<\/p>\n<p class=\"paragraph\" data-count=\"32\" data-wrap=\"6\"><strong>Ahora los invito a la reflexi\u00f3n:<\/strong><\/p>\n<p class=\"paragraph\" data-count=\"307\" data-wrap=\"52\">La Felicidad y la Resiliencia \u00bfser\u00e1n las Nuevas Competencias Laborales? Si lo son o no, lo que s\u00ed creo es que un trabajador feliz y resiliente marcar\u00e1 la diferencia en la empresa, potencializando lo que ahora en Psicolog\u00eda se llama \u201cOrganizaci\u00f3n Positiva\u201d tema que los invito a seguir en mi pr\u00f3xima entrega.<\/p>\n<p class=\"paragraph\" data-count=\"80\" data-wrap=\"13\">El autor es Socio de Innovaci\u00f3n y Rentabilidad del Despacho Elizondo Cant\u00fa, S.C.<\/p>\n<p class=\"paragraph\" data-count=\"37\" data-wrap=\"3\">Opine usted: ajuarez@elizondocantu.mx<\/p>\n<p class=\"paragraph\" data-count=\"178\" data-wrap=\"27\"><strong>Esta es una columna de opini\u00f3n. Las expresiones aqu\u00ed vertidas son responsabilidad \u00fanicamente de quien la firma y no necesariamente reflejan la postura editorial de El Financiero.<\/strong><\/p>\n<p>[ad_2]<br \/>\n<br \/><a href=\"https:\/\/www.elfinanciero.com.mx\/rss\/monterrey\/felicidad-y-resiliencia-nuevas-competencias-laborales\">Source link <\/a><\/p>\n","protected":false},"excerpt":{"rendered":"<p>[ad_1] Aldo Eliud Ju\u00e1rez LunaFuente: Cortes\u00eda Estimados lectores, el mundo de negocios cambia a un ritmo vertiginoso y cada d\u00eda nos enfrentamos a retos laborales m\u00e1s complicados por una fuerza de trabajo con caracter\u00edsticas cada vez mas globalizada, causada entre otros factores por la incorporaci\u00f3n laboral de nuevas generaciones como los millennials que tienen otra [&hellip;]<\/p>\n","protected":false},"author":3,"featured_media":1921,"comment_status":"open","ping_status":"open","sticky":false,"template":"","format":"standard","meta":{"footnotes":""},"categories":[1],"tags":[],"class_list":["post-3791","post","type-post","status-publish","format-standard","has-post-thumbnail","hentry","category-noticias-financieras"],"yoast_head":"<!-- This site is optimized with the Yoast SEO plugin v27.4 - https:\/\/yoast.com\/product\/yoast-seo-wordpress\/ -->\n<title>\u201cFelicidad y Resiliencia\u201d \u00bfNuevas Competencias Laborales? - Super News<\/title>\n<meta name=\"robots\" content=\"index, follow, max-snippet:-1, max-image-preview:large, max-video-preview:-1\" \/>\n<link rel=\"canonical\" href=\"https:\/\/super-news.info\/mx\/felicidad-y-resiliencia-nuevas-competencias-laborales\/\" \/>\n<meta property=\"og:locale\" content=\"es_MX\" \/>\n<meta property=\"og:type\" content=\"article\" \/>\n<meta property=\"og:title\" content=\"\u201cFelicidad y Resiliencia\u201d \u00bfNuevas Competencias Laborales? - Super News\" \/>\n<meta property=\"og:description\" content=\"[ad_1] Aldo Eliud Ju\u00e1rez LunaFuente: Cortes\u00eda Estimados lectores, el mundo de negocios cambia a un ritmo vertiginoso y cada d\u00eda nos enfrentamos a retos laborales m\u00e1s complicados por una fuerza de trabajo con caracter\u00edsticas cada vez mas globalizada, causada entre otros factores por la incorporaci\u00f3n laboral de nuevas generaciones como los millennials que tienen otra [&hellip;]\" \/>\n<meta property=\"og:url\" content=\"https:\/\/super-news.info\/mx\/felicidad-y-resiliencia-nuevas-competencias-laborales\/\" \/>\n<meta property=\"og:site_name\" content=\"Super News\" \/>\n<meta property=\"article:published_time\" content=\"2019-08-27T18:34:11+00:00\" \/>\n<meta property=\"article:modified_time\" content=\"2019-08-27T18:34:12+00:00\" \/>\n<meta property=\"og:image\" content=\"https:\/\/super-news.info\/mx\/wp-content\/uploads\/sites\/8\/2019\/07\/Impacto-en-las-empresas-tras-la-Nueva-Norma-de-Arrendamientos.jpeg\" \/>\n\t<meta property=\"og:image:width\" content=\"1776\" \/>\n\t<meta property=\"og:image:height\" content=\"1000\" \/>\n\t<meta property=\"og:image:type\" content=\"image\/jpeg\" \/>\n<meta name=\"author\" content=\"mx\" \/>\n<meta name=\"twitter:card\" content=\"summary_large_image\" \/>\n<meta name=\"twitter:label1\" content=\"Escrito por\" \/>\n\t<meta name=\"twitter:data1\" content=\"mx\" \/>\n\t<meta name=\"twitter:label2\" content=\"Tiempo de lectura\" \/>\n\t<meta name=\"twitter:data2\" content=\"3 minutos\" \/>\n<script type=\"application\/ld+json\" class=\"yoast-schema-graph\">{\"@context\":\"https:\\\/\\\/schema.org\",\"@graph\":[{\"@type\":\"Article\",\"@id\":\"https:\\\/\\\/super-news.info\\\/mx\\\/felicidad-y-resiliencia-nuevas-competencias-laborales\\\/#article\",\"isPartOf\":{\"@id\":\"https:\\\/\\\/super-news.info\\\/mx\\\/felicidad-y-resiliencia-nuevas-competencias-laborales\\\/\"},\"author\":{\"name\":\"mx\",\"@id\":\"https:\\\/\\\/super-news.info\\\/mx\\\/#\\\/schema\\\/person\\\/74b71ca3d407439fd57da2d9c89449ca\"},\"headline\":\"\u201cFelicidad y Resiliencia\u201d \u00bfNuevas Competencias Laborales?\",\"datePublished\":\"2019-08-27T18:34:11+00:00\",\"dateModified\":\"2019-08-27T18:34:12+00:00\",\"mainEntityOfPage\":{\"@id\":\"https:\\\/\\\/super-news.info\\\/mx\\\/felicidad-y-resiliencia-nuevas-competencias-laborales\\\/\"},\"wordCount\":673,\"commentCount\":0,\"image\":{\"@id\":\"https:\\\/\\\/super-news.info\\\/mx\\\/felicidad-y-resiliencia-nuevas-competencias-laborales\\\/#primaryimage\"},\"thumbnailUrl\":\"https:\\\/\\\/super-news.info\\\/mx\\\/wp-content\\\/uploads\\\/sites\\\/8\\\/2019\\\/07\\\/Impacto-en-las-empresas-tras-la-Nueva-Norma-de-Arrendamientos.jpeg\",\"articleSection\":[\"NOTICIAS FINANCIERAS\"],\"inLanguage\":\"es\",\"potentialAction\":[{\"@type\":\"CommentAction\",\"name\":\"Comment\",\"target\":[\"https:\\\/\\\/super-news.info\\\/mx\\\/felicidad-y-resiliencia-nuevas-competencias-laborales\\\/#respond\"]}]},{\"@type\":\"WebPage\",\"@id\":\"https:\\\/\\\/super-news.info\\\/mx\\\/felicidad-y-resiliencia-nuevas-competencias-laborales\\\/\",\"url\":\"https:\\\/\\\/super-news.info\\\/mx\\\/felicidad-y-resiliencia-nuevas-competencias-laborales\\\/\",\"name\":\"\u201cFelicidad y Resiliencia\u201d \u00bfNuevas Competencias Laborales? - Super News\",\"isPartOf\":{\"@id\":\"https:\\\/\\\/super-news.info\\\/mx\\\/#website\"},\"primaryImageOfPage\":{\"@id\":\"https:\\\/\\\/super-news.info\\\/mx\\\/felicidad-y-resiliencia-nuevas-competencias-laborales\\\/#primaryimage\"},\"image\":{\"@id\":\"https:\\\/\\\/super-news.info\\\/mx\\\/felicidad-y-resiliencia-nuevas-competencias-laborales\\\/#primaryimage\"},\"thumbnailUrl\":\"https:\\\/\\\/super-news.info\\\/mx\\\/wp-content\\\/uploads\\\/sites\\\/8\\\/2019\\\/07\\\/Impacto-en-las-empresas-tras-la-Nueva-Norma-de-Arrendamientos.jpeg\",\"datePublished\":\"2019-08-27T18:34:11+00:00\",\"dateModified\":\"2019-08-27T18:34:12+00:00\",\"author\":{\"@id\":\"https:\\\/\\\/super-news.info\\\/mx\\\/#\\\/schema\\\/person\\\/74b71ca3d407439fd57da2d9c89449ca\"},\"breadcrumb\":{\"@id\":\"https:\\\/\\\/super-news.info\\\/mx\\\/felicidad-y-resiliencia-nuevas-competencias-laborales\\\/#breadcrumb\"},\"inLanguage\":\"es\",\"potentialAction\":[{\"@type\":\"ReadAction\",\"target\":[\"https:\\\/\\\/super-news.info\\\/mx\\\/felicidad-y-resiliencia-nuevas-competencias-laborales\\\/\"]}]},{\"@type\":\"ImageObject\",\"inLanguage\":\"es\",\"@id\":\"https:\\\/\\\/super-news.info\\\/mx\\\/felicidad-y-resiliencia-nuevas-competencias-laborales\\\/#primaryimage\",\"url\":\"https:\\\/\\\/super-news.info\\\/mx\\\/wp-content\\\/uploads\\\/sites\\\/8\\\/2019\\\/07\\\/Impacto-en-las-empresas-tras-la-Nueva-Norma-de-Arrendamientos.jpeg\",\"contentUrl\":\"https:\\\/\\\/super-news.info\\\/mx\\\/wp-content\\\/uploads\\\/sites\\\/8\\\/2019\\\/07\\\/Impacto-en-las-empresas-tras-la-Nueva-Norma-de-Arrendamientos.jpeg\",\"width\":1776,\"height\":1000,\"caption\":\"Aldo Eliud Ju\u00e1rez Luna\"},{\"@type\":\"BreadcrumbList\",\"@id\":\"https:\\\/\\\/super-news.info\\\/mx\\\/felicidad-y-resiliencia-nuevas-competencias-laborales\\\/#breadcrumb\",\"itemListElement\":[{\"@type\":\"ListItem\",\"position\":1,\"name\":\"Home\",\"item\":\"https:\\\/\\\/super-news.info\\\/mx\\\/\"},{\"@type\":\"ListItem\",\"position\":2,\"name\":\"\u201cFelicidad y Resiliencia\u201d \u00bfNuevas Competencias Laborales?\"}]},{\"@type\":\"WebSite\",\"@id\":\"https:\\\/\\\/super-news.info\\\/mx\\\/#website\",\"url\":\"https:\\\/\\\/super-news.info\\\/mx\\\/\",\"name\":\"Super News\",\"description\":\"Super News Mexico\",\"potentialAction\":[{\"@type\":\"SearchAction\",\"target\":{\"@type\":\"EntryPoint\",\"urlTemplate\":\"https:\\\/\\\/super-news.info\\\/mx\\\/?s={search_term_string}\"},\"query-input\":{\"@type\":\"PropertyValueSpecification\",\"valueRequired\":true,\"valueName\":\"search_term_string\"}}],\"inLanguage\":\"es\"},{\"@type\":\"Person\",\"@id\":\"https:\\\/\\\/super-news.info\\\/mx\\\/#\\\/schema\\\/person\\\/74b71ca3d407439fd57da2d9c89449ca\",\"name\":\"mx\",\"image\":{\"@type\":\"ImageObject\",\"inLanguage\":\"es\",\"@id\":\"https:\\\/\\\/secure.gravatar.com\\\/avatar\\\/6374ac65ff69c362a0ae1303d73d69dcd9bd198d62d9861f054a69aaf82c017b?s=96&d=mm&r=g\",\"url\":\"https:\\\/\\\/secure.gravatar.com\\\/avatar\\\/6374ac65ff69c362a0ae1303d73d69dcd9bd198d62d9861f054a69aaf82c017b?s=96&d=mm&r=g\",\"contentUrl\":\"https:\\\/\\\/secure.gravatar.com\\\/avatar\\\/6374ac65ff69c362a0ae1303d73d69dcd9bd198d62d9861f054a69aaf82c017b?s=96&d=mm&r=g\",\"caption\":\"mx\"},\"url\":\"https:\\\/\\\/super-news.info\\\/mx\\\/author\\\/mx\\\/\"}]}<\/script>\n<!-- \/ Yoast SEO plugin. -->","yoast_head_json":{"title":"\u201cFelicidad y Resiliencia\u201d \u00bfNuevas Competencias Laborales? - Super News","robots":{"index":"index","follow":"follow","max-snippet":"max-snippet:-1","max-image-preview":"max-image-preview:large","max-video-preview":"max-video-preview:-1"},"canonical":"https:\/\/super-news.info\/mx\/felicidad-y-resiliencia-nuevas-competencias-laborales\/","og_locale":"es_MX","og_type":"article","og_title":"\u201cFelicidad y Resiliencia\u201d \u00bfNuevas Competencias Laborales? - Super News","og_description":"[ad_1] Aldo Eliud Ju\u00e1rez LunaFuente: Cortes\u00eda Estimados lectores, el mundo de negocios cambia a un ritmo vertiginoso y cada d\u00eda nos enfrentamos a retos laborales m\u00e1s complicados por una fuerza de trabajo con caracter\u00edsticas cada vez mas globalizada, causada entre otros factores por la incorporaci\u00f3n laboral de nuevas generaciones como los millennials que tienen otra [&hellip;]","og_url":"https:\/\/super-news.info\/mx\/felicidad-y-resiliencia-nuevas-competencias-laborales\/","og_site_name":"Super News","article_published_time":"2019-08-27T18:34:11+00:00","article_modified_time":"2019-08-27T18:34:12+00:00","og_image":[{"width":1776,"height":1000,"url":"https:\/\/super-news.info\/mx\/wp-content\/uploads\/sites\/8\/2019\/07\/Impacto-en-las-empresas-tras-la-Nueva-Norma-de-Arrendamientos.jpeg","type":"image\/jpeg"}],"author":"mx","twitter_card":"summary_large_image","twitter_misc":{"Escrito por":"mx","Tiempo de lectura":"3 minutos"},"schema":{"@context":"https:\/\/schema.org","@graph":[{"@type":"Article","@id":"https:\/\/super-news.info\/mx\/felicidad-y-resiliencia-nuevas-competencias-laborales\/#article","isPartOf":{"@id":"https:\/\/super-news.info\/mx\/felicidad-y-resiliencia-nuevas-competencias-laborales\/"},"author":{"name":"mx","@id":"https:\/\/super-news.info\/mx\/#\/schema\/person\/74b71ca3d407439fd57da2d9c89449ca"},"headline":"\u201cFelicidad y Resiliencia\u201d \u00bfNuevas Competencias Laborales?","datePublished":"2019-08-27T18:34:11+00:00","dateModified":"2019-08-27T18:34:12+00:00","mainEntityOfPage":{"@id":"https:\/\/super-news.info\/mx\/felicidad-y-resiliencia-nuevas-competencias-laborales\/"},"wordCount":673,"commentCount":0,"image":{"@id":"https:\/\/super-news.info\/mx\/felicidad-y-resiliencia-nuevas-competencias-laborales\/#primaryimage"},"thumbnailUrl":"https:\/\/super-news.info\/mx\/wp-content\/uploads\/sites\/8\/2019\/07\/Impacto-en-las-empresas-tras-la-Nueva-Norma-de-Arrendamientos.jpeg","articleSection":["NOTICIAS FINANCIERAS"],"inLanguage":"es","potentialAction":[{"@type":"CommentAction","name":"Comment","target":["https:\/\/super-news.info\/mx\/felicidad-y-resiliencia-nuevas-competencias-laborales\/#respond"]}]},{"@type":"WebPage","@id":"https:\/\/super-news.info\/mx\/felicidad-y-resiliencia-nuevas-competencias-laborales\/","url":"https:\/\/super-news.info\/mx\/felicidad-y-resiliencia-nuevas-competencias-laborales\/","name":"\u201cFelicidad y Resiliencia\u201d \u00bfNuevas Competencias Laborales? - Super News","isPartOf":{"@id":"https:\/\/super-news.info\/mx\/#website"},"primaryImageOfPage":{"@id":"https:\/\/super-news.info\/mx\/felicidad-y-resiliencia-nuevas-competencias-laborales\/#primaryimage"},"image":{"@id":"https:\/\/super-news.info\/mx\/felicidad-y-resiliencia-nuevas-competencias-laborales\/#primaryimage"},"thumbnailUrl":"https:\/\/super-news.info\/mx\/wp-content\/uploads\/sites\/8\/2019\/07\/Impacto-en-las-empresas-tras-la-Nueva-Norma-de-Arrendamientos.jpeg","datePublished":"2019-08-27T18:34:11+00:00","dateModified":"2019-08-27T18:34:12+00:00","author":{"@id":"https:\/\/super-news.info\/mx\/#\/schema\/person\/74b71ca3d407439fd57da2d9c89449ca"},"breadcrumb":{"@id":"https:\/\/super-news.info\/mx\/felicidad-y-resiliencia-nuevas-competencias-laborales\/#breadcrumb"},"inLanguage":"es","potentialAction":[{"@type":"ReadAction","target":["https:\/\/super-news.info\/mx\/felicidad-y-resiliencia-nuevas-competencias-laborales\/"]}]},{"@type":"ImageObject","inLanguage":"es","@id":"https:\/\/super-news.info\/mx\/felicidad-y-resiliencia-nuevas-competencias-laborales\/#primaryimage","url":"https:\/\/super-news.info\/mx\/wp-content\/uploads\/sites\/8\/2019\/07\/Impacto-en-las-empresas-tras-la-Nueva-Norma-de-Arrendamientos.jpeg","contentUrl":"https:\/\/super-news.info\/mx\/wp-content\/uploads\/sites\/8\/2019\/07\/Impacto-en-las-empresas-tras-la-Nueva-Norma-de-Arrendamientos.jpeg","width":1776,"height":1000,"caption":"Aldo Eliud Ju\u00e1rez Luna"},{"@type":"BreadcrumbList","@id":"https:\/\/super-news.info\/mx\/felicidad-y-resiliencia-nuevas-competencias-laborales\/#breadcrumb","itemListElement":[{"@type":"ListItem","position":1,"name":"Home","item":"https:\/\/super-news.info\/mx\/"},{"@type":"ListItem","position":2,"name":"\u201cFelicidad y Resiliencia\u201d \u00bfNuevas Competencias Laborales?"}]},{"@type":"WebSite","@id":"https:\/\/super-news.info\/mx\/#website","url":"https:\/\/super-news.info\/mx\/","name":"Super News","description":"Super News Mexico","potentialAction":[{"@type":"SearchAction","target":{"@type":"EntryPoint","urlTemplate":"https:\/\/super-news.info\/mx\/?s={search_term_string}"},"query-input":{"@type":"PropertyValueSpecification","valueRequired":true,"valueName":"search_term_string"}}],"inLanguage":"es"},{"@type":"Person","@id":"https:\/\/super-news.info\/mx\/#\/schema\/person\/74b71ca3d407439fd57da2d9c89449ca","name":"mx","image":{"@type":"ImageObject","inLanguage":"es","@id":"https:\/\/secure.gravatar.com\/avatar\/6374ac65ff69c362a0ae1303d73d69dcd9bd198d62d9861f054a69aaf82c017b?s=96&d=mm&r=g","url":"https:\/\/secure.gravatar.com\/avatar\/6374ac65ff69c362a0ae1303d73d69dcd9bd198d62d9861f054a69aaf82c017b?s=96&d=mm&r=g","contentUrl":"https:\/\/secure.gravatar.com\/avatar\/6374ac65ff69c362a0ae1303d73d69dcd9bd198d62d9861f054a69aaf82c017b?s=96&d=mm&r=g","caption":"mx"},"url":"https:\/\/super-news.info\/mx\/author\/mx\/"}]}},"_links":{"self":[{"href":"https:\/\/super-news.info\/mx\/wp-json\/wp\/v2\/posts\/3791","targetHints":{"allow":["GET"]}}],"collection":[{"href":"https:\/\/super-news.info\/mx\/wp-json\/wp\/v2\/posts"}],"about":[{"href":"https:\/\/super-news.info\/mx\/wp-json\/wp\/v2\/types\/post"}],"author":[{"embeddable":true,"href":"https:\/\/super-news.info\/mx\/wp-json\/wp\/v2\/users\/3"}],"replies":[{"embeddable":true,"href":"https:\/\/super-news.info\/mx\/wp-json\/wp\/v2\/comments?post=3791"}],"version-history":[{"count":1,"href":"https:\/\/super-news.info\/mx\/wp-json\/wp\/v2\/posts\/3791\/revisions"}],"predecessor-version":[{"id":3792,"href":"https:\/\/super-news.info\/mx\/wp-json\/wp\/v2\/posts\/3791\/revisions\/3792"}],"wp:featuredmedia":[{"embeddable":true,"href":"https:\/\/super-news.info\/mx\/wp-json\/wp\/v2\/media\/1921"}],"wp:attachment":[{"href":"https:\/\/super-news.info\/mx\/wp-json\/wp\/v2\/media?parent=3791"}],"wp:term":[{"taxonomy":"category","embeddable":true,"href":"https:\/\/super-news.info\/mx\/wp-json\/wp\/v2\/categories?post=3791"},{"taxonomy":"post_tag","embeddable":true,"href":"https:\/\/super-news.info\/mx\/wp-json\/wp\/v2\/tags?post=3791"}],"curies":[{"name":"wp","href":"https:\/\/api.w.org\/{rel}","templated":true}]}}