{"id":3786,"date":"2019-08-27T17:41:22","date_gmt":"2019-08-27T17:41:22","guid":{"rendered":"https:\/\/super-news.info\/mx\/el-pensar-y-el-hacer\/"},"modified":"2019-08-27T17:41:23","modified_gmt":"2019-08-27T17:41:23","slug":"el-pensar-y-el-hacer","status":"publish","type":"post","link":"https:\/\/super-news.info\/mx\/el-pensar-y-el-hacer\/","title":{"rendered":"El pensar y el hacer"},"content":{"rendered":"<p> [ad_1]<br \/>\n<\/p>\n<div class=\"image__block -side\">\n<figure><\/figure>\n<p><span class=\"element__footer\">Antonio Tamayo Neyra<\/span><span class=\"element__credit\">Fuente: Cortes\u00eda.<\/span><\/div>\n<p class=\"paragraph\" data-count=\"146\" data-wrap=\"23\"><u>\u201cLa diferencia entre lo que hacemos y somos capaces de hacer, bastar\u00eda para solucionar la mayor\u00eda de los problemas del mundo\u201d.- Bernardo Kliksberg<\/u><\/p>\n<p class=\"paragraph\" data-count=\"150\" data-wrap=\"22\">Con este espl\u00e9ndido pensamiento del conocido experto y profesor en el tema de responsabilidad social, quiero comenzar en esta ocasi\u00f3n mi colaboraci\u00f3n.<\/p>\n<p class=\"paragraph\" data-count=\"362\" data-wrap=\"61\">Para mi gusto, esta reflexi\u00f3n que abarca menos de dos renglones completos, dice mucho de lo que es capaz el ser humano, y nos muestra tambi\u00e9n desafortunadamente, que en sus milenios de existencia, el g\u00e9nero humano no ha sabido o podido actuar de una manera adecuada con sus semejantes, llevar una sociabilidad que le permita estar mejor en su<strong> convivencia diaria.<\/strong><\/p>\n<p class=\"paragraph\" data-count=\"276\" data-wrap=\"48\">Es innegable que la raza humana ha podido sobrevivir en al menos los \u00faltimos tres milenios, pero la p\u00e9rdida de vidas humanas ha sido y es todav\u00eda enorme, en guerras y conflictos de todo tipo que se pudieron haber evitado, si hubieran puesto <strong>en pr\u00e1ctica el pensamiento inicial.<\/strong><\/p>\n<p class=\"paragraph\" data-count=\"198\" data-wrap=\"36\">Ese desgaste innecesario para lograr tal o cual victoria militar o pol\u00edtica, que a lo largo de los a\u00f1os se ha convertido en ef\u00edmera y hasta banal, por querer lograr algo que tiene un valor relativo.<\/p>\n<p class=\"paragraph\" data-count=\"147\" data-wrap=\"24\">Esto antes mencionado<strong> encierra el comportamiento \u00e9tico<\/strong>, un valor que, si bien siempre ha estado presente, no se le otorga la importancia que tiene.<\/p>\n<p class=\"paragraph\" data-count=\"300\" data-wrap=\"55\">Ese dilema que implica \u201cLa diferencia entre lo que hacemos y somos capaces de hacer\u201d, se refiere a la importancia que le damos a la \u00e9tica en el comportamiento diario, ya sea en casa con la familia o con los compa\u00f1eros de trabajo, e inclusive en la convivencia que se tenga en cualquier lugar p\u00fablico.<\/p>\n<p class=\"paragraph\" data-count=\"260\" data-wrap=\"45\">Por otro lado: <strong>\u00bfsabemos a conciencia lo que somos capaces de hacer? <\/strong>Y no solamente en el aspecto f\u00edsico, sino en el aspecto sentimental o moral; por ejemplo: \u00bfsabemos hasta d\u00f3nde somos capaces de enga\u00f1ar a nuestra pareja, o bien a nuestro compa\u00f1ero de trabajo?<\/p>\n<p class=\"paragraph\" data-count=\"201\" data-wrap=\"32\">Muchas cosas, desafortunadamente, las hacemos porque otros las hacen, otros que admiramos o que al menos queremos ser como ellos, pero que no hemos reflexionado lo que implica eso que estamos haciendo.<\/p>\n<p class=\"paragraph\" data-count=\"302\" data-wrap=\"52\">Tal vez esa diferencia entre lo que hacemos y somos capaces de hacer, la podamos reducir cuando hagamos cosas positivas en por lo menos en el ambiente social en el que nos movemos;<strong> poniendo todas nuestras fuerzas y capacidades,<\/strong> sean f\u00edsicas y\/o mentales, para lograr todo lo que somos capaces de hacer.<\/p>\n<p class=\"paragraph\" data-count=\"225\" data-wrap=\"33\">Termino esta columna con otro pensamiento de Bernardo Kliksberg que dice: <u>\u201cEs necesario recuperar la capacidad del ser humano para rebelarse contra las injusticias. Y eso es la pobreza: una injusticia \u00e9ticamente inadmisible<\/u>\u201d.<\/p>\n<p class=\"paragraph\" data-count=\"159\" data-wrap=\"24\">Uniendo ambas ideas, como seres humanos necesitamos que toda nuestra capacidad sirva para terminar con la que se considera la principal injusticia; la pobreza.<\/p>\n<p class=\"paragraph\" data-count=\"270\" data-wrap=\"45\">Tenemos un planeta que tiene todos los recursos necesarios para que se elimine la pobreza en forma total y absoluta; tenemos que encontrar las formas a nuestro alcance para que la <strong>pobreza se vaya reduciendo<\/strong>; no debe haber pobres, dicho esto sin \u00e1nimo pol\u00edtico deformado.<\/p>\n<p class=\"paragraph\" data-count=\"23\" data-wrap=\"3\"><em>Seguiremos platicando \u2026<\/em><\/p>\n<p class=\"paragraph\" data-count=\"36\" data-wrap=\"3\"><em>Blog: http:\/\/ecologiasocial.com.mx\/ <\/em><\/p>\n<p class=\"paragraph\" data-count=\"33\" data-wrap=\"3\">Opine usted: anttamayon@gmail.com<\/p>\n<p class=\"paragraph\" data-count=\"178\" data-wrap=\"27\"><strong>Esta es una columna de opini\u00f3n. Las expresiones aqu\u00ed vertidas son responsabilidad \u00fanicamente de quien la firma y no necesariamente reflejan la postura editorial de El Financiero.<\/strong><\/p>\n<p>[ad_2]<br \/>\n<br \/><a href=\"https:\/\/www.elfinanciero.com.mx\/rss\/monterrey\/el-pensar-y-el-hacer\">Source link <\/a><\/p>\n","protected":false},"excerpt":{"rendered":"<p>[ad_1] Antonio Tamayo NeyraFuente: Cortes\u00eda. \u201cLa diferencia entre lo que hacemos y somos capaces de hacer, bastar\u00eda para solucionar la mayor\u00eda de los problemas del mundo\u201d.- Bernardo Kliksberg Con este espl\u00e9ndido pensamiento del conocido experto y profesor en el tema de responsabilidad social, quiero comenzar en esta ocasi\u00f3n mi colaboraci\u00f3n. Para mi gusto, esta reflexi\u00f3n [&hellip;]<\/p>\n","protected":false},"author":3,"featured_media":1047,"comment_status":"open","ping_status":"open","sticky":false,"template":"","format":"standard","meta":{"footnotes":""},"categories":[1],"tags":[],"class_list":["post-3786","post","type-post","status-publish","format-standard","has-post-thumbnail","hentry","category-noticias-financieras"],"yoast_head":"<!-- This site is optimized with the Yoast SEO plugin v27.4 - https:\/\/yoast.com\/product\/yoast-seo-wordpress\/ -->\n<title>El pensar y el hacer - Super News<\/title>\n<meta name=\"robots\" content=\"index, follow, max-snippet:-1, max-image-preview:large, max-video-preview:-1\" \/>\n<link rel=\"canonical\" href=\"https:\/\/super-news.info\/mx\/el-pensar-y-el-hacer\/\" \/>\n<meta property=\"og:locale\" content=\"es_MX\" \/>\n<meta property=\"og:type\" content=\"article\" \/>\n<meta property=\"og:title\" content=\"El pensar y el hacer - Super News\" \/>\n<meta property=\"og:description\" content=\"[ad_1] Antonio Tamayo NeyraFuente: Cortes\u00eda. \u201cLa diferencia entre lo que hacemos y somos capaces de hacer, bastar\u00eda para solucionar la mayor\u00eda de los problemas del mundo\u201d.- Bernardo Kliksberg Con este espl\u00e9ndido pensamiento del conocido experto y profesor en el tema de responsabilidad social, quiero comenzar en esta ocasi\u00f3n mi colaboraci\u00f3n. Para mi gusto, esta reflexi\u00f3n [&hellip;]\" \/>\n<meta property=\"og:url\" content=\"https:\/\/super-news.info\/mx\/el-pensar-y-el-hacer\/\" \/>\n<meta property=\"og:site_name\" content=\"Super News\" \/>\n<meta property=\"article:published_time\" content=\"2019-08-27T17:41:22+00:00\" \/>\n<meta property=\"article:modified_time\" content=\"2019-08-27T17:41:23+00:00\" \/>\n<meta property=\"og:image\" content=\"https:\/\/super-news.info\/mx\/wp-content\/uploads\/sites\/8\/2019\/06\/Iron\u00eda.jpeg\" \/>\n\t<meta property=\"og:image:width\" content=\"1776\" \/>\n\t<meta property=\"og:image:height\" content=\"1000\" \/>\n\t<meta property=\"og:image:type\" content=\"image\/jpeg\" \/>\n<meta name=\"author\" content=\"mx\" \/>\n<meta name=\"twitter:card\" content=\"summary_large_image\" \/>\n<meta name=\"twitter:label1\" content=\"Escrito por\" \/>\n\t<meta name=\"twitter:data1\" content=\"mx\" \/>\n\t<meta name=\"twitter:label2\" content=\"Tiempo de lectura\" \/>\n\t<meta name=\"twitter:data2\" content=\"3 minutos\" \/>\n<script type=\"application\/ld+json\" class=\"yoast-schema-graph\">{\"@context\":\"https:\\\/\\\/schema.org\",\"@graph\":[{\"@type\":\"Article\",\"@id\":\"https:\\\/\\\/super-news.info\\\/mx\\\/el-pensar-y-el-hacer\\\/#article\",\"isPartOf\":{\"@id\":\"https:\\\/\\\/super-news.info\\\/mx\\\/el-pensar-y-el-hacer\\\/\"},\"author\":{\"name\":\"mx\",\"@id\":\"https:\\\/\\\/super-news.info\\\/mx\\\/#\\\/schema\\\/person\\\/74b71ca3d407439fd57da2d9c89449ca\"},\"headline\":\"El pensar y el hacer\",\"datePublished\":\"2019-08-27T17:41:22+00:00\",\"dateModified\":\"2019-08-27T17:41:23+00:00\",\"mainEntityOfPage\":{\"@id\":\"https:\\\/\\\/super-news.info\\\/mx\\\/el-pensar-y-el-hacer\\\/\"},\"wordCount\":579,\"commentCount\":0,\"image\":{\"@id\":\"https:\\\/\\\/super-news.info\\\/mx\\\/el-pensar-y-el-hacer\\\/#primaryimage\"},\"thumbnailUrl\":\"https:\\\/\\\/super-news.info\\\/mx\\\/wp-content\\\/uploads\\\/sites\\\/8\\\/2019\\\/06\\\/Iron\u00eda.jpeg\",\"articleSection\":[\"NOTICIAS FINANCIERAS\"],\"inLanguage\":\"es\",\"potentialAction\":[{\"@type\":\"CommentAction\",\"name\":\"Comment\",\"target\":[\"https:\\\/\\\/super-news.info\\\/mx\\\/el-pensar-y-el-hacer\\\/#respond\"]}]},{\"@type\":\"WebPage\",\"@id\":\"https:\\\/\\\/super-news.info\\\/mx\\\/el-pensar-y-el-hacer\\\/\",\"url\":\"https:\\\/\\\/super-news.info\\\/mx\\\/el-pensar-y-el-hacer\\\/\",\"name\":\"El pensar y el hacer - Super News\",\"isPartOf\":{\"@id\":\"https:\\\/\\\/super-news.info\\\/mx\\\/#website\"},\"primaryImageOfPage\":{\"@id\":\"https:\\\/\\\/super-news.info\\\/mx\\\/el-pensar-y-el-hacer\\\/#primaryimage\"},\"image\":{\"@id\":\"https:\\\/\\\/super-news.info\\\/mx\\\/el-pensar-y-el-hacer\\\/#primaryimage\"},\"thumbnailUrl\":\"https:\\\/\\\/super-news.info\\\/mx\\\/wp-content\\\/uploads\\\/sites\\\/8\\\/2019\\\/06\\\/Iron\u00eda.jpeg\",\"datePublished\":\"2019-08-27T17:41:22+00:00\",\"dateModified\":\"2019-08-27T17:41:23+00:00\",\"author\":{\"@id\":\"https:\\\/\\\/super-news.info\\\/mx\\\/#\\\/schema\\\/person\\\/74b71ca3d407439fd57da2d9c89449ca\"},\"breadcrumb\":{\"@id\":\"https:\\\/\\\/super-news.info\\\/mx\\\/el-pensar-y-el-hacer\\\/#breadcrumb\"},\"inLanguage\":\"es\",\"potentialAction\":[{\"@type\":\"ReadAction\",\"target\":[\"https:\\\/\\\/super-news.info\\\/mx\\\/el-pensar-y-el-hacer\\\/\"]}]},{\"@type\":\"ImageObject\",\"inLanguage\":\"es\",\"@id\":\"https:\\\/\\\/super-news.info\\\/mx\\\/el-pensar-y-el-hacer\\\/#primaryimage\",\"url\":\"https:\\\/\\\/super-news.info\\\/mx\\\/wp-content\\\/uploads\\\/sites\\\/8\\\/2019\\\/06\\\/Iron\u00eda.jpeg\",\"contentUrl\":\"https:\\\/\\\/super-news.info\\\/mx\\\/wp-content\\\/uploads\\\/sites\\\/8\\\/2019\\\/06\\\/Iron\u00eda.jpeg\",\"width\":1776,\"height\":1000,\"caption\":\"Antonio Tamayo Neyra\"},{\"@type\":\"BreadcrumbList\",\"@id\":\"https:\\\/\\\/super-news.info\\\/mx\\\/el-pensar-y-el-hacer\\\/#breadcrumb\",\"itemListElement\":[{\"@type\":\"ListItem\",\"position\":1,\"name\":\"Home\",\"item\":\"https:\\\/\\\/super-news.info\\\/mx\\\/\"},{\"@type\":\"ListItem\",\"position\":2,\"name\":\"El pensar y el hacer\"}]},{\"@type\":\"WebSite\",\"@id\":\"https:\\\/\\\/super-news.info\\\/mx\\\/#website\",\"url\":\"https:\\\/\\\/super-news.info\\\/mx\\\/\",\"name\":\"Super News\",\"description\":\"Super News Mexico\",\"potentialAction\":[{\"@type\":\"SearchAction\",\"target\":{\"@type\":\"EntryPoint\",\"urlTemplate\":\"https:\\\/\\\/super-news.info\\\/mx\\\/?s={search_term_string}\"},\"query-input\":{\"@type\":\"PropertyValueSpecification\",\"valueRequired\":true,\"valueName\":\"search_term_string\"}}],\"inLanguage\":\"es\"},{\"@type\":\"Person\",\"@id\":\"https:\\\/\\\/super-news.info\\\/mx\\\/#\\\/schema\\\/person\\\/74b71ca3d407439fd57da2d9c89449ca\",\"name\":\"mx\",\"image\":{\"@type\":\"ImageObject\",\"inLanguage\":\"es\",\"@id\":\"https:\\\/\\\/secure.gravatar.com\\\/avatar\\\/6374ac65ff69c362a0ae1303d73d69dcd9bd198d62d9861f054a69aaf82c017b?s=96&d=mm&r=g\",\"url\":\"https:\\\/\\\/secure.gravatar.com\\\/avatar\\\/6374ac65ff69c362a0ae1303d73d69dcd9bd198d62d9861f054a69aaf82c017b?s=96&d=mm&r=g\",\"contentUrl\":\"https:\\\/\\\/secure.gravatar.com\\\/avatar\\\/6374ac65ff69c362a0ae1303d73d69dcd9bd198d62d9861f054a69aaf82c017b?s=96&d=mm&r=g\",\"caption\":\"mx\"},\"url\":\"https:\\\/\\\/super-news.info\\\/mx\\\/author\\\/mx\\\/\"}]}<\/script>\n<!-- \/ Yoast SEO plugin. -->","yoast_head_json":{"title":"El pensar y el hacer - Super News","robots":{"index":"index","follow":"follow","max-snippet":"max-snippet:-1","max-image-preview":"max-image-preview:large","max-video-preview":"max-video-preview:-1"},"canonical":"https:\/\/super-news.info\/mx\/el-pensar-y-el-hacer\/","og_locale":"es_MX","og_type":"article","og_title":"El pensar y el hacer - Super News","og_description":"[ad_1] Antonio Tamayo NeyraFuente: Cortes\u00eda. \u201cLa diferencia entre lo que hacemos y somos capaces de hacer, bastar\u00eda para solucionar la mayor\u00eda de los problemas del mundo\u201d.- Bernardo Kliksberg Con este espl\u00e9ndido pensamiento del conocido experto y profesor en el tema de responsabilidad social, quiero comenzar en esta ocasi\u00f3n mi colaboraci\u00f3n. Para mi gusto, esta reflexi\u00f3n [&hellip;]","og_url":"https:\/\/super-news.info\/mx\/el-pensar-y-el-hacer\/","og_site_name":"Super News","article_published_time":"2019-08-27T17:41:22+00:00","article_modified_time":"2019-08-27T17:41:23+00:00","og_image":[{"width":1776,"height":1000,"url":"https:\/\/super-news.info\/mx\/wp-content\/uploads\/sites\/8\/2019\/06\/Iron\u00eda.jpeg","type":"image\/jpeg"}],"author":"mx","twitter_card":"summary_large_image","twitter_misc":{"Escrito por":"mx","Tiempo de lectura":"3 minutos"},"schema":{"@context":"https:\/\/schema.org","@graph":[{"@type":"Article","@id":"https:\/\/super-news.info\/mx\/el-pensar-y-el-hacer\/#article","isPartOf":{"@id":"https:\/\/super-news.info\/mx\/el-pensar-y-el-hacer\/"},"author":{"name":"mx","@id":"https:\/\/super-news.info\/mx\/#\/schema\/person\/74b71ca3d407439fd57da2d9c89449ca"},"headline":"El pensar y el hacer","datePublished":"2019-08-27T17:41:22+00:00","dateModified":"2019-08-27T17:41:23+00:00","mainEntityOfPage":{"@id":"https:\/\/super-news.info\/mx\/el-pensar-y-el-hacer\/"},"wordCount":579,"commentCount":0,"image":{"@id":"https:\/\/super-news.info\/mx\/el-pensar-y-el-hacer\/#primaryimage"},"thumbnailUrl":"https:\/\/super-news.info\/mx\/wp-content\/uploads\/sites\/8\/2019\/06\/Iron\u00eda.jpeg","articleSection":["NOTICIAS FINANCIERAS"],"inLanguage":"es","potentialAction":[{"@type":"CommentAction","name":"Comment","target":["https:\/\/super-news.info\/mx\/el-pensar-y-el-hacer\/#respond"]}]},{"@type":"WebPage","@id":"https:\/\/super-news.info\/mx\/el-pensar-y-el-hacer\/","url":"https:\/\/super-news.info\/mx\/el-pensar-y-el-hacer\/","name":"El pensar y el hacer - Super News","isPartOf":{"@id":"https:\/\/super-news.info\/mx\/#website"},"primaryImageOfPage":{"@id":"https:\/\/super-news.info\/mx\/el-pensar-y-el-hacer\/#primaryimage"},"image":{"@id":"https:\/\/super-news.info\/mx\/el-pensar-y-el-hacer\/#primaryimage"},"thumbnailUrl":"https:\/\/super-news.info\/mx\/wp-content\/uploads\/sites\/8\/2019\/06\/Iron\u00eda.jpeg","datePublished":"2019-08-27T17:41:22+00:00","dateModified":"2019-08-27T17:41:23+00:00","author":{"@id":"https:\/\/super-news.info\/mx\/#\/schema\/person\/74b71ca3d407439fd57da2d9c89449ca"},"breadcrumb":{"@id":"https:\/\/super-news.info\/mx\/el-pensar-y-el-hacer\/#breadcrumb"},"inLanguage":"es","potentialAction":[{"@type":"ReadAction","target":["https:\/\/super-news.info\/mx\/el-pensar-y-el-hacer\/"]}]},{"@type":"ImageObject","inLanguage":"es","@id":"https:\/\/super-news.info\/mx\/el-pensar-y-el-hacer\/#primaryimage","url":"https:\/\/super-news.info\/mx\/wp-content\/uploads\/sites\/8\/2019\/06\/Iron\u00eda.jpeg","contentUrl":"https:\/\/super-news.info\/mx\/wp-content\/uploads\/sites\/8\/2019\/06\/Iron\u00eda.jpeg","width":1776,"height":1000,"caption":"Antonio Tamayo Neyra"},{"@type":"BreadcrumbList","@id":"https:\/\/super-news.info\/mx\/el-pensar-y-el-hacer\/#breadcrumb","itemListElement":[{"@type":"ListItem","position":1,"name":"Home","item":"https:\/\/super-news.info\/mx\/"},{"@type":"ListItem","position":2,"name":"El pensar y el hacer"}]},{"@type":"WebSite","@id":"https:\/\/super-news.info\/mx\/#website","url":"https:\/\/super-news.info\/mx\/","name":"Super News","description":"Super News Mexico","potentialAction":[{"@type":"SearchAction","target":{"@type":"EntryPoint","urlTemplate":"https:\/\/super-news.info\/mx\/?s={search_term_string}"},"query-input":{"@type":"PropertyValueSpecification","valueRequired":true,"valueName":"search_term_string"}}],"inLanguage":"es"},{"@type":"Person","@id":"https:\/\/super-news.info\/mx\/#\/schema\/person\/74b71ca3d407439fd57da2d9c89449ca","name":"mx","image":{"@type":"ImageObject","inLanguage":"es","@id":"https:\/\/secure.gravatar.com\/avatar\/6374ac65ff69c362a0ae1303d73d69dcd9bd198d62d9861f054a69aaf82c017b?s=96&d=mm&r=g","url":"https:\/\/secure.gravatar.com\/avatar\/6374ac65ff69c362a0ae1303d73d69dcd9bd198d62d9861f054a69aaf82c017b?s=96&d=mm&r=g","contentUrl":"https:\/\/secure.gravatar.com\/avatar\/6374ac65ff69c362a0ae1303d73d69dcd9bd198d62d9861f054a69aaf82c017b?s=96&d=mm&r=g","caption":"mx"},"url":"https:\/\/super-news.info\/mx\/author\/mx\/"}]}},"_links":{"self":[{"href":"https:\/\/super-news.info\/mx\/wp-json\/wp\/v2\/posts\/3786","targetHints":{"allow":["GET"]}}],"collection":[{"href":"https:\/\/super-news.info\/mx\/wp-json\/wp\/v2\/posts"}],"about":[{"href":"https:\/\/super-news.info\/mx\/wp-json\/wp\/v2\/types\/post"}],"author":[{"embeddable":true,"href":"https:\/\/super-news.info\/mx\/wp-json\/wp\/v2\/users\/3"}],"replies":[{"embeddable":true,"href":"https:\/\/super-news.info\/mx\/wp-json\/wp\/v2\/comments?post=3786"}],"version-history":[{"count":1,"href":"https:\/\/super-news.info\/mx\/wp-json\/wp\/v2\/posts\/3786\/revisions"}],"predecessor-version":[{"id":3787,"href":"https:\/\/super-news.info\/mx\/wp-json\/wp\/v2\/posts\/3786\/revisions\/3787"}],"wp:featuredmedia":[{"embeddable":true,"href":"https:\/\/super-news.info\/mx\/wp-json\/wp\/v2\/media\/1047"}],"wp:attachment":[{"href":"https:\/\/super-news.info\/mx\/wp-json\/wp\/v2\/media?parent=3786"}],"wp:term":[{"taxonomy":"category","embeddable":true,"href":"https:\/\/super-news.info\/mx\/wp-json\/wp\/v2\/categories?post=3786"},{"taxonomy":"post_tag","embeddable":true,"href":"https:\/\/super-news.info\/mx\/wp-json\/wp\/v2\/tags?post=3786"}],"curies":[{"name":"wp","href":"https:\/\/api.w.org\/{rel}","templated":true}]}}