{"id":3779,"date":"2019-08-27T14:52:46","date_gmt":"2019-08-27T14:52:46","guid":{"rendered":"https:\/\/super-news.info\/mx\/bomberos-brasilenos-luchan-contra-incendios-en-un-amazonas-cubierto-de-humo\/"},"modified":"2019-08-27T14:52:48","modified_gmt":"2019-08-27T14:52:48","slug":"bomberos-brasilenos-luchan-contra-incendios-en-un-amazonas-cubierto-de-humo","status":"publish","type":"post","link":"https:\/\/super-news.info\/mx\/bomberos-brasilenos-luchan-contra-incendios-en-un-amazonas-cubierto-de-humo\/","title":{"rendered":"Bomberos brasile\u00f1os luchan contra incendios en un Amazonas cubierto de humo"},"content":{"rendered":"<p> [ad_1]<br \/>\n<\/p>\n<p class=\"paragraph\" data-count=\"289\" data-wrap=\"50\">Equipados con mangueras conectadas a mochilas de goma, los bomberos brasile\u00f1os en la Amazonia corr\u00edan este lunes a bordo de un cami\u00f3n por caminos de tierra hacia las <strong>columnas de humo <\/strong>luego de que un observador a bordo de un helic\u00f3ptero militar los dirigi\u00f3 hasta un fuego de r\u00e1pido avance.\n<\/p>\n<p class=\"paragraph\" data-count=\"335\" data-wrap=\"56\">Un terrateniente les abri\u00f3 la puerta de una cerca de alambre de espino y comenzaron a trabajar apagando un<strong> incendio<\/strong> que cre\u00edan que se provoc\u00f3 para preparar la tierra para plantar cultivos o pasto. Cuando se les acab\u00f3 el agua, abrieron cortafuegos limpiando la maleza con machetes y motosierras para dejar a las llamas sin combustible.\n<\/p>\n<p class=\"paragraph\" data-count=\"359\" data-wrap=\"60\">La escena, envuelta en humo y ocurrida cerca del frondoso bosque nacional Jacund\u00e1 en el estado amaz\u00f3nico de Rondonia, de la que fue testigo un equipo de The Associated Press, mostr\u00f3 la magnitud del desaf\u00edo: apagar multitud de incendios y proteger, en el largo plazo, una vasta regi\u00f3n descrita por los l\u00edderes mundiales como cr\u00edtica para la salud del planeta.\n<\/p>\n<p class=\"paragraph\" data-count=\"428\" data-wrap=\"76\">El Instituto Nacional de Investigaci\u00f3n Espacial del pa\u00eds, que monitorea la <strong>deforestaci\u00f3n<\/strong>, registr\u00f3 m\u00e1s de <strong>77 mil incendios forestales<\/strong> en Brasil en lo que va del a\u00f1o, una cifra r\u00e9cord desde que comenz\u00f3 a llevar la cuenta en 2013. Esto supone un aumento del 85 por ciento con respecto al a\u00f1o pasado. Aproximadamente la mitad de los incendios se han registrado en la Amazonia, y m\u00e1s de la mitad de estos, ocurri\u00f3 en el \u00faltimo mes.\n<\/p>\n<p class=\"paragraph\" data-count=\"247\" data-wrap=\"47\">En una cumbre en Francia, el Grupo de los Siete (G-7) prometi\u00f3<strong> 20 millones de d\u00f3lares <\/strong>el lunes para ayudar a combatir los incendios en la Amazonia y a proteger la selva, adem\u00e1s de otros 12 millones de d\u00f3lares de Gran Breta\u00f1a y otros 11 de Canad\u00e1.\n<\/p>\n<p class=\"paragraph\" data-count=\"277\" data-wrap=\"44\">Las ayudas internacionales surgieron pese a las tensiones entre los pa\u00edses europeos y el presidente de Brasil, Jair Bolsonaro, que acus\u00f3 a las naciones adineradas de tratar a la regi\u00f3n como una \u201ccolonia\u201d y sugiri\u00f3 que Occidente quiere explotar los recursos naturales del pa\u00eds.\n<\/p>\n<p class=\"paragraph\" data-count=\"249\" data-wrap=\"37\">Pero los fondos, que son considerados ampliamente como una ayuda cr\u00edtica, siguen siendo una cantidad insignificante para lidiar con una crisis ambiental que amenaza lo que el presidente de Francia, Emmanuel Macron, llam\u00f3 <strong>&#8220;los pulmones del planeta&#8221;.<br \/>\n<\/strong><\/p>\n<p class=\"paragraph\" data-count=\"128\" data-wrap=\"23\">Este martes, Brasil rechaz\u00f3 los 20 millones de euros en fondos de emergencia que ofreci\u00f3 Macron en nombre de los pa\u00edses del G-7.<\/p>\n<p class=\"paragraph\" data-count=\"362\" data-wrap=\"61\">El equipo de la AP condujo durante horas por un tramo a las afueras de la capital de Rondonia, Porto Velho, sin avistar incendios importantes, lo que sugiere que muchos se hab\u00edan extinguido o consumido desde su r\u00e1pido avance en las \u00faltimas semanas. Muchos fuegos se registraron en zonas ya deforestadas para limpiar la tierra para la agricultura y la ganader\u00eda.\n<\/p>\n<p class=\"paragraph\" data-count=\"0\" data-wrap=\"1\">\n<div class=\"image__block -side\">\n<figure><\/figure>\n<p><span class=\"element__footer\"><\/span><span class=\"element__credit\">AP<\/span><\/div>\n<p class=\"paragraph\" data-count=\"232\" data-wrap=\"41\">Aun as\u00ed, el humo segu\u00eda saliendo de los campos y matas calcinados, cubriendo el cielo. El aeropuerto de Porto Velho estuvo cerrado por m\u00e1s de una hora en la ma\u00f1ana del lunes debido a la escasa visibilidad causada por los incendios.\n<\/p>\n<p class=\"paragraph\" data-count=\"378\" data-wrap=\"58\">Presionado por la comunidad internacional para actuar, Bolsonaro se\u00f1al\u00f3 que podr\u00eda visitar la regi\u00f3n amaz\u00f3nica esta semana para revisar los esfuerzos de extinci\u00f3n y que movilizar\u00eda a <strong>44 mil soldados<\/strong> para luchar contra las llamas. Sin embargo, la presencia militar sobre el terreno parec\u00eda escasa el lunes, con apenas unos soldados patrullando las carreteras y echando una mano.\n<\/p>\n<p class=\"paragraph\" data-count=\"286\" data-wrap=\"47\">Al amanecer, el sol abrasador estaba oculto por una espesa capa de humo que cubr\u00eda el horizonte como si de niebla se tratase. Los camiones cargados con madera fresca circulaban por un camino que atravesaba fincas donde los montones de ceniza se acumulaban junto a troncos carbonizados.\n<\/p>\n<p class=\"paragraph\" data-count=\"195\" data-wrap=\"30\">Algunos residentes parec\u00edan divididos entre saber que los fuegos devastaban el medio ambiente que los rodea y la necesidad de extraer los ricos recursos naturales de la Amazonia para sobrevivir.\n<\/p>\n<p class=\"paragraph\" data-count=\"440\" data-wrap=\"76\">&#8220;Tenemos que preservar la tierra. El gobierno tiene que ayudar m\u00e1s a los peque\u00f1os agricultores, priorizar y ocuparse de las grandes reservas, donde la gente hace la mayor parte de las cosas ilegales\u201d, apunt\u00f3 Willian Sabara Dos Santos, gestor de una granja. Detr\u00e1s de \u00e9l, una bandera brasile\u00f1a ondeaba al viento en un m\u00e1stil junto a una estatua de un toro que, seg\u00fan afirm\u00f3, era una r\u00e9plica del ic\u00f3nico astado de Wall Street, en Nueva York.\n<\/p>\n<p class=\"paragraph\" data-count=\"204\" data-wrap=\"34\">En una aldea cercana, Darcy Rodrigo De Souza entr\u00f3 descalzo a un establecimiento donde la gente tomaba caf\u00e9 y pao de queijo, un tradicional pan con queso brasile\u00f1o, en una calle llamada &#x27;Nuevo Progreso&#x27;.\n<\/p>\n<p class=\"paragraph\" data-count=\"383\" data-wrap=\"62\">&#8220;Tenemos muchos problemas con los incendios. Pero tambi\u00e9n dependemos de la madera para nuestra econom\u00eda. Si no fuese por eso, no habr\u00eda nada\u201d, se\u00f1al\u00f3 De Souza, que llevaba un sombrero de paja. &#8220;Es verdad que la Amazonia tiene que estar protegido, pero este presidente va a protegerla. Los estadounidenses quieren que protejamos a Brasil. \u00bfPero por qu\u00e9 no protegen ellos sus cosas?&#8221;.\n<\/p>\n<p class=\"paragraph\" data-count=\"371\" data-wrap=\"56\">Alrededor del 60 por ciento de la Amazonia se ubica en territorio brasile\u00f1o, aunque la vasta regi\u00f3n forestal tambi\u00e9n abarca partes <strong>de Bolivia, Colombia, Venezuela, Ecuador, la Guyana Francesa, Guyana, Per\u00fa y Surinam. <\/strong>Sus selvas tropicales absorben di\u00f3xido de carbono de la atm\u00f3sfera y los ambientalistas las describen como una defensa cr\u00edtica contra el cambio clim\u00e1tico.\n<\/p>\n<p class=\"paragraph\" data-count=\"213\" data-wrap=\"36\">El mayor del Ej\u00e9rcito Fabio da Paix\u00e3o Pinheiro indic\u00f3 el lunes en la ma\u00f1ana que las autoridades determinaron que los incendios alrededor de Porto Velho se redujeron por las <strong>lluvias <\/strong>ca\u00eddas en los \u00faltimos dos d\u00edas.\n<\/p>\n<p class=\"paragraph\" data-count=\"150\" data-wrap=\"24\">Pero cerca del bosque nacional de Jacund\u00e1, los truenos retumbaban mientras los bomberos trataban de sofocar el fuego  que segu\u00eda activo al anochecer.\n<\/p>\n<p class=\"paragraph\" data-count=\"173\" data-wrap=\"28\">Un bombero rez\u00f3 para que lloviese mientras se pon\u00eda una m\u00e1scara protectora. A su alrededor, el intenso olor a madera quemada impregnaba el aire y dificultaba la respiraci\u00f3n.<\/p>\n<p>[ad_2]<br \/>\n<br \/><a href=\"https:\/\/www.elfinanciero.com.mx\/rss\/mundo\/bomberos-brasilenos-luchan-contra-incendios-en-un-amazonas-cubierto-de-humo\">Source link <\/a><\/p>\n","protected":false},"excerpt":{"rendered":"<p>[ad_1] Equipados con mangueras conectadas a mochilas de goma, los bomberos brasile\u00f1os en la Amazonia corr\u00edan este lunes a bordo de un cami\u00f3n por caminos de tierra hacia las columnas de humo luego de que un observador a bordo de un helic\u00f3ptero militar los dirigi\u00f3 hasta un fuego de r\u00e1pido avance. Un terrateniente les abri\u00f3 [&hellip;]<\/p>\n","protected":false},"author":3,"featured_media":3780,"comment_status":"open","ping_status":"open","sticky":false,"template":"","format":"standard","meta":{"footnotes":""},"categories":[1],"tags":[],"class_list":["post-3779","post","type-post","status-publish","format-standard","has-post-thumbnail","hentry","category-noticias-financieras"],"yoast_head":"<!-- This site is optimized with the Yoast SEO plugin v27.4 - https:\/\/yoast.com\/product\/yoast-seo-wordpress\/ -->\n<title>Bomberos brasile\u00f1os luchan contra incendios en un Amazonas cubierto de humo - Super News<\/title>\n<meta name=\"robots\" content=\"index, follow, max-snippet:-1, max-image-preview:large, max-video-preview:-1\" \/>\n<link rel=\"canonical\" href=\"https:\/\/super-news.info\/mx\/bomberos-brasilenos-luchan-contra-incendios-en-un-amazonas-cubierto-de-humo\/\" \/>\n<meta property=\"og:locale\" content=\"es_MX\" \/>\n<meta property=\"og:type\" content=\"article\" \/>\n<meta property=\"og:title\" content=\"Bomberos brasile\u00f1os luchan contra incendios en un Amazonas cubierto de humo - Super News\" \/>\n<meta property=\"og:description\" content=\"[ad_1] Equipados con mangueras conectadas a mochilas de goma, los bomberos brasile\u00f1os en la Amazonia corr\u00edan este lunes a bordo de un cami\u00f3n por caminos de tierra hacia las columnas de humo luego de que un observador a bordo de un helic\u00f3ptero militar los dirigi\u00f3 hasta un fuego de r\u00e1pido avance. Un terrateniente les abri\u00f3 [&hellip;]\" \/>\n<meta property=\"og:url\" content=\"https:\/\/super-news.info\/mx\/bomberos-brasilenos-luchan-contra-incendios-en-un-amazonas-cubierto-de-humo\/\" \/>\n<meta property=\"og:site_name\" content=\"Super News\" \/>\n<meta property=\"article:published_time\" content=\"2019-08-27T14:52:46+00:00\" \/>\n<meta property=\"article:modified_time\" content=\"2019-08-27T14:52:48+00:00\" \/>\n<meta property=\"og:image\" content=\"https:\/\/super-news.info\/mx\/wp-content\/uploads\/sites\/8\/2019\/08\/Bomberos-brasile-os-luchan-contra-incendios-en-un-Amazonas-cubierto-de-1024x576.jpeg\" \/>\n\t<meta property=\"og:image:width\" content=\"1024\" \/>\n\t<meta property=\"og:image:height\" content=\"576\" \/>\n\t<meta property=\"og:image:type\" content=\"image\/jpeg\" \/>\n<meta name=\"author\" content=\"mx\" \/>\n<meta name=\"twitter:card\" content=\"summary_large_image\" \/>\n<meta name=\"twitter:label1\" content=\"Escrito por\" \/>\n\t<meta name=\"twitter:data1\" content=\"mx\" \/>\n\t<meta name=\"twitter:label2\" content=\"Tiempo de lectura\" \/>\n\t<meta name=\"twitter:data2\" content=\"5 minutos\" \/>\n<script type=\"application\/ld+json\" class=\"yoast-schema-graph\">{\"@context\":\"https:\\\/\\\/schema.org\",\"@graph\":[{\"@type\":\"Article\",\"@id\":\"https:\\\/\\\/super-news.info\\\/mx\\\/bomberos-brasilenos-luchan-contra-incendios-en-un-amazonas-cubierto-de-humo\\\/#article\",\"isPartOf\":{\"@id\":\"https:\\\/\\\/super-news.info\\\/mx\\\/bomberos-brasilenos-luchan-contra-incendios-en-un-amazonas-cubierto-de-humo\\\/\"},\"author\":{\"name\":\"mx\",\"@id\":\"https:\\\/\\\/super-news.info\\\/mx\\\/#\\\/schema\\\/person\\\/74b71ca3d407439fd57da2d9c89449ca\"},\"headline\":\"Bomberos brasile\u00f1os luchan contra incendios en un Amazonas cubierto de humo\",\"datePublished\":\"2019-08-27T14:52:46+00:00\",\"dateModified\":\"2019-08-27T14:52:48+00:00\",\"mainEntityOfPage\":{\"@id\":\"https:\\\/\\\/super-news.info\\\/mx\\\/bomberos-brasilenos-luchan-contra-incendios-en-un-amazonas-cubierto-de-humo\\\/\"},\"wordCount\":1027,\"commentCount\":0,\"image\":{\"@id\":\"https:\\\/\\\/super-news.info\\\/mx\\\/bomberos-brasilenos-luchan-contra-incendios-en-un-amazonas-cubierto-de-humo\\\/#primaryimage\"},\"thumbnailUrl\":\"https:\\\/\\\/super-news.info\\\/mx\\\/wp-content\\\/uploads\\\/sites\\\/8\\\/2019\\\/08\\\/Bomberos-brasile-os-luchan-contra-incendios-en-un-Amazonas-cubierto-de.jpeg\",\"articleSection\":[\"NOTICIAS FINANCIERAS\"],\"inLanguage\":\"es\",\"potentialAction\":[{\"@type\":\"CommentAction\",\"name\":\"Comment\",\"target\":[\"https:\\\/\\\/super-news.info\\\/mx\\\/bomberos-brasilenos-luchan-contra-incendios-en-un-amazonas-cubierto-de-humo\\\/#respond\"]}]},{\"@type\":\"WebPage\",\"@id\":\"https:\\\/\\\/super-news.info\\\/mx\\\/bomberos-brasilenos-luchan-contra-incendios-en-un-amazonas-cubierto-de-humo\\\/\",\"url\":\"https:\\\/\\\/super-news.info\\\/mx\\\/bomberos-brasilenos-luchan-contra-incendios-en-un-amazonas-cubierto-de-humo\\\/\",\"name\":\"Bomberos brasile\u00f1os luchan contra incendios en un Amazonas cubierto de humo - Super News\",\"isPartOf\":{\"@id\":\"https:\\\/\\\/super-news.info\\\/mx\\\/#website\"},\"primaryImageOfPage\":{\"@id\":\"https:\\\/\\\/super-news.info\\\/mx\\\/bomberos-brasilenos-luchan-contra-incendios-en-un-amazonas-cubierto-de-humo\\\/#primaryimage\"},\"image\":{\"@id\":\"https:\\\/\\\/super-news.info\\\/mx\\\/bomberos-brasilenos-luchan-contra-incendios-en-un-amazonas-cubierto-de-humo\\\/#primaryimage\"},\"thumbnailUrl\":\"https:\\\/\\\/super-news.info\\\/mx\\\/wp-content\\\/uploads\\\/sites\\\/8\\\/2019\\\/08\\\/Bomberos-brasile-os-luchan-contra-incendios-en-un-Amazonas-cubierto-de.jpeg\",\"datePublished\":\"2019-08-27T14:52:46+00:00\",\"dateModified\":\"2019-08-27T14:52:48+00:00\",\"author\":{\"@id\":\"https:\\\/\\\/super-news.info\\\/mx\\\/#\\\/schema\\\/person\\\/74b71ca3d407439fd57da2d9c89449ca\"},\"breadcrumb\":{\"@id\":\"https:\\\/\\\/super-news.info\\\/mx\\\/bomberos-brasilenos-luchan-contra-incendios-en-un-amazonas-cubierto-de-humo\\\/#breadcrumb\"},\"inLanguage\":\"es\",\"potentialAction\":[{\"@type\":\"ReadAction\",\"target\":[\"https:\\\/\\\/super-news.info\\\/mx\\\/bomberos-brasilenos-luchan-contra-incendios-en-un-amazonas-cubierto-de-humo\\\/\"]}]},{\"@type\":\"ImageObject\",\"inLanguage\":\"es\",\"@id\":\"https:\\\/\\\/super-news.info\\\/mx\\\/bomberos-brasilenos-luchan-contra-incendios-en-un-amazonas-cubierto-de-humo\\\/#primaryimage\",\"url\":\"https:\\\/\\\/super-news.info\\\/mx\\\/wp-content\\\/uploads\\\/sites\\\/8\\\/2019\\\/08\\\/Bomberos-brasile-os-luchan-contra-incendios-en-un-Amazonas-cubierto-de.jpeg\",\"contentUrl\":\"https:\\\/\\\/super-news.info\\\/mx\\\/wp-content\\\/uploads\\\/sites\\\/8\\\/2019\\\/08\\\/Bomberos-brasile-os-luchan-contra-incendios-en-un-Amazonas-cubierto-de.jpeg\",\"width\":5472,\"height\":3078,\"caption\":\"Bomberos brasile\u00f1os luchan contra incendios en un Amazonas cubierto de humo\"},{\"@type\":\"BreadcrumbList\",\"@id\":\"https:\\\/\\\/super-news.info\\\/mx\\\/bomberos-brasilenos-luchan-contra-incendios-en-un-amazonas-cubierto-de-humo\\\/#breadcrumb\",\"itemListElement\":[{\"@type\":\"ListItem\",\"position\":1,\"name\":\"Home\",\"item\":\"https:\\\/\\\/super-news.info\\\/mx\\\/\"},{\"@type\":\"ListItem\",\"position\":2,\"name\":\"Bomberos brasile\u00f1os luchan contra incendios en un Amazonas cubierto de humo\"}]},{\"@type\":\"WebSite\",\"@id\":\"https:\\\/\\\/super-news.info\\\/mx\\\/#website\",\"url\":\"https:\\\/\\\/super-news.info\\\/mx\\\/\",\"name\":\"Super News\",\"description\":\"Super News Mexico\",\"potentialAction\":[{\"@type\":\"SearchAction\",\"target\":{\"@type\":\"EntryPoint\",\"urlTemplate\":\"https:\\\/\\\/super-news.info\\\/mx\\\/?s={search_term_string}\"},\"query-input\":{\"@type\":\"PropertyValueSpecification\",\"valueRequired\":true,\"valueName\":\"search_term_string\"}}],\"inLanguage\":\"es\"},{\"@type\":\"Person\",\"@id\":\"https:\\\/\\\/super-news.info\\\/mx\\\/#\\\/schema\\\/person\\\/74b71ca3d407439fd57da2d9c89449ca\",\"name\":\"mx\",\"image\":{\"@type\":\"ImageObject\",\"inLanguage\":\"es\",\"@id\":\"https:\\\/\\\/secure.gravatar.com\\\/avatar\\\/6374ac65ff69c362a0ae1303d73d69dcd9bd198d62d9861f054a69aaf82c017b?s=96&d=mm&r=g\",\"url\":\"https:\\\/\\\/secure.gravatar.com\\\/avatar\\\/6374ac65ff69c362a0ae1303d73d69dcd9bd198d62d9861f054a69aaf82c017b?s=96&d=mm&r=g\",\"contentUrl\":\"https:\\\/\\\/secure.gravatar.com\\\/avatar\\\/6374ac65ff69c362a0ae1303d73d69dcd9bd198d62d9861f054a69aaf82c017b?s=96&d=mm&r=g\",\"caption\":\"mx\"},\"url\":\"https:\\\/\\\/super-news.info\\\/mx\\\/author\\\/mx\\\/\"}]}<\/script>\n<!-- \/ Yoast SEO plugin. -->","yoast_head_json":{"title":"Bomberos brasile\u00f1os luchan contra incendios en un Amazonas cubierto de humo - Super News","robots":{"index":"index","follow":"follow","max-snippet":"max-snippet:-1","max-image-preview":"max-image-preview:large","max-video-preview":"max-video-preview:-1"},"canonical":"https:\/\/super-news.info\/mx\/bomberos-brasilenos-luchan-contra-incendios-en-un-amazonas-cubierto-de-humo\/","og_locale":"es_MX","og_type":"article","og_title":"Bomberos brasile\u00f1os luchan contra incendios en un Amazonas cubierto de humo - Super News","og_description":"[ad_1] Equipados con mangueras conectadas a mochilas de goma, los bomberos brasile\u00f1os en la Amazonia corr\u00edan este lunes a bordo de un cami\u00f3n por caminos de tierra hacia las columnas de humo luego de que un observador a bordo de un helic\u00f3ptero militar los dirigi\u00f3 hasta un fuego de r\u00e1pido avance. Un terrateniente les abri\u00f3 [&hellip;]","og_url":"https:\/\/super-news.info\/mx\/bomberos-brasilenos-luchan-contra-incendios-en-un-amazonas-cubierto-de-humo\/","og_site_name":"Super News","article_published_time":"2019-08-27T14:52:46+00:00","article_modified_time":"2019-08-27T14:52:48+00:00","og_image":[{"width":1024,"height":576,"url":"https:\/\/super-news.info\/mx\/wp-content\/uploads\/sites\/8\/2019\/08\/Bomberos-brasile-os-luchan-contra-incendios-en-un-Amazonas-cubierto-de-1024x576.jpeg","type":"image\/jpeg"}],"author":"mx","twitter_card":"summary_large_image","twitter_misc":{"Escrito por":"mx","Tiempo de lectura":"5 minutos"},"schema":{"@context":"https:\/\/schema.org","@graph":[{"@type":"Article","@id":"https:\/\/super-news.info\/mx\/bomberos-brasilenos-luchan-contra-incendios-en-un-amazonas-cubierto-de-humo\/#article","isPartOf":{"@id":"https:\/\/super-news.info\/mx\/bomberos-brasilenos-luchan-contra-incendios-en-un-amazonas-cubierto-de-humo\/"},"author":{"name":"mx","@id":"https:\/\/super-news.info\/mx\/#\/schema\/person\/74b71ca3d407439fd57da2d9c89449ca"},"headline":"Bomberos brasile\u00f1os luchan contra incendios en un Amazonas cubierto de humo","datePublished":"2019-08-27T14:52:46+00:00","dateModified":"2019-08-27T14:52:48+00:00","mainEntityOfPage":{"@id":"https:\/\/super-news.info\/mx\/bomberos-brasilenos-luchan-contra-incendios-en-un-amazonas-cubierto-de-humo\/"},"wordCount":1027,"commentCount":0,"image":{"@id":"https:\/\/super-news.info\/mx\/bomberos-brasilenos-luchan-contra-incendios-en-un-amazonas-cubierto-de-humo\/#primaryimage"},"thumbnailUrl":"https:\/\/super-news.info\/mx\/wp-content\/uploads\/sites\/8\/2019\/08\/Bomberos-brasile-os-luchan-contra-incendios-en-un-Amazonas-cubierto-de.jpeg","articleSection":["NOTICIAS FINANCIERAS"],"inLanguage":"es","potentialAction":[{"@type":"CommentAction","name":"Comment","target":["https:\/\/super-news.info\/mx\/bomberos-brasilenos-luchan-contra-incendios-en-un-amazonas-cubierto-de-humo\/#respond"]}]},{"@type":"WebPage","@id":"https:\/\/super-news.info\/mx\/bomberos-brasilenos-luchan-contra-incendios-en-un-amazonas-cubierto-de-humo\/","url":"https:\/\/super-news.info\/mx\/bomberos-brasilenos-luchan-contra-incendios-en-un-amazonas-cubierto-de-humo\/","name":"Bomberos brasile\u00f1os luchan contra incendios en un Amazonas cubierto de humo - Super News","isPartOf":{"@id":"https:\/\/super-news.info\/mx\/#website"},"primaryImageOfPage":{"@id":"https:\/\/super-news.info\/mx\/bomberos-brasilenos-luchan-contra-incendios-en-un-amazonas-cubierto-de-humo\/#primaryimage"},"image":{"@id":"https:\/\/super-news.info\/mx\/bomberos-brasilenos-luchan-contra-incendios-en-un-amazonas-cubierto-de-humo\/#primaryimage"},"thumbnailUrl":"https:\/\/super-news.info\/mx\/wp-content\/uploads\/sites\/8\/2019\/08\/Bomberos-brasile-os-luchan-contra-incendios-en-un-Amazonas-cubierto-de.jpeg","datePublished":"2019-08-27T14:52:46+00:00","dateModified":"2019-08-27T14:52:48+00:00","author":{"@id":"https:\/\/super-news.info\/mx\/#\/schema\/person\/74b71ca3d407439fd57da2d9c89449ca"},"breadcrumb":{"@id":"https:\/\/super-news.info\/mx\/bomberos-brasilenos-luchan-contra-incendios-en-un-amazonas-cubierto-de-humo\/#breadcrumb"},"inLanguage":"es","potentialAction":[{"@type":"ReadAction","target":["https:\/\/super-news.info\/mx\/bomberos-brasilenos-luchan-contra-incendios-en-un-amazonas-cubierto-de-humo\/"]}]},{"@type":"ImageObject","inLanguage":"es","@id":"https:\/\/super-news.info\/mx\/bomberos-brasilenos-luchan-contra-incendios-en-un-amazonas-cubierto-de-humo\/#primaryimage","url":"https:\/\/super-news.info\/mx\/wp-content\/uploads\/sites\/8\/2019\/08\/Bomberos-brasile-os-luchan-contra-incendios-en-un-Amazonas-cubierto-de.jpeg","contentUrl":"https:\/\/super-news.info\/mx\/wp-content\/uploads\/sites\/8\/2019\/08\/Bomberos-brasile-os-luchan-contra-incendios-en-un-Amazonas-cubierto-de.jpeg","width":5472,"height":3078,"caption":"Bomberos brasile\u00f1os luchan contra incendios en un Amazonas cubierto de humo"},{"@type":"BreadcrumbList","@id":"https:\/\/super-news.info\/mx\/bomberos-brasilenos-luchan-contra-incendios-en-un-amazonas-cubierto-de-humo\/#breadcrumb","itemListElement":[{"@type":"ListItem","position":1,"name":"Home","item":"https:\/\/super-news.info\/mx\/"},{"@type":"ListItem","position":2,"name":"Bomberos brasile\u00f1os luchan contra incendios en un Amazonas cubierto de humo"}]},{"@type":"WebSite","@id":"https:\/\/super-news.info\/mx\/#website","url":"https:\/\/super-news.info\/mx\/","name":"Super News","description":"Super News Mexico","potentialAction":[{"@type":"SearchAction","target":{"@type":"EntryPoint","urlTemplate":"https:\/\/super-news.info\/mx\/?s={search_term_string}"},"query-input":{"@type":"PropertyValueSpecification","valueRequired":true,"valueName":"search_term_string"}}],"inLanguage":"es"},{"@type":"Person","@id":"https:\/\/super-news.info\/mx\/#\/schema\/person\/74b71ca3d407439fd57da2d9c89449ca","name":"mx","image":{"@type":"ImageObject","inLanguage":"es","@id":"https:\/\/secure.gravatar.com\/avatar\/6374ac65ff69c362a0ae1303d73d69dcd9bd198d62d9861f054a69aaf82c017b?s=96&d=mm&r=g","url":"https:\/\/secure.gravatar.com\/avatar\/6374ac65ff69c362a0ae1303d73d69dcd9bd198d62d9861f054a69aaf82c017b?s=96&d=mm&r=g","contentUrl":"https:\/\/secure.gravatar.com\/avatar\/6374ac65ff69c362a0ae1303d73d69dcd9bd198d62d9861f054a69aaf82c017b?s=96&d=mm&r=g","caption":"mx"},"url":"https:\/\/super-news.info\/mx\/author\/mx\/"}]}},"_links":{"self":[{"href":"https:\/\/super-news.info\/mx\/wp-json\/wp\/v2\/posts\/3779","targetHints":{"allow":["GET"]}}],"collection":[{"href":"https:\/\/super-news.info\/mx\/wp-json\/wp\/v2\/posts"}],"about":[{"href":"https:\/\/super-news.info\/mx\/wp-json\/wp\/v2\/types\/post"}],"author":[{"embeddable":true,"href":"https:\/\/super-news.info\/mx\/wp-json\/wp\/v2\/users\/3"}],"replies":[{"embeddable":true,"href":"https:\/\/super-news.info\/mx\/wp-json\/wp\/v2\/comments?post=3779"}],"version-history":[{"count":1,"href":"https:\/\/super-news.info\/mx\/wp-json\/wp\/v2\/posts\/3779\/revisions"}],"predecessor-version":[{"id":3781,"href":"https:\/\/super-news.info\/mx\/wp-json\/wp\/v2\/posts\/3779\/revisions\/3781"}],"wp:featuredmedia":[{"embeddable":true,"href":"https:\/\/super-news.info\/mx\/wp-json\/wp\/v2\/media\/3780"}],"wp:attachment":[{"href":"https:\/\/super-news.info\/mx\/wp-json\/wp\/v2\/media?parent=3779"}],"wp:term":[{"taxonomy":"category","embeddable":true,"href":"https:\/\/super-news.info\/mx\/wp-json\/wp\/v2\/categories?post=3779"},{"taxonomy":"post_tag","embeddable":true,"href":"https:\/\/super-news.info\/mx\/wp-json\/wp\/v2\/tags?post=3779"}],"curies":[{"name":"wp","href":"https:\/\/api.w.org\/{rel}","templated":true}]}}