{"id":3777,"date":"2019-08-27T14:02:28","date_gmt":"2019-08-27T14:02:28","guid":{"rendered":"https:\/\/super-news.info\/mx\/nuevo-paquete-economico-sera-responsable\/"},"modified":"2019-08-27T14:02:29","modified_gmt":"2019-08-27T14:02:29","slug":"nuevo-paquete-economico-sera-responsable","status":"publish","type":"post","link":"https:\/\/super-news.info\/mx\/nuevo-paquete-economico-sera-responsable\/","title":{"rendered":"Nuevo paquete econ\u00f3mico \u00bfser\u00e1 responsable?"},"content":{"rendered":"<p> [ad_1]<br \/>\n<\/p>\n<div class=\"image__block -side\">\n<figure><\/figure>\n<p><span class=\"element__footer\">Pablo de la Pe\u00f1a S\u00e1nchez.<\/span><span class=\"element__credit\">Fuente: cortes\u00eda<\/span><\/div>\n<p class=\"paragraph\" data-count=\"122\" data-wrap=\"21\">En pr\u00f3ximas semanas la <strong>Secretar\u00eda de Hacienda<\/strong> estar\u00e1 enviando a la C\u00e1mara de Diputados el paquete econ\u00f3mico para el 2020. <\/p>\n<p class=\"paragraph\" data-count=\"189\" data-wrap=\"35\">El secretario Herrera ha dicho que ser\u00e1 un paquete responsable y apegado a la estrategia del gobierno federal. Sin embargo, yo veo que esas dos cosas no van del todo en la misma direcci\u00f3n. <\/p>\n<p class=\"paragraph\" data-count=\"309\" data-wrap=\"53\">Hasta el momento la estrategia del gobierno federal se ha caracterizado por reducir el gasto corriente, por un lado, aunque tambi\u00e9n se ha<strong> reducido la inversi\u00f3n p\u00fablica. <\/strong>Y, por otro lado, ha tenido un incremento en el gasto social a trav\u00e9s de transferencias de efectivo tanto a j\u00f3venes como a adultos mayores. <\/p>\n<p class=\"paragraph\" data-count=\"413\" data-wrap=\"67\">Esta \u00faltima estrategia trata de mejorar el poder de compra de ese sector de la sociedad que cuya fuente de ingresos ni es constante ni es suficiente. Sin embargo, este tipo de estrategias no generan una<strong> plataforma econ\u00f3mica ni financiera <\/strong>sostenible para el sector p\u00fablico; es decir, una plataforma que permita generar fuentes de empleo formales cuyos sueldos se vean compensados con altas tasas de productividad. <\/p>\n<p class=\"paragraph\" data-count=\"240\" data-wrap=\"39\">Esta estrategia de transferencias de efectivo, sin una estrategia fiscal integral, tiene el riesgo de convertirse en un<strong> hoyo negro para las finanzas p\u00fablicas<\/strong> y en un mecanismo clientelar para perpetuar una nueva clase pol\u00edtica en el poder. <\/p>\n<p class=\"paragraph\" data-count=\"453\" data-wrap=\"77\">Como muestra est\u00e1 el caso de la frontera norte del pa\u00eds que, de acuerdo con los \u00faltimos datos publicados por el <strong>INEGI <\/strong>relacionados a la distribuci\u00f3n de ingresos por salarios m\u00ednimos, estamos observando que el porcentaje de la poblaci\u00f3n que gana un salario m\u00ednimo se ha incrementado y el porcentaje de la poblaci\u00f3n que gana hasta cinco salarios m\u00ednimos se ha reducido; esto sin que haya un incremento sustancial en el n\u00famero de empleos formales totales. <\/p>\n<p class=\"paragraph\" data-count=\"164\" data-wrap=\"33\">En el 2018, el 9.6 por ciento de la poblaci\u00f3n ocupada hasta con un salario m\u00ednimo se encontraba en la zona norte del pa\u00eds, ahora esta <strong>cifra es del 17.7 por ciento. <\/strong><\/p>\n<p class=\"paragraph\" data-count=\"175\" data-wrap=\"33\">En este a\u00f1o el sureste del pa\u00eds concentra pr\u00e1cticamente el 30 por ciento de la poblaci\u00f3n ocupada hasta con un salario m\u00ednimo, mientras que el 2018 era s\u00f3lo del 26 por ciento. <\/p>\n<p class=\"paragraph\" data-count=\"204\" data-wrap=\"31\">Creo que esta redistribuci\u00f3n de la poblaci\u00f3n con menores salarios est\u00e1 respondiendo claramente a un proceso de desaceleraci\u00f3n econ\u00f3mica que estamos viendo, cada vez con mayor intensidad a nivel regional. <\/p>\n<p class=\"paragraph\" data-count=\"174\" data-wrap=\"33\">Despu\u00e9s de hacer ajustes con datos m\u00e1s actualizados, el INEGI ha vuelto a publicar los <strong>datos de la Inversi\u00f3n Extranjera Directa <\/strong>(IED) en el pa\u00eds para el 2018 y para el 2019. <\/p>\n<p class=\"paragraph\" data-count=\"303\" data-wrap=\"57\">De acuerdo con el portal del cat\u00e1logo nacional de indicadores de INEGI, el flujo de IED del primer semestre del 2018 fue de 21 mil 543.4 millones de d\u00f3lares; mientras que en el 2019 registramos 18 mil 102 millones de d\u00f3lares para los primeros seis meses. Esto es una reducci\u00f3n del 16 por ciento de IED. <\/p>\n<p class=\"paragraph\" data-count=\"207\" data-wrap=\"34\">Las empresas manufactureras de exportaci\u00f3n empiezan a reducir su nivel de producci\u00f3n debido a un menor<strong> dinamismo en el mercado norteamericano<\/strong>; hay empresas que operan a menos del 80 por ciento de capacidad. <\/p>\n<p class=\"paragraph\" data-count=\"195\" data-wrap=\"34\">Esto implica que seguiremos viendo un lento dinamismo en la generaci\u00f3n de empleos en el pa\u00eds, y claramente nos pondr\u00e1 en una <strong>situaci\u00f3n de mayor riesgo recesivo <\/strong>para el tercer trimestre del 2019. <\/p>\n<p class=\"paragraph\" data-count=\"503\" data-wrap=\"77\">Si el nuevo paquete econ\u00f3mico del 2020 fuera responsable, deber\u00edamos de ver un incremento sustantivo en la inversi\u00f3n p\u00fablica para la infraestructura productiva del pa\u00eds, pero en proyectos que no sean elefantes blancos; y al mismo tiempo, un incremento en incentivos fiscales para que las <strong>empresas aceleren la creaci\u00f3n de empleos formales<\/strong> y participen en esquemas de coinversi\u00f3n con el sector p\u00fablico, esto, para el apuntalamiento de la infraestructura productiva y competitiva para los pr\u00f3ximos 20 a\u00f1os.<\/p>\n<p class=\"paragraph\" data-count=\"118\" data-wrap=\"20\"><em>El autor es Decano Asociado de Educaci\u00f3n Continua de la Escuela de Ciencias Sociales y Gobierno, del Tec de Monterrey.<\/em><\/p>\n<p class=\"paragraph\" data-count=\"26\" data-wrap=\"3\">Opine usted: ppenia@tec.mx<\/p>\n<p class=\"paragraph\" data-count=\"178\" data-wrap=\"27\"><strong>Esta es una columna de opini\u00f3n. Las expresiones aqu\u00ed vertidas son responsabilidad \u00fanicamente de quien la firma y no necesariamente reflejan la postura editorial de El Financiero.<\/strong><\/p>\n<p>[ad_2]<br \/>\n<br \/><a href=\"https:\/\/www.elfinanciero.com.mx\/rss\/monterrey\/nuevo-paquete-economico-sera-responsable\">Source link <\/a><\/p>\n","protected":false},"excerpt":{"rendered":"<p>[ad_1] Pablo de la Pe\u00f1a S\u00e1nchez.Fuente: cortes\u00eda En pr\u00f3ximas semanas la Secretar\u00eda de Hacienda estar\u00e1 enviando a la C\u00e1mara de Diputados el paquete econ\u00f3mico para el 2020. El secretario Herrera ha dicho que ser\u00e1 un paquete responsable y apegado a la estrategia del gobierno federal. Sin embargo, yo veo que esas dos cosas no van [&hellip;]<\/p>\n","protected":false},"author":3,"featured_media":1933,"comment_status":"open","ping_status":"open","sticky":false,"template":"","format":"standard","meta":{"footnotes":""},"categories":[1],"tags":[],"class_list":["post-3777","post","type-post","status-publish","format-standard","has-post-thumbnail","hentry","category-noticias-financieras"],"yoast_head":"<!-- This site is optimized with the Yoast SEO plugin v27.4 - https:\/\/yoast.com\/product\/yoast-seo-wordpress\/ -->\n<title>Nuevo paquete econ\u00f3mico \u00bfser\u00e1 responsable? - Super News<\/title>\n<meta name=\"robots\" content=\"index, follow, max-snippet:-1, max-image-preview:large, max-video-preview:-1\" \/>\n<link rel=\"canonical\" href=\"https:\/\/super-news.info\/mx\/nuevo-paquete-economico-sera-responsable\/\" \/>\n<meta property=\"og:locale\" content=\"es_MX\" \/>\n<meta property=\"og:type\" content=\"article\" \/>\n<meta property=\"og:title\" content=\"Nuevo paquete econ\u00f3mico \u00bfser\u00e1 responsable? - Super News\" \/>\n<meta property=\"og:description\" content=\"[ad_1] Pablo de la Pe\u00f1a S\u00e1nchez.Fuente: cortes\u00eda En pr\u00f3ximas semanas la Secretar\u00eda de Hacienda estar\u00e1 enviando a la C\u00e1mara de Diputados el paquete econ\u00f3mico para el 2020. El secretario Herrera ha dicho que ser\u00e1 un paquete responsable y apegado a la estrategia del gobierno federal. Sin embargo, yo veo que esas dos cosas no van [&hellip;]\" \/>\n<meta property=\"og:url\" content=\"https:\/\/super-news.info\/mx\/nuevo-paquete-economico-sera-responsable\/\" \/>\n<meta property=\"og:site_name\" content=\"Super News\" \/>\n<meta property=\"article:published_time\" content=\"2019-08-27T14:02:28+00:00\" \/>\n<meta property=\"article:modified_time\" content=\"2019-08-27T14:02:29+00:00\" \/>\n<meta property=\"og:image\" content=\"https:\/\/super-news.info\/mx\/wp-content\/uploads\/sites\/8\/2019\/07\/Micros-y-peque\u00f1as-empresas-la-base-para-generar-empleos.jpeg\" \/>\n\t<meta property=\"og:image:width\" content=\"1776\" \/>\n\t<meta property=\"og:image:height\" content=\"1000\" \/>\n\t<meta property=\"og:image:type\" content=\"image\/jpeg\" \/>\n<meta name=\"author\" content=\"mx\" \/>\n<meta name=\"twitter:card\" content=\"summary_large_image\" \/>\n<meta name=\"twitter:label1\" content=\"Escrito por\" \/>\n\t<meta name=\"twitter:data1\" content=\"mx\" \/>\n\t<meta name=\"twitter:label2\" content=\"Tiempo de lectura\" \/>\n\t<meta name=\"twitter:data2\" content=\"4 minutos\" \/>\n<script type=\"application\/ld+json\" class=\"yoast-schema-graph\">{\"@context\":\"https:\\\/\\\/schema.org\",\"@graph\":[{\"@type\":\"Article\",\"@id\":\"https:\\\/\\\/super-news.info\\\/mx\\\/nuevo-paquete-economico-sera-responsable\\\/#article\",\"isPartOf\":{\"@id\":\"https:\\\/\\\/super-news.info\\\/mx\\\/nuevo-paquete-economico-sera-responsable\\\/\"},\"author\":{\"name\":\"mx\",\"@id\":\"https:\\\/\\\/super-news.info\\\/mx\\\/#\\\/schema\\\/person\\\/74b71ca3d407439fd57da2d9c89449ca\"},\"headline\":\"Nuevo paquete econ\u00f3mico \u00bfser\u00e1 responsable?\",\"datePublished\":\"2019-08-27T14:02:28+00:00\",\"dateModified\":\"2019-08-27T14:02:29+00:00\",\"mainEntityOfPage\":{\"@id\":\"https:\\\/\\\/super-news.info\\\/mx\\\/nuevo-paquete-economico-sera-responsable\\\/\"},\"wordCount\":723,\"commentCount\":0,\"image\":{\"@id\":\"https:\\\/\\\/super-news.info\\\/mx\\\/nuevo-paquete-economico-sera-responsable\\\/#primaryimage\"},\"thumbnailUrl\":\"https:\\\/\\\/super-news.info\\\/mx\\\/wp-content\\\/uploads\\\/sites\\\/8\\\/2019\\\/07\\\/Micros-y-peque\u00f1as-empresas-la-base-para-generar-empleos.jpeg\",\"articleSection\":[\"NOTICIAS FINANCIERAS\"],\"inLanguage\":\"es\",\"potentialAction\":[{\"@type\":\"CommentAction\",\"name\":\"Comment\",\"target\":[\"https:\\\/\\\/super-news.info\\\/mx\\\/nuevo-paquete-economico-sera-responsable\\\/#respond\"]}]},{\"@type\":\"WebPage\",\"@id\":\"https:\\\/\\\/super-news.info\\\/mx\\\/nuevo-paquete-economico-sera-responsable\\\/\",\"url\":\"https:\\\/\\\/super-news.info\\\/mx\\\/nuevo-paquete-economico-sera-responsable\\\/\",\"name\":\"Nuevo paquete econ\u00f3mico \u00bfser\u00e1 responsable? - Super News\",\"isPartOf\":{\"@id\":\"https:\\\/\\\/super-news.info\\\/mx\\\/#website\"},\"primaryImageOfPage\":{\"@id\":\"https:\\\/\\\/super-news.info\\\/mx\\\/nuevo-paquete-economico-sera-responsable\\\/#primaryimage\"},\"image\":{\"@id\":\"https:\\\/\\\/super-news.info\\\/mx\\\/nuevo-paquete-economico-sera-responsable\\\/#primaryimage\"},\"thumbnailUrl\":\"https:\\\/\\\/super-news.info\\\/mx\\\/wp-content\\\/uploads\\\/sites\\\/8\\\/2019\\\/07\\\/Micros-y-peque\u00f1as-empresas-la-base-para-generar-empleos.jpeg\",\"datePublished\":\"2019-08-27T14:02:28+00:00\",\"dateModified\":\"2019-08-27T14:02:29+00:00\",\"author\":{\"@id\":\"https:\\\/\\\/super-news.info\\\/mx\\\/#\\\/schema\\\/person\\\/74b71ca3d407439fd57da2d9c89449ca\"},\"breadcrumb\":{\"@id\":\"https:\\\/\\\/super-news.info\\\/mx\\\/nuevo-paquete-economico-sera-responsable\\\/#breadcrumb\"},\"inLanguage\":\"es\",\"potentialAction\":[{\"@type\":\"ReadAction\",\"target\":[\"https:\\\/\\\/super-news.info\\\/mx\\\/nuevo-paquete-economico-sera-responsable\\\/\"]}]},{\"@type\":\"ImageObject\",\"inLanguage\":\"es\",\"@id\":\"https:\\\/\\\/super-news.info\\\/mx\\\/nuevo-paquete-economico-sera-responsable\\\/#primaryimage\",\"url\":\"https:\\\/\\\/super-news.info\\\/mx\\\/wp-content\\\/uploads\\\/sites\\\/8\\\/2019\\\/07\\\/Micros-y-peque\u00f1as-empresas-la-base-para-generar-empleos.jpeg\",\"contentUrl\":\"https:\\\/\\\/super-news.info\\\/mx\\\/wp-content\\\/uploads\\\/sites\\\/8\\\/2019\\\/07\\\/Micros-y-peque\u00f1as-empresas-la-base-para-generar-empleos.jpeg\",\"width\":1776,\"height\":1000,\"caption\":\"Micros y peque\u00f1as empresas, la base para generar empleos\"},{\"@type\":\"BreadcrumbList\",\"@id\":\"https:\\\/\\\/super-news.info\\\/mx\\\/nuevo-paquete-economico-sera-responsable\\\/#breadcrumb\",\"itemListElement\":[{\"@type\":\"ListItem\",\"position\":1,\"name\":\"Home\",\"item\":\"https:\\\/\\\/super-news.info\\\/mx\\\/\"},{\"@type\":\"ListItem\",\"position\":2,\"name\":\"Nuevo paquete econ\u00f3mico \u00bfser\u00e1 responsable?\"}]},{\"@type\":\"WebSite\",\"@id\":\"https:\\\/\\\/super-news.info\\\/mx\\\/#website\",\"url\":\"https:\\\/\\\/super-news.info\\\/mx\\\/\",\"name\":\"Super News\",\"description\":\"Super News Mexico\",\"potentialAction\":[{\"@type\":\"SearchAction\",\"target\":{\"@type\":\"EntryPoint\",\"urlTemplate\":\"https:\\\/\\\/super-news.info\\\/mx\\\/?s={search_term_string}\"},\"query-input\":{\"@type\":\"PropertyValueSpecification\",\"valueRequired\":true,\"valueName\":\"search_term_string\"}}],\"inLanguage\":\"es\"},{\"@type\":\"Person\",\"@id\":\"https:\\\/\\\/super-news.info\\\/mx\\\/#\\\/schema\\\/person\\\/74b71ca3d407439fd57da2d9c89449ca\",\"name\":\"mx\",\"image\":{\"@type\":\"ImageObject\",\"inLanguage\":\"es\",\"@id\":\"https:\\\/\\\/secure.gravatar.com\\\/avatar\\\/6374ac65ff69c362a0ae1303d73d69dcd9bd198d62d9861f054a69aaf82c017b?s=96&d=mm&r=g\",\"url\":\"https:\\\/\\\/secure.gravatar.com\\\/avatar\\\/6374ac65ff69c362a0ae1303d73d69dcd9bd198d62d9861f054a69aaf82c017b?s=96&d=mm&r=g\",\"contentUrl\":\"https:\\\/\\\/secure.gravatar.com\\\/avatar\\\/6374ac65ff69c362a0ae1303d73d69dcd9bd198d62d9861f054a69aaf82c017b?s=96&d=mm&r=g\",\"caption\":\"mx\"},\"url\":\"https:\\\/\\\/super-news.info\\\/mx\\\/author\\\/mx\\\/\"}]}<\/script>\n<!-- \/ Yoast SEO plugin. -->","yoast_head_json":{"title":"Nuevo paquete econ\u00f3mico \u00bfser\u00e1 responsable? - Super News","robots":{"index":"index","follow":"follow","max-snippet":"max-snippet:-1","max-image-preview":"max-image-preview:large","max-video-preview":"max-video-preview:-1"},"canonical":"https:\/\/super-news.info\/mx\/nuevo-paquete-economico-sera-responsable\/","og_locale":"es_MX","og_type":"article","og_title":"Nuevo paquete econ\u00f3mico \u00bfser\u00e1 responsable? - Super News","og_description":"[ad_1] Pablo de la Pe\u00f1a S\u00e1nchez.Fuente: cortes\u00eda En pr\u00f3ximas semanas la Secretar\u00eda de Hacienda estar\u00e1 enviando a la C\u00e1mara de Diputados el paquete econ\u00f3mico para el 2020. El secretario Herrera ha dicho que ser\u00e1 un paquete responsable y apegado a la estrategia del gobierno federal. Sin embargo, yo veo que esas dos cosas no van [&hellip;]","og_url":"https:\/\/super-news.info\/mx\/nuevo-paquete-economico-sera-responsable\/","og_site_name":"Super News","article_published_time":"2019-08-27T14:02:28+00:00","article_modified_time":"2019-08-27T14:02:29+00:00","og_image":[{"width":1776,"height":1000,"url":"https:\/\/super-news.info\/mx\/wp-content\/uploads\/sites\/8\/2019\/07\/Micros-y-peque\u00f1as-empresas-la-base-para-generar-empleos.jpeg","type":"image\/jpeg"}],"author":"mx","twitter_card":"summary_large_image","twitter_misc":{"Escrito por":"mx","Tiempo de lectura":"4 minutos"},"schema":{"@context":"https:\/\/schema.org","@graph":[{"@type":"Article","@id":"https:\/\/super-news.info\/mx\/nuevo-paquete-economico-sera-responsable\/#article","isPartOf":{"@id":"https:\/\/super-news.info\/mx\/nuevo-paquete-economico-sera-responsable\/"},"author":{"name":"mx","@id":"https:\/\/super-news.info\/mx\/#\/schema\/person\/74b71ca3d407439fd57da2d9c89449ca"},"headline":"Nuevo paquete econ\u00f3mico \u00bfser\u00e1 responsable?","datePublished":"2019-08-27T14:02:28+00:00","dateModified":"2019-08-27T14:02:29+00:00","mainEntityOfPage":{"@id":"https:\/\/super-news.info\/mx\/nuevo-paquete-economico-sera-responsable\/"},"wordCount":723,"commentCount":0,"image":{"@id":"https:\/\/super-news.info\/mx\/nuevo-paquete-economico-sera-responsable\/#primaryimage"},"thumbnailUrl":"https:\/\/super-news.info\/mx\/wp-content\/uploads\/sites\/8\/2019\/07\/Micros-y-peque\u00f1as-empresas-la-base-para-generar-empleos.jpeg","articleSection":["NOTICIAS FINANCIERAS"],"inLanguage":"es","potentialAction":[{"@type":"CommentAction","name":"Comment","target":["https:\/\/super-news.info\/mx\/nuevo-paquete-economico-sera-responsable\/#respond"]}]},{"@type":"WebPage","@id":"https:\/\/super-news.info\/mx\/nuevo-paquete-economico-sera-responsable\/","url":"https:\/\/super-news.info\/mx\/nuevo-paquete-economico-sera-responsable\/","name":"Nuevo paquete econ\u00f3mico \u00bfser\u00e1 responsable? - Super News","isPartOf":{"@id":"https:\/\/super-news.info\/mx\/#website"},"primaryImageOfPage":{"@id":"https:\/\/super-news.info\/mx\/nuevo-paquete-economico-sera-responsable\/#primaryimage"},"image":{"@id":"https:\/\/super-news.info\/mx\/nuevo-paquete-economico-sera-responsable\/#primaryimage"},"thumbnailUrl":"https:\/\/super-news.info\/mx\/wp-content\/uploads\/sites\/8\/2019\/07\/Micros-y-peque\u00f1as-empresas-la-base-para-generar-empleos.jpeg","datePublished":"2019-08-27T14:02:28+00:00","dateModified":"2019-08-27T14:02:29+00:00","author":{"@id":"https:\/\/super-news.info\/mx\/#\/schema\/person\/74b71ca3d407439fd57da2d9c89449ca"},"breadcrumb":{"@id":"https:\/\/super-news.info\/mx\/nuevo-paquete-economico-sera-responsable\/#breadcrumb"},"inLanguage":"es","potentialAction":[{"@type":"ReadAction","target":["https:\/\/super-news.info\/mx\/nuevo-paquete-economico-sera-responsable\/"]}]},{"@type":"ImageObject","inLanguage":"es","@id":"https:\/\/super-news.info\/mx\/nuevo-paquete-economico-sera-responsable\/#primaryimage","url":"https:\/\/super-news.info\/mx\/wp-content\/uploads\/sites\/8\/2019\/07\/Micros-y-peque\u00f1as-empresas-la-base-para-generar-empleos.jpeg","contentUrl":"https:\/\/super-news.info\/mx\/wp-content\/uploads\/sites\/8\/2019\/07\/Micros-y-peque\u00f1as-empresas-la-base-para-generar-empleos.jpeg","width":1776,"height":1000,"caption":"Micros y peque\u00f1as empresas, la base para generar empleos"},{"@type":"BreadcrumbList","@id":"https:\/\/super-news.info\/mx\/nuevo-paquete-economico-sera-responsable\/#breadcrumb","itemListElement":[{"@type":"ListItem","position":1,"name":"Home","item":"https:\/\/super-news.info\/mx\/"},{"@type":"ListItem","position":2,"name":"Nuevo paquete econ\u00f3mico \u00bfser\u00e1 responsable?"}]},{"@type":"WebSite","@id":"https:\/\/super-news.info\/mx\/#website","url":"https:\/\/super-news.info\/mx\/","name":"Super News","description":"Super News Mexico","potentialAction":[{"@type":"SearchAction","target":{"@type":"EntryPoint","urlTemplate":"https:\/\/super-news.info\/mx\/?s={search_term_string}"},"query-input":{"@type":"PropertyValueSpecification","valueRequired":true,"valueName":"search_term_string"}}],"inLanguage":"es"},{"@type":"Person","@id":"https:\/\/super-news.info\/mx\/#\/schema\/person\/74b71ca3d407439fd57da2d9c89449ca","name":"mx","image":{"@type":"ImageObject","inLanguage":"es","@id":"https:\/\/secure.gravatar.com\/avatar\/6374ac65ff69c362a0ae1303d73d69dcd9bd198d62d9861f054a69aaf82c017b?s=96&d=mm&r=g","url":"https:\/\/secure.gravatar.com\/avatar\/6374ac65ff69c362a0ae1303d73d69dcd9bd198d62d9861f054a69aaf82c017b?s=96&d=mm&r=g","contentUrl":"https:\/\/secure.gravatar.com\/avatar\/6374ac65ff69c362a0ae1303d73d69dcd9bd198d62d9861f054a69aaf82c017b?s=96&d=mm&r=g","caption":"mx"},"url":"https:\/\/super-news.info\/mx\/author\/mx\/"}]}},"_links":{"self":[{"href":"https:\/\/super-news.info\/mx\/wp-json\/wp\/v2\/posts\/3777","targetHints":{"allow":["GET"]}}],"collection":[{"href":"https:\/\/super-news.info\/mx\/wp-json\/wp\/v2\/posts"}],"about":[{"href":"https:\/\/super-news.info\/mx\/wp-json\/wp\/v2\/types\/post"}],"author":[{"embeddable":true,"href":"https:\/\/super-news.info\/mx\/wp-json\/wp\/v2\/users\/3"}],"replies":[{"embeddable":true,"href":"https:\/\/super-news.info\/mx\/wp-json\/wp\/v2\/comments?post=3777"}],"version-history":[{"count":1,"href":"https:\/\/super-news.info\/mx\/wp-json\/wp\/v2\/posts\/3777\/revisions"}],"predecessor-version":[{"id":3778,"href":"https:\/\/super-news.info\/mx\/wp-json\/wp\/v2\/posts\/3777\/revisions\/3778"}],"wp:featuredmedia":[{"embeddable":true,"href":"https:\/\/super-news.info\/mx\/wp-json\/wp\/v2\/media\/1933"}],"wp:attachment":[{"href":"https:\/\/super-news.info\/mx\/wp-json\/wp\/v2\/media?parent=3777"}],"wp:term":[{"taxonomy":"category","embeddable":true,"href":"https:\/\/super-news.info\/mx\/wp-json\/wp\/v2\/categories?post=3777"},{"taxonomy":"post_tag","embeddable":true,"href":"https:\/\/super-news.info\/mx\/wp-json\/wp\/v2\/tags?post=3777"}],"curies":[{"name":"wp","href":"https:\/\/api.w.org\/{rel}","templated":true}]}}