{"id":3759,"date":"2019-08-27T06:52:30","date_gmt":"2019-08-27T06:52:30","guid":{"rendered":"https:\/\/super-news.info\/mx\/cafeterias-una-opcion-de-autoempleo-en-mexico\/"},"modified":"2019-08-27T06:52:31","modified_gmt":"2019-08-27T06:52:31","slug":"cafeterias-una-opcion-de-autoempleo-en-mexico","status":"publish","type":"post","link":"https:\/\/super-news.info\/mx\/cafeterias-una-opcion-de-autoempleo-en-mexico\/","title":{"rendered":"Cafeter\u00edas, una opci\u00f3n de autoempleo en M\u00e9xico"},"content":{"rendered":"<p> [ad_1]<br \/>\n<\/p>\n<p class=\"paragraph\" data-count=\"246\" data-wrap=\"43\">En M\u00e9xico hay casi<strong> 2 millones de personas desempleadas<\/strong> que buscan una oportunidad d<strong>e negocio en las cafeter\u00edas<\/strong>, por lo que<strong> 4 de cada 10 asistentes a la Expo Caf\u00e9 <\/strong>ven una posibilidad de entrar al sector, dijo Marcos Gottfried, director del evento.<\/p>\n<p class=\"paragraph\" data-count=\"286\" data-wrap=\"49\">\u201cPara que nosotros recibamos arriba de 30 mil personas en Expo Caf\u00e9 n<strong>ormalmente tenemos como 15 mil pre registrados<\/strong>, y este a\u00f1o vamos al doble del a\u00f1o pasado, eso confirma la teor\u00eda de que cuando hay una baja en la econom\u00eda nacional hay quienes buscan negocios propios\u201d, dijo Gottfried.<\/p>\n<p class=\"paragraph\" data-count=\"298\" data-wrap=\"55\">Agreg\u00f3 que mediante encuestas internas encontraron que de los <strong>30 mil visitantes de Expo Caf\u00e9<\/strong> que se realizar\u00e1 en el <strong>WTC de la Ciudad de M\u00e9xico del 29 al 31 de agosto<\/strong>, el 60 por ciento ya cuenta con un negocio relacionado a las cafeter\u00edas y van en b\u00fasqueda de molinos, nuevas m\u00e1quinas o proveedores.<\/p>\n<p class=\"paragraph\" data-count=\"106\" data-wrap=\"18\">En tanto, el 40 por ciento, son asistentes que consideran al negocio de una cafeter\u00eda para auto emplearse.<\/p>\n<p class=\"paragraph\" data-count=\"220\" data-wrap=\"40\">De acuerdo con estimaciones de la industria, de <strong>10 nuevos negocios de cafeter\u00edas<\/strong>, cinco sobreviven un a\u00f1o y el resto m\u00e1s de dos a\u00f1os. Abrir una cafeter\u00eda requiere de una inversi\u00f3n que ronda entre 200 a los 250 mil pesos.<\/p>\n<div class=\"image__block \">\n<figure><\/figure>\n<p><span class=\"element__footer\"><\/span><span class=\"element__credit\"><\/span><\/div>\n<p>[ad_2]<br \/>\n<br \/><a href=\"https:\/\/www.elfinanciero.com.mx\/rss\/empresas\/cafeterias-una-opcion-de-autoempleo-en-mexico\">Source link <\/a><\/p>\n","protected":false},"excerpt":{"rendered":"<p>[ad_1] En M\u00e9xico hay casi 2 millones de personas desempleadas que buscan una oportunidad de negocio en las cafeter\u00edas, por lo que 4 de cada 10 asistentes a la Expo Caf\u00e9 ven una posibilidad de entrar al sector, dijo Marcos Gottfried, director del evento. \u201cPara que nosotros recibamos arriba de 30 mil personas en Expo [&hellip;]<\/p>\n","protected":false},"author":3,"featured_media":3760,"comment_status":"open","ping_status":"open","sticky":false,"template":"","format":"standard","meta":{"footnotes":""},"categories":[1],"tags":[],"class_list":["post-3759","post","type-post","status-publish","format-standard","has-post-thumbnail","hentry","category-noticias-financieras"],"yoast_head":"<!-- This site is optimized with the Yoast SEO plugin v27.4 - https:\/\/yoast.com\/product\/yoast-seo-wordpress\/ -->\n<title>Cafeter\u00edas, una opci\u00f3n de autoempleo en M\u00e9xico - Super News<\/title>\n<meta name=\"robots\" content=\"index, follow, max-snippet:-1, max-image-preview:large, max-video-preview:-1\" \/>\n<link rel=\"canonical\" href=\"https:\/\/super-news.info\/mx\/cafeterias-una-opcion-de-autoempleo-en-mexico\/\" \/>\n<meta property=\"og:locale\" content=\"es_MX\" \/>\n<meta property=\"og:type\" content=\"article\" \/>\n<meta property=\"og:title\" content=\"Cafeter\u00edas, una opci\u00f3n de autoempleo en M\u00e9xico - Super News\" \/>\n<meta property=\"og:description\" content=\"[ad_1] En M\u00e9xico hay casi 2 millones de personas desempleadas que buscan una oportunidad de negocio en las cafeter\u00edas, por lo que 4 de cada 10 asistentes a la Expo Caf\u00e9 ven una posibilidad de entrar al sector, dijo Marcos Gottfried, director del evento. \u201cPara que nosotros recibamos arriba de 30 mil personas en Expo [&hellip;]\" \/>\n<meta property=\"og:url\" content=\"https:\/\/super-news.info\/mx\/cafeterias-una-opcion-de-autoempleo-en-mexico\/\" \/>\n<meta property=\"og:site_name\" content=\"Super News\" \/>\n<meta property=\"article:published_time\" content=\"2019-08-27T06:52:30+00:00\" \/>\n<meta property=\"article:modified_time\" content=\"2019-08-27T06:52:31+00:00\" \/>\n<meta property=\"og:image\" content=\"https:\/\/super-news.info\/mx\/wp-content\/uploads\/sites\/8\/2019\/08\/Cafeter-as-una-opci-n-de-autoempleo-en-M-xico.jpeg\" \/>\n\t<meta property=\"og:image:width\" content=\"850\" \/>\n\t<meta property=\"og:image:height\" content=\"369\" \/>\n\t<meta property=\"og:image:type\" content=\"image\/jpeg\" \/>\n<meta name=\"author\" content=\"mx\" \/>\n<meta name=\"twitter:card\" content=\"summary_large_image\" \/>\n<meta name=\"twitter:label1\" content=\"Escrito por\" \/>\n\t<meta name=\"twitter:data1\" content=\"mx\" \/>\n\t<meta name=\"twitter:label2\" content=\"Tiempo de lectura\" \/>\n\t<meta name=\"twitter:data2\" content=\"1 minuto\" \/>\n<script type=\"application\/ld+json\" class=\"yoast-schema-graph\">{\"@context\":\"https:\\\/\\\/schema.org\",\"@graph\":[{\"@type\":\"Article\",\"@id\":\"https:\\\/\\\/super-news.info\\\/mx\\\/cafeterias-una-opcion-de-autoempleo-en-mexico\\\/#article\",\"isPartOf\":{\"@id\":\"https:\\\/\\\/super-news.info\\\/mx\\\/cafeterias-una-opcion-de-autoempleo-en-mexico\\\/\"},\"author\":{\"name\":\"mx\",\"@id\":\"https:\\\/\\\/super-news.info\\\/mx\\\/#\\\/schema\\\/person\\\/74b71ca3d407439fd57da2d9c89449ca\"},\"headline\":\"Cafeter\u00edas, una opci\u00f3n de autoempleo en M\u00e9xico\",\"datePublished\":\"2019-08-27T06:52:30+00:00\",\"dateModified\":\"2019-08-27T06:52:31+00:00\",\"mainEntityOfPage\":{\"@id\":\"https:\\\/\\\/super-news.info\\\/mx\\\/cafeterias-una-opcion-de-autoempleo-en-mexico\\\/\"},\"wordCount\":223,\"commentCount\":0,\"image\":{\"@id\":\"https:\\\/\\\/super-news.info\\\/mx\\\/cafeterias-una-opcion-de-autoempleo-en-mexico\\\/#primaryimage\"},\"thumbnailUrl\":\"https:\\\/\\\/super-news.info\\\/mx\\\/wp-content\\\/uploads\\\/sites\\\/8\\\/2019\\\/08\\\/Cafeter-as-una-opci-n-de-autoempleo-en-M-xico.jpeg\",\"articleSection\":[\"NOTICIAS FINANCIERAS\"],\"inLanguage\":\"es\",\"potentialAction\":[{\"@type\":\"CommentAction\",\"name\":\"Comment\",\"target\":[\"https:\\\/\\\/super-news.info\\\/mx\\\/cafeterias-una-opcion-de-autoempleo-en-mexico\\\/#respond\"]}]},{\"@type\":\"WebPage\",\"@id\":\"https:\\\/\\\/super-news.info\\\/mx\\\/cafeterias-una-opcion-de-autoempleo-en-mexico\\\/\",\"url\":\"https:\\\/\\\/super-news.info\\\/mx\\\/cafeterias-una-opcion-de-autoempleo-en-mexico\\\/\",\"name\":\"Cafeter\u00edas, una opci\u00f3n de autoempleo en M\u00e9xico - Super News\",\"isPartOf\":{\"@id\":\"https:\\\/\\\/super-news.info\\\/mx\\\/#website\"},\"primaryImageOfPage\":{\"@id\":\"https:\\\/\\\/super-news.info\\\/mx\\\/cafeterias-una-opcion-de-autoempleo-en-mexico\\\/#primaryimage\"},\"image\":{\"@id\":\"https:\\\/\\\/super-news.info\\\/mx\\\/cafeterias-una-opcion-de-autoempleo-en-mexico\\\/#primaryimage\"},\"thumbnailUrl\":\"https:\\\/\\\/super-news.info\\\/mx\\\/wp-content\\\/uploads\\\/sites\\\/8\\\/2019\\\/08\\\/Cafeter-as-una-opci-n-de-autoempleo-en-M-xico.jpeg\",\"datePublished\":\"2019-08-27T06:52:30+00:00\",\"dateModified\":\"2019-08-27T06:52:31+00:00\",\"author\":{\"@id\":\"https:\\\/\\\/super-news.info\\\/mx\\\/#\\\/schema\\\/person\\\/74b71ca3d407439fd57da2d9c89449ca\"},\"breadcrumb\":{\"@id\":\"https:\\\/\\\/super-news.info\\\/mx\\\/cafeterias-una-opcion-de-autoempleo-en-mexico\\\/#breadcrumb\"},\"inLanguage\":\"es\",\"potentialAction\":[{\"@type\":\"ReadAction\",\"target\":[\"https:\\\/\\\/super-news.info\\\/mx\\\/cafeterias-una-opcion-de-autoempleo-en-mexico\\\/\"]}]},{\"@type\":\"ImageObject\",\"inLanguage\":\"es\",\"@id\":\"https:\\\/\\\/super-news.info\\\/mx\\\/cafeterias-una-opcion-de-autoempleo-en-mexico\\\/#primaryimage\",\"url\":\"https:\\\/\\\/super-news.info\\\/mx\\\/wp-content\\\/uploads\\\/sites\\\/8\\\/2019\\\/08\\\/Cafeter-as-una-opci-n-de-autoempleo-en-M-xico.jpeg\",\"contentUrl\":\"https:\\\/\\\/super-news.info\\\/mx\\\/wp-content\\\/uploads\\\/sites\\\/8\\\/2019\\\/08\\\/Cafeter-as-una-opci-n-de-autoempleo-en-M-xico.jpeg\",\"width\":850,\"height\":369,\"caption\":\"Cafeter\u00edas, una opci\u00f3n de autoempleo en M\u00e9xico\"},{\"@type\":\"BreadcrumbList\",\"@id\":\"https:\\\/\\\/super-news.info\\\/mx\\\/cafeterias-una-opcion-de-autoempleo-en-mexico\\\/#breadcrumb\",\"itemListElement\":[{\"@type\":\"ListItem\",\"position\":1,\"name\":\"Home\",\"item\":\"https:\\\/\\\/super-news.info\\\/mx\\\/\"},{\"@type\":\"ListItem\",\"position\":2,\"name\":\"Cafeter\u00edas, una opci\u00f3n de autoempleo en M\u00e9xico\"}]},{\"@type\":\"WebSite\",\"@id\":\"https:\\\/\\\/super-news.info\\\/mx\\\/#website\",\"url\":\"https:\\\/\\\/super-news.info\\\/mx\\\/\",\"name\":\"Super News\",\"description\":\"Super News Mexico\",\"potentialAction\":[{\"@type\":\"SearchAction\",\"target\":{\"@type\":\"EntryPoint\",\"urlTemplate\":\"https:\\\/\\\/super-news.info\\\/mx\\\/?s={search_term_string}\"},\"query-input\":{\"@type\":\"PropertyValueSpecification\",\"valueRequired\":true,\"valueName\":\"search_term_string\"}}],\"inLanguage\":\"es\"},{\"@type\":\"Person\",\"@id\":\"https:\\\/\\\/super-news.info\\\/mx\\\/#\\\/schema\\\/person\\\/74b71ca3d407439fd57da2d9c89449ca\",\"name\":\"mx\",\"image\":{\"@type\":\"ImageObject\",\"inLanguage\":\"es\",\"@id\":\"https:\\\/\\\/secure.gravatar.com\\\/avatar\\\/6374ac65ff69c362a0ae1303d73d69dcd9bd198d62d9861f054a69aaf82c017b?s=96&d=mm&r=g\",\"url\":\"https:\\\/\\\/secure.gravatar.com\\\/avatar\\\/6374ac65ff69c362a0ae1303d73d69dcd9bd198d62d9861f054a69aaf82c017b?s=96&d=mm&r=g\",\"contentUrl\":\"https:\\\/\\\/secure.gravatar.com\\\/avatar\\\/6374ac65ff69c362a0ae1303d73d69dcd9bd198d62d9861f054a69aaf82c017b?s=96&d=mm&r=g\",\"caption\":\"mx\"},\"url\":\"https:\\\/\\\/super-news.info\\\/mx\\\/author\\\/mx\\\/\"}]}<\/script>\n<!-- \/ Yoast SEO plugin. -->","yoast_head_json":{"title":"Cafeter\u00edas, una opci\u00f3n de autoempleo en M\u00e9xico - Super News","robots":{"index":"index","follow":"follow","max-snippet":"max-snippet:-1","max-image-preview":"max-image-preview:large","max-video-preview":"max-video-preview:-1"},"canonical":"https:\/\/super-news.info\/mx\/cafeterias-una-opcion-de-autoempleo-en-mexico\/","og_locale":"es_MX","og_type":"article","og_title":"Cafeter\u00edas, una opci\u00f3n de autoempleo en M\u00e9xico - Super News","og_description":"[ad_1] En M\u00e9xico hay casi 2 millones de personas desempleadas que buscan una oportunidad de negocio en las cafeter\u00edas, por lo que 4 de cada 10 asistentes a la Expo Caf\u00e9 ven una posibilidad de entrar al sector, dijo Marcos Gottfried, director del evento. \u201cPara que nosotros recibamos arriba de 30 mil personas en Expo [&hellip;]","og_url":"https:\/\/super-news.info\/mx\/cafeterias-una-opcion-de-autoempleo-en-mexico\/","og_site_name":"Super News","article_published_time":"2019-08-27T06:52:30+00:00","article_modified_time":"2019-08-27T06:52:31+00:00","og_image":[{"width":850,"height":369,"url":"https:\/\/super-news.info\/mx\/wp-content\/uploads\/sites\/8\/2019\/08\/Cafeter-as-una-opci-n-de-autoempleo-en-M-xico.jpeg","type":"image\/jpeg"}],"author":"mx","twitter_card":"summary_large_image","twitter_misc":{"Escrito por":"mx","Tiempo de lectura":"1 minuto"},"schema":{"@context":"https:\/\/schema.org","@graph":[{"@type":"Article","@id":"https:\/\/super-news.info\/mx\/cafeterias-una-opcion-de-autoempleo-en-mexico\/#article","isPartOf":{"@id":"https:\/\/super-news.info\/mx\/cafeterias-una-opcion-de-autoempleo-en-mexico\/"},"author":{"name":"mx","@id":"https:\/\/super-news.info\/mx\/#\/schema\/person\/74b71ca3d407439fd57da2d9c89449ca"},"headline":"Cafeter\u00edas, una opci\u00f3n de autoempleo en M\u00e9xico","datePublished":"2019-08-27T06:52:30+00:00","dateModified":"2019-08-27T06:52:31+00:00","mainEntityOfPage":{"@id":"https:\/\/super-news.info\/mx\/cafeterias-una-opcion-de-autoempleo-en-mexico\/"},"wordCount":223,"commentCount":0,"image":{"@id":"https:\/\/super-news.info\/mx\/cafeterias-una-opcion-de-autoempleo-en-mexico\/#primaryimage"},"thumbnailUrl":"https:\/\/super-news.info\/mx\/wp-content\/uploads\/sites\/8\/2019\/08\/Cafeter-as-una-opci-n-de-autoempleo-en-M-xico.jpeg","articleSection":["NOTICIAS FINANCIERAS"],"inLanguage":"es","potentialAction":[{"@type":"CommentAction","name":"Comment","target":["https:\/\/super-news.info\/mx\/cafeterias-una-opcion-de-autoempleo-en-mexico\/#respond"]}]},{"@type":"WebPage","@id":"https:\/\/super-news.info\/mx\/cafeterias-una-opcion-de-autoempleo-en-mexico\/","url":"https:\/\/super-news.info\/mx\/cafeterias-una-opcion-de-autoempleo-en-mexico\/","name":"Cafeter\u00edas, una opci\u00f3n de autoempleo en M\u00e9xico - Super News","isPartOf":{"@id":"https:\/\/super-news.info\/mx\/#website"},"primaryImageOfPage":{"@id":"https:\/\/super-news.info\/mx\/cafeterias-una-opcion-de-autoempleo-en-mexico\/#primaryimage"},"image":{"@id":"https:\/\/super-news.info\/mx\/cafeterias-una-opcion-de-autoempleo-en-mexico\/#primaryimage"},"thumbnailUrl":"https:\/\/super-news.info\/mx\/wp-content\/uploads\/sites\/8\/2019\/08\/Cafeter-as-una-opci-n-de-autoempleo-en-M-xico.jpeg","datePublished":"2019-08-27T06:52:30+00:00","dateModified":"2019-08-27T06:52:31+00:00","author":{"@id":"https:\/\/super-news.info\/mx\/#\/schema\/person\/74b71ca3d407439fd57da2d9c89449ca"},"breadcrumb":{"@id":"https:\/\/super-news.info\/mx\/cafeterias-una-opcion-de-autoempleo-en-mexico\/#breadcrumb"},"inLanguage":"es","potentialAction":[{"@type":"ReadAction","target":["https:\/\/super-news.info\/mx\/cafeterias-una-opcion-de-autoempleo-en-mexico\/"]}]},{"@type":"ImageObject","inLanguage":"es","@id":"https:\/\/super-news.info\/mx\/cafeterias-una-opcion-de-autoempleo-en-mexico\/#primaryimage","url":"https:\/\/super-news.info\/mx\/wp-content\/uploads\/sites\/8\/2019\/08\/Cafeter-as-una-opci-n-de-autoempleo-en-M-xico.jpeg","contentUrl":"https:\/\/super-news.info\/mx\/wp-content\/uploads\/sites\/8\/2019\/08\/Cafeter-as-una-opci-n-de-autoempleo-en-M-xico.jpeg","width":850,"height":369,"caption":"Cafeter\u00edas, una opci\u00f3n de autoempleo en M\u00e9xico"},{"@type":"BreadcrumbList","@id":"https:\/\/super-news.info\/mx\/cafeterias-una-opcion-de-autoempleo-en-mexico\/#breadcrumb","itemListElement":[{"@type":"ListItem","position":1,"name":"Home","item":"https:\/\/super-news.info\/mx\/"},{"@type":"ListItem","position":2,"name":"Cafeter\u00edas, una opci\u00f3n de autoempleo en M\u00e9xico"}]},{"@type":"WebSite","@id":"https:\/\/super-news.info\/mx\/#website","url":"https:\/\/super-news.info\/mx\/","name":"Super News","description":"Super News Mexico","potentialAction":[{"@type":"SearchAction","target":{"@type":"EntryPoint","urlTemplate":"https:\/\/super-news.info\/mx\/?s={search_term_string}"},"query-input":{"@type":"PropertyValueSpecification","valueRequired":true,"valueName":"search_term_string"}}],"inLanguage":"es"},{"@type":"Person","@id":"https:\/\/super-news.info\/mx\/#\/schema\/person\/74b71ca3d407439fd57da2d9c89449ca","name":"mx","image":{"@type":"ImageObject","inLanguage":"es","@id":"https:\/\/secure.gravatar.com\/avatar\/6374ac65ff69c362a0ae1303d73d69dcd9bd198d62d9861f054a69aaf82c017b?s=96&d=mm&r=g","url":"https:\/\/secure.gravatar.com\/avatar\/6374ac65ff69c362a0ae1303d73d69dcd9bd198d62d9861f054a69aaf82c017b?s=96&d=mm&r=g","contentUrl":"https:\/\/secure.gravatar.com\/avatar\/6374ac65ff69c362a0ae1303d73d69dcd9bd198d62d9861f054a69aaf82c017b?s=96&d=mm&r=g","caption":"mx"},"url":"https:\/\/super-news.info\/mx\/author\/mx\/"}]}},"_links":{"self":[{"href":"https:\/\/super-news.info\/mx\/wp-json\/wp\/v2\/posts\/3759","targetHints":{"allow":["GET"]}}],"collection":[{"href":"https:\/\/super-news.info\/mx\/wp-json\/wp\/v2\/posts"}],"about":[{"href":"https:\/\/super-news.info\/mx\/wp-json\/wp\/v2\/types\/post"}],"author":[{"embeddable":true,"href":"https:\/\/super-news.info\/mx\/wp-json\/wp\/v2\/users\/3"}],"replies":[{"embeddable":true,"href":"https:\/\/super-news.info\/mx\/wp-json\/wp\/v2\/comments?post=3759"}],"version-history":[{"count":1,"href":"https:\/\/super-news.info\/mx\/wp-json\/wp\/v2\/posts\/3759\/revisions"}],"predecessor-version":[{"id":3761,"href":"https:\/\/super-news.info\/mx\/wp-json\/wp\/v2\/posts\/3759\/revisions\/3761"}],"wp:featuredmedia":[{"embeddable":true,"href":"https:\/\/super-news.info\/mx\/wp-json\/wp\/v2\/media\/3760"}],"wp:attachment":[{"href":"https:\/\/super-news.info\/mx\/wp-json\/wp\/v2\/media?parent=3759"}],"wp:term":[{"taxonomy":"category","embeddable":true,"href":"https:\/\/super-news.info\/mx\/wp-json\/wp\/v2\/categories?post=3759"},{"taxonomy":"post_tag","embeddable":true,"href":"https:\/\/super-news.info\/mx\/wp-json\/wp\/v2\/tags?post=3759"}],"curies":[{"name":"wp","href":"https:\/\/api.w.org\/{rel}","templated":true}]}}