{"id":3749,"date":"2019-08-26T20:33:19","date_gmt":"2019-08-26T20:33:19","guid":{"rendered":"https:\/\/super-news.info\/mx\/crecimiento-economico-versus-desarrollo-economico\/"},"modified":"2019-08-26T20:33:20","modified_gmt":"2019-08-26T20:33:20","slug":"crecimiento-economico-versus-desarrollo-economico","status":"publish","type":"post","link":"https:\/\/super-news.info\/mx\/crecimiento-economico-versus-desarrollo-economico\/","title":{"rendered":"Crecimiento econ\u00f3mico versus desarrollo econ\u00f3mico"},"content":{"rendered":"<p> [ad_1]<br \/>\n<\/p>\n<div class=\"image__block -side\">\n<figure><\/figure>\n<p><span class=\"element__footer\">Miguel Moreno Tripp<\/span><span class=\"element__credit\">Fuente: Cortes\u00eda<\/span><\/div>\n<p class=\"paragraph\" data-count=\"261\" data-wrap=\"47\">El informe del INEGI, respecto del crecimiento de la econom\u00eda trimestre a<strong> trimestre de un 0.0 por ciento, <\/strong>es una muy mala noticia a menos que piense uno como aquel que consideraba que estar a cero grados cent\u00edgrados estaba bien porque no hac\u00eda ni frio ni calor.<\/p>\n<p class=\"paragraph\" data-count=\"287\" data-wrap=\"46\">Sin embargo, el Presidente L\u00f3pez Obrador dice que a \u00e9l no le importa tanto el crecimiento econ\u00f3mico sino el bienestar [econ\u00f3mico]. <strong>\u00bfRealmente hay alguna diferencia entre crecimiento econ\u00f3mico y desarrollo econ\u00f3mico?<\/strong> Y en todo caso \u00bfCu\u00e1l es el mejor camino, si es que hubiera que escoger?<\/p>\n<p class=\"paragraph\" data-count=\"444\" data-wrap=\"75\">De acuerdo con EDUCBA, una iniciativa de graduados de instituciones hind\u00faes, \u201cEl crecimiento econ\u00f3mico es el aumento de bienes y servicios producidos por una econom\u00eda o naci\u00f3n, considerado por un per\u00edodo espec\u00edfico de tiempo. El<strong> aumento en la producci\u00f3n <\/strong>\u2026. puede ser causado por una mejora en la calidad de la educaci\u00f3n, mejoras en la tecnolog\u00eda \u2026. si hay un valor agregado en bienes y servicios que es producido por cada sector de la econom\u00eda.<\/p>\n<p class=\"paragraph\" data-count=\"367\" data-wrap=\"62\">El desarrollo econ\u00f3mico es el proceso que se centra en el crecimiento cualitativo y cuantitativo de la econom\u00eda. Mide todos los aspectos que incluyen que las personas en un pa\u00eds se vuelvan m\u00e1s ricas [\u00a1Ojo\u00a1 no es buscar el<strong> que todos seamos pobres <\/strong>como pretende la ideolog\u00eda de algunos], saludables, mejor educadas y tengan un mayor acceso a viviendas de buena calidad.<\/p>\n<p class=\"paragraph\" data-count=\"528\" data-wrap=\"83\">El nivel de vida incluye varias cosas como agua potable segura, mejorar los sistemas de saneamiento, las instalaciones m\u00e9dicas, la difusi\u00f3n de la educaci\u00f3n primaria para mejorar la tasa de alfabetizaci\u00f3n, la erradicaci\u00f3n de la pobreza, las redes de transporte equilibradas, el aumento de las oportunidades de empleo, etc. La calidad de vida es el<strong> principal Indicador de desarrollo econ\u00f3mico.<\/strong> Por lo tanto, un aumento en el desarrollo econ\u00f3mico es m\u00e1s necesario para que una econom\u00eda alcance el estado de una naci\u00f3n desarrollada.<\/p>\n<p class=\"paragraph\" data-count=\"194\" data-wrap=\"29\">Puede medirse mediante el \u00cdndice de Desarrollo Humano, que considera las<strong> tasas de alfabetizaci\u00f3n y la esperanza de vida<\/strong> que afectan la productividad y podr\u00edan conducir al crecimiento econ\u00f3mico.\u201d<\/p>\n<p class=\"paragraph\" data-count=\"467\" data-wrap=\"81\">Si nos vamos a ver que es el \u00cdndice de Desarrollo Humano, podemos consultar la p\u00e1gina del Programa de las Naciones Unidas para el Desarrollo y nos dice que \u201cEl desarrollo de un pa\u00eds no puede ser entendido desde la<strong> perspectiva \u00fanica del crecimiento econ\u00f3mico<\/strong>. El prop\u00f3sito final del desarrollo se encuentra en cada uno de sus habitantes y en las posibilidades que ellos tienen para elegir una vida en la que puedan realizar a plenitud su potencial como seres humanos.\u201d<\/p>\n<p class=\"paragraph\" data-count=\"396\" data-wrap=\"72\">Ya comentaremos la semana entrante los resultados de este estudio, tanto a nivel nacional como por cada municipio en Nuevo Le\u00f3n, pero por el momento, a nivel nacional, el<strong> \u00cdndice de Desarrollo Humano<\/strong> (IDH) es de 0.762. (Va de cero a uno). M\u00e9xico ocupar\u00eda el lugar 74 a nivel mundial. El pa\u00eds con mejor IDH es Noruega, con 0.953; Estados Unidos tiene un 0.924 y el ultimo lugar es N\u00edger, con 0.354.<\/p>\n<p class=\"paragraph\" data-count=\"150\" data-wrap=\"25\">Si bien uno es m\u00e1s incluyente que el otro -el desarrollo econ\u00f3mico-, abarca el crecimiento econ\u00f3mico. Ser\u00eda una disyuntiva falsa optar por uno u otro.<\/p>\n<p class=\"paragraph\" data-count=\"228\" data-wrap=\"37\">Se ha escrito mucho sobre la<strong> cancelaci\u00f3n del Aeropuerto <\/strong>y c\u00f3mo, m\u00e1s all\u00e1 del proyecto por s\u00ed mismo, da la se\u00f1al de como una consulta patito pude descarrilar inversiones millonarias (que detonan empleos). Es de sabios rectificar.<\/p>\n<p class=\"paragraph\" data-count=\"257\" data-wrap=\"42\">Nota: todo parece indicar que lo que se public\u00f3 como autor\u00eda de Vargas Llosa, reproducido la semana pasada, eran<strong> fake news<\/strong>. Que mal que lo inclu\u00ed, pero desafortunadamente algunas de los comentarios ah\u00ed vertidos pudieran no estar tan alejados de la realidad.<\/p>\n<p class=\"paragraph\" data-count=\"252\" data-wrap=\"41\"><em>El autor es Doctor en Finanzas por la Universidad de Tulane; cuenta con la Maestr\u00eda en Alta Direcci\u00f3n de Empresas, en el IPADE. Se desempe\u00f1\u00f3 como Director General de entidades del \u00e1rea Internacional en Santander Serfin. Es Director del programa OneMBA.<\/em><\/p>\n<p class=\"paragraph\" data-count=\"34\" data-wrap=\"3\">\ufffcOpine usted: morenotrip@gmail.com<\/p>\n<p class=\"paragraph\" data-count=\"178\" data-wrap=\"27\"><strong>Esta es una columna de opini\u00f3n. Las expresiones aqu\u00ed vertidas son responsabilidad \u00fanicamente de quien la firma y no necesariamente reflejan la postura editorial de El Financiero.<\/strong><\/p>\n<p>[ad_2]<br \/>\n<br \/><a href=\"https:\/\/www.elfinanciero.com.mx\/rss\/monterrey\/crecimiento-economico-versus-desarrollo-economico\">Source link <\/a><\/p>\n","protected":false},"excerpt":{"rendered":"<p>[ad_1] Miguel Moreno TrippFuente: Cortes\u00eda El informe del INEGI, respecto del crecimiento de la econom\u00eda trimestre a trimestre de un 0.0 por ciento, es una muy mala noticia a menos que piense uno como aquel que consideraba que estar a cero grados cent\u00edgrados estaba bien porque no hac\u00eda ni frio ni calor. Sin embargo, el [&hellip;]<\/p>\n","protected":false},"author":3,"featured_media":470,"comment_status":"open","ping_status":"open","sticky":false,"template":"","format":"standard","meta":{"footnotes":""},"categories":[1],"tags":[],"class_list":["post-3749","post","type-post","status-publish","format-standard","has-post-thumbnail","hentry","category-noticias-financieras"],"yoast_head":"<!-- This site is optimized with the Yoast SEO plugin v27.4 - https:\/\/yoast.com\/product\/yoast-seo-wordpress\/ -->\n<title>Crecimiento econ\u00f3mico versus desarrollo econ\u00f3mico - Super News<\/title>\n<meta name=\"robots\" content=\"index, follow, max-snippet:-1, max-image-preview:large, max-video-preview:-1\" \/>\n<link rel=\"canonical\" href=\"https:\/\/super-news.info\/mx\/crecimiento-economico-versus-desarrollo-economico\/\" \/>\n<meta property=\"og:locale\" content=\"es_MX\" \/>\n<meta property=\"og:type\" content=\"article\" \/>\n<meta property=\"og:title\" content=\"Crecimiento econ\u00f3mico versus desarrollo econ\u00f3mico - Super News\" \/>\n<meta property=\"og:description\" content=\"[ad_1] Miguel Moreno TrippFuente: Cortes\u00eda El informe del INEGI, respecto del crecimiento de la econom\u00eda trimestre a trimestre de un 0.0 por ciento, es una muy mala noticia a menos que piense uno como aquel que consideraba que estar a cero grados cent\u00edgrados estaba bien porque no hac\u00eda ni frio ni calor. Sin embargo, el [&hellip;]\" \/>\n<meta property=\"og:url\" content=\"https:\/\/super-news.info\/mx\/crecimiento-economico-versus-desarrollo-economico\/\" \/>\n<meta property=\"og:site_name\" content=\"Super News\" \/>\n<meta property=\"article:published_time\" content=\"2019-08-26T20:33:19+00:00\" \/>\n<meta property=\"article:modified_time\" content=\"2019-08-26T20:33:20+00:00\" \/>\n<meta property=\"og:image\" content=\"https:\/\/super-news.info\/mx\/wp-content\/uploads\/sites\/8\/2019\/05\/Con-el-dinero-de-los-dem\u00e1s.jpeg\" \/>\n\t<meta property=\"og:image:width\" content=\"1776\" \/>\n\t<meta property=\"og:image:height\" content=\"1000\" \/>\n\t<meta property=\"og:image:type\" content=\"image\/jpeg\" \/>\n<meta name=\"author\" content=\"mx\" \/>\n<meta name=\"twitter:card\" content=\"summary_large_image\" \/>\n<meta name=\"twitter:label1\" content=\"Escrito por\" \/>\n\t<meta name=\"twitter:data1\" content=\"mx\" \/>\n\t<meta name=\"twitter:label2\" content=\"Tiempo de lectura\" \/>\n\t<meta name=\"twitter:data2\" content=\"4 minutos\" \/>\n<script type=\"application\/ld+json\" class=\"yoast-schema-graph\">{\"@context\":\"https:\\\/\\\/schema.org\",\"@graph\":[{\"@type\":\"Article\",\"@id\":\"https:\\\/\\\/super-news.info\\\/mx\\\/crecimiento-economico-versus-desarrollo-economico\\\/#article\",\"isPartOf\":{\"@id\":\"https:\\\/\\\/super-news.info\\\/mx\\\/crecimiento-economico-versus-desarrollo-economico\\\/\"},\"author\":{\"name\":\"mx\",\"@id\":\"https:\\\/\\\/super-news.info\\\/mx\\\/#\\\/schema\\\/person\\\/74b71ca3d407439fd57da2d9c89449ca\"},\"headline\":\"Crecimiento econ\u00f3mico versus desarrollo econ\u00f3mico\",\"datePublished\":\"2019-08-26T20:33:19+00:00\",\"dateModified\":\"2019-08-26T20:33:20+00:00\",\"mainEntityOfPage\":{\"@id\":\"https:\\\/\\\/super-news.info\\\/mx\\\/crecimiento-economico-versus-desarrollo-economico\\\/\"},\"wordCount\":739,\"commentCount\":0,\"image\":{\"@id\":\"https:\\\/\\\/super-news.info\\\/mx\\\/crecimiento-economico-versus-desarrollo-economico\\\/#primaryimage\"},\"thumbnailUrl\":\"https:\\\/\\\/super-news.info\\\/mx\\\/wp-content\\\/uploads\\\/sites\\\/8\\\/2019\\\/05\\\/Con-el-dinero-de-los-dem\u00e1s.jpeg\",\"articleSection\":[\"NOTICIAS FINANCIERAS\"],\"inLanguage\":\"es\",\"potentialAction\":[{\"@type\":\"CommentAction\",\"name\":\"Comment\",\"target\":[\"https:\\\/\\\/super-news.info\\\/mx\\\/crecimiento-economico-versus-desarrollo-economico\\\/#respond\"]}]},{\"@type\":\"WebPage\",\"@id\":\"https:\\\/\\\/super-news.info\\\/mx\\\/crecimiento-economico-versus-desarrollo-economico\\\/\",\"url\":\"https:\\\/\\\/super-news.info\\\/mx\\\/crecimiento-economico-versus-desarrollo-economico\\\/\",\"name\":\"Crecimiento econ\u00f3mico versus desarrollo econ\u00f3mico - Super News\",\"isPartOf\":{\"@id\":\"https:\\\/\\\/super-news.info\\\/mx\\\/#website\"},\"primaryImageOfPage\":{\"@id\":\"https:\\\/\\\/super-news.info\\\/mx\\\/crecimiento-economico-versus-desarrollo-economico\\\/#primaryimage\"},\"image\":{\"@id\":\"https:\\\/\\\/super-news.info\\\/mx\\\/crecimiento-economico-versus-desarrollo-economico\\\/#primaryimage\"},\"thumbnailUrl\":\"https:\\\/\\\/super-news.info\\\/mx\\\/wp-content\\\/uploads\\\/sites\\\/8\\\/2019\\\/05\\\/Con-el-dinero-de-los-dem\u00e1s.jpeg\",\"datePublished\":\"2019-08-26T20:33:19+00:00\",\"dateModified\":\"2019-08-26T20:33:20+00:00\",\"author\":{\"@id\":\"https:\\\/\\\/super-news.info\\\/mx\\\/#\\\/schema\\\/person\\\/74b71ca3d407439fd57da2d9c89449ca\"},\"breadcrumb\":{\"@id\":\"https:\\\/\\\/super-news.info\\\/mx\\\/crecimiento-economico-versus-desarrollo-economico\\\/#breadcrumb\"},\"inLanguage\":\"es\",\"potentialAction\":[{\"@type\":\"ReadAction\",\"target\":[\"https:\\\/\\\/super-news.info\\\/mx\\\/crecimiento-economico-versus-desarrollo-economico\\\/\"]}]},{\"@type\":\"ImageObject\",\"inLanguage\":\"es\",\"@id\":\"https:\\\/\\\/super-news.info\\\/mx\\\/crecimiento-economico-versus-desarrollo-economico\\\/#primaryimage\",\"url\":\"https:\\\/\\\/super-news.info\\\/mx\\\/wp-content\\\/uploads\\\/sites\\\/8\\\/2019\\\/05\\\/Con-el-dinero-de-los-dem\u00e1s.jpeg\",\"contentUrl\":\"https:\\\/\\\/super-news.info\\\/mx\\\/wp-content\\\/uploads\\\/sites\\\/8\\\/2019\\\/05\\\/Con-el-dinero-de-los-dem\u00e1s.jpeg\",\"width\":1776,\"height\":1000,\"caption\":\"Miguel Moreno Tripp\"},{\"@type\":\"BreadcrumbList\",\"@id\":\"https:\\\/\\\/super-news.info\\\/mx\\\/crecimiento-economico-versus-desarrollo-economico\\\/#breadcrumb\",\"itemListElement\":[{\"@type\":\"ListItem\",\"position\":1,\"name\":\"Home\",\"item\":\"https:\\\/\\\/super-news.info\\\/mx\\\/\"},{\"@type\":\"ListItem\",\"position\":2,\"name\":\"Crecimiento econ\u00f3mico versus desarrollo econ\u00f3mico\"}]},{\"@type\":\"WebSite\",\"@id\":\"https:\\\/\\\/super-news.info\\\/mx\\\/#website\",\"url\":\"https:\\\/\\\/super-news.info\\\/mx\\\/\",\"name\":\"Super News\",\"description\":\"Super News Mexico\",\"potentialAction\":[{\"@type\":\"SearchAction\",\"target\":{\"@type\":\"EntryPoint\",\"urlTemplate\":\"https:\\\/\\\/super-news.info\\\/mx\\\/?s={search_term_string}\"},\"query-input\":{\"@type\":\"PropertyValueSpecification\",\"valueRequired\":true,\"valueName\":\"search_term_string\"}}],\"inLanguage\":\"es\"},{\"@type\":\"Person\",\"@id\":\"https:\\\/\\\/super-news.info\\\/mx\\\/#\\\/schema\\\/person\\\/74b71ca3d407439fd57da2d9c89449ca\",\"name\":\"mx\",\"image\":{\"@type\":\"ImageObject\",\"inLanguage\":\"es\",\"@id\":\"https:\\\/\\\/secure.gravatar.com\\\/avatar\\\/6374ac65ff69c362a0ae1303d73d69dcd9bd198d62d9861f054a69aaf82c017b?s=96&d=mm&r=g\",\"url\":\"https:\\\/\\\/secure.gravatar.com\\\/avatar\\\/6374ac65ff69c362a0ae1303d73d69dcd9bd198d62d9861f054a69aaf82c017b?s=96&d=mm&r=g\",\"contentUrl\":\"https:\\\/\\\/secure.gravatar.com\\\/avatar\\\/6374ac65ff69c362a0ae1303d73d69dcd9bd198d62d9861f054a69aaf82c017b?s=96&d=mm&r=g\",\"caption\":\"mx\"},\"url\":\"https:\\\/\\\/super-news.info\\\/mx\\\/author\\\/mx\\\/\"}]}<\/script>\n<!-- \/ Yoast SEO plugin. -->","yoast_head_json":{"title":"Crecimiento econ\u00f3mico versus desarrollo econ\u00f3mico - Super News","robots":{"index":"index","follow":"follow","max-snippet":"max-snippet:-1","max-image-preview":"max-image-preview:large","max-video-preview":"max-video-preview:-1"},"canonical":"https:\/\/super-news.info\/mx\/crecimiento-economico-versus-desarrollo-economico\/","og_locale":"es_MX","og_type":"article","og_title":"Crecimiento econ\u00f3mico versus desarrollo econ\u00f3mico - Super News","og_description":"[ad_1] Miguel Moreno TrippFuente: Cortes\u00eda El informe del INEGI, respecto del crecimiento de la econom\u00eda trimestre a trimestre de un 0.0 por ciento, es una muy mala noticia a menos que piense uno como aquel que consideraba que estar a cero grados cent\u00edgrados estaba bien porque no hac\u00eda ni frio ni calor. Sin embargo, el [&hellip;]","og_url":"https:\/\/super-news.info\/mx\/crecimiento-economico-versus-desarrollo-economico\/","og_site_name":"Super News","article_published_time":"2019-08-26T20:33:19+00:00","article_modified_time":"2019-08-26T20:33:20+00:00","og_image":[{"width":1776,"height":1000,"url":"https:\/\/super-news.info\/mx\/wp-content\/uploads\/sites\/8\/2019\/05\/Con-el-dinero-de-los-dem\u00e1s.jpeg","type":"image\/jpeg"}],"author":"mx","twitter_card":"summary_large_image","twitter_misc":{"Escrito por":"mx","Tiempo de lectura":"4 minutos"},"schema":{"@context":"https:\/\/schema.org","@graph":[{"@type":"Article","@id":"https:\/\/super-news.info\/mx\/crecimiento-economico-versus-desarrollo-economico\/#article","isPartOf":{"@id":"https:\/\/super-news.info\/mx\/crecimiento-economico-versus-desarrollo-economico\/"},"author":{"name":"mx","@id":"https:\/\/super-news.info\/mx\/#\/schema\/person\/74b71ca3d407439fd57da2d9c89449ca"},"headline":"Crecimiento econ\u00f3mico versus desarrollo econ\u00f3mico","datePublished":"2019-08-26T20:33:19+00:00","dateModified":"2019-08-26T20:33:20+00:00","mainEntityOfPage":{"@id":"https:\/\/super-news.info\/mx\/crecimiento-economico-versus-desarrollo-economico\/"},"wordCount":739,"commentCount":0,"image":{"@id":"https:\/\/super-news.info\/mx\/crecimiento-economico-versus-desarrollo-economico\/#primaryimage"},"thumbnailUrl":"https:\/\/super-news.info\/mx\/wp-content\/uploads\/sites\/8\/2019\/05\/Con-el-dinero-de-los-dem\u00e1s.jpeg","articleSection":["NOTICIAS FINANCIERAS"],"inLanguage":"es","potentialAction":[{"@type":"CommentAction","name":"Comment","target":["https:\/\/super-news.info\/mx\/crecimiento-economico-versus-desarrollo-economico\/#respond"]}]},{"@type":"WebPage","@id":"https:\/\/super-news.info\/mx\/crecimiento-economico-versus-desarrollo-economico\/","url":"https:\/\/super-news.info\/mx\/crecimiento-economico-versus-desarrollo-economico\/","name":"Crecimiento econ\u00f3mico versus desarrollo econ\u00f3mico - Super News","isPartOf":{"@id":"https:\/\/super-news.info\/mx\/#website"},"primaryImageOfPage":{"@id":"https:\/\/super-news.info\/mx\/crecimiento-economico-versus-desarrollo-economico\/#primaryimage"},"image":{"@id":"https:\/\/super-news.info\/mx\/crecimiento-economico-versus-desarrollo-economico\/#primaryimage"},"thumbnailUrl":"https:\/\/super-news.info\/mx\/wp-content\/uploads\/sites\/8\/2019\/05\/Con-el-dinero-de-los-dem\u00e1s.jpeg","datePublished":"2019-08-26T20:33:19+00:00","dateModified":"2019-08-26T20:33:20+00:00","author":{"@id":"https:\/\/super-news.info\/mx\/#\/schema\/person\/74b71ca3d407439fd57da2d9c89449ca"},"breadcrumb":{"@id":"https:\/\/super-news.info\/mx\/crecimiento-economico-versus-desarrollo-economico\/#breadcrumb"},"inLanguage":"es","potentialAction":[{"@type":"ReadAction","target":["https:\/\/super-news.info\/mx\/crecimiento-economico-versus-desarrollo-economico\/"]}]},{"@type":"ImageObject","inLanguage":"es","@id":"https:\/\/super-news.info\/mx\/crecimiento-economico-versus-desarrollo-economico\/#primaryimage","url":"https:\/\/super-news.info\/mx\/wp-content\/uploads\/sites\/8\/2019\/05\/Con-el-dinero-de-los-dem\u00e1s.jpeg","contentUrl":"https:\/\/super-news.info\/mx\/wp-content\/uploads\/sites\/8\/2019\/05\/Con-el-dinero-de-los-dem\u00e1s.jpeg","width":1776,"height":1000,"caption":"Miguel Moreno Tripp"},{"@type":"BreadcrumbList","@id":"https:\/\/super-news.info\/mx\/crecimiento-economico-versus-desarrollo-economico\/#breadcrumb","itemListElement":[{"@type":"ListItem","position":1,"name":"Home","item":"https:\/\/super-news.info\/mx\/"},{"@type":"ListItem","position":2,"name":"Crecimiento econ\u00f3mico versus desarrollo econ\u00f3mico"}]},{"@type":"WebSite","@id":"https:\/\/super-news.info\/mx\/#website","url":"https:\/\/super-news.info\/mx\/","name":"Super News","description":"Super News Mexico","potentialAction":[{"@type":"SearchAction","target":{"@type":"EntryPoint","urlTemplate":"https:\/\/super-news.info\/mx\/?s={search_term_string}"},"query-input":{"@type":"PropertyValueSpecification","valueRequired":true,"valueName":"search_term_string"}}],"inLanguage":"es"},{"@type":"Person","@id":"https:\/\/super-news.info\/mx\/#\/schema\/person\/74b71ca3d407439fd57da2d9c89449ca","name":"mx","image":{"@type":"ImageObject","inLanguage":"es","@id":"https:\/\/secure.gravatar.com\/avatar\/6374ac65ff69c362a0ae1303d73d69dcd9bd198d62d9861f054a69aaf82c017b?s=96&d=mm&r=g","url":"https:\/\/secure.gravatar.com\/avatar\/6374ac65ff69c362a0ae1303d73d69dcd9bd198d62d9861f054a69aaf82c017b?s=96&d=mm&r=g","contentUrl":"https:\/\/secure.gravatar.com\/avatar\/6374ac65ff69c362a0ae1303d73d69dcd9bd198d62d9861f054a69aaf82c017b?s=96&d=mm&r=g","caption":"mx"},"url":"https:\/\/super-news.info\/mx\/author\/mx\/"}]}},"_links":{"self":[{"href":"https:\/\/super-news.info\/mx\/wp-json\/wp\/v2\/posts\/3749","targetHints":{"allow":["GET"]}}],"collection":[{"href":"https:\/\/super-news.info\/mx\/wp-json\/wp\/v2\/posts"}],"about":[{"href":"https:\/\/super-news.info\/mx\/wp-json\/wp\/v2\/types\/post"}],"author":[{"embeddable":true,"href":"https:\/\/super-news.info\/mx\/wp-json\/wp\/v2\/users\/3"}],"replies":[{"embeddable":true,"href":"https:\/\/super-news.info\/mx\/wp-json\/wp\/v2\/comments?post=3749"}],"version-history":[{"count":1,"href":"https:\/\/super-news.info\/mx\/wp-json\/wp\/v2\/posts\/3749\/revisions"}],"predecessor-version":[{"id":3750,"href":"https:\/\/super-news.info\/mx\/wp-json\/wp\/v2\/posts\/3749\/revisions\/3750"}],"wp:featuredmedia":[{"embeddable":true,"href":"https:\/\/super-news.info\/mx\/wp-json\/wp\/v2\/media\/470"}],"wp:attachment":[{"href":"https:\/\/super-news.info\/mx\/wp-json\/wp\/v2\/media?parent=3749"}],"wp:term":[{"taxonomy":"category","embeddable":true,"href":"https:\/\/super-news.info\/mx\/wp-json\/wp\/v2\/categories?post=3749"},{"taxonomy":"post_tag","embeddable":true,"href":"https:\/\/super-news.info\/mx\/wp-json\/wp\/v2\/tags?post=3749"}],"curies":[{"name":"wp","href":"https:\/\/api.w.org\/{rel}","templated":true}]}}