{"id":3746,"date":"2019-08-26T19:38:18","date_gmt":"2019-08-26T19:38:18","guid":{"rendered":"https:\/\/super-news.info\/mx\/ver-juzgar-y-actuar\/"},"modified":"2019-08-26T19:38:19","modified_gmt":"2019-08-26T19:38:19","slug":"ver-juzgar-y-actuar","status":"publish","type":"post","link":"https:\/\/super-news.info\/mx\/ver-juzgar-y-actuar\/","title":{"rendered":"Ver, juzgar y actuar"},"content":{"rendered":"<p> [ad_1]<br \/>\n<\/p>\n<div class=\"image__block -side\">\n<figure><\/figure>\n<p><span class=\"element__footer\">Jos\u00e9 Salazar.<\/span><span class=\"element__credit\">Fuente: Cortes\u00eda<\/span><\/div>\n<p class=\"paragraph\" data-count=\"632\" data-wrap=\"98\">Joseph Cardijn, fund\u00f3 en 1925 el grupo: <strong>Juventud Obrera Cat\u00f3lica. <\/strong>El Padre Cardijn, propon\u00eda a los j\u00f3venes miembros, el sistema de: ver, juzgar y actuar, como una gu\u00eda de vida cristiana. Este sistema ha sido empleado en el seno de la Iglesia Cat\u00f3lica, como instrumento para la<strong> elaboraci\u00f3n de m\u00faltiples documentos<\/strong> encaminados a orientar al ser humano hacia una vida m\u00e1s plena. Tambi\u00e9n ha sido criticado, modificado y aumentado; versiones recientes del mismo, llegan a contemplar tres pasos adicionales: evaluar, celebrar y adorar. Este \u00faltimo que implica estar permanentemente viendo el diario acontecer a trav\u00e9s de la contemplaci\u00f3n.<\/p>\n<p class=\"paragraph\" data-count=\"259\" data-wrap=\"40\">Ante los problemas personales y\/o sociales, el s\u00f3lo verlos, sin juzgar, ni actuar, dif\u00edcilmente llevar\u00e1 a resolverlos. Por su parte, si se pasa directamente a la acci\u00f3n, sin el diagn\u00f3stico claro del problema, los<strong> esfuerzos podr\u00edan resultar tambi\u00e9n est\u00e9riles. <\/strong><\/p>\n<p class=\"paragraph\" data-count=\"562\" data-wrap=\"88\">En poco m\u00e1s de 22 a\u00f1os que llevo participando en estudios evaluativos de programas sociales, he observado que pocos cuentan con diagn\u00f3sticos bien elaborados y, entonces, aunque sus otros procesos lucen adecuados y son bien llevados a cabo, su impacto social llega a ser muy peque\u00f1o o nulo. Estos programas podr\u00edan estar <strong>atendiendo problemas que no existen<\/strong>. Sorprende que algunos llevan d\u00e9cadas de existencia, pero dif\u00edcilmente sus dirigentes y operadores tienen un com\u00fan acuerdo sobre aquello que ser\u00eda el problema que est\u00e1n atacando y el objetivo que persiguen.<\/p>\n<p class=\"paragraph\" data-count=\"627\" data-wrap=\"89\">Entre los tipos de evaluaci\u00f3n contemplados por el Consejo Nacional de Evaluaci\u00f3n de la Pol\u00edtica de Desarrollo Social (CONEVAL) se encuentra el de diagn\u00f3stico. Verifica la precisi\u00f3n con que se ha identificado el problema social a atender, la determinaci\u00f3n y justificaci\u00f3n del objetivo del programa, as\u00ed como la identificaci\u00f3n y caracterizaci\u00f3n de la poblaci\u00f3n objetivo. Contempla incluso la revisi\u00f3n de los indicadores que servir\u00e1n para<strong> monitorear el progreso del programa. <\/strong>Generalmente, se aplica a programas nuevos, pero, dado que las condiciones pueden cambiar, realizar diagn\u00f3sticos peri\u00f3dicos considero ser\u00eda indispensable.<\/p>\n<p class=\"paragraph\" data-count=\"953\" data-wrap=\"156\">Para la puesta en marcha de una parte importante de los programas sociales a cargo de entidades p\u00fablicas se exige, entre otras cosas, un<strong> diagn\u00f3stico detallado y por escrito<\/strong>. En los programas sociales de empresas y organismos de la sociedad civil, el diagn\u00f3stico muchas veces s\u00f3lo est\u00e1 en la mente de las personas que dirigen a estas instituciones. Poca documentaci\u00f3n existe, plasmada en documentos formales, que refiera con alg\u00fan grado m\u00ednimo de exactitud la problem\u00e1tica social que se ha identificado, el objetivo que el programa pretende seguir y el grupo espec\u00edfico al que se desea llegar. El <strong>registro y monitoreo de variables <\/strong>que ayuden a verificar el avance en la consecuci\u00f3n del objetivo, en el mejor de los casos, se hace de manera informal y el seguimiento de beneficiarios que han pasado por el programa es pr\u00e1cticamente nulo. Hay mucha acci\u00f3n, miles de programas, pero poca reflexi\u00f3n, poca evidencia robusta de sus impactos y poco aprendizaje.<\/p>\n<p class=\"paragraph\" data-count=\"338\" data-wrap=\"54\">En los miles de programas sociales existentes, tanto p\u00fablicos, como de empresas y sociedad civil, hay que asignar tiempo para afilar el hacha, dimensionar la problem\u00e1tica que se desea atender, focalizar a los grupos que se pretende beneficiar, verificar el modelo de atenci\u00f3n y afinarlo o <strong>redise\u00f1arlo en funci\u00f3n de los nuevos escenarios. <\/strong><\/p>\n<p class=\"paragraph\" data-count=\"457\" data-wrap=\"71\">Al frente de estos programas suele haber personas de gran talento y vocaci\u00f3n social, que dirigen tambi\u00e9n a grupos de colaboradores y de voluntarios muy entregados. Pero si su acci\u00f3n no va encaminada a la<strong> soluci\u00f3n de un problema real, <\/strong>teniendo como destinatarios a quienes realmente sufren alguna problem\u00e1tica, sus nobles esfuerzos quiz\u00e1 les dejar\u00e1n una sensaci\u00f3n de realizaci\u00f3n personal, pero su impacto social sobre alg\u00fan grupo vulnerable quedar\u00eda en duda.<\/p>\n<p class=\"paragraph\" data-count=\"447\" data-wrap=\"75\">El cuidado de los recursos y la atenci\u00f3n de la problem\u00e1tica social en M\u00e9xico demandan una gran dosis de acci\u00f3n y de reflexi\u00f3n. Si usted forma parte de una empresa o asociaci\u00f3n civil que lleve a cabo programas sociales promueva que estos <strong>tengan bien documentado el problema social<\/strong>, el objetivo, el modelo de atenci\u00f3n, los indicadores de monitoreo y los mecanismos de evaluaci\u00f3n peri\u00f3dica, que hagan m\u00e1s posible el logro de la mejora social deseada.<\/p>\n<p class=\"paragraph\" data-count=\"214\" data-wrap=\"33\"><em>El autor es economista del Tecnol\u00f3gico de Monterrey, con Maestr\u00eda en Econom\u00eda y Doctorado en Ciencias Sociales de la UANL. Actualmente es Profesor Investigador del Departamento de Econom\u00eda, Miembro del SNI, nivel 1<\/em><\/p>\n<p class=\"paragraph\" data-count=\"28\" data-wrap=\"3\">Opine usted: jsalazar@tec.mx<\/p>\n<p class=\"paragraph\" data-count=\"178\" data-wrap=\"27\"><strong>Esta es una columna de opini\u00f3n. Las expresiones aqu\u00ed vertidas son responsabilidad \u00fanicamente de quien la firma y no necesariamente reflejan la postura editorial de El Financiero.<\/strong><\/p>\n<p>[ad_2]<br \/>\n<br \/><a href=\"https:\/\/www.elfinanciero.com.mx\/rss\/monterrey\/ver-juzgar-y-actuar\">Source link <\/a><\/p>\n","protected":false},"excerpt":{"rendered":"<p>[ad_1] Jos\u00e9 Salazar.Fuente: Cortes\u00eda Joseph Cardijn, fund\u00f3 en 1925 el grupo: Juventud Obrera Cat\u00f3lica. El Padre Cardijn, propon\u00eda a los j\u00f3venes miembros, el sistema de: ver, juzgar y actuar, como una gu\u00eda de vida cristiana. Este sistema ha sido empleado en el seno de la Iglesia Cat\u00f3lica, como instrumento para la elaboraci\u00f3n de m\u00faltiples documentos [&hellip;]<\/p>\n","protected":false},"author":3,"featured_media":3747,"comment_status":"open","ping_status":"open","sticky":false,"template":"","format":"standard","meta":{"footnotes":""},"categories":[1],"tags":[],"class_list":["post-3746","post","type-post","status-publish","format-standard","has-post-thumbnail","hentry","category-noticias-financieras"],"yoast_head":"<!-- This site is optimized with the Yoast SEO plugin v27.4 - https:\/\/yoast.com\/product\/yoast-seo-wordpress\/ -->\n<title>Ver, juzgar y actuar - Super News<\/title>\n<meta name=\"robots\" content=\"index, follow, max-snippet:-1, max-image-preview:large, max-video-preview:-1\" \/>\n<link rel=\"canonical\" href=\"https:\/\/super-news.info\/mx\/ver-juzgar-y-actuar\/\" \/>\n<meta property=\"og:locale\" content=\"es_MX\" \/>\n<meta property=\"og:type\" content=\"article\" \/>\n<meta property=\"og:title\" content=\"Ver, juzgar y actuar - Super News\" \/>\n<meta property=\"og:description\" content=\"[ad_1] Jos\u00e9 Salazar.Fuente: Cortes\u00eda Joseph Cardijn, fund\u00f3 en 1925 el grupo: Juventud Obrera Cat\u00f3lica. El Padre Cardijn, propon\u00eda a los j\u00f3venes miembros, el sistema de: ver, juzgar y actuar, como una gu\u00eda de vida cristiana. Este sistema ha sido empleado en el seno de la Iglesia Cat\u00f3lica, como instrumento para la elaboraci\u00f3n de m\u00faltiples documentos [&hellip;]\" \/>\n<meta property=\"og:url\" content=\"https:\/\/super-news.info\/mx\/ver-juzgar-y-actuar\/\" \/>\n<meta property=\"og:site_name\" content=\"Super News\" \/>\n<meta property=\"article:published_time\" content=\"2019-08-26T19:38:18+00:00\" \/>\n<meta property=\"article:modified_time\" content=\"2019-08-26T19:38:19+00:00\" \/>\n<meta property=\"og:image\" content=\"https:\/\/super-news.info\/mx\/wp-content\/uploads\/sites\/8\/2019\/08\/Ver-juzgar-y-actuar.jpeg\" \/>\n\t<meta property=\"og:image:width\" content=\"1776\" \/>\n\t<meta property=\"og:image:height\" content=\"1000\" \/>\n\t<meta property=\"og:image:type\" content=\"image\/jpeg\" \/>\n<meta name=\"author\" content=\"mx\" \/>\n<meta name=\"twitter:card\" content=\"summary_large_image\" \/>\n<meta name=\"twitter:label1\" content=\"Escrito por\" \/>\n\t<meta name=\"twitter:data1\" content=\"mx\" \/>\n\t<meta name=\"twitter:label2\" content=\"Tiempo de lectura\" \/>\n\t<meta name=\"twitter:data2\" content=\"4 minutos\" \/>\n<script type=\"application\/ld+json\" class=\"yoast-schema-graph\">{\"@context\":\"https:\\\/\\\/schema.org\",\"@graph\":[{\"@type\":\"Article\",\"@id\":\"https:\\\/\\\/super-news.info\\\/mx\\\/ver-juzgar-y-actuar\\\/#article\",\"isPartOf\":{\"@id\":\"https:\\\/\\\/super-news.info\\\/mx\\\/ver-juzgar-y-actuar\\\/\"},\"author\":{\"name\":\"mx\",\"@id\":\"https:\\\/\\\/super-news.info\\\/mx\\\/#\\\/schema\\\/person\\\/74b71ca3d407439fd57da2d9c89449ca\"},\"headline\":\"Ver, juzgar y actuar\",\"datePublished\":\"2019-08-26T19:38:18+00:00\",\"dateModified\":\"2019-08-26T19:38:19+00:00\",\"mainEntityOfPage\":{\"@id\":\"https:\\\/\\\/super-news.info\\\/mx\\\/ver-juzgar-y-actuar\\\/\"},\"wordCount\":831,\"commentCount\":0,\"image\":{\"@id\":\"https:\\\/\\\/super-news.info\\\/mx\\\/ver-juzgar-y-actuar\\\/#primaryimage\"},\"thumbnailUrl\":\"https:\\\/\\\/super-news.info\\\/mx\\\/wp-content\\\/uploads\\\/sites\\\/8\\\/2019\\\/08\\\/Ver-juzgar-y-actuar.jpeg\",\"articleSection\":[\"NOTICIAS FINANCIERAS\"],\"inLanguage\":\"es\",\"potentialAction\":[{\"@type\":\"CommentAction\",\"name\":\"Comment\",\"target\":[\"https:\\\/\\\/super-news.info\\\/mx\\\/ver-juzgar-y-actuar\\\/#respond\"]}]},{\"@type\":\"WebPage\",\"@id\":\"https:\\\/\\\/super-news.info\\\/mx\\\/ver-juzgar-y-actuar\\\/\",\"url\":\"https:\\\/\\\/super-news.info\\\/mx\\\/ver-juzgar-y-actuar\\\/\",\"name\":\"Ver, juzgar y actuar - Super News\",\"isPartOf\":{\"@id\":\"https:\\\/\\\/super-news.info\\\/mx\\\/#website\"},\"primaryImageOfPage\":{\"@id\":\"https:\\\/\\\/super-news.info\\\/mx\\\/ver-juzgar-y-actuar\\\/#primaryimage\"},\"image\":{\"@id\":\"https:\\\/\\\/super-news.info\\\/mx\\\/ver-juzgar-y-actuar\\\/#primaryimage\"},\"thumbnailUrl\":\"https:\\\/\\\/super-news.info\\\/mx\\\/wp-content\\\/uploads\\\/sites\\\/8\\\/2019\\\/08\\\/Ver-juzgar-y-actuar.jpeg\",\"datePublished\":\"2019-08-26T19:38:18+00:00\",\"dateModified\":\"2019-08-26T19:38:19+00:00\",\"author\":{\"@id\":\"https:\\\/\\\/super-news.info\\\/mx\\\/#\\\/schema\\\/person\\\/74b71ca3d407439fd57da2d9c89449ca\"},\"breadcrumb\":{\"@id\":\"https:\\\/\\\/super-news.info\\\/mx\\\/ver-juzgar-y-actuar\\\/#breadcrumb\"},\"inLanguage\":\"es\",\"potentialAction\":[{\"@type\":\"ReadAction\",\"target\":[\"https:\\\/\\\/super-news.info\\\/mx\\\/ver-juzgar-y-actuar\\\/\"]}]},{\"@type\":\"ImageObject\",\"inLanguage\":\"es\",\"@id\":\"https:\\\/\\\/super-news.info\\\/mx\\\/ver-juzgar-y-actuar\\\/#primaryimage\",\"url\":\"https:\\\/\\\/super-news.info\\\/mx\\\/wp-content\\\/uploads\\\/sites\\\/8\\\/2019\\\/08\\\/Ver-juzgar-y-actuar.jpeg\",\"contentUrl\":\"https:\\\/\\\/super-news.info\\\/mx\\\/wp-content\\\/uploads\\\/sites\\\/8\\\/2019\\\/08\\\/Ver-juzgar-y-actuar.jpeg\",\"width\":1776,\"height\":1000,\"caption\":\"Jos\u00e9 Salazar.\"},{\"@type\":\"BreadcrumbList\",\"@id\":\"https:\\\/\\\/super-news.info\\\/mx\\\/ver-juzgar-y-actuar\\\/#breadcrumb\",\"itemListElement\":[{\"@type\":\"ListItem\",\"position\":1,\"name\":\"Home\",\"item\":\"https:\\\/\\\/super-news.info\\\/mx\\\/\"},{\"@type\":\"ListItem\",\"position\":2,\"name\":\"Ver, juzgar y actuar\"}]},{\"@type\":\"WebSite\",\"@id\":\"https:\\\/\\\/super-news.info\\\/mx\\\/#website\",\"url\":\"https:\\\/\\\/super-news.info\\\/mx\\\/\",\"name\":\"Super News\",\"description\":\"Super News Mexico\",\"potentialAction\":[{\"@type\":\"SearchAction\",\"target\":{\"@type\":\"EntryPoint\",\"urlTemplate\":\"https:\\\/\\\/super-news.info\\\/mx\\\/?s={search_term_string}\"},\"query-input\":{\"@type\":\"PropertyValueSpecification\",\"valueRequired\":true,\"valueName\":\"search_term_string\"}}],\"inLanguage\":\"es\"},{\"@type\":\"Person\",\"@id\":\"https:\\\/\\\/super-news.info\\\/mx\\\/#\\\/schema\\\/person\\\/74b71ca3d407439fd57da2d9c89449ca\",\"name\":\"mx\",\"image\":{\"@type\":\"ImageObject\",\"inLanguage\":\"es\",\"@id\":\"https:\\\/\\\/secure.gravatar.com\\\/avatar\\\/6374ac65ff69c362a0ae1303d73d69dcd9bd198d62d9861f054a69aaf82c017b?s=96&d=mm&r=g\",\"url\":\"https:\\\/\\\/secure.gravatar.com\\\/avatar\\\/6374ac65ff69c362a0ae1303d73d69dcd9bd198d62d9861f054a69aaf82c017b?s=96&d=mm&r=g\",\"contentUrl\":\"https:\\\/\\\/secure.gravatar.com\\\/avatar\\\/6374ac65ff69c362a0ae1303d73d69dcd9bd198d62d9861f054a69aaf82c017b?s=96&d=mm&r=g\",\"caption\":\"mx\"},\"url\":\"https:\\\/\\\/super-news.info\\\/mx\\\/author\\\/mx\\\/\"}]}<\/script>\n<!-- \/ Yoast SEO plugin. -->","yoast_head_json":{"title":"Ver, juzgar y actuar - Super News","robots":{"index":"index","follow":"follow","max-snippet":"max-snippet:-1","max-image-preview":"max-image-preview:large","max-video-preview":"max-video-preview:-1"},"canonical":"https:\/\/super-news.info\/mx\/ver-juzgar-y-actuar\/","og_locale":"es_MX","og_type":"article","og_title":"Ver, juzgar y actuar - Super News","og_description":"[ad_1] Jos\u00e9 Salazar.Fuente: Cortes\u00eda Joseph Cardijn, fund\u00f3 en 1925 el grupo: Juventud Obrera Cat\u00f3lica. El Padre Cardijn, propon\u00eda a los j\u00f3venes miembros, el sistema de: ver, juzgar y actuar, como una gu\u00eda de vida cristiana. Este sistema ha sido empleado en el seno de la Iglesia Cat\u00f3lica, como instrumento para la elaboraci\u00f3n de m\u00faltiples documentos [&hellip;]","og_url":"https:\/\/super-news.info\/mx\/ver-juzgar-y-actuar\/","og_site_name":"Super News","article_published_time":"2019-08-26T19:38:18+00:00","article_modified_time":"2019-08-26T19:38:19+00:00","og_image":[{"width":1776,"height":1000,"url":"https:\/\/super-news.info\/mx\/wp-content\/uploads\/sites\/8\/2019\/08\/Ver-juzgar-y-actuar.jpeg","type":"image\/jpeg"}],"author":"mx","twitter_card":"summary_large_image","twitter_misc":{"Escrito por":"mx","Tiempo de lectura":"4 minutos"},"schema":{"@context":"https:\/\/schema.org","@graph":[{"@type":"Article","@id":"https:\/\/super-news.info\/mx\/ver-juzgar-y-actuar\/#article","isPartOf":{"@id":"https:\/\/super-news.info\/mx\/ver-juzgar-y-actuar\/"},"author":{"name":"mx","@id":"https:\/\/super-news.info\/mx\/#\/schema\/person\/74b71ca3d407439fd57da2d9c89449ca"},"headline":"Ver, juzgar y actuar","datePublished":"2019-08-26T19:38:18+00:00","dateModified":"2019-08-26T19:38:19+00:00","mainEntityOfPage":{"@id":"https:\/\/super-news.info\/mx\/ver-juzgar-y-actuar\/"},"wordCount":831,"commentCount":0,"image":{"@id":"https:\/\/super-news.info\/mx\/ver-juzgar-y-actuar\/#primaryimage"},"thumbnailUrl":"https:\/\/super-news.info\/mx\/wp-content\/uploads\/sites\/8\/2019\/08\/Ver-juzgar-y-actuar.jpeg","articleSection":["NOTICIAS FINANCIERAS"],"inLanguage":"es","potentialAction":[{"@type":"CommentAction","name":"Comment","target":["https:\/\/super-news.info\/mx\/ver-juzgar-y-actuar\/#respond"]}]},{"@type":"WebPage","@id":"https:\/\/super-news.info\/mx\/ver-juzgar-y-actuar\/","url":"https:\/\/super-news.info\/mx\/ver-juzgar-y-actuar\/","name":"Ver, juzgar y actuar - Super News","isPartOf":{"@id":"https:\/\/super-news.info\/mx\/#website"},"primaryImageOfPage":{"@id":"https:\/\/super-news.info\/mx\/ver-juzgar-y-actuar\/#primaryimage"},"image":{"@id":"https:\/\/super-news.info\/mx\/ver-juzgar-y-actuar\/#primaryimage"},"thumbnailUrl":"https:\/\/super-news.info\/mx\/wp-content\/uploads\/sites\/8\/2019\/08\/Ver-juzgar-y-actuar.jpeg","datePublished":"2019-08-26T19:38:18+00:00","dateModified":"2019-08-26T19:38:19+00:00","author":{"@id":"https:\/\/super-news.info\/mx\/#\/schema\/person\/74b71ca3d407439fd57da2d9c89449ca"},"breadcrumb":{"@id":"https:\/\/super-news.info\/mx\/ver-juzgar-y-actuar\/#breadcrumb"},"inLanguage":"es","potentialAction":[{"@type":"ReadAction","target":["https:\/\/super-news.info\/mx\/ver-juzgar-y-actuar\/"]}]},{"@type":"ImageObject","inLanguage":"es","@id":"https:\/\/super-news.info\/mx\/ver-juzgar-y-actuar\/#primaryimage","url":"https:\/\/super-news.info\/mx\/wp-content\/uploads\/sites\/8\/2019\/08\/Ver-juzgar-y-actuar.jpeg","contentUrl":"https:\/\/super-news.info\/mx\/wp-content\/uploads\/sites\/8\/2019\/08\/Ver-juzgar-y-actuar.jpeg","width":1776,"height":1000,"caption":"Jos\u00e9 Salazar."},{"@type":"BreadcrumbList","@id":"https:\/\/super-news.info\/mx\/ver-juzgar-y-actuar\/#breadcrumb","itemListElement":[{"@type":"ListItem","position":1,"name":"Home","item":"https:\/\/super-news.info\/mx\/"},{"@type":"ListItem","position":2,"name":"Ver, juzgar y actuar"}]},{"@type":"WebSite","@id":"https:\/\/super-news.info\/mx\/#website","url":"https:\/\/super-news.info\/mx\/","name":"Super News","description":"Super News Mexico","potentialAction":[{"@type":"SearchAction","target":{"@type":"EntryPoint","urlTemplate":"https:\/\/super-news.info\/mx\/?s={search_term_string}"},"query-input":{"@type":"PropertyValueSpecification","valueRequired":true,"valueName":"search_term_string"}}],"inLanguage":"es"},{"@type":"Person","@id":"https:\/\/super-news.info\/mx\/#\/schema\/person\/74b71ca3d407439fd57da2d9c89449ca","name":"mx","image":{"@type":"ImageObject","inLanguage":"es","@id":"https:\/\/secure.gravatar.com\/avatar\/6374ac65ff69c362a0ae1303d73d69dcd9bd198d62d9861f054a69aaf82c017b?s=96&d=mm&r=g","url":"https:\/\/secure.gravatar.com\/avatar\/6374ac65ff69c362a0ae1303d73d69dcd9bd198d62d9861f054a69aaf82c017b?s=96&d=mm&r=g","contentUrl":"https:\/\/secure.gravatar.com\/avatar\/6374ac65ff69c362a0ae1303d73d69dcd9bd198d62d9861f054a69aaf82c017b?s=96&d=mm&r=g","caption":"mx"},"url":"https:\/\/super-news.info\/mx\/author\/mx\/"}]}},"_links":{"self":[{"href":"https:\/\/super-news.info\/mx\/wp-json\/wp\/v2\/posts\/3746","targetHints":{"allow":["GET"]}}],"collection":[{"href":"https:\/\/super-news.info\/mx\/wp-json\/wp\/v2\/posts"}],"about":[{"href":"https:\/\/super-news.info\/mx\/wp-json\/wp\/v2\/types\/post"}],"author":[{"embeddable":true,"href":"https:\/\/super-news.info\/mx\/wp-json\/wp\/v2\/users\/3"}],"replies":[{"embeddable":true,"href":"https:\/\/super-news.info\/mx\/wp-json\/wp\/v2\/comments?post=3746"}],"version-history":[{"count":1,"href":"https:\/\/super-news.info\/mx\/wp-json\/wp\/v2\/posts\/3746\/revisions"}],"predecessor-version":[{"id":3748,"href":"https:\/\/super-news.info\/mx\/wp-json\/wp\/v2\/posts\/3746\/revisions\/3748"}],"wp:featuredmedia":[{"embeddable":true,"href":"https:\/\/super-news.info\/mx\/wp-json\/wp\/v2\/media\/3747"}],"wp:attachment":[{"href":"https:\/\/super-news.info\/mx\/wp-json\/wp\/v2\/media?parent=3746"}],"wp:term":[{"taxonomy":"category","embeddable":true,"href":"https:\/\/super-news.info\/mx\/wp-json\/wp\/v2\/categories?post=3746"},{"taxonomy":"post_tag","embeddable":true,"href":"https:\/\/super-news.info\/mx\/wp-json\/wp\/v2\/tags?post=3746"}],"curies":[{"name":"wp","href":"https:\/\/api.w.org\/{rel}","templated":true}]}}