{"id":2603,"date":"2019-07-23T11:57:46","date_gmt":"2019-07-23T11:57:46","guid":{"rendered":"https:\/\/super-news.info\/mx\/crece-12-7-fabricacion-de-equipo-de-transporte-en-queretaro\/"},"modified":"2019-07-23T11:57:48","modified_gmt":"2019-07-23T11:57:48","slug":"crece-12-7-fabricacion-de-equipo-de-transporte-en-queretaro","status":"publish","type":"post","link":"https:\/\/super-news.info\/mx\/crece-12-7-fabricacion-de-equipo-de-transporte-en-queretaro\/","title":{"rendered":"Crece 12.7% fabricaci\u00f3n de equipo de transporte en Quer\u00e9taro"},"content":{"rendered":"<p> [ad_1]<br \/>\n<\/p>\n<p class=\"paragraph\" data-count=\"177\" data-wrap=\"28\">La fabricaci\u00f3n de equipo de transporte \u2013donde se ubican los sectores automotriz y aeroespacial\u2013 en Quer\u00e9taro mantiene un buen ritmo de crecimiento, con cifras de doble d\u00edgito.\n<\/p>\n<p class=\"paragraph\" data-count=\"279\" data-wrap=\"50\">De acuerdo con los datos del Instituto Nacional de Estad\u00edstica y Geograf\u00eda (INEGI), en enero\u2013mayo de 2019 el valor de producci\u00f3n de la fabricaci\u00f3n de equipo de transporte en el estado registr\u00f3 un aumento anual de 12.7 por ciento, con un monto de 37 mil 263.3 millones de pesos.\n<\/p>\n<p class=\"paragraph\" data-count=\"152\" data-wrap=\"28\">Dicho avance es m\u00e1s del doble, frente al crecimiento que registr\u00f3 el total de la industria manufacturera en la entidad, de 5.7 por ciento en el lapso.\n<\/p>\n<p class=\"paragraph\" data-count=\"119\" data-wrap=\"20\">De esta forma, el INEGI refiere que el subsector representa 25 por ciento de la actividad manufacturera en Quer\u00e9taro.\n<\/p>\n<p class=\"paragraph\" data-count=\"141\" data-wrap=\"20\">Autoridades y empresarios del estado han destacado el comportamiento de las industrias que conforman la fabricaci\u00f3n de equipo de transporte.\n<\/p>\n<p class=\"paragraph\" data-count=\"411\" data-wrap=\"63\">El secretario de Desarrollo Sustentable (Sedesu) de Quer\u00e9taro, Marco Antonio del Prete Tercero, refiri\u00f3 la importancia de atender las necesidades de competitividad y condiciones para la inversi\u00f3n en las diferentes industrias, lo cual se ha traducido en la atracci\u00f3n de alrededor de 40 proyectos de inversi\u00f3n para la primera mitad de 2019 en el estado, principalmente en los sectores automotriz y aeroespacial.\n<\/p>\n<p class=\"paragraph\" data-count=\"196\" data-wrap=\"32\">En lo que va del a\u00f1o, expuso, se han dado a conocer distintos proyectos de ampliaci\u00f3n de operaciones de empresas de autopartes, as\u00ed como nuevas inversiones de compa\u00f1\u00edas extranjeras y nacionales.\n<\/p>\n<p class=\"paragraph\" data-count=\"205\" data-wrap=\"33\">Asimismo, la promoci\u00f3n a nivel internacional de la entidad en la rama aeroespacial, ha permitido colocar a Quer\u00e9taro entre los primeros sitios en la captaci\u00f3n de capital de dicha industria a nivel global.\n<\/p>\n<p class=\"paragraph\" data-count=\"20\" data-wrap=\"3\"><strong>RESULTADO REGIONAL<br \/>\n<\/strong><\/p>\n<p class=\"paragraph\" data-count=\"206\" data-wrap=\"35\">Respecto a las otras entidades de la regi\u00f3n del Baj\u00edo, la informaci\u00f3n del INEGI indica un crecimiento en Aguascalientes; as\u00ed como un saldo negativo en Guanajuato y San Luis Potos\u00ed en su comparativo anual.\n<\/p>\n<p class=\"paragraph\" data-count=\"216\" data-wrap=\"38\">El valor de producci\u00f3n de la fabricaci\u00f3n de equipo de transporte en Aguascalientes registr\u00f3 un monto de 93 mil 69.9 millones de pesos en enero\u2013mayo de 2019, lo cual signific\u00f3 un crecimiento anual de 1.2 por ciento.\n<\/p>\n<p class=\"paragraph\" data-count=\"231\" data-wrap=\"44\">En Guanajuato, la actividad report\u00f3 una disminuci\u00f3n en el lapso, de 2.3 por ciento, con un monto de 154 mil 217.9 millones de pesos; San Luis Potos\u00ed tuvo una baja de 13.1 por ciento, con un valor de 72 mil 350.8 millones de pesos.\n<\/p>\n<div class=\"rich__block \">\n<div>\n<\/div>\n<p><span class=\"element__footer\"><\/span><span class=\"element__credit\"><\/span><\/div>\n<p>[ad_2]<br \/>\n<br \/><a href=\"https:\/\/www.elfinanciero.com.mx\/rss\/bajio\/crece-12-7-fabricacion-de-equipo-de-transporte-en-queretaro\">Source link <\/a><\/p>\n","protected":false},"excerpt":{"rendered":"<p>[ad_1] La fabricaci\u00f3n de equipo de transporte \u2013donde se ubican los sectores automotriz y aeroespacial\u2013 en Quer\u00e9taro mantiene un buen ritmo de crecimiento, con cifras de doble d\u00edgito. De acuerdo con los datos del Instituto Nacional de Estad\u00edstica y Geograf\u00eda (INEGI), en enero\u2013mayo de 2019 el valor de producci\u00f3n de la fabricaci\u00f3n de equipo de [&hellip;]<\/p>\n","protected":false},"author":3,"featured_media":2604,"comment_status":"open","ping_status":"open","sticky":false,"template":"","format":"standard","meta":{"footnotes":""},"categories":[1],"tags":[],"class_list":["post-2603","post","type-post","status-publish","format-standard","has-post-thumbnail","hentry","category-noticias-financieras"],"yoast_head":"<!-- This site is optimized with the Yoast SEO plugin v27.4 - https:\/\/yoast.com\/product\/yoast-seo-wordpress\/ -->\n<title>Crece 12.7% fabricaci\u00f3n de equipo de transporte en Quer\u00e9taro - Super News<\/title>\n<meta name=\"robots\" content=\"index, follow, max-snippet:-1, max-image-preview:large, max-video-preview:-1\" \/>\n<link rel=\"canonical\" href=\"https:\/\/super-news.info\/mx\/crece-12-7-fabricacion-de-equipo-de-transporte-en-queretaro\/\" \/>\n<meta property=\"og:locale\" content=\"es_MX\" \/>\n<meta property=\"og:type\" content=\"article\" \/>\n<meta property=\"og:title\" content=\"Crece 12.7% fabricaci\u00f3n de equipo de transporte en Quer\u00e9taro - Super News\" \/>\n<meta property=\"og:description\" content=\"[ad_1] La fabricaci\u00f3n de equipo de transporte \u2013donde se ubican los sectores automotriz y aeroespacial\u2013 en Quer\u00e9taro mantiene un buen ritmo de crecimiento, con cifras de doble d\u00edgito. De acuerdo con los datos del Instituto Nacional de Estad\u00edstica y Geograf\u00eda (INEGI), en enero\u2013mayo de 2019 el valor de producci\u00f3n de la fabricaci\u00f3n de equipo de [&hellip;]\" \/>\n<meta property=\"og:url\" content=\"https:\/\/super-news.info\/mx\/crece-12-7-fabricacion-de-equipo-de-transporte-en-queretaro\/\" \/>\n<meta property=\"og:site_name\" content=\"Super News\" \/>\n<meta property=\"article:published_time\" content=\"2019-07-23T11:57:46+00:00\" \/>\n<meta property=\"article:modified_time\" content=\"2019-07-23T11:57:48+00:00\" \/>\n<meta property=\"og:image\" content=\"https:\/\/super-news.info\/mx\/wp-content\/uploads\/sites\/8\/2019\/07\/Crece-12.7-fabricaci\u00f3n-de-equipo-de-transporte-en-Quer\u00e9taro.jpg\" \/>\n\t<meta property=\"og:image:width\" content=\"864\" \/>\n\t<meta property=\"og:image:height\" content=\"1278\" \/>\n\t<meta property=\"og:image:type\" content=\"image\/jpeg\" \/>\n<meta name=\"author\" content=\"mx\" \/>\n<meta name=\"twitter:card\" content=\"summary_large_image\" \/>\n<meta name=\"twitter:label1\" content=\"Escrito por\" \/>\n\t<meta name=\"twitter:data1\" content=\"mx\" \/>\n\t<meta name=\"twitter:label2\" content=\"Tiempo de lectura\" \/>\n\t<meta name=\"twitter:data2\" content=\"2 minutos\" \/>\n<script type=\"application\/ld+json\" class=\"yoast-schema-graph\">{\"@context\":\"https:\\\/\\\/schema.org\",\"@graph\":[{\"@type\":\"Article\",\"@id\":\"https:\\\/\\\/super-news.info\\\/mx\\\/crece-12-7-fabricacion-de-equipo-de-transporte-en-queretaro\\\/#article\",\"isPartOf\":{\"@id\":\"https:\\\/\\\/super-news.info\\\/mx\\\/crece-12-7-fabricacion-de-equipo-de-transporte-en-queretaro\\\/\"},\"author\":{\"name\":\"mx\",\"@id\":\"https:\\\/\\\/super-news.info\\\/mx\\\/#\\\/schema\\\/person\\\/74b71ca3d407439fd57da2d9c89449ca\"},\"headline\":\"Crece 12.7% fabricaci\u00f3n de equipo de transporte en Quer\u00e9taro\",\"datePublished\":\"2019-07-23T11:57:46+00:00\",\"dateModified\":\"2019-07-23T11:57:48+00:00\",\"mainEntityOfPage\":{\"@id\":\"https:\\\/\\\/super-news.info\\\/mx\\\/crece-12-7-fabricacion-de-equipo-de-transporte-en-queretaro\\\/\"},\"wordCount\":409,\"commentCount\":0,\"image\":{\"@id\":\"https:\\\/\\\/super-news.info\\\/mx\\\/crece-12-7-fabricacion-de-equipo-de-transporte-en-queretaro\\\/#primaryimage\"},\"thumbnailUrl\":\"https:\\\/\\\/super-news.info\\\/mx\\\/wp-content\\\/uploads\\\/sites\\\/8\\\/2019\\\/07\\\/Crece-12.7-fabricaci\u00f3n-de-equipo-de-transporte-en-Quer\u00e9taro.jpg\",\"articleSection\":[\"NOTICIAS FINANCIERAS\"],\"inLanguage\":\"es\",\"potentialAction\":[{\"@type\":\"CommentAction\",\"name\":\"Comment\",\"target\":[\"https:\\\/\\\/super-news.info\\\/mx\\\/crece-12-7-fabricacion-de-equipo-de-transporte-en-queretaro\\\/#respond\"]}]},{\"@type\":\"WebPage\",\"@id\":\"https:\\\/\\\/super-news.info\\\/mx\\\/crece-12-7-fabricacion-de-equipo-de-transporte-en-queretaro\\\/\",\"url\":\"https:\\\/\\\/super-news.info\\\/mx\\\/crece-12-7-fabricacion-de-equipo-de-transporte-en-queretaro\\\/\",\"name\":\"Crece 12.7% fabricaci\u00f3n de equipo de transporte en Quer\u00e9taro - Super News\",\"isPartOf\":{\"@id\":\"https:\\\/\\\/super-news.info\\\/mx\\\/#website\"},\"primaryImageOfPage\":{\"@id\":\"https:\\\/\\\/super-news.info\\\/mx\\\/crece-12-7-fabricacion-de-equipo-de-transporte-en-queretaro\\\/#primaryimage\"},\"image\":{\"@id\":\"https:\\\/\\\/super-news.info\\\/mx\\\/crece-12-7-fabricacion-de-equipo-de-transporte-en-queretaro\\\/#primaryimage\"},\"thumbnailUrl\":\"https:\\\/\\\/super-news.info\\\/mx\\\/wp-content\\\/uploads\\\/sites\\\/8\\\/2019\\\/07\\\/Crece-12.7-fabricaci\u00f3n-de-equipo-de-transporte-en-Quer\u00e9taro.jpg\",\"datePublished\":\"2019-07-23T11:57:46+00:00\",\"dateModified\":\"2019-07-23T11:57:48+00:00\",\"author\":{\"@id\":\"https:\\\/\\\/super-news.info\\\/mx\\\/#\\\/schema\\\/person\\\/74b71ca3d407439fd57da2d9c89449ca\"},\"breadcrumb\":{\"@id\":\"https:\\\/\\\/super-news.info\\\/mx\\\/crece-12-7-fabricacion-de-equipo-de-transporte-en-queretaro\\\/#breadcrumb\"},\"inLanguage\":\"es\",\"potentialAction\":[{\"@type\":\"ReadAction\",\"target\":[\"https:\\\/\\\/super-news.info\\\/mx\\\/crece-12-7-fabricacion-de-equipo-de-transporte-en-queretaro\\\/\"]}]},{\"@type\":\"ImageObject\",\"inLanguage\":\"es\",\"@id\":\"https:\\\/\\\/super-news.info\\\/mx\\\/crece-12-7-fabricacion-de-equipo-de-transporte-en-queretaro\\\/#primaryimage\",\"url\":\"https:\\\/\\\/super-news.info\\\/mx\\\/wp-content\\\/uploads\\\/sites\\\/8\\\/2019\\\/07\\\/Crece-12.7-fabricaci\u00f3n-de-equipo-de-transporte-en-Quer\u00e9taro.jpg\",\"contentUrl\":\"https:\\\/\\\/super-news.info\\\/mx\\\/wp-content\\\/uploads\\\/sites\\\/8\\\/2019\\\/07\\\/Crece-12.7-fabricaci\u00f3n-de-equipo-de-transporte-en-Quer\u00e9taro.jpg\",\"width\":864,\"height\":1278,\"caption\":\"Crece 12.7% fabricaci\u00f3n de equipo de transporte en Quer\u00e9taro\"},{\"@type\":\"BreadcrumbList\",\"@id\":\"https:\\\/\\\/super-news.info\\\/mx\\\/crece-12-7-fabricacion-de-equipo-de-transporte-en-queretaro\\\/#breadcrumb\",\"itemListElement\":[{\"@type\":\"ListItem\",\"position\":1,\"name\":\"Home\",\"item\":\"https:\\\/\\\/super-news.info\\\/mx\\\/\"},{\"@type\":\"ListItem\",\"position\":2,\"name\":\"Crece 12.7% fabricaci\u00f3n de equipo de transporte en Quer\u00e9taro\"}]},{\"@type\":\"WebSite\",\"@id\":\"https:\\\/\\\/super-news.info\\\/mx\\\/#website\",\"url\":\"https:\\\/\\\/super-news.info\\\/mx\\\/\",\"name\":\"Super News\",\"description\":\"Super News Mexico\",\"potentialAction\":[{\"@type\":\"SearchAction\",\"target\":{\"@type\":\"EntryPoint\",\"urlTemplate\":\"https:\\\/\\\/super-news.info\\\/mx\\\/?s={search_term_string}\"},\"query-input\":{\"@type\":\"PropertyValueSpecification\",\"valueRequired\":true,\"valueName\":\"search_term_string\"}}],\"inLanguage\":\"es\"},{\"@type\":\"Person\",\"@id\":\"https:\\\/\\\/super-news.info\\\/mx\\\/#\\\/schema\\\/person\\\/74b71ca3d407439fd57da2d9c89449ca\",\"name\":\"mx\",\"image\":{\"@type\":\"ImageObject\",\"inLanguage\":\"es\",\"@id\":\"https:\\\/\\\/secure.gravatar.com\\\/avatar\\\/6374ac65ff69c362a0ae1303d73d69dcd9bd198d62d9861f054a69aaf82c017b?s=96&d=mm&r=g\",\"url\":\"https:\\\/\\\/secure.gravatar.com\\\/avatar\\\/6374ac65ff69c362a0ae1303d73d69dcd9bd198d62d9861f054a69aaf82c017b?s=96&d=mm&r=g\",\"contentUrl\":\"https:\\\/\\\/secure.gravatar.com\\\/avatar\\\/6374ac65ff69c362a0ae1303d73d69dcd9bd198d62d9861f054a69aaf82c017b?s=96&d=mm&r=g\",\"caption\":\"mx\"},\"url\":\"https:\\\/\\\/super-news.info\\\/mx\\\/author\\\/mx\\\/\"}]}<\/script>\n<!-- \/ Yoast SEO plugin. -->","yoast_head_json":{"title":"Crece 12.7% fabricaci\u00f3n de equipo de transporte en Quer\u00e9taro - Super News","robots":{"index":"index","follow":"follow","max-snippet":"max-snippet:-1","max-image-preview":"max-image-preview:large","max-video-preview":"max-video-preview:-1"},"canonical":"https:\/\/super-news.info\/mx\/crece-12-7-fabricacion-de-equipo-de-transporte-en-queretaro\/","og_locale":"es_MX","og_type":"article","og_title":"Crece 12.7% fabricaci\u00f3n de equipo de transporte en Quer\u00e9taro - Super News","og_description":"[ad_1] La fabricaci\u00f3n de equipo de transporte \u2013donde se ubican los sectores automotriz y aeroespacial\u2013 en Quer\u00e9taro mantiene un buen ritmo de crecimiento, con cifras de doble d\u00edgito. De acuerdo con los datos del Instituto Nacional de Estad\u00edstica y Geograf\u00eda (INEGI), en enero\u2013mayo de 2019 el valor de producci\u00f3n de la fabricaci\u00f3n de equipo de [&hellip;]","og_url":"https:\/\/super-news.info\/mx\/crece-12-7-fabricacion-de-equipo-de-transporte-en-queretaro\/","og_site_name":"Super News","article_published_time":"2019-07-23T11:57:46+00:00","article_modified_time":"2019-07-23T11:57:48+00:00","og_image":[{"width":864,"height":1278,"url":"https:\/\/super-news.info\/mx\/wp-content\/uploads\/sites\/8\/2019\/07\/Crece-12.7-fabricaci\u00f3n-de-equipo-de-transporte-en-Quer\u00e9taro.jpg","type":"image\/jpeg"}],"author":"mx","twitter_card":"summary_large_image","twitter_misc":{"Escrito por":"mx","Tiempo de lectura":"2 minutos"},"schema":{"@context":"https:\/\/schema.org","@graph":[{"@type":"Article","@id":"https:\/\/super-news.info\/mx\/crece-12-7-fabricacion-de-equipo-de-transporte-en-queretaro\/#article","isPartOf":{"@id":"https:\/\/super-news.info\/mx\/crece-12-7-fabricacion-de-equipo-de-transporte-en-queretaro\/"},"author":{"name":"mx","@id":"https:\/\/super-news.info\/mx\/#\/schema\/person\/74b71ca3d407439fd57da2d9c89449ca"},"headline":"Crece 12.7% fabricaci\u00f3n de equipo de transporte en Quer\u00e9taro","datePublished":"2019-07-23T11:57:46+00:00","dateModified":"2019-07-23T11:57:48+00:00","mainEntityOfPage":{"@id":"https:\/\/super-news.info\/mx\/crece-12-7-fabricacion-de-equipo-de-transporte-en-queretaro\/"},"wordCount":409,"commentCount":0,"image":{"@id":"https:\/\/super-news.info\/mx\/crece-12-7-fabricacion-de-equipo-de-transporte-en-queretaro\/#primaryimage"},"thumbnailUrl":"https:\/\/super-news.info\/mx\/wp-content\/uploads\/sites\/8\/2019\/07\/Crece-12.7-fabricaci\u00f3n-de-equipo-de-transporte-en-Quer\u00e9taro.jpg","articleSection":["NOTICIAS FINANCIERAS"],"inLanguage":"es","potentialAction":[{"@type":"CommentAction","name":"Comment","target":["https:\/\/super-news.info\/mx\/crece-12-7-fabricacion-de-equipo-de-transporte-en-queretaro\/#respond"]}]},{"@type":"WebPage","@id":"https:\/\/super-news.info\/mx\/crece-12-7-fabricacion-de-equipo-de-transporte-en-queretaro\/","url":"https:\/\/super-news.info\/mx\/crece-12-7-fabricacion-de-equipo-de-transporte-en-queretaro\/","name":"Crece 12.7% fabricaci\u00f3n de equipo de transporte en Quer\u00e9taro - Super News","isPartOf":{"@id":"https:\/\/super-news.info\/mx\/#website"},"primaryImageOfPage":{"@id":"https:\/\/super-news.info\/mx\/crece-12-7-fabricacion-de-equipo-de-transporte-en-queretaro\/#primaryimage"},"image":{"@id":"https:\/\/super-news.info\/mx\/crece-12-7-fabricacion-de-equipo-de-transporte-en-queretaro\/#primaryimage"},"thumbnailUrl":"https:\/\/super-news.info\/mx\/wp-content\/uploads\/sites\/8\/2019\/07\/Crece-12.7-fabricaci\u00f3n-de-equipo-de-transporte-en-Quer\u00e9taro.jpg","datePublished":"2019-07-23T11:57:46+00:00","dateModified":"2019-07-23T11:57:48+00:00","author":{"@id":"https:\/\/super-news.info\/mx\/#\/schema\/person\/74b71ca3d407439fd57da2d9c89449ca"},"breadcrumb":{"@id":"https:\/\/super-news.info\/mx\/crece-12-7-fabricacion-de-equipo-de-transporte-en-queretaro\/#breadcrumb"},"inLanguage":"es","potentialAction":[{"@type":"ReadAction","target":["https:\/\/super-news.info\/mx\/crece-12-7-fabricacion-de-equipo-de-transporte-en-queretaro\/"]}]},{"@type":"ImageObject","inLanguage":"es","@id":"https:\/\/super-news.info\/mx\/crece-12-7-fabricacion-de-equipo-de-transporte-en-queretaro\/#primaryimage","url":"https:\/\/super-news.info\/mx\/wp-content\/uploads\/sites\/8\/2019\/07\/Crece-12.7-fabricaci\u00f3n-de-equipo-de-transporte-en-Quer\u00e9taro.jpg","contentUrl":"https:\/\/super-news.info\/mx\/wp-content\/uploads\/sites\/8\/2019\/07\/Crece-12.7-fabricaci\u00f3n-de-equipo-de-transporte-en-Quer\u00e9taro.jpg","width":864,"height":1278,"caption":"Crece 12.7% fabricaci\u00f3n de equipo de transporte en Quer\u00e9taro"},{"@type":"BreadcrumbList","@id":"https:\/\/super-news.info\/mx\/crece-12-7-fabricacion-de-equipo-de-transporte-en-queretaro\/#breadcrumb","itemListElement":[{"@type":"ListItem","position":1,"name":"Home","item":"https:\/\/super-news.info\/mx\/"},{"@type":"ListItem","position":2,"name":"Crece 12.7% fabricaci\u00f3n de equipo de transporte en Quer\u00e9taro"}]},{"@type":"WebSite","@id":"https:\/\/super-news.info\/mx\/#website","url":"https:\/\/super-news.info\/mx\/","name":"Super News","description":"Super News Mexico","potentialAction":[{"@type":"SearchAction","target":{"@type":"EntryPoint","urlTemplate":"https:\/\/super-news.info\/mx\/?s={search_term_string}"},"query-input":{"@type":"PropertyValueSpecification","valueRequired":true,"valueName":"search_term_string"}}],"inLanguage":"es"},{"@type":"Person","@id":"https:\/\/super-news.info\/mx\/#\/schema\/person\/74b71ca3d407439fd57da2d9c89449ca","name":"mx","image":{"@type":"ImageObject","inLanguage":"es","@id":"https:\/\/secure.gravatar.com\/avatar\/6374ac65ff69c362a0ae1303d73d69dcd9bd198d62d9861f054a69aaf82c017b?s=96&d=mm&r=g","url":"https:\/\/secure.gravatar.com\/avatar\/6374ac65ff69c362a0ae1303d73d69dcd9bd198d62d9861f054a69aaf82c017b?s=96&d=mm&r=g","contentUrl":"https:\/\/secure.gravatar.com\/avatar\/6374ac65ff69c362a0ae1303d73d69dcd9bd198d62d9861f054a69aaf82c017b?s=96&d=mm&r=g","caption":"mx"},"url":"https:\/\/super-news.info\/mx\/author\/mx\/"}]}},"_links":{"self":[{"href":"https:\/\/super-news.info\/mx\/wp-json\/wp\/v2\/posts\/2603","targetHints":{"allow":["GET"]}}],"collection":[{"href":"https:\/\/super-news.info\/mx\/wp-json\/wp\/v2\/posts"}],"about":[{"href":"https:\/\/super-news.info\/mx\/wp-json\/wp\/v2\/types\/post"}],"author":[{"embeddable":true,"href":"https:\/\/super-news.info\/mx\/wp-json\/wp\/v2\/users\/3"}],"replies":[{"embeddable":true,"href":"https:\/\/super-news.info\/mx\/wp-json\/wp\/v2\/comments?post=2603"}],"version-history":[{"count":1,"href":"https:\/\/super-news.info\/mx\/wp-json\/wp\/v2\/posts\/2603\/revisions"}],"predecessor-version":[{"id":2605,"href":"https:\/\/super-news.info\/mx\/wp-json\/wp\/v2\/posts\/2603\/revisions\/2605"}],"wp:featuredmedia":[{"embeddable":true,"href":"https:\/\/super-news.info\/mx\/wp-json\/wp\/v2\/media\/2604"}],"wp:attachment":[{"href":"https:\/\/super-news.info\/mx\/wp-json\/wp\/v2\/media?parent=2603"}],"wp:term":[{"taxonomy":"category","embeddable":true,"href":"https:\/\/super-news.info\/mx\/wp-json\/wp\/v2\/categories?post=2603"},{"taxonomy":"post_tag","embeddable":true,"href":"https:\/\/super-news.info\/mx\/wp-json\/wp\/v2\/tags?post=2603"}],"curies":[{"name":"wp","href":"https:\/\/api.w.org\/{rel}","templated":true}]}}