{"id":2600,"date":"2019-07-23T10:39:28","date_gmt":"2019-07-23T10:39:28","guid":{"rendered":"https:\/\/super-news.info\/mx\/en-redes-76-dice-sentirse-inseguro-al-viajar-en-carretera\/"},"modified":"2019-07-23T10:39:30","modified_gmt":"2019-07-23T10:39:30","slug":"en-redes-76-dice-sentirse-inseguro-al-viajar-en-carretera","status":"publish","type":"post","link":"https:\/\/super-news.info\/mx\/en-redes-76-dice-sentirse-inseguro-al-viajar-en-carretera\/","title":{"rendered":"En redes, 76% dice sentirse inseguro al viajar en carretera"},"content":{"rendered":"<p> [ad_1]<br \/>\n<\/p>\n<p class=\"paragraph\" data-count=\"218\" data-wrap=\"38\">El 76 por ciento de los usuarios de redes sociales <strong>se siente inseguro al transitar por el sistema carretero nacional<\/strong>, destaca un an\u00e1lisis realizado en redes sociales, entre el 18 de junio y los primeros d\u00edas de julio.\n<\/p>\n<p class=\"paragraph\" data-count=\"232\" data-wrap=\"40\">De acuerdo con el <strong>Pulso de la Red de GLAC<\/strong>, s\u00f3lo el 24 por ciento de los internautas afirm\u00f3 sentirse seguro, pero por las medidas de seguridad que han implementado algunas empresas de transporte de pasajeros para prevenir el delito.\n<\/p>\n<p class=\"paragraph\" data-count=\"191\" data-wrap=\"34\">La mayor\u00eda se siente inseguro, ya que, dicen, <strong>han presenciado alg\u00fan asalto en carretera o se ha enterado de alg\u00fan evento de este tipo<\/strong> a trav\u00e9s de los medios de comunicaci\u00f3n o redes sociales.\n<\/p>\n<p class=\"paragraph\" data-count=\"0\" data-wrap=\"1\">\n<div class=\"image__block \">\n<figure><\/figure>\n<p><span class=\"element__footer\">\u00cdndice GLAC.<\/span><span class=\"element__credit\">Fuente: Especial<\/span><\/div>\n<p class=\"paragraph\" data-count=\"115\" data-wrap=\"18\">Durante el periodo de an\u00e1lisis se acumularon seis mil 63 referencias sobre robos cometidos en carreteras del pa\u00eds.\n<\/p>\n<p class=\"paragraph\" data-count=\"262\" data-wrap=\"44\">El repunte m\u00e1s significativo se registr\u00f3 el 19 de junio, con mil 749 referencias, derivado de un <strong>asalto a un tr\u00e1iler en la carretera Puebla-Orizaba<\/strong> a la altura del municipio de Esperanza, Puebla, cometido por un grupo de hombres encapuchados y con armas largas.\n<\/p>\n<p class=\"paragraph\" data-count=\"210\" data-wrap=\"36\">Otro repunte se registr\u00f3 el 26 de junio, con 608 menciones, debido al <strong>asalto a una gasolinera de la compa\u00f1\u00eda Shell<\/strong> ubicada en la carretera M\u00e9xico-Puebla, a la altura del municipio poblano de San Miguel Xoxtla.\n<\/p>\n<p class=\"paragraph\" data-count=\"311\" data-wrap=\"53\">El 3 de julio se registr\u00f3 otro repunte de 231 alusiones, debido a las quejas de usuarios de redes sociales en contra de la protesta de integrantes de la <strong>Polic\u00eda Federal en la Ciudad de M\u00e9xico<\/strong>, ya que criticaron que ese cuerpo de seguridad \u201cest\u00e1 en sus oficinas\u201d, mientras los delincuentes \u201casaltan carreteras\u201d.\n<\/p>\n<p class=\"paragraph\" data-count=\"0\" data-wrap=\"1\">\n<div class=\"image__block \">\n<figure><img decoding=\"async\" alt=\"\u00cdndice GLAC.\" src=\"http:\/\/super-news.info\/mx\/wp-content\/uploads\/sites\/8\/2019\/07\/1563878367_31_En-redes-76-dice-sentirse-inseguro-al-viajar-en-carretera.jpeg\" style=\"height:auto;width:100%\" \/><\/figure>\n<p><span class=\"element__footer\">\u00cdndice GLAC.<\/span><span class=\"element__credit\">Fuente: Especial<\/span><\/div>\n<p class=\"paragraph\" data-count=\"221\" data-wrap=\"34\">No obstante, el volumen de menciones sobre asaltos cometidos en las carreteras fue menor al que registraron durante el mismo periodo los accidentes carreteros (ocho mil 405 referencias) y bloqueos carreteros (13 mil 470).<\/p>\n<div class=\"image__block \">\n<figure><img decoding=\"async\" alt=\"\u00cdndice GLAC.\" src=\"http:\/\/super-news.info\/mx\/wp-content\/uploads\/sites\/8\/2019\/07\/1563878368_356_En-redes-76-dice-sentirse-inseguro-al-viajar-en-carretera.jpeg\" style=\"height:auto;width:100%\" \/><\/figure>\n<p><span class=\"element__footer\">\u00cdndice GLAC.<\/span><span class=\"element__credit\">Fuente: Especial<\/span><\/div>\n<p class=\"paragraph\" data-count=\"348\" data-wrap=\"58\">Por lo anterior, del total de referencias sobre robo en carretera, cuatro mil 567, equivalentes al 75 por ciento, correspondi\u00f3 a asaltos cometidos en contra de automovilistas; mil 406 (23 por ciento), a asaltos en contra de unidades de transporte de carga, y 90 (dos por ciento) se refiri\u00f3 a asaltos cometidos a unidades de transporte de pasajeros.<\/p>\n<div class=\"image__block \">\n<figure><img decoding=\"async\" alt=\"\u00cdndice GLAC.\" src=\"http:\/\/super-news.info\/mx\/wp-content\/uploads\/sites\/8\/2019\/07\/1563878368_693_En-redes-76-dice-sentirse-inseguro-al-viajar-en-carretera.jpeg\" style=\"height:auto;width:100%\" \/><\/figure>\n<p><span class=\"element__footer\">\u00cdndice GLAC.<\/span><span class=\"element__credit\">Fuente: Especial<\/span><\/div>\n<p class=\"paragraph\" data-count=\"436\" data-wrap=\"68\">Durante el periodo de estudio el tramo carretero que acumul\u00f3 la mayor cantidad de menciones de asaltos fue el kil\u00f3metro 228 + 000 de la carretera <strong>Puebla-Orizaba<\/strong> (municipio de Esperanza, Puebla) con mil 94 referencias; le sigui\u00f3 el kil\u00f3metro 101 de la carretera <strong>M\u00e9xico-Puebla<\/strong> (municipio de San Miguel Xoxtla, Puebla) con 687 referencias, y el kil\u00f3metro 15 de la autopista <strong>M\u00e9xico-Toluca<\/strong> (Cuajimalpa, Ciudad de M\u00e9xico) con 180 referencias.<\/p>\n<div class=\"image__block \">\n<figure><img decoding=\"async\" alt=\"\u00cdndice GLAC.\" src=\"http:\/\/super-news.info\/mx\/wp-content\/uploads\/sites\/8\/2019\/07\/1563878368_284_En-redes-76-dice-sentirse-inseguro-al-viajar-en-carretera.jpeg\" style=\"height:auto;width:100%\" \/><\/figure>\n<p><span class=\"element__footer\">\u00cdndice GLAC.<\/span><span class=\"element__credit\">Fuente: Especial<\/span><\/div>\n<p>[ad_2]<br \/>\n<br \/><a href=\"https:\/\/www.elfinanciero.com.mx\/rss\/nacional\/en-redes-76-dice-sentirse-inseguro-al-viajar-en-carretera\">Source link <\/a><\/p>\n","protected":false},"excerpt":{"rendered":"<p>[ad_1] El 76 por ciento de los usuarios de redes sociales se siente inseguro al transitar por el sistema carretero nacional, destaca un an\u00e1lisis realizado en redes sociales, entre el 18 de junio y los primeros d\u00edas de julio. De acuerdo con el Pulso de la Red de GLAC, s\u00f3lo el 24 por ciento de [&hellip;]<\/p>\n","protected":false},"author":3,"featured_media":2601,"comment_status":"open","ping_status":"open","sticky":false,"template":"","format":"standard","meta":{"footnotes":""},"categories":[1],"tags":[],"class_list":["post-2600","post","type-post","status-publish","format-standard","has-post-thumbnail","hentry","category-noticias-financieras"],"yoast_head":"<!-- This site is optimized with the Yoast SEO plugin v27.4 - https:\/\/yoast.com\/product\/yoast-seo-wordpress\/ -->\n<title>En redes, 76% dice sentirse inseguro al viajar en carretera - Super News<\/title>\n<meta name=\"robots\" content=\"index, follow, max-snippet:-1, max-image-preview:large, max-video-preview:-1\" \/>\n<link rel=\"canonical\" href=\"https:\/\/super-news.info\/mx\/en-redes-76-dice-sentirse-inseguro-al-viajar-en-carretera\/\" \/>\n<meta property=\"og:locale\" content=\"es_MX\" \/>\n<meta property=\"og:type\" content=\"article\" \/>\n<meta property=\"og:title\" content=\"En redes, 76% dice sentirse inseguro al viajar en carretera - Super News\" \/>\n<meta property=\"og:description\" content=\"[ad_1] El 76 por ciento de los usuarios de redes sociales se siente inseguro al transitar por el sistema carretero nacional, destaca un an\u00e1lisis realizado en redes sociales, entre el 18 de junio y los primeros d\u00edas de julio. De acuerdo con el Pulso de la Red de GLAC, s\u00f3lo el 24 por ciento de [&hellip;]\" \/>\n<meta property=\"og:url\" content=\"https:\/\/super-news.info\/mx\/en-redes-76-dice-sentirse-inseguro-al-viajar-en-carretera\/\" \/>\n<meta property=\"og:site_name\" content=\"Super News\" \/>\n<meta property=\"article:published_time\" content=\"2019-07-23T10:39:28+00:00\" \/>\n<meta property=\"article:modified_time\" content=\"2019-07-23T10:39:30+00:00\" \/>\n<meta property=\"og:image\" content=\"https:\/\/super-news.info\/mx\/wp-content\/uploads\/sites\/8\/2019\/07\/En-redes-76-dice-sentirse-inseguro-al-viajar-en-carretera.jpeg\" \/>\n\t<meta property=\"og:image:width\" content=\"1200\" \/>\n\t<meta property=\"og:image:height\" content=\"408\" \/>\n\t<meta property=\"og:image:type\" content=\"image\/jpeg\" \/>\n<meta name=\"author\" content=\"mx\" \/>\n<meta name=\"twitter:card\" content=\"summary_large_image\" \/>\n<meta name=\"twitter:label1\" content=\"Escrito por\" \/>\n\t<meta name=\"twitter:data1\" content=\"mx\" \/>\n\t<meta name=\"twitter:label2\" content=\"Tiempo de lectura\" \/>\n\t<meta name=\"twitter:data2\" content=\"2 minutos\" \/>\n<script type=\"application\/ld+json\" class=\"yoast-schema-graph\">{\"@context\":\"https:\\\/\\\/schema.org\",\"@graph\":[{\"@type\":\"Article\",\"@id\":\"https:\\\/\\\/super-news.info\\\/mx\\\/en-redes-76-dice-sentirse-inseguro-al-viajar-en-carretera\\\/#article\",\"isPartOf\":{\"@id\":\"https:\\\/\\\/super-news.info\\\/mx\\\/en-redes-76-dice-sentirse-inseguro-al-viajar-en-carretera\\\/\"},\"author\":{\"name\":\"mx\",\"@id\":\"https:\\\/\\\/super-news.info\\\/mx\\\/#\\\/schema\\\/person\\\/74b71ca3d407439fd57da2d9c89449ca\"},\"headline\":\"En redes, 76% dice sentirse inseguro al viajar en carretera\",\"datePublished\":\"2019-07-23T10:39:28+00:00\",\"dateModified\":\"2019-07-23T10:39:30+00:00\",\"mainEntityOfPage\":{\"@id\":\"https:\\\/\\\/super-news.info\\\/mx\\\/en-redes-76-dice-sentirse-inseguro-al-viajar-en-carretera\\\/\"},\"wordCount\":452,\"commentCount\":0,\"image\":{\"@id\":\"https:\\\/\\\/super-news.info\\\/mx\\\/en-redes-76-dice-sentirse-inseguro-al-viajar-en-carretera\\\/#primaryimage\"},\"thumbnailUrl\":\"https:\\\/\\\/super-news.info\\\/mx\\\/wp-content\\\/uploads\\\/sites\\\/8\\\/2019\\\/07\\\/En-redes-76-dice-sentirse-inseguro-al-viajar-en-carretera.jpeg\",\"articleSection\":[\"NOTICIAS FINANCIERAS\"],\"inLanguage\":\"es\",\"potentialAction\":[{\"@type\":\"CommentAction\",\"name\":\"Comment\",\"target\":[\"https:\\\/\\\/super-news.info\\\/mx\\\/en-redes-76-dice-sentirse-inseguro-al-viajar-en-carretera\\\/#respond\"]}]},{\"@type\":\"WebPage\",\"@id\":\"https:\\\/\\\/super-news.info\\\/mx\\\/en-redes-76-dice-sentirse-inseguro-al-viajar-en-carretera\\\/\",\"url\":\"https:\\\/\\\/super-news.info\\\/mx\\\/en-redes-76-dice-sentirse-inseguro-al-viajar-en-carretera\\\/\",\"name\":\"En redes, 76% dice sentirse inseguro al viajar en carretera - Super News\",\"isPartOf\":{\"@id\":\"https:\\\/\\\/super-news.info\\\/mx\\\/#website\"},\"primaryImageOfPage\":{\"@id\":\"https:\\\/\\\/super-news.info\\\/mx\\\/en-redes-76-dice-sentirse-inseguro-al-viajar-en-carretera\\\/#primaryimage\"},\"image\":{\"@id\":\"https:\\\/\\\/super-news.info\\\/mx\\\/en-redes-76-dice-sentirse-inseguro-al-viajar-en-carretera\\\/#primaryimage\"},\"thumbnailUrl\":\"https:\\\/\\\/super-news.info\\\/mx\\\/wp-content\\\/uploads\\\/sites\\\/8\\\/2019\\\/07\\\/En-redes-76-dice-sentirse-inseguro-al-viajar-en-carretera.jpeg\",\"datePublished\":\"2019-07-23T10:39:28+00:00\",\"dateModified\":\"2019-07-23T10:39:30+00:00\",\"author\":{\"@id\":\"https:\\\/\\\/super-news.info\\\/mx\\\/#\\\/schema\\\/person\\\/74b71ca3d407439fd57da2d9c89449ca\"},\"breadcrumb\":{\"@id\":\"https:\\\/\\\/super-news.info\\\/mx\\\/en-redes-76-dice-sentirse-inseguro-al-viajar-en-carretera\\\/#breadcrumb\"},\"inLanguage\":\"es\",\"potentialAction\":[{\"@type\":\"ReadAction\",\"target\":[\"https:\\\/\\\/super-news.info\\\/mx\\\/en-redes-76-dice-sentirse-inseguro-al-viajar-en-carretera\\\/\"]}]},{\"@type\":\"ImageObject\",\"inLanguage\":\"es\",\"@id\":\"https:\\\/\\\/super-news.info\\\/mx\\\/en-redes-76-dice-sentirse-inseguro-al-viajar-en-carretera\\\/#primaryimage\",\"url\":\"https:\\\/\\\/super-news.info\\\/mx\\\/wp-content\\\/uploads\\\/sites\\\/8\\\/2019\\\/07\\\/En-redes-76-dice-sentirse-inseguro-al-viajar-en-carretera.jpeg\",\"contentUrl\":\"https:\\\/\\\/super-news.info\\\/mx\\\/wp-content\\\/uploads\\\/sites\\\/8\\\/2019\\\/07\\\/En-redes-76-dice-sentirse-inseguro-al-viajar-en-carretera.jpeg\",\"width\":1200,\"height\":408,\"caption\":\"\u00cdndice GLAC.\"},{\"@type\":\"BreadcrumbList\",\"@id\":\"https:\\\/\\\/super-news.info\\\/mx\\\/en-redes-76-dice-sentirse-inseguro-al-viajar-en-carretera\\\/#breadcrumb\",\"itemListElement\":[{\"@type\":\"ListItem\",\"position\":1,\"name\":\"Home\",\"item\":\"https:\\\/\\\/super-news.info\\\/mx\\\/\"},{\"@type\":\"ListItem\",\"position\":2,\"name\":\"En redes, 76% dice sentirse inseguro al viajar en carretera\"}]},{\"@type\":\"WebSite\",\"@id\":\"https:\\\/\\\/super-news.info\\\/mx\\\/#website\",\"url\":\"https:\\\/\\\/super-news.info\\\/mx\\\/\",\"name\":\"Super News\",\"description\":\"Super News Mexico\",\"potentialAction\":[{\"@type\":\"SearchAction\",\"target\":{\"@type\":\"EntryPoint\",\"urlTemplate\":\"https:\\\/\\\/super-news.info\\\/mx\\\/?s={search_term_string}\"},\"query-input\":{\"@type\":\"PropertyValueSpecification\",\"valueRequired\":true,\"valueName\":\"search_term_string\"}}],\"inLanguage\":\"es\"},{\"@type\":\"Person\",\"@id\":\"https:\\\/\\\/super-news.info\\\/mx\\\/#\\\/schema\\\/person\\\/74b71ca3d407439fd57da2d9c89449ca\",\"name\":\"mx\",\"image\":{\"@type\":\"ImageObject\",\"inLanguage\":\"es\",\"@id\":\"https:\\\/\\\/secure.gravatar.com\\\/avatar\\\/6374ac65ff69c362a0ae1303d73d69dcd9bd198d62d9861f054a69aaf82c017b?s=96&d=mm&r=g\",\"url\":\"https:\\\/\\\/secure.gravatar.com\\\/avatar\\\/6374ac65ff69c362a0ae1303d73d69dcd9bd198d62d9861f054a69aaf82c017b?s=96&d=mm&r=g\",\"contentUrl\":\"https:\\\/\\\/secure.gravatar.com\\\/avatar\\\/6374ac65ff69c362a0ae1303d73d69dcd9bd198d62d9861f054a69aaf82c017b?s=96&d=mm&r=g\",\"caption\":\"mx\"},\"url\":\"https:\\\/\\\/super-news.info\\\/mx\\\/author\\\/mx\\\/\"}]}<\/script>\n<!-- \/ Yoast SEO plugin. -->","yoast_head_json":{"title":"En redes, 76% dice sentirse inseguro al viajar en carretera - Super News","robots":{"index":"index","follow":"follow","max-snippet":"max-snippet:-1","max-image-preview":"max-image-preview:large","max-video-preview":"max-video-preview:-1"},"canonical":"https:\/\/super-news.info\/mx\/en-redes-76-dice-sentirse-inseguro-al-viajar-en-carretera\/","og_locale":"es_MX","og_type":"article","og_title":"En redes, 76% dice sentirse inseguro al viajar en carretera - Super News","og_description":"[ad_1] El 76 por ciento de los usuarios de redes sociales se siente inseguro al transitar por el sistema carretero nacional, destaca un an\u00e1lisis realizado en redes sociales, entre el 18 de junio y los primeros d\u00edas de julio. De acuerdo con el Pulso de la Red de GLAC, s\u00f3lo el 24 por ciento de [&hellip;]","og_url":"https:\/\/super-news.info\/mx\/en-redes-76-dice-sentirse-inseguro-al-viajar-en-carretera\/","og_site_name":"Super News","article_published_time":"2019-07-23T10:39:28+00:00","article_modified_time":"2019-07-23T10:39:30+00:00","og_image":[{"width":1200,"height":408,"url":"https:\/\/super-news.info\/mx\/wp-content\/uploads\/sites\/8\/2019\/07\/En-redes-76-dice-sentirse-inseguro-al-viajar-en-carretera.jpeg","type":"image\/jpeg"}],"author":"mx","twitter_card":"summary_large_image","twitter_misc":{"Escrito por":"mx","Tiempo de lectura":"2 minutos"},"schema":{"@context":"https:\/\/schema.org","@graph":[{"@type":"Article","@id":"https:\/\/super-news.info\/mx\/en-redes-76-dice-sentirse-inseguro-al-viajar-en-carretera\/#article","isPartOf":{"@id":"https:\/\/super-news.info\/mx\/en-redes-76-dice-sentirse-inseguro-al-viajar-en-carretera\/"},"author":{"name":"mx","@id":"https:\/\/super-news.info\/mx\/#\/schema\/person\/74b71ca3d407439fd57da2d9c89449ca"},"headline":"En redes, 76% dice sentirse inseguro al viajar en carretera","datePublished":"2019-07-23T10:39:28+00:00","dateModified":"2019-07-23T10:39:30+00:00","mainEntityOfPage":{"@id":"https:\/\/super-news.info\/mx\/en-redes-76-dice-sentirse-inseguro-al-viajar-en-carretera\/"},"wordCount":452,"commentCount":0,"image":{"@id":"https:\/\/super-news.info\/mx\/en-redes-76-dice-sentirse-inseguro-al-viajar-en-carretera\/#primaryimage"},"thumbnailUrl":"https:\/\/super-news.info\/mx\/wp-content\/uploads\/sites\/8\/2019\/07\/En-redes-76-dice-sentirse-inseguro-al-viajar-en-carretera.jpeg","articleSection":["NOTICIAS FINANCIERAS"],"inLanguage":"es","potentialAction":[{"@type":"CommentAction","name":"Comment","target":["https:\/\/super-news.info\/mx\/en-redes-76-dice-sentirse-inseguro-al-viajar-en-carretera\/#respond"]}]},{"@type":"WebPage","@id":"https:\/\/super-news.info\/mx\/en-redes-76-dice-sentirse-inseguro-al-viajar-en-carretera\/","url":"https:\/\/super-news.info\/mx\/en-redes-76-dice-sentirse-inseguro-al-viajar-en-carretera\/","name":"En redes, 76% dice sentirse inseguro al viajar en carretera - Super News","isPartOf":{"@id":"https:\/\/super-news.info\/mx\/#website"},"primaryImageOfPage":{"@id":"https:\/\/super-news.info\/mx\/en-redes-76-dice-sentirse-inseguro-al-viajar-en-carretera\/#primaryimage"},"image":{"@id":"https:\/\/super-news.info\/mx\/en-redes-76-dice-sentirse-inseguro-al-viajar-en-carretera\/#primaryimage"},"thumbnailUrl":"https:\/\/super-news.info\/mx\/wp-content\/uploads\/sites\/8\/2019\/07\/En-redes-76-dice-sentirse-inseguro-al-viajar-en-carretera.jpeg","datePublished":"2019-07-23T10:39:28+00:00","dateModified":"2019-07-23T10:39:30+00:00","author":{"@id":"https:\/\/super-news.info\/mx\/#\/schema\/person\/74b71ca3d407439fd57da2d9c89449ca"},"breadcrumb":{"@id":"https:\/\/super-news.info\/mx\/en-redes-76-dice-sentirse-inseguro-al-viajar-en-carretera\/#breadcrumb"},"inLanguage":"es","potentialAction":[{"@type":"ReadAction","target":["https:\/\/super-news.info\/mx\/en-redes-76-dice-sentirse-inseguro-al-viajar-en-carretera\/"]}]},{"@type":"ImageObject","inLanguage":"es","@id":"https:\/\/super-news.info\/mx\/en-redes-76-dice-sentirse-inseguro-al-viajar-en-carretera\/#primaryimage","url":"https:\/\/super-news.info\/mx\/wp-content\/uploads\/sites\/8\/2019\/07\/En-redes-76-dice-sentirse-inseguro-al-viajar-en-carretera.jpeg","contentUrl":"https:\/\/super-news.info\/mx\/wp-content\/uploads\/sites\/8\/2019\/07\/En-redes-76-dice-sentirse-inseguro-al-viajar-en-carretera.jpeg","width":1200,"height":408,"caption":"\u00cdndice GLAC."},{"@type":"BreadcrumbList","@id":"https:\/\/super-news.info\/mx\/en-redes-76-dice-sentirse-inseguro-al-viajar-en-carretera\/#breadcrumb","itemListElement":[{"@type":"ListItem","position":1,"name":"Home","item":"https:\/\/super-news.info\/mx\/"},{"@type":"ListItem","position":2,"name":"En redes, 76% dice sentirse inseguro al viajar en carretera"}]},{"@type":"WebSite","@id":"https:\/\/super-news.info\/mx\/#website","url":"https:\/\/super-news.info\/mx\/","name":"Super News","description":"Super News Mexico","potentialAction":[{"@type":"SearchAction","target":{"@type":"EntryPoint","urlTemplate":"https:\/\/super-news.info\/mx\/?s={search_term_string}"},"query-input":{"@type":"PropertyValueSpecification","valueRequired":true,"valueName":"search_term_string"}}],"inLanguage":"es"},{"@type":"Person","@id":"https:\/\/super-news.info\/mx\/#\/schema\/person\/74b71ca3d407439fd57da2d9c89449ca","name":"mx","image":{"@type":"ImageObject","inLanguage":"es","@id":"https:\/\/secure.gravatar.com\/avatar\/6374ac65ff69c362a0ae1303d73d69dcd9bd198d62d9861f054a69aaf82c017b?s=96&d=mm&r=g","url":"https:\/\/secure.gravatar.com\/avatar\/6374ac65ff69c362a0ae1303d73d69dcd9bd198d62d9861f054a69aaf82c017b?s=96&d=mm&r=g","contentUrl":"https:\/\/secure.gravatar.com\/avatar\/6374ac65ff69c362a0ae1303d73d69dcd9bd198d62d9861f054a69aaf82c017b?s=96&d=mm&r=g","caption":"mx"},"url":"https:\/\/super-news.info\/mx\/author\/mx\/"}]}},"_links":{"self":[{"href":"https:\/\/super-news.info\/mx\/wp-json\/wp\/v2\/posts\/2600","targetHints":{"allow":["GET"]}}],"collection":[{"href":"https:\/\/super-news.info\/mx\/wp-json\/wp\/v2\/posts"}],"about":[{"href":"https:\/\/super-news.info\/mx\/wp-json\/wp\/v2\/types\/post"}],"author":[{"embeddable":true,"href":"https:\/\/super-news.info\/mx\/wp-json\/wp\/v2\/users\/3"}],"replies":[{"embeddable":true,"href":"https:\/\/super-news.info\/mx\/wp-json\/wp\/v2\/comments?post=2600"}],"version-history":[{"count":1,"href":"https:\/\/super-news.info\/mx\/wp-json\/wp\/v2\/posts\/2600\/revisions"}],"predecessor-version":[{"id":2602,"href":"https:\/\/super-news.info\/mx\/wp-json\/wp\/v2\/posts\/2600\/revisions\/2602"}],"wp:featuredmedia":[{"embeddable":true,"href":"https:\/\/super-news.info\/mx\/wp-json\/wp\/v2\/media\/2601"}],"wp:attachment":[{"href":"https:\/\/super-news.info\/mx\/wp-json\/wp\/v2\/media?parent=2600"}],"wp:term":[{"taxonomy":"category","embeddable":true,"href":"https:\/\/super-news.info\/mx\/wp-json\/wp\/v2\/categories?post=2600"},{"taxonomy":"post_tag","embeddable":true,"href":"https:\/\/super-news.info\/mx\/wp-json\/wp\/v2\/tags?post=2600"}],"curies":[{"name":"wp","href":"https:\/\/api.w.org\/{rel}","templated":true}]}}