{"id":2586,"date":"2019-07-22T18:36:07","date_gmt":"2019-07-22T18:36:07","guid":{"rendered":"https:\/\/super-news.info\/mx\/sistemas-fotovoltaicos-almacenamiento-la-segunda-fase\/"},"modified":"2019-07-22T18:36:08","modified_gmt":"2019-07-22T18:36:08","slug":"sistemas-fotovoltaicos-almacenamiento-la-segunda-fase","status":"publish","type":"post","link":"https:\/\/super-news.info\/mx\/sistemas-fotovoltaicos-almacenamiento-la-segunda-fase\/","title":{"rendered":"Sistemas Fotovoltaicos, almacenamiento la segunda fase"},"content":{"rendered":"<p> [ad_1]<br \/>\n<\/p>\n<div class=\"image__block -side\">\n<figure><\/figure>\n<p><span class=\"element__footer\">Ulises Rivera P\u00e9rez\ufffc <\/span><span class=\"element__credit\">Fuente: Cortes\u00eda<\/span><\/div>\n<p class=\"paragraph\" data-count=\"439\" data-wrap=\"66\">Las noticias m\u00e1s recientes en los c\u00edrculos especializados en la industria de las energ\u00edas renovables y no renovables, nos deja ver que, como pa\u00eds y usuarios consumidores existen muchas \u00e1reas de oportunidad para mejorar la generaci\u00f3n, comercializaci\u00f3n y distribuci\u00f3n de la energ\u00eda (con \u00e9nfasis\/retos en dos partes de la cadena: generaci\u00f3n y distribuci\u00f3n), los a<strong>vances tecnol\u00f3gicos <\/strong>abren ahora la ventana a un cuarto reto: el almacenamiento.<\/p>\n<p class=\"paragraph\" data-count=\"334\" data-wrap=\"54\">La velocidad en la adopci\u00f3n de nuevas propuestas tecnol\u00f3gicas que se ve\u00edan muy lejanas, est\u00e1n cambiando su pendiente en beneficio de nosotros como consumidores, pero tambi\u00e9n y no menos importante, por una<strong> alineaci\u00f3n en el pensamiento colectivo<\/strong> para dejar a las nuevas generaciones un mundo mejor, o al menos igual a como lo recibimos.<\/p>\n<p class=\"paragraph\" data-count=\"249\" data-wrap=\"46\">Viendo el lado positivo y tratando de aterrizar a\u00fan m\u00e1s la idea, por ejemplo, cuando no sabes nadar hay dos alternativas, que te tomes el tiempo y te ense\u00f1es, tomando clases, o que te empujen a una alberca inesperadamente y aprendas s\u00ed o s\u00ed a nadar.<\/p>\n<p class=\"paragraph\" data-count=\"744\" data-wrap=\"122\">Un ejemplo son los autos el\u00e9ctricos, que ya en estos d\u00edas se est\u00e1 hablando de trenes el\u00e9ctricos, camiones de carga el\u00e9ctrico, barcos comerciales o de turismo y hasta la posibilidad de aviaci\u00f3n comercial el\u00e9ctrica. La adopci\u00f3n de veh\u00edculos el\u00e9ctricos reduce los precios de las bater\u00edas y, como consecuencia, crecen las instalaciones de los sistemas de almacenamiento de energ\u00eda. El reto que todo pa\u00eds tiene enfrente se llama <strong>SEGURIDAD ENERG\u00c9TICA<\/strong>, que significa garantizar la entrega de energ\u00eda a un pa\u00eds para que siga creciendo. No es as\u00ed de lineal, pero se han puesto a pensar que cada litro de gasolina que se deje de consumir deber\u00e1 de ser compensado por kilo watts hora (kWh) de energ\u00eda el\u00e9ctrica<strong> \u00bfEst\u00e1 preparado M\u00e9xico para esta migraci\u00f3n?<\/strong>.<\/p>\n<p class=\"paragraph\" data-count=\"899\" data-wrap=\"130\">El almacenamiento est\u00e1 bien posicionado para convertirse en una herramienta integral para las generadoras de energ\u00eda, regulando el voltaje y la frecuencia, garantizando la fiabilidad de las renovables y creando un sistema de transmisi\u00f3n y distribuci\u00f3n m\u00e1s flexible. Para los usuarios el<strong> almacenamiento puede ser una herramienta <\/strong>que sirva para reducir los precios relacionados con la demanda de energ\u00eda y ayudar a cumplir los objetivos de sostenibilidad, asegurando un flujo fiable de electricidad procedente de la generaci\u00f3n renovable distribuida, por ejemplo, la energ\u00eda solar. Cualquier suministrador calificado de <strong>energ\u00eda el\u00e9ctrica <\/strong>podr\u00e1 utilizar las bater\u00edas para almacenar electricidad durante los periodos de baja demanda y, as\u00ed, aprovechar la energ\u00eda almacenada para reducir los picos en periodos de alta demanda. Los usuarios pueden hacer lo mismo para compensar las tarifas de electricidad.<\/p>\n<p class=\"paragraph\" data-count=\"437\" data-wrap=\"65\">Hoy en d\u00eda ya existen soluciones, financieramente y tecnol\u00f3gicamente factibles de ejecutar a gran escala, industrial o residencial, para mitigar la falta de energ\u00eda el\u00e9ctrica por fallas en las redes de trasmisi\u00f3n,<strong> zonas de poca generaci\u00f3n el\u00e9ctrica <\/strong>o congesti\u00f3n, como el Sureste mexicano y algunas ciudades del Baj\u00edo. Implicando p\u00e9rdida competitiva, mal servicio (ej. Los Hoteles), deterioro de ventas y costos por mermas y desperdicios.<\/p>\n<p class=\"paragraph\" data-count=\"221\" data-wrap=\"30\"><em>El autor es Director Comercial de Becquerel Power, firma especializada en desarrollar proyectos llave en mano para generaci\u00f3n el\u00e9ctrica a escala industrial mediante sistemas fotovoltaicos. Tambi\u00e9n es Consultor en Energ\u00eda.<\/em><\/p>\n<p class=\"paragraph\" data-count=\"39\" data-wrap=\"3\">Opine usted: urivera@becquerelpower.com<\/p>\n<p class=\"paragraph\" data-count=\"178\" data-wrap=\"27\"><strong>Esta es una columna de opini\u00f3n. Las expresiones aqu\u00ed vertidas son responsabilidad \u00fanicamente de quien la firma y no necesariamente reflejan la postura editorial de El Financiero.<\/strong><\/p>\n<p>[ad_2]<br \/>\n<br \/><a href=\"https:\/\/www.elfinanciero.com.mx\/rss\/monterrey\/sistemas-fotovoltaicos-almacenamiento-la-segunda-fase\">Source link <\/a><\/p>\n","protected":false},"excerpt":{"rendered":"<p>[ad_1] Ulises Rivera P\u00e9rez\ufffc Fuente: Cortes\u00eda Las noticias m\u00e1s recientes en los c\u00edrculos especializados en la industria de las energ\u00edas renovables y no renovables, nos deja ver que, como pa\u00eds y usuarios consumidores existen muchas \u00e1reas de oportunidad para mejorar la generaci\u00f3n, comercializaci\u00f3n y distribuci\u00f3n de la energ\u00eda (con \u00e9nfasis\/retos en dos partes de la [&hellip;]<\/p>\n","protected":false},"author":3,"featured_media":2111,"comment_status":"open","ping_status":"open","sticky":false,"template":"","format":"standard","meta":{"footnotes":""},"categories":[1],"tags":[],"class_list":["post-2586","post","type-post","status-publish","format-standard","has-post-thumbnail","hentry","category-noticias-financieras"],"yoast_head":"<!-- This site is optimized with the Yoast SEO plugin v27.4 - https:\/\/yoast.com\/product\/yoast-seo-wordpress\/ -->\n<title>Sistemas Fotovoltaicos, almacenamiento la segunda fase - Super News<\/title>\n<meta name=\"robots\" content=\"index, follow, max-snippet:-1, max-image-preview:large, max-video-preview:-1\" \/>\n<link rel=\"canonical\" href=\"https:\/\/super-news.info\/mx\/sistemas-fotovoltaicos-almacenamiento-la-segunda-fase\/\" \/>\n<meta property=\"og:locale\" content=\"es_MX\" \/>\n<meta property=\"og:type\" content=\"article\" \/>\n<meta property=\"og:title\" content=\"Sistemas Fotovoltaicos, almacenamiento la segunda fase - Super News\" \/>\n<meta property=\"og:description\" content=\"[ad_1] Ulises Rivera P\u00e9rez\ufffc Fuente: Cortes\u00eda Las noticias m\u00e1s recientes en los c\u00edrculos especializados en la industria de las energ\u00edas renovables y no renovables, nos deja ver que, como pa\u00eds y usuarios consumidores existen muchas \u00e1reas de oportunidad para mejorar la generaci\u00f3n, comercializaci\u00f3n y distribuci\u00f3n de la energ\u00eda (con \u00e9nfasis\/retos en dos partes de la [&hellip;]\" \/>\n<meta property=\"og:url\" content=\"https:\/\/super-news.info\/mx\/sistemas-fotovoltaicos-almacenamiento-la-segunda-fase\/\" \/>\n<meta property=\"og:site_name\" content=\"Super News\" \/>\n<meta property=\"article:published_time\" content=\"2019-07-22T18:36:07+00:00\" \/>\n<meta property=\"article:modified_time\" content=\"2019-07-22T18:36:08+00:00\" \/>\n<meta property=\"og:image\" content=\"https:\/\/super-news.info\/mx\/wp-content\/uploads\/sites\/8\/2019\/07\/Sistemas-Fotovoltaicos-r\u00e9cords-r\u00e9cords-y-m\u00e1s-r\u00e9cords.jpeg\" \/>\n\t<meta property=\"og:image:width\" content=\"1776\" \/>\n\t<meta property=\"og:image:height\" content=\"1000\" \/>\n\t<meta property=\"og:image:type\" content=\"image\/jpeg\" \/>\n<meta name=\"author\" content=\"mx\" \/>\n<meta name=\"twitter:card\" content=\"summary_large_image\" \/>\n<meta name=\"twitter:label1\" content=\"Escrito por\" \/>\n\t<meta name=\"twitter:data1\" content=\"mx\" \/>\n\t<meta name=\"twitter:label2\" content=\"Tiempo de lectura\" \/>\n\t<meta name=\"twitter:data2\" content=\"3 minutos\" \/>\n<script type=\"application\/ld+json\" class=\"yoast-schema-graph\">{\"@context\":\"https:\\\/\\\/schema.org\",\"@graph\":[{\"@type\":\"Article\",\"@id\":\"https:\\\/\\\/super-news.info\\\/mx\\\/sistemas-fotovoltaicos-almacenamiento-la-segunda-fase\\\/#article\",\"isPartOf\":{\"@id\":\"https:\\\/\\\/super-news.info\\\/mx\\\/sistemas-fotovoltaicos-almacenamiento-la-segunda-fase\\\/\"},\"author\":{\"name\":\"mx\",\"@id\":\"https:\\\/\\\/super-news.info\\\/mx\\\/#\\\/schema\\\/person\\\/74b71ca3d407439fd57da2d9c89449ca\"},\"headline\":\"Sistemas Fotovoltaicos, almacenamiento la segunda fase\",\"datePublished\":\"2019-07-22T18:36:07+00:00\",\"dateModified\":\"2019-07-22T18:36:08+00:00\",\"mainEntityOfPage\":{\"@id\":\"https:\\\/\\\/super-news.info\\\/mx\\\/sistemas-fotovoltaicos-almacenamiento-la-segunda-fase\\\/\"},\"wordCount\":628,\"commentCount\":0,\"image\":{\"@id\":\"https:\\\/\\\/super-news.info\\\/mx\\\/sistemas-fotovoltaicos-almacenamiento-la-segunda-fase\\\/#primaryimage\"},\"thumbnailUrl\":\"https:\\\/\\\/super-news.info\\\/mx\\\/wp-content\\\/uploads\\\/sites\\\/8\\\/2019\\\/07\\\/Sistemas-Fotovoltaicos-r\u00e9cords-r\u00e9cords-y-m\u00e1s-r\u00e9cords.jpeg\",\"articleSection\":[\"NOTICIAS FINANCIERAS\"],\"inLanguage\":\"es\",\"potentialAction\":[{\"@type\":\"CommentAction\",\"name\":\"Comment\",\"target\":[\"https:\\\/\\\/super-news.info\\\/mx\\\/sistemas-fotovoltaicos-almacenamiento-la-segunda-fase\\\/#respond\"]}]},{\"@type\":\"WebPage\",\"@id\":\"https:\\\/\\\/super-news.info\\\/mx\\\/sistemas-fotovoltaicos-almacenamiento-la-segunda-fase\\\/\",\"url\":\"https:\\\/\\\/super-news.info\\\/mx\\\/sistemas-fotovoltaicos-almacenamiento-la-segunda-fase\\\/\",\"name\":\"Sistemas Fotovoltaicos, almacenamiento la segunda fase - Super News\",\"isPartOf\":{\"@id\":\"https:\\\/\\\/super-news.info\\\/mx\\\/#website\"},\"primaryImageOfPage\":{\"@id\":\"https:\\\/\\\/super-news.info\\\/mx\\\/sistemas-fotovoltaicos-almacenamiento-la-segunda-fase\\\/#primaryimage\"},\"image\":{\"@id\":\"https:\\\/\\\/super-news.info\\\/mx\\\/sistemas-fotovoltaicos-almacenamiento-la-segunda-fase\\\/#primaryimage\"},\"thumbnailUrl\":\"https:\\\/\\\/super-news.info\\\/mx\\\/wp-content\\\/uploads\\\/sites\\\/8\\\/2019\\\/07\\\/Sistemas-Fotovoltaicos-r\u00e9cords-r\u00e9cords-y-m\u00e1s-r\u00e9cords.jpeg\",\"datePublished\":\"2019-07-22T18:36:07+00:00\",\"dateModified\":\"2019-07-22T18:36:08+00:00\",\"author\":{\"@id\":\"https:\\\/\\\/super-news.info\\\/mx\\\/#\\\/schema\\\/person\\\/74b71ca3d407439fd57da2d9c89449ca\"},\"breadcrumb\":{\"@id\":\"https:\\\/\\\/super-news.info\\\/mx\\\/sistemas-fotovoltaicos-almacenamiento-la-segunda-fase\\\/#breadcrumb\"},\"inLanguage\":\"es\",\"potentialAction\":[{\"@type\":\"ReadAction\",\"target\":[\"https:\\\/\\\/super-news.info\\\/mx\\\/sistemas-fotovoltaicos-almacenamiento-la-segunda-fase\\\/\"]}]},{\"@type\":\"ImageObject\",\"inLanguage\":\"es\",\"@id\":\"https:\\\/\\\/super-news.info\\\/mx\\\/sistemas-fotovoltaicos-almacenamiento-la-segunda-fase\\\/#primaryimage\",\"url\":\"https:\\\/\\\/super-news.info\\\/mx\\\/wp-content\\\/uploads\\\/sites\\\/8\\\/2019\\\/07\\\/Sistemas-Fotovoltaicos-r\u00e9cords-r\u00e9cords-y-m\u00e1s-r\u00e9cords.jpeg\",\"contentUrl\":\"https:\\\/\\\/super-news.info\\\/mx\\\/wp-content\\\/uploads\\\/sites\\\/8\\\/2019\\\/07\\\/Sistemas-Fotovoltaicos-r\u00e9cords-r\u00e9cords-y-m\u00e1s-r\u00e9cords.jpeg\",\"width\":1776,\"height\":1000,\"caption\":\"Ulises Rivera P\u00e9rez\ufffc\"},{\"@type\":\"BreadcrumbList\",\"@id\":\"https:\\\/\\\/super-news.info\\\/mx\\\/sistemas-fotovoltaicos-almacenamiento-la-segunda-fase\\\/#breadcrumb\",\"itemListElement\":[{\"@type\":\"ListItem\",\"position\":1,\"name\":\"Home\",\"item\":\"https:\\\/\\\/super-news.info\\\/mx\\\/\"},{\"@type\":\"ListItem\",\"position\":2,\"name\":\"Sistemas Fotovoltaicos, almacenamiento la segunda fase\"}]},{\"@type\":\"WebSite\",\"@id\":\"https:\\\/\\\/super-news.info\\\/mx\\\/#website\",\"url\":\"https:\\\/\\\/super-news.info\\\/mx\\\/\",\"name\":\"Super News\",\"description\":\"Super News Mexico\",\"potentialAction\":[{\"@type\":\"SearchAction\",\"target\":{\"@type\":\"EntryPoint\",\"urlTemplate\":\"https:\\\/\\\/super-news.info\\\/mx\\\/?s={search_term_string}\"},\"query-input\":{\"@type\":\"PropertyValueSpecification\",\"valueRequired\":true,\"valueName\":\"search_term_string\"}}],\"inLanguage\":\"es\"},{\"@type\":\"Person\",\"@id\":\"https:\\\/\\\/super-news.info\\\/mx\\\/#\\\/schema\\\/person\\\/74b71ca3d407439fd57da2d9c89449ca\",\"name\":\"mx\",\"image\":{\"@type\":\"ImageObject\",\"inLanguage\":\"es\",\"@id\":\"https:\\\/\\\/secure.gravatar.com\\\/avatar\\\/6374ac65ff69c362a0ae1303d73d69dcd9bd198d62d9861f054a69aaf82c017b?s=96&d=mm&r=g\",\"url\":\"https:\\\/\\\/secure.gravatar.com\\\/avatar\\\/6374ac65ff69c362a0ae1303d73d69dcd9bd198d62d9861f054a69aaf82c017b?s=96&d=mm&r=g\",\"contentUrl\":\"https:\\\/\\\/secure.gravatar.com\\\/avatar\\\/6374ac65ff69c362a0ae1303d73d69dcd9bd198d62d9861f054a69aaf82c017b?s=96&d=mm&r=g\",\"caption\":\"mx\"},\"url\":\"https:\\\/\\\/super-news.info\\\/mx\\\/author\\\/mx\\\/\"}]}<\/script>\n<!-- \/ Yoast SEO plugin. -->","yoast_head_json":{"title":"Sistemas Fotovoltaicos, almacenamiento la segunda fase - Super News","robots":{"index":"index","follow":"follow","max-snippet":"max-snippet:-1","max-image-preview":"max-image-preview:large","max-video-preview":"max-video-preview:-1"},"canonical":"https:\/\/super-news.info\/mx\/sistemas-fotovoltaicos-almacenamiento-la-segunda-fase\/","og_locale":"es_MX","og_type":"article","og_title":"Sistemas Fotovoltaicos, almacenamiento la segunda fase - Super News","og_description":"[ad_1] Ulises Rivera P\u00e9rez\ufffc Fuente: Cortes\u00eda Las noticias m\u00e1s recientes en los c\u00edrculos especializados en la industria de las energ\u00edas renovables y no renovables, nos deja ver que, como pa\u00eds y usuarios consumidores existen muchas \u00e1reas de oportunidad para mejorar la generaci\u00f3n, comercializaci\u00f3n y distribuci\u00f3n de la energ\u00eda (con \u00e9nfasis\/retos en dos partes de la [&hellip;]","og_url":"https:\/\/super-news.info\/mx\/sistemas-fotovoltaicos-almacenamiento-la-segunda-fase\/","og_site_name":"Super News","article_published_time":"2019-07-22T18:36:07+00:00","article_modified_time":"2019-07-22T18:36:08+00:00","og_image":[{"width":1776,"height":1000,"url":"https:\/\/super-news.info\/mx\/wp-content\/uploads\/sites\/8\/2019\/07\/Sistemas-Fotovoltaicos-r\u00e9cords-r\u00e9cords-y-m\u00e1s-r\u00e9cords.jpeg","type":"image\/jpeg"}],"author":"mx","twitter_card":"summary_large_image","twitter_misc":{"Escrito por":"mx","Tiempo de lectura":"3 minutos"},"schema":{"@context":"https:\/\/schema.org","@graph":[{"@type":"Article","@id":"https:\/\/super-news.info\/mx\/sistemas-fotovoltaicos-almacenamiento-la-segunda-fase\/#article","isPartOf":{"@id":"https:\/\/super-news.info\/mx\/sistemas-fotovoltaicos-almacenamiento-la-segunda-fase\/"},"author":{"name":"mx","@id":"https:\/\/super-news.info\/mx\/#\/schema\/person\/74b71ca3d407439fd57da2d9c89449ca"},"headline":"Sistemas Fotovoltaicos, almacenamiento la segunda fase","datePublished":"2019-07-22T18:36:07+00:00","dateModified":"2019-07-22T18:36:08+00:00","mainEntityOfPage":{"@id":"https:\/\/super-news.info\/mx\/sistemas-fotovoltaicos-almacenamiento-la-segunda-fase\/"},"wordCount":628,"commentCount":0,"image":{"@id":"https:\/\/super-news.info\/mx\/sistemas-fotovoltaicos-almacenamiento-la-segunda-fase\/#primaryimage"},"thumbnailUrl":"https:\/\/super-news.info\/mx\/wp-content\/uploads\/sites\/8\/2019\/07\/Sistemas-Fotovoltaicos-r\u00e9cords-r\u00e9cords-y-m\u00e1s-r\u00e9cords.jpeg","articleSection":["NOTICIAS FINANCIERAS"],"inLanguage":"es","potentialAction":[{"@type":"CommentAction","name":"Comment","target":["https:\/\/super-news.info\/mx\/sistemas-fotovoltaicos-almacenamiento-la-segunda-fase\/#respond"]}]},{"@type":"WebPage","@id":"https:\/\/super-news.info\/mx\/sistemas-fotovoltaicos-almacenamiento-la-segunda-fase\/","url":"https:\/\/super-news.info\/mx\/sistemas-fotovoltaicos-almacenamiento-la-segunda-fase\/","name":"Sistemas Fotovoltaicos, almacenamiento la segunda fase - Super News","isPartOf":{"@id":"https:\/\/super-news.info\/mx\/#website"},"primaryImageOfPage":{"@id":"https:\/\/super-news.info\/mx\/sistemas-fotovoltaicos-almacenamiento-la-segunda-fase\/#primaryimage"},"image":{"@id":"https:\/\/super-news.info\/mx\/sistemas-fotovoltaicos-almacenamiento-la-segunda-fase\/#primaryimage"},"thumbnailUrl":"https:\/\/super-news.info\/mx\/wp-content\/uploads\/sites\/8\/2019\/07\/Sistemas-Fotovoltaicos-r\u00e9cords-r\u00e9cords-y-m\u00e1s-r\u00e9cords.jpeg","datePublished":"2019-07-22T18:36:07+00:00","dateModified":"2019-07-22T18:36:08+00:00","author":{"@id":"https:\/\/super-news.info\/mx\/#\/schema\/person\/74b71ca3d407439fd57da2d9c89449ca"},"breadcrumb":{"@id":"https:\/\/super-news.info\/mx\/sistemas-fotovoltaicos-almacenamiento-la-segunda-fase\/#breadcrumb"},"inLanguage":"es","potentialAction":[{"@type":"ReadAction","target":["https:\/\/super-news.info\/mx\/sistemas-fotovoltaicos-almacenamiento-la-segunda-fase\/"]}]},{"@type":"ImageObject","inLanguage":"es","@id":"https:\/\/super-news.info\/mx\/sistemas-fotovoltaicos-almacenamiento-la-segunda-fase\/#primaryimage","url":"https:\/\/super-news.info\/mx\/wp-content\/uploads\/sites\/8\/2019\/07\/Sistemas-Fotovoltaicos-r\u00e9cords-r\u00e9cords-y-m\u00e1s-r\u00e9cords.jpeg","contentUrl":"https:\/\/super-news.info\/mx\/wp-content\/uploads\/sites\/8\/2019\/07\/Sistemas-Fotovoltaicos-r\u00e9cords-r\u00e9cords-y-m\u00e1s-r\u00e9cords.jpeg","width":1776,"height":1000,"caption":"Ulises Rivera P\u00e9rez\ufffc"},{"@type":"BreadcrumbList","@id":"https:\/\/super-news.info\/mx\/sistemas-fotovoltaicos-almacenamiento-la-segunda-fase\/#breadcrumb","itemListElement":[{"@type":"ListItem","position":1,"name":"Home","item":"https:\/\/super-news.info\/mx\/"},{"@type":"ListItem","position":2,"name":"Sistemas Fotovoltaicos, almacenamiento la segunda fase"}]},{"@type":"WebSite","@id":"https:\/\/super-news.info\/mx\/#website","url":"https:\/\/super-news.info\/mx\/","name":"Super News","description":"Super News Mexico","potentialAction":[{"@type":"SearchAction","target":{"@type":"EntryPoint","urlTemplate":"https:\/\/super-news.info\/mx\/?s={search_term_string}"},"query-input":{"@type":"PropertyValueSpecification","valueRequired":true,"valueName":"search_term_string"}}],"inLanguage":"es"},{"@type":"Person","@id":"https:\/\/super-news.info\/mx\/#\/schema\/person\/74b71ca3d407439fd57da2d9c89449ca","name":"mx","image":{"@type":"ImageObject","inLanguage":"es","@id":"https:\/\/secure.gravatar.com\/avatar\/6374ac65ff69c362a0ae1303d73d69dcd9bd198d62d9861f054a69aaf82c017b?s=96&d=mm&r=g","url":"https:\/\/secure.gravatar.com\/avatar\/6374ac65ff69c362a0ae1303d73d69dcd9bd198d62d9861f054a69aaf82c017b?s=96&d=mm&r=g","contentUrl":"https:\/\/secure.gravatar.com\/avatar\/6374ac65ff69c362a0ae1303d73d69dcd9bd198d62d9861f054a69aaf82c017b?s=96&d=mm&r=g","caption":"mx"},"url":"https:\/\/super-news.info\/mx\/author\/mx\/"}]}},"_links":{"self":[{"href":"https:\/\/super-news.info\/mx\/wp-json\/wp\/v2\/posts\/2586","targetHints":{"allow":["GET"]}}],"collection":[{"href":"https:\/\/super-news.info\/mx\/wp-json\/wp\/v2\/posts"}],"about":[{"href":"https:\/\/super-news.info\/mx\/wp-json\/wp\/v2\/types\/post"}],"author":[{"embeddable":true,"href":"https:\/\/super-news.info\/mx\/wp-json\/wp\/v2\/users\/3"}],"replies":[{"embeddable":true,"href":"https:\/\/super-news.info\/mx\/wp-json\/wp\/v2\/comments?post=2586"}],"version-history":[{"count":1,"href":"https:\/\/super-news.info\/mx\/wp-json\/wp\/v2\/posts\/2586\/revisions"}],"predecessor-version":[{"id":2587,"href":"https:\/\/super-news.info\/mx\/wp-json\/wp\/v2\/posts\/2586\/revisions\/2587"}],"wp:featuredmedia":[{"embeddable":true,"href":"https:\/\/super-news.info\/mx\/wp-json\/wp\/v2\/media\/2111"}],"wp:attachment":[{"href":"https:\/\/super-news.info\/mx\/wp-json\/wp\/v2\/media?parent=2586"}],"wp:term":[{"taxonomy":"category","embeddable":true,"href":"https:\/\/super-news.info\/mx\/wp-json\/wp\/v2\/categories?post=2586"},{"taxonomy":"post_tag","embeddable":true,"href":"https:\/\/super-news.info\/mx\/wp-json\/wp\/v2\/tags?post=2586"}],"curies":[{"name":"wp","href":"https:\/\/api.w.org\/{rel}","templated":true}]}}