{"id":2581,"date":"2019-07-22T16:55:21","date_gmt":"2019-07-22T16:55:21","guid":{"rendered":"https:\/\/super-news.info\/mx\/valoracion-economica-del-medio-ambiente\/"},"modified":"2019-07-22T16:55:22","modified_gmt":"2019-07-22T16:55:22","slug":"valoracion-economica-del-medio-ambiente","status":"publish","type":"post","link":"https:\/\/super-news.info\/mx\/valoracion-economica-del-medio-ambiente\/","title":{"rendered":"Valoraci\u00f3n econ\u00f3mica del medio ambiente"},"content":{"rendered":"<p> [ad_1]<br \/>\n<\/p>\n<div class=\"image__block -side\">\n<figure><\/figure>\n<p><span class=\"element__footer\"> Eduardo Carbajal\ufffc <\/span><span class=\"element__credit\">Fuente: Cortes\u00eda<\/span><\/div>\n<p class=\"paragraph\" data-count=\"546\" data-wrap=\"86\">Los mercados de bienes y servicios no siempre est\u00e1n en equilibrio y constantemente los precios no reflejan correctamente su valor econ\u00f3mico. La idea principal del enfoque neocl\u00e1sico en la econom\u00eda, consiste en asumir que los problemas ambientales surgen de lo que se es conocido como fallas de mercado. Ante las fallas del mercado, la tarea de la <strong>Econom\u00eda de los Recursos Naturales <\/strong>radica en proporcionar el an\u00e1lisis y los instrumentos que permitan corregir tales desequilibrios y asignar un valor monetario a esos bienes y servicios ambientales.<\/p>\n<p class=\"paragraph\" data-count=\"453\" data-wrap=\"72\">Para hacer una adecuada valoraci\u00f3n de los bienes y servicios ambientales que se ofrecen en una econom\u00eda, existen una serie de t\u00e9cnicas y m\u00e9todos que intentan aproximarse a un precio de equilibrio. C\u00f3mo la valoraci\u00f3n que hacen los agentes econ\u00f3micos de alg\u00fan servicio ambiental en particular depende de su apreciaci\u00f3n personal y de su percepci\u00f3n de utilidad, debemos distinguir ese valor econ\u00f3mico entre valor de uso directo, indirecto y valor de opci\u00f3n.<\/p>\n<p class=\"paragraph\" data-count=\"809\" data-wrap=\"129\">Los bienes y servicios ambientales con valor de uso directo son todos aquellos insumos de la naturaleza que utiliza el ser humano para hacer bienes y servicios que despu\u00e9s<strong> vende en el mercado:<\/strong> alimentos, ropa, medicinas, etc. Los bienes ambientales con uso indirecto son todos los insumos intermedios que se utilizan para la producci\u00f3n de bienes y servicios: agua purificada para procesar alimentos y bebidas, plantaci\u00f3n de \u00e1rboles para producir bienes maderables y\/o para mitigar la erosi\u00f3n de la tierra agr\u00edcola para producir alimentos, etc. El valor de opci\u00f3n que tienen los bienes y servicios ambientales se refiere a la posibilidad que tienen los consumidores de decidir si consumen un recurso natural ahora o posponen y\/o sacrifican su consumo, para que las siguientes generaciones lo usen en el futuro.<\/p>\n<p class=\"paragraph\" data-count=\"368\" data-wrap=\"67\">Tambi\u00e9n se podr\u00eda valorar un bien o servicio ambiental sin darle alg\u00fan valor de uso, por ejemplo, a todos nos importa la conservaci\u00f3n de la selva amaz\u00f3nica o la reserva de Sian Ka\u2019an o que los osos polares y las ballenas no se extingan, simplemente porque le damos valor de existencia a esos bienes y servicios sin que los usemos para producir bienes para el mercado. <\/p>\n<p class=\"paragraph\" data-count=\"168\" data-wrap=\"24\">La Econom\u00eda de los Recursos Naturales, t\u00edpicamente<strong> utiliza cuatro m\u00e9todos<\/strong> para valorar econ\u00f3micamente los bienes y servicios ambientales, que bien vale la pena conocer:<\/p>\n<p class=\"paragraph\" data-count=\"235\" data-wrap=\"42\">1.- <strong>M\u00e9todo de Costos Evitados:<\/strong> Sirve para calcular el costo de evitar o prevenir ciertos da\u00f1os al ambiente y el costo de reemplazar a los bienes y servicios ambientales da\u00f1ados o agotados en la producci\u00f3n de bienes que van al mercado. <\/p>\n<p class=\"paragraph\" data-count=\"313\" data-wrap=\"50\">2.- <strong>M\u00e9todo de Costo de Viaje<\/strong>: Sirve para calcular el costo de desplazarse hacia los lugares que proveen los servicios ambientales. Incluye costos asociados con el uso de esos bienes y los costos de oportunidad en que incurren los consumidores al desplazarse hacia el lugar donde radican esos servicios ambientales<\/p>\n<p class=\"paragraph\" data-count=\"336\" data-wrap=\"52\">3.- <strong>M\u00e9todo de Precios Hed\u00f3nicos<\/strong>: Sirve para calcular el valor de los bienes y servicios ambientales, sumando el valor de sus caracter\u00edsticas. C\u00f3mo cada consumidor asocia curvas de utilidad diferentes para cada bien o servicio, est\u00e9 m\u00e9todo asigna precios en funci\u00f3n del placer o bienestar que otorgan esos bienes y servicios ambientales.<\/p>\n<p class=\"paragraph\" data-count=\"267\" data-wrap=\"40\">4.- <strong>M\u00e9todo de Valoraci\u00f3n Contingente:<\/strong> Sirve para conocer, directamente de las personas, el valor que estar\u00edan dispuestos a pagar por consumir un determinado bien o servicio ambiental y cuanto estar\u00edan dispuestos a ser compensados por alg\u00fan perjuicio o da\u00f1o ambiental.<\/p>\n<p class=\"paragraph\" data-count=\"362\" data-wrap=\"61\">No podemos decir que alguno de estos m\u00e9todos para asignar un adecuado precio a los bienes y servicios ambientales sea mejor que otro porque el uso depende de tres factores: de la situaci\u00f3n o caso ambiental en particular, de los recursos que se est\u00e9n dispuestos a gastar para aplicar alg\u00fan m\u00e9todo y de la informaci\u00f3n disponible necesaria para calcular los costos.<\/p>\n<p class=\"paragraph\" data-count=\"518\" data-wrap=\"89\">Lo que es cierto es que, si en verdad nos preocupa un poco el uso de los recursos naturales y su agotamiento o extinci\u00f3n en la producci\u00f3n de bienes y servicios, deber\u00edamos aprender a asignarle precios, lo m\u00e1s adecuadamente posible a los bienes y servicios ambientales. Es parte de lo que deber\u00edan hacer las empresas que creen firmemente en que su obligaci\u00f3n social no radica solamente en generar beneficios econ\u00f3micos, sino tambi\u00e9n, en generar bienestar a sus empleados, a su comunidad, a su pa\u00eds y al planeta entero. <\/p>\n<p class=\"paragraph\" data-count=\"104\" data-wrap=\"18\"><em>El autor es economista y profesor de Finanzas y Econom\u00eda de la Escuela de Negocios del Campus Monterrey.<\/em><\/p>\n<p class=\"paragraph\" data-count=\"28\" data-wrap=\"3\">Opine usted: edcarbaj@tec.mx<\/p>\n<p class=\"paragraph\" data-count=\"178\" data-wrap=\"27\"><strong>Esta es una columna de opini\u00f3n. Las expresiones aqu\u00ed vertidas son responsabilidad \u00fanicamente de quien la firma y no necesariamente reflejan la postura editorial de El Financiero.<\/strong><\/p>\n<p>[ad_2]<br \/>\n<br \/><a href=\"https:\/\/www.elfinanciero.com.mx\/rss\/monterrey\/valoracion-economica-del-medio-ambiente\">Source link <\/a><\/p>\n","protected":false},"excerpt":{"rendered":"<p>[ad_1] Eduardo Carbajal\ufffc Fuente: Cortes\u00eda Los mercados de bienes y servicios no siempre est\u00e1n en equilibrio y constantemente los precios no reflejan correctamente su valor econ\u00f3mico. La idea principal del enfoque neocl\u00e1sico en la econom\u00eda, consiste en asumir que los problemas ambientales surgen de lo que se es conocido como fallas de mercado. Ante las [&hellip;]<\/p>\n","protected":false},"author":3,"featured_media":2347,"comment_status":"open","ping_status":"open","sticky":false,"template":"","format":"standard","meta":{"footnotes":""},"categories":[1],"tags":[],"class_list":["post-2581","post","type-post","status-publish","format-standard","has-post-thumbnail","hentry","category-noticias-financieras"],"yoast_head":"<!-- This site is optimized with the Yoast SEO plugin v27.4 - https:\/\/yoast.com\/product\/yoast-seo-wordpress\/ -->\n<title>Valoraci\u00f3n econ\u00f3mica del medio ambiente - Super News<\/title>\n<meta name=\"robots\" content=\"index, follow, max-snippet:-1, max-image-preview:large, max-video-preview:-1\" \/>\n<link rel=\"canonical\" href=\"https:\/\/super-news.info\/mx\/valoracion-economica-del-medio-ambiente\/\" \/>\n<meta property=\"og:locale\" content=\"es_MX\" \/>\n<meta property=\"og:type\" content=\"article\" \/>\n<meta property=\"og:title\" content=\"Valoraci\u00f3n econ\u00f3mica del medio ambiente - Super News\" \/>\n<meta property=\"og:description\" content=\"[ad_1] Eduardo Carbajal\ufffc Fuente: Cortes\u00eda Los mercados de bienes y servicios no siempre est\u00e1n en equilibrio y constantemente los precios no reflejan correctamente su valor econ\u00f3mico. La idea principal del enfoque neocl\u00e1sico en la econom\u00eda, consiste en asumir que los problemas ambientales surgen de lo que se es conocido como fallas de mercado. Ante las [&hellip;]\" \/>\n<meta property=\"og:url\" content=\"https:\/\/super-news.info\/mx\/valoracion-economica-del-medio-ambiente\/\" \/>\n<meta property=\"og:site_name\" content=\"Super News\" \/>\n<meta property=\"article:published_time\" content=\"2019-07-22T16:55:21+00:00\" \/>\n<meta property=\"article:modified_time\" content=\"2019-07-22T16:55:22+00:00\" \/>\n<meta property=\"og:image\" content=\"https:\/\/super-news.info\/mx\/wp-content\/uploads\/sites\/8\/2019\/07\/El-Capitalismo-Consciente.jpeg\" \/>\n\t<meta property=\"og:image:width\" content=\"1776\" \/>\n\t<meta property=\"og:image:height\" content=\"1000\" \/>\n\t<meta property=\"og:image:type\" content=\"image\/jpeg\" \/>\n<meta name=\"author\" content=\"mx\" \/>\n<meta name=\"twitter:card\" content=\"summary_large_image\" \/>\n<meta name=\"twitter:label1\" content=\"Escrito por\" \/>\n\t<meta name=\"twitter:data1\" content=\"mx\" \/>\n\t<meta name=\"twitter:label2\" content=\"Tiempo de lectura\" \/>\n\t<meta name=\"twitter:data2\" content=\"4 minutos\" \/>\n<script type=\"application\/ld+json\" class=\"yoast-schema-graph\">{\"@context\":\"https:\\\/\\\/schema.org\",\"@graph\":[{\"@type\":\"Article\",\"@id\":\"https:\\\/\\\/super-news.info\\\/mx\\\/valoracion-economica-del-medio-ambiente\\\/#article\",\"isPartOf\":{\"@id\":\"https:\\\/\\\/super-news.info\\\/mx\\\/valoracion-economica-del-medio-ambiente\\\/\"},\"author\":{\"name\":\"mx\",\"@id\":\"https:\\\/\\\/super-news.info\\\/mx\\\/#\\\/schema\\\/person\\\/74b71ca3d407439fd57da2d9c89449ca\"},\"headline\":\"Valoraci\u00f3n econ\u00f3mica del medio ambiente\",\"datePublished\":\"2019-07-22T16:55:21+00:00\",\"dateModified\":\"2019-07-22T16:55:22+00:00\",\"mainEntityOfPage\":{\"@id\":\"https:\\\/\\\/super-news.info\\\/mx\\\/valoracion-economica-del-medio-ambiente\\\/\"},\"wordCount\":845,\"commentCount\":0,\"image\":{\"@id\":\"https:\\\/\\\/super-news.info\\\/mx\\\/valoracion-economica-del-medio-ambiente\\\/#primaryimage\"},\"thumbnailUrl\":\"https:\\\/\\\/super-news.info\\\/mx\\\/wp-content\\\/uploads\\\/sites\\\/8\\\/2019\\\/07\\\/El-Capitalismo-Consciente.jpeg\",\"articleSection\":[\"NOTICIAS FINANCIERAS\"],\"inLanguage\":\"es\",\"potentialAction\":[{\"@type\":\"CommentAction\",\"name\":\"Comment\",\"target\":[\"https:\\\/\\\/super-news.info\\\/mx\\\/valoracion-economica-del-medio-ambiente\\\/#respond\"]}]},{\"@type\":\"WebPage\",\"@id\":\"https:\\\/\\\/super-news.info\\\/mx\\\/valoracion-economica-del-medio-ambiente\\\/\",\"url\":\"https:\\\/\\\/super-news.info\\\/mx\\\/valoracion-economica-del-medio-ambiente\\\/\",\"name\":\"Valoraci\u00f3n econ\u00f3mica del medio ambiente - Super News\",\"isPartOf\":{\"@id\":\"https:\\\/\\\/super-news.info\\\/mx\\\/#website\"},\"primaryImageOfPage\":{\"@id\":\"https:\\\/\\\/super-news.info\\\/mx\\\/valoracion-economica-del-medio-ambiente\\\/#primaryimage\"},\"image\":{\"@id\":\"https:\\\/\\\/super-news.info\\\/mx\\\/valoracion-economica-del-medio-ambiente\\\/#primaryimage\"},\"thumbnailUrl\":\"https:\\\/\\\/super-news.info\\\/mx\\\/wp-content\\\/uploads\\\/sites\\\/8\\\/2019\\\/07\\\/El-Capitalismo-Consciente.jpeg\",\"datePublished\":\"2019-07-22T16:55:21+00:00\",\"dateModified\":\"2019-07-22T16:55:22+00:00\",\"author\":{\"@id\":\"https:\\\/\\\/super-news.info\\\/mx\\\/#\\\/schema\\\/person\\\/74b71ca3d407439fd57da2d9c89449ca\"},\"breadcrumb\":{\"@id\":\"https:\\\/\\\/super-news.info\\\/mx\\\/valoracion-economica-del-medio-ambiente\\\/#breadcrumb\"},\"inLanguage\":\"es\",\"potentialAction\":[{\"@type\":\"ReadAction\",\"target\":[\"https:\\\/\\\/super-news.info\\\/mx\\\/valoracion-economica-del-medio-ambiente\\\/\"]}]},{\"@type\":\"ImageObject\",\"inLanguage\":\"es\",\"@id\":\"https:\\\/\\\/super-news.info\\\/mx\\\/valoracion-economica-del-medio-ambiente\\\/#primaryimage\",\"url\":\"https:\\\/\\\/super-news.info\\\/mx\\\/wp-content\\\/uploads\\\/sites\\\/8\\\/2019\\\/07\\\/El-Capitalismo-Consciente.jpeg\",\"contentUrl\":\"https:\\\/\\\/super-news.info\\\/mx\\\/wp-content\\\/uploads\\\/sites\\\/8\\\/2019\\\/07\\\/El-Capitalismo-Consciente.jpeg\",\"width\":1776,\"height\":1000,\"caption\":\"Eduardo Carbajal\ufffc\"},{\"@type\":\"BreadcrumbList\",\"@id\":\"https:\\\/\\\/super-news.info\\\/mx\\\/valoracion-economica-del-medio-ambiente\\\/#breadcrumb\",\"itemListElement\":[{\"@type\":\"ListItem\",\"position\":1,\"name\":\"Home\",\"item\":\"https:\\\/\\\/super-news.info\\\/mx\\\/\"},{\"@type\":\"ListItem\",\"position\":2,\"name\":\"Valoraci\u00f3n econ\u00f3mica del medio ambiente\"}]},{\"@type\":\"WebSite\",\"@id\":\"https:\\\/\\\/super-news.info\\\/mx\\\/#website\",\"url\":\"https:\\\/\\\/super-news.info\\\/mx\\\/\",\"name\":\"Super News\",\"description\":\"Super News Mexico\",\"potentialAction\":[{\"@type\":\"SearchAction\",\"target\":{\"@type\":\"EntryPoint\",\"urlTemplate\":\"https:\\\/\\\/super-news.info\\\/mx\\\/?s={search_term_string}\"},\"query-input\":{\"@type\":\"PropertyValueSpecification\",\"valueRequired\":true,\"valueName\":\"search_term_string\"}}],\"inLanguage\":\"es\"},{\"@type\":\"Person\",\"@id\":\"https:\\\/\\\/super-news.info\\\/mx\\\/#\\\/schema\\\/person\\\/74b71ca3d407439fd57da2d9c89449ca\",\"name\":\"mx\",\"image\":{\"@type\":\"ImageObject\",\"inLanguage\":\"es\",\"@id\":\"https:\\\/\\\/secure.gravatar.com\\\/avatar\\\/6374ac65ff69c362a0ae1303d73d69dcd9bd198d62d9861f054a69aaf82c017b?s=96&d=mm&r=g\",\"url\":\"https:\\\/\\\/secure.gravatar.com\\\/avatar\\\/6374ac65ff69c362a0ae1303d73d69dcd9bd198d62d9861f054a69aaf82c017b?s=96&d=mm&r=g\",\"contentUrl\":\"https:\\\/\\\/secure.gravatar.com\\\/avatar\\\/6374ac65ff69c362a0ae1303d73d69dcd9bd198d62d9861f054a69aaf82c017b?s=96&d=mm&r=g\",\"caption\":\"mx\"},\"url\":\"https:\\\/\\\/super-news.info\\\/mx\\\/author\\\/mx\\\/\"}]}<\/script>\n<!-- \/ Yoast SEO plugin. -->","yoast_head_json":{"title":"Valoraci\u00f3n econ\u00f3mica del medio ambiente - Super News","robots":{"index":"index","follow":"follow","max-snippet":"max-snippet:-1","max-image-preview":"max-image-preview:large","max-video-preview":"max-video-preview:-1"},"canonical":"https:\/\/super-news.info\/mx\/valoracion-economica-del-medio-ambiente\/","og_locale":"es_MX","og_type":"article","og_title":"Valoraci\u00f3n econ\u00f3mica del medio ambiente - Super News","og_description":"[ad_1] Eduardo Carbajal\ufffc Fuente: Cortes\u00eda Los mercados de bienes y servicios no siempre est\u00e1n en equilibrio y constantemente los precios no reflejan correctamente su valor econ\u00f3mico. La idea principal del enfoque neocl\u00e1sico en la econom\u00eda, consiste en asumir que los problemas ambientales surgen de lo que se es conocido como fallas de mercado. Ante las [&hellip;]","og_url":"https:\/\/super-news.info\/mx\/valoracion-economica-del-medio-ambiente\/","og_site_name":"Super News","article_published_time":"2019-07-22T16:55:21+00:00","article_modified_time":"2019-07-22T16:55:22+00:00","og_image":[{"width":1776,"height":1000,"url":"https:\/\/super-news.info\/mx\/wp-content\/uploads\/sites\/8\/2019\/07\/El-Capitalismo-Consciente.jpeg","type":"image\/jpeg"}],"author":"mx","twitter_card":"summary_large_image","twitter_misc":{"Escrito por":"mx","Tiempo de lectura":"4 minutos"},"schema":{"@context":"https:\/\/schema.org","@graph":[{"@type":"Article","@id":"https:\/\/super-news.info\/mx\/valoracion-economica-del-medio-ambiente\/#article","isPartOf":{"@id":"https:\/\/super-news.info\/mx\/valoracion-economica-del-medio-ambiente\/"},"author":{"name":"mx","@id":"https:\/\/super-news.info\/mx\/#\/schema\/person\/74b71ca3d407439fd57da2d9c89449ca"},"headline":"Valoraci\u00f3n econ\u00f3mica del medio ambiente","datePublished":"2019-07-22T16:55:21+00:00","dateModified":"2019-07-22T16:55:22+00:00","mainEntityOfPage":{"@id":"https:\/\/super-news.info\/mx\/valoracion-economica-del-medio-ambiente\/"},"wordCount":845,"commentCount":0,"image":{"@id":"https:\/\/super-news.info\/mx\/valoracion-economica-del-medio-ambiente\/#primaryimage"},"thumbnailUrl":"https:\/\/super-news.info\/mx\/wp-content\/uploads\/sites\/8\/2019\/07\/El-Capitalismo-Consciente.jpeg","articleSection":["NOTICIAS FINANCIERAS"],"inLanguage":"es","potentialAction":[{"@type":"CommentAction","name":"Comment","target":["https:\/\/super-news.info\/mx\/valoracion-economica-del-medio-ambiente\/#respond"]}]},{"@type":"WebPage","@id":"https:\/\/super-news.info\/mx\/valoracion-economica-del-medio-ambiente\/","url":"https:\/\/super-news.info\/mx\/valoracion-economica-del-medio-ambiente\/","name":"Valoraci\u00f3n econ\u00f3mica del medio ambiente - Super News","isPartOf":{"@id":"https:\/\/super-news.info\/mx\/#website"},"primaryImageOfPage":{"@id":"https:\/\/super-news.info\/mx\/valoracion-economica-del-medio-ambiente\/#primaryimage"},"image":{"@id":"https:\/\/super-news.info\/mx\/valoracion-economica-del-medio-ambiente\/#primaryimage"},"thumbnailUrl":"https:\/\/super-news.info\/mx\/wp-content\/uploads\/sites\/8\/2019\/07\/El-Capitalismo-Consciente.jpeg","datePublished":"2019-07-22T16:55:21+00:00","dateModified":"2019-07-22T16:55:22+00:00","author":{"@id":"https:\/\/super-news.info\/mx\/#\/schema\/person\/74b71ca3d407439fd57da2d9c89449ca"},"breadcrumb":{"@id":"https:\/\/super-news.info\/mx\/valoracion-economica-del-medio-ambiente\/#breadcrumb"},"inLanguage":"es","potentialAction":[{"@type":"ReadAction","target":["https:\/\/super-news.info\/mx\/valoracion-economica-del-medio-ambiente\/"]}]},{"@type":"ImageObject","inLanguage":"es","@id":"https:\/\/super-news.info\/mx\/valoracion-economica-del-medio-ambiente\/#primaryimage","url":"https:\/\/super-news.info\/mx\/wp-content\/uploads\/sites\/8\/2019\/07\/El-Capitalismo-Consciente.jpeg","contentUrl":"https:\/\/super-news.info\/mx\/wp-content\/uploads\/sites\/8\/2019\/07\/El-Capitalismo-Consciente.jpeg","width":1776,"height":1000,"caption":"Eduardo Carbajal\ufffc"},{"@type":"BreadcrumbList","@id":"https:\/\/super-news.info\/mx\/valoracion-economica-del-medio-ambiente\/#breadcrumb","itemListElement":[{"@type":"ListItem","position":1,"name":"Home","item":"https:\/\/super-news.info\/mx\/"},{"@type":"ListItem","position":2,"name":"Valoraci\u00f3n econ\u00f3mica del medio ambiente"}]},{"@type":"WebSite","@id":"https:\/\/super-news.info\/mx\/#website","url":"https:\/\/super-news.info\/mx\/","name":"Super News","description":"Super News Mexico","potentialAction":[{"@type":"SearchAction","target":{"@type":"EntryPoint","urlTemplate":"https:\/\/super-news.info\/mx\/?s={search_term_string}"},"query-input":{"@type":"PropertyValueSpecification","valueRequired":true,"valueName":"search_term_string"}}],"inLanguage":"es"},{"@type":"Person","@id":"https:\/\/super-news.info\/mx\/#\/schema\/person\/74b71ca3d407439fd57da2d9c89449ca","name":"mx","image":{"@type":"ImageObject","inLanguage":"es","@id":"https:\/\/secure.gravatar.com\/avatar\/6374ac65ff69c362a0ae1303d73d69dcd9bd198d62d9861f054a69aaf82c017b?s=96&d=mm&r=g","url":"https:\/\/secure.gravatar.com\/avatar\/6374ac65ff69c362a0ae1303d73d69dcd9bd198d62d9861f054a69aaf82c017b?s=96&d=mm&r=g","contentUrl":"https:\/\/secure.gravatar.com\/avatar\/6374ac65ff69c362a0ae1303d73d69dcd9bd198d62d9861f054a69aaf82c017b?s=96&d=mm&r=g","caption":"mx"},"url":"https:\/\/super-news.info\/mx\/author\/mx\/"}]}},"_links":{"self":[{"href":"https:\/\/super-news.info\/mx\/wp-json\/wp\/v2\/posts\/2581","targetHints":{"allow":["GET"]}}],"collection":[{"href":"https:\/\/super-news.info\/mx\/wp-json\/wp\/v2\/posts"}],"about":[{"href":"https:\/\/super-news.info\/mx\/wp-json\/wp\/v2\/types\/post"}],"author":[{"embeddable":true,"href":"https:\/\/super-news.info\/mx\/wp-json\/wp\/v2\/users\/3"}],"replies":[{"embeddable":true,"href":"https:\/\/super-news.info\/mx\/wp-json\/wp\/v2\/comments?post=2581"}],"version-history":[{"count":1,"href":"https:\/\/super-news.info\/mx\/wp-json\/wp\/v2\/posts\/2581\/revisions"}],"predecessor-version":[{"id":2582,"href":"https:\/\/super-news.info\/mx\/wp-json\/wp\/v2\/posts\/2581\/revisions\/2582"}],"wp:featuredmedia":[{"embeddable":true,"href":"https:\/\/super-news.info\/mx\/wp-json\/wp\/v2\/media\/2347"}],"wp:attachment":[{"href":"https:\/\/super-news.info\/mx\/wp-json\/wp\/v2\/media?parent=2581"}],"wp:term":[{"taxonomy":"category","embeddable":true,"href":"https:\/\/super-news.info\/mx\/wp-json\/wp\/v2\/categories?post=2581"},{"taxonomy":"post_tag","embeddable":true,"href":"https:\/\/super-news.info\/mx\/wp-json\/wp\/v2\/tags?post=2581"}],"curies":[{"name":"wp","href":"https:\/\/api.w.org\/{rel}","templated":true}]}}