{"id":2571,"date":"2019-07-22T14:18:47","date_gmt":"2019-07-22T14:18:47","guid":{"rendered":"https:\/\/super-news.info\/mx\/autocracia-y-regionalismo-en-materia-migratoria-no-es-la-solucion\/"},"modified":"2019-07-22T14:18:48","modified_gmt":"2019-07-22T14:18:48","slug":"autocracia-y-regionalismo-en-materia-migratoria-no-es-la-solucion","status":"publish","type":"post","link":"https:\/\/super-news.info\/mx\/autocracia-y-regionalismo-en-materia-migratoria-no-es-la-solucion\/","title":{"rendered":"Autocracia y regionalismo en materia migratoria no es la soluci\u00f3n"},"content":{"rendered":"<p> [ad_1]<br \/>\n<\/p>\n<div class=\"image__block -side\">\n<figure><\/figure>\n<p><span class=\"element__footer\">Javier Amieva<\/span><span class=\"element__credit\">Fuente: Cortes\u00eda<\/span><\/div>\n<p class=\"paragraph\" data-count=\"967\" data-wrap=\"157\">La situaci\u00f3n actual de la <strong>crisis humanitaria <\/strong>creada por las corrientes de inmigrantes, provenientes de Centro y Sudam\u00e9rica, con destino a Estados Unidos (EU) y en la que M\u00e9xico se encuentra involucrado presenta varias realidades: (1) La situaci\u00f3n es in\u00e9dita en Am\u00e9rica, (2) Los <strong>grupos de migrantes <\/strong>obedecen a una desenfrenada violencia de pandillas, tr\u00e1fico de estupefacientes y falta de oportunidades de trabajo (3) La posibilidad de manejo de las leyes y principios de Derechos Humanos se est\u00e1n tratando de abusar (4) El manejo de la situaci\u00f3n de esta crisis representa un capital pol\u00edtico invaluable entre los pol\u00edticos de EU y (5) Dada la llegada de una nueva administraci\u00f3n y una respuesta lenta e infravalorada del gobierno Mexicano, le ha obligado a ponerse en una situaci\u00f3n precaria del costo que representa mantener una zona de desplazados e integrar cientos de miles de individuos que ponen en peligro la<strong> estabilidad de la vida econ\u00f3mica y social <\/strong>de M\u00e9xico.<\/p>\n<p class=\"paragraph\" data-count=\"315\" data-wrap=\"51\">Como resultado de los hechos enumerados anteriormente, y de las promesas del gobierno federal de M\u00e9xico y las nuevas pol\u00edticas migratorias de EU, la frontera <strong>Norte y Sur de M\u00e9xico<\/strong> est\u00e1n sufriendo ya de falta de recursos para ayudar a los inmigrantes, mientras que las situaciones de inseguridad se est\u00e1n acentuando.<\/p>\n<p class=\"paragraph\" data-count=\"354\" data-wrap=\"60\">No hay duda ya, miles y miles de inmigrantes que M\u00e9xico pensaba solo ir\u00edan de paso y que solo deb\u00eda de cuidarles en su camino, para cumplir con los preceptos internacionales ya no aplican, el<strong> pa\u00eds tendr\u00e1 que resolver este problema<\/strong> que es catalizador de pobreza, falta de empleos, servicios m\u00e9dicos, inseguridad y afectar\u00e1 toda su vida social y econ\u00f3mica.<\/p>\n<p class=\"paragraph\" data-count=\"815\" data-wrap=\"127\">\u201cEl alcance, la escala y la complejidad crecientes de los movimientos de poblaci\u00f3n que no est\u00e1n cubiertos por los mandatos existentes de las agencias internacionales o por los estados (y que en general afectan a varios pa\u00edses a lo largo de una ruta de migraci\u00f3n), cuestionan la capacidad de respuesta de los estados individuales y se\u00f1alan la necesidad de estrategias conjuntas. Para hacer frente a la <strong>falta de protecci\u00f3n legal<\/strong> o estatus de las personas involucradas en tales movimientos, las propuestas han ido desde la expansi\u00f3n de los sistemas y reg\u00edmenes existentes, principalmente una ampliaci\u00f3n del concepto normativo de refugiado y hasta la creaci\u00f3n de nuevos conceptos e instituciones legales\u201d; se\u00f1ala el departamento de estudios migratorios de la<strong> Universidad de Oxford <\/strong>en un estudio sobre migraci\u00f3n forzada.<\/p>\n<p class=\"paragraph\" data-count=\"384\" data-wrap=\"59\">El desarrollar las capacidades de las agencias de gesti\u00f3n de fronteras no solo es dar \u00f3rdenes a un instituto migratorio debilitado, no solo por la crisis sino por el autoritarismo presidencial que vivimos, la respuesta <strong>incluye trabajar en aspectos t\u00e9cnicos <\/strong>como planes de contingencia s\u00f3lidos, sistemas de alerta temprana y m\u00e9todos para la protecci\u00f3n de personas y grupos vulnerables.<\/p>\n<p class=\"paragraph\" data-count=\"372\" data-wrap=\"58\">El intercambio de informaci\u00f3n institucionalizada y las operaciones conjuntas con los estados fronterizos \u2013<strong>sin importar si son morenistas o no<\/strong>&#8211; que contemplen la ayuda prometida por el gobierno y la repatriaci\u00f3n o asimilaci\u00f3n de los desplazados es necesario. La promesa de que pronto llegar\u00e1n los fondos por programas que se est\u00e1n inventando o en proceso, no es suficiente.<\/p>\n<p class=\"paragraph\" data-count=\"546\" data-wrap=\"96\">Los temas de los derechos humanos y de de los refugiados, la trata de personas, la libertad de circulaci\u00f3n y la violencia ocasionada por la pobreza y el descontento ante la p\u00e9rdida de los programas sociales, por los recortes de salarios ordenados mediante un rasado a ciegas, la<strong> presi\u00f3n ilimitada y el terrorismo <\/strong>que anticipa el SAT a las empresas; no es la mejor soluci\u00f3n, el gobierno debe de encontrarla, de los contrario <strong>M\u00e9xico<\/strong> en un plazo muy breve estar\u00e1 en condiciones muy similares a la de los pa\u00edses que hoy han creado esta problem\u00e1tica. <\/p>\n<p class=\"paragraph\" data-count=\"98\" data-wrap=\"17\"><em>El autor es analista pol\u00edtico en Texas, y experto en temas de la frontera M\u00e9xico-Estados Unidos.\ufffc <\/em><\/p>\n<p class=\"paragraph\" data-count=\"52\" data-wrap=\"3\">Opine usted: javier.amieva@hispanicinternational.com<\/p>\n<p class=\"paragraph\" data-count=\"178\" data-wrap=\"27\"><strong>Esta es una columna de opini\u00f3n. Las expresiones aqu\u00ed vertidas son responsabilidad \u00fanicamente de quien la firma y no necesariamente reflejan la postura editorial de El Financiero.<\/strong><\/p>\n<p>[ad_2]<br \/>\n<br \/><a href=\"https:\/\/www.elfinanciero.com.mx\/rss\/monterrey\/autocracia-y-regionalismo-en-materia-migratoria-no-es-la-solucion\">Source link <\/a><\/p>\n","protected":false},"excerpt":{"rendered":"<p>[ad_1] Javier AmievaFuente: Cortes\u00eda La situaci\u00f3n actual de la crisis humanitaria creada por las corrientes de inmigrantes, provenientes de Centro y Sudam\u00e9rica, con destino a Estados Unidos (EU) y en la que M\u00e9xico se encuentra involucrado presenta varias realidades: (1) La situaci\u00f3n es in\u00e9dita en Am\u00e9rica, (2) Los grupos de migrantes obedecen a una desenfrenada [&hellip;]<\/p>\n","protected":false},"author":3,"featured_media":206,"comment_status":"open","ping_status":"open","sticky":false,"template":"","format":"standard","meta":{"footnotes":""},"categories":[1],"tags":[],"class_list":["post-2571","post","type-post","status-publish","format-standard","has-post-thumbnail","hentry","category-noticias-financieras"],"yoast_head":"<!-- This site is optimized with the Yoast SEO plugin v27.4 - https:\/\/yoast.com\/product\/yoast-seo-wordpress\/ -->\n<title>Autocracia y regionalismo en materia migratoria no es la soluci\u00f3n - Super News<\/title>\n<meta name=\"robots\" content=\"index, follow, max-snippet:-1, max-image-preview:large, max-video-preview:-1\" \/>\n<link rel=\"canonical\" href=\"https:\/\/super-news.info\/mx\/autocracia-y-regionalismo-en-materia-migratoria-no-es-la-solucion\/\" \/>\n<meta property=\"og:locale\" content=\"es_MX\" \/>\n<meta property=\"og:type\" content=\"article\" \/>\n<meta property=\"og:title\" content=\"Autocracia y regionalismo en materia migratoria no es la soluci\u00f3n - Super News\" \/>\n<meta property=\"og:description\" content=\"[ad_1] Javier AmievaFuente: Cortes\u00eda La situaci\u00f3n actual de la crisis humanitaria creada por las corrientes de inmigrantes, provenientes de Centro y Sudam\u00e9rica, con destino a Estados Unidos (EU) y en la que M\u00e9xico se encuentra involucrado presenta varias realidades: (1) La situaci\u00f3n es in\u00e9dita en Am\u00e9rica, (2) Los grupos de migrantes obedecen a una desenfrenada [&hellip;]\" \/>\n<meta property=\"og:url\" content=\"https:\/\/super-news.info\/mx\/autocracia-y-regionalismo-en-materia-migratoria-no-es-la-solucion\/\" \/>\n<meta property=\"og:site_name\" content=\"Super News\" \/>\n<meta property=\"article:published_time\" content=\"2019-07-22T14:18:47+00:00\" \/>\n<meta property=\"article:modified_time\" content=\"2019-07-22T14:18:48+00:00\" \/>\n<meta property=\"og:image\" content=\"https:\/\/super-news.info\/mx\/wp-content\/uploads\/sites\/8\/2019\/04\/Las-leyes-laborales-de-M\u00e9xico-que-no-tienen-ni-Obama.jpeg\" \/>\n\t<meta property=\"og:image:width\" content=\"1776\" \/>\n\t<meta property=\"og:image:height\" content=\"1000\" \/>\n\t<meta property=\"og:image:type\" content=\"image\/jpeg\" \/>\n<meta name=\"author\" content=\"mx\" \/>\n<meta name=\"twitter:card\" content=\"summary_large_image\" \/>\n<meta name=\"twitter:label1\" content=\"Escrito por\" \/>\n\t<meta name=\"twitter:data1\" content=\"mx\" \/>\n\t<meta name=\"twitter:label2\" content=\"Tiempo de lectura\" \/>\n\t<meta name=\"twitter:data2\" content=\"4 minutos\" \/>\n<script type=\"application\/ld+json\" class=\"yoast-schema-graph\">{\"@context\":\"https:\\\/\\\/schema.org\",\"@graph\":[{\"@type\":\"Article\",\"@id\":\"https:\\\/\\\/super-news.info\\\/mx\\\/autocracia-y-regionalismo-en-materia-migratoria-no-es-la-solucion\\\/#article\",\"isPartOf\":{\"@id\":\"https:\\\/\\\/super-news.info\\\/mx\\\/autocracia-y-regionalismo-en-materia-migratoria-no-es-la-solucion\\\/\"},\"author\":{\"name\":\"mx\",\"@id\":\"https:\\\/\\\/super-news.info\\\/mx\\\/#\\\/schema\\\/person\\\/74b71ca3d407439fd57da2d9c89449ca\"},\"headline\":\"Autocracia y regionalismo en materia migratoria no es la soluci\u00f3n\",\"datePublished\":\"2019-07-22T14:18:47+00:00\",\"dateModified\":\"2019-07-22T14:18:48+00:00\",\"mainEntityOfPage\":{\"@id\":\"https:\\\/\\\/super-news.info\\\/mx\\\/autocracia-y-regionalismo-en-materia-migratoria-no-es-la-solucion\\\/\"},\"wordCount\":729,\"commentCount\":0,\"image\":{\"@id\":\"https:\\\/\\\/super-news.info\\\/mx\\\/autocracia-y-regionalismo-en-materia-migratoria-no-es-la-solucion\\\/#primaryimage\"},\"thumbnailUrl\":\"https:\\\/\\\/super-news.info\\\/mx\\\/wp-content\\\/uploads\\\/sites\\\/8\\\/2019\\\/04\\\/Las-leyes-laborales-de-M\u00e9xico-que-no-tienen-ni-Obama.jpeg\",\"articleSection\":[\"NOTICIAS FINANCIERAS\"],\"inLanguage\":\"es\",\"potentialAction\":[{\"@type\":\"CommentAction\",\"name\":\"Comment\",\"target\":[\"https:\\\/\\\/super-news.info\\\/mx\\\/autocracia-y-regionalismo-en-materia-migratoria-no-es-la-solucion\\\/#respond\"]}]},{\"@type\":\"WebPage\",\"@id\":\"https:\\\/\\\/super-news.info\\\/mx\\\/autocracia-y-regionalismo-en-materia-migratoria-no-es-la-solucion\\\/\",\"url\":\"https:\\\/\\\/super-news.info\\\/mx\\\/autocracia-y-regionalismo-en-materia-migratoria-no-es-la-solucion\\\/\",\"name\":\"Autocracia y regionalismo en materia migratoria no es la soluci\u00f3n - Super News\",\"isPartOf\":{\"@id\":\"https:\\\/\\\/super-news.info\\\/mx\\\/#website\"},\"primaryImageOfPage\":{\"@id\":\"https:\\\/\\\/super-news.info\\\/mx\\\/autocracia-y-regionalismo-en-materia-migratoria-no-es-la-solucion\\\/#primaryimage\"},\"image\":{\"@id\":\"https:\\\/\\\/super-news.info\\\/mx\\\/autocracia-y-regionalismo-en-materia-migratoria-no-es-la-solucion\\\/#primaryimage\"},\"thumbnailUrl\":\"https:\\\/\\\/super-news.info\\\/mx\\\/wp-content\\\/uploads\\\/sites\\\/8\\\/2019\\\/04\\\/Las-leyes-laborales-de-M\u00e9xico-que-no-tienen-ni-Obama.jpeg\",\"datePublished\":\"2019-07-22T14:18:47+00:00\",\"dateModified\":\"2019-07-22T14:18:48+00:00\",\"author\":{\"@id\":\"https:\\\/\\\/super-news.info\\\/mx\\\/#\\\/schema\\\/person\\\/74b71ca3d407439fd57da2d9c89449ca\"},\"breadcrumb\":{\"@id\":\"https:\\\/\\\/super-news.info\\\/mx\\\/autocracia-y-regionalismo-en-materia-migratoria-no-es-la-solucion\\\/#breadcrumb\"},\"inLanguage\":\"es\",\"potentialAction\":[{\"@type\":\"ReadAction\",\"target\":[\"https:\\\/\\\/super-news.info\\\/mx\\\/autocracia-y-regionalismo-en-materia-migratoria-no-es-la-solucion\\\/\"]}]},{\"@type\":\"ImageObject\",\"inLanguage\":\"es\",\"@id\":\"https:\\\/\\\/super-news.info\\\/mx\\\/autocracia-y-regionalismo-en-materia-migratoria-no-es-la-solucion\\\/#primaryimage\",\"url\":\"https:\\\/\\\/super-news.info\\\/mx\\\/wp-content\\\/uploads\\\/sites\\\/8\\\/2019\\\/04\\\/Las-leyes-laborales-de-M\u00e9xico-que-no-tienen-ni-Obama.jpeg\",\"contentUrl\":\"https:\\\/\\\/super-news.info\\\/mx\\\/wp-content\\\/uploads\\\/sites\\\/8\\\/2019\\\/04\\\/Las-leyes-laborales-de-M\u00e9xico-que-no-tienen-ni-Obama.jpeg\",\"width\":1776,\"height\":1000,\"caption\":\"Javier Amieva\"},{\"@type\":\"BreadcrumbList\",\"@id\":\"https:\\\/\\\/super-news.info\\\/mx\\\/autocracia-y-regionalismo-en-materia-migratoria-no-es-la-solucion\\\/#breadcrumb\",\"itemListElement\":[{\"@type\":\"ListItem\",\"position\":1,\"name\":\"Home\",\"item\":\"https:\\\/\\\/super-news.info\\\/mx\\\/\"},{\"@type\":\"ListItem\",\"position\":2,\"name\":\"Autocracia y regionalismo en materia migratoria no es la soluci\u00f3n\"}]},{\"@type\":\"WebSite\",\"@id\":\"https:\\\/\\\/super-news.info\\\/mx\\\/#website\",\"url\":\"https:\\\/\\\/super-news.info\\\/mx\\\/\",\"name\":\"Super News\",\"description\":\"Super News Mexico\",\"potentialAction\":[{\"@type\":\"SearchAction\",\"target\":{\"@type\":\"EntryPoint\",\"urlTemplate\":\"https:\\\/\\\/super-news.info\\\/mx\\\/?s={search_term_string}\"},\"query-input\":{\"@type\":\"PropertyValueSpecification\",\"valueRequired\":true,\"valueName\":\"search_term_string\"}}],\"inLanguage\":\"es\"},{\"@type\":\"Person\",\"@id\":\"https:\\\/\\\/super-news.info\\\/mx\\\/#\\\/schema\\\/person\\\/74b71ca3d407439fd57da2d9c89449ca\",\"name\":\"mx\",\"image\":{\"@type\":\"ImageObject\",\"inLanguage\":\"es\",\"@id\":\"https:\\\/\\\/secure.gravatar.com\\\/avatar\\\/6374ac65ff69c362a0ae1303d73d69dcd9bd198d62d9861f054a69aaf82c017b?s=96&d=mm&r=g\",\"url\":\"https:\\\/\\\/secure.gravatar.com\\\/avatar\\\/6374ac65ff69c362a0ae1303d73d69dcd9bd198d62d9861f054a69aaf82c017b?s=96&d=mm&r=g\",\"contentUrl\":\"https:\\\/\\\/secure.gravatar.com\\\/avatar\\\/6374ac65ff69c362a0ae1303d73d69dcd9bd198d62d9861f054a69aaf82c017b?s=96&d=mm&r=g\",\"caption\":\"mx\"},\"url\":\"https:\\\/\\\/super-news.info\\\/mx\\\/author\\\/mx\\\/\"}]}<\/script>\n<!-- \/ Yoast SEO plugin. -->","yoast_head_json":{"title":"Autocracia y regionalismo en materia migratoria no es la soluci\u00f3n - Super News","robots":{"index":"index","follow":"follow","max-snippet":"max-snippet:-1","max-image-preview":"max-image-preview:large","max-video-preview":"max-video-preview:-1"},"canonical":"https:\/\/super-news.info\/mx\/autocracia-y-regionalismo-en-materia-migratoria-no-es-la-solucion\/","og_locale":"es_MX","og_type":"article","og_title":"Autocracia y regionalismo en materia migratoria no es la soluci\u00f3n - Super News","og_description":"[ad_1] Javier AmievaFuente: Cortes\u00eda La situaci\u00f3n actual de la crisis humanitaria creada por las corrientes de inmigrantes, provenientes de Centro y Sudam\u00e9rica, con destino a Estados Unidos (EU) y en la que M\u00e9xico se encuentra involucrado presenta varias realidades: (1) La situaci\u00f3n es in\u00e9dita en Am\u00e9rica, (2) Los grupos de migrantes obedecen a una desenfrenada [&hellip;]","og_url":"https:\/\/super-news.info\/mx\/autocracia-y-regionalismo-en-materia-migratoria-no-es-la-solucion\/","og_site_name":"Super News","article_published_time":"2019-07-22T14:18:47+00:00","article_modified_time":"2019-07-22T14:18:48+00:00","og_image":[{"width":1776,"height":1000,"url":"https:\/\/super-news.info\/mx\/wp-content\/uploads\/sites\/8\/2019\/04\/Las-leyes-laborales-de-M\u00e9xico-que-no-tienen-ni-Obama.jpeg","type":"image\/jpeg"}],"author":"mx","twitter_card":"summary_large_image","twitter_misc":{"Escrito por":"mx","Tiempo de lectura":"4 minutos"},"schema":{"@context":"https:\/\/schema.org","@graph":[{"@type":"Article","@id":"https:\/\/super-news.info\/mx\/autocracia-y-regionalismo-en-materia-migratoria-no-es-la-solucion\/#article","isPartOf":{"@id":"https:\/\/super-news.info\/mx\/autocracia-y-regionalismo-en-materia-migratoria-no-es-la-solucion\/"},"author":{"name":"mx","@id":"https:\/\/super-news.info\/mx\/#\/schema\/person\/74b71ca3d407439fd57da2d9c89449ca"},"headline":"Autocracia y regionalismo en materia migratoria no es la soluci\u00f3n","datePublished":"2019-07-22T14:18:47+00:00","dateModified":"2019-07-22T14:18:48+00:00","mainEntityOfPage":{"@id":"https:\/\/super-news.info\/mx\/autocracia-y-regionalismo-en-materia-migratoria-no-es-la-solucion\/"},"wordCount":729,"commentCount":0,"image":{"@id":"https:\/\/super-news.info\/mx\/autocracia-y-regionalismo-en-materia-migratoria-no-es-la-solucion\/#primaryimage"},"thumbnailUrl":"https:\/\/super-news.info\/mx\/wp-content\/uploads\/sites\/8\/2019\/04\/Las-leyes-laborales-de-M\u00e9xico-que-no-tienen-ni-Obama.jpeg","articleSection":["NOTICIAS FINANCIERAS"],"inLanguage":"es","potentialAction":[{"@type":"CommentAction","name":"Comment","target":["https:\/\/super-news.info\/mx\/autocracia-y-regionalismo-en-materia-migratoria-no-es-la-solucion\/#respond"]}]},{"@type":"WebPage","@id":"https:\/\/super-news.info\/mx\/autocracia-y-regionalismo-en-materia-migratoria-no-es-la-solucion\/","url":"https:\/\/super-news.info\/mx\/autocracia-y-regionalismo-en-materia-migratoria-no-es-la-solucion\/","name":"Autocracia y regionalismo en materia migratoria no es la soluci\u00f3n - Super News","isPartOf":{"@id":"https:\/\/super-news.info\/mx\/#website"},"primaryImageOfPage":{"@id":"https:\/\/super-news.info\/mx\/autocracia-y-regionalismo-en-materia-migratoria-no-es-la-solucion\/#primaryimage"},"image":{"@id":"https:\/\/super-news.info\/mx\/autocracia-y-regionalismo-en-materia-migratoria-no-es-la-solucion\/#primaryimage"},"thumbnailUrl":"https:\/\/super-news.info\/mx\/wp-content\/uploads\/sites\/8\/2019\/04\/Las-leyes-laborales-de-M\u00e9xico-que-no-tienen-ni-Obama.jpeg","datePublished":"2019-07-22T14:18:47+00:00","dateModified":"2019-07-22T14:18:48+00:00","author":{"@id":"https:\/\/super-news.info\/mx\/#\/schema\/person\/74b71ca3d407439fd57da2d9c89449ca"},"breadcrumb":{"@id":"https:\/\/super-news.info\/mx\/autocracia-y-regionalismo-en-materia-migratoria-no-es-la-solucion\/#breadcrumb"},"inLanguage":"es","potentialAction":[{"@type":"ReadAction","target":["https:\/\/super-news.info\/mx\/autocracia-y-regionalismo-en-materia-migratoria-no-es-la-solucion\/"]}]},{"@type":"ImageObject","inLanguage":"es","@id":"https:\/\/super-news.info\/mx\/autocracia-y-regionalismo-en-materia-migratoria-no-es-la-solucion\/#primaryimage","url":"https:\/\/super-news.info\/mx\/wp-content\/uploads\/sites\/8\/2019\/04\/Las-leyes-laborales-de-M\u00e9xico-que-no-tienen-ni-Obama.jpeg","contentUrl":"https:\/\/super-news.info\/mx\/wp-content\/uploads\/sites\/8\/2019\/04\/Las-leyes-laborales-de-M\u00e9xico-que-no-tienen-ni-Obama.jpeg","width":1776,"height":1000,"caption":"Javier Amieva"},{"@type":"BreadcrumbList","@id":"https:\/\/super-news.info\/mx\/autocracia-y-regionalismo-en-materia-migratoria-no-es-la-solucion\/#breadcrumb","itemListElement":[{"@type":"ListItem","position":1,"name":"Home","item":"https:\/\/super-news.info\/mx\/"},{"@type":"ListItem","position":2,"name":"Autocracia y regionalismo en materia migratoria no es la soluci\u00f3n"}]},{"@type":"WebSite","@id":"https:\/\/super-news.info\/mx\/#website","url":"https:\/\/super-news.info\/mx\/","name":"Super News","description":"Super News Mexico","potentialAction":[{"@type":"SearchAction","target":{"@type":"EntryPoint","urlTemplate":"https:\/\/super-news.info\/mx\/?s={search_term_string}"},"query-input":{"@type":"PropertyValueSpecification","valueRequired":true,"valueName":"search_term_string"}}],"inLanguage":"es"},{"@type":"Person","@id":"https:\/\/super-news.info\/mx\/#\/schema\/person\/74b71ca3d407439fd57da2d9c89449ca","name":"mx","image":{"@type":"ImageObject","inLanguage":"es","@id":"https:\/\/secure.gravatar.com\/avatar\/6374ac65ff69c362a0ae1303d73d69dcd9bd198d62d9861f054a69aaf82c017b?s=96&d=mm&r=g","url":"https:\/\/secure.gravatar.com\/avatar\/6374ac65ff69c362a0ae1303d73d69dcd9bd198d62d9861f054a69aaf82c017b?s=96&d=mm&r=g","contentUrl":"https:\/\/secure.gravatar.com\/avatar\/6374ac65ff69c362a0ae1303d73d69dcd9bd198d62d9861f054a69aaf82c017b?s=96&d=mm&r=g","caption":"mx"},"url":"https:\/\/super-news.info\/mx\/author\/mx\/"}]}},"_links":{"self":[{"href":"https:\/\/super-news.info\/mx\/wp-json\/wp\/v2\/posts\/2571","targetHints":{"allow":["GET"]}}],"collection":[{"href":"https:\/\/super-news.info\/mx\/wp-json\/wp\/v2\/posts"}],"about":[{"href":"https:\/\/super-news.info\/mx\/wp-json\/wp\/v2\/types\/post"}],"author":[{"embeddable":true,"href":"https:\/\/super-news.info\/mx\/wp-json\/wp\/v2\/users\/3"}],"replies":[{"embeddable":true,"href":"https:\/\/super-news.info\/mx\/wp-json\/wp\/v2\/comments?post=2571"}],"version-history":[{"count":1,"href":"https:\/\/super-news.info\/mx\/wp-json\/wp\/v2\/posts\/2571\/revisions"}],"predecessor-version":[{"id":2572,"href":"https:\/\/super-news.info\/mx\/wp-json\/wp\/v2\/posts\/2571\/revisions\/2572"}],"wp:featuredmedia":[{"embeddable":true,"href":"https:\/\/super-news.info\/mx\/wp-json\/wp\/v2\/media\/206"}],"wp:attachment":[{"href":"https:\/\/super-news.info\/mx\/wp-json\/wp\/v2\/media?parent=2571"}],"wp:term":[{"taxonomy":"category","embeddable":true,"href":"https:\/\/super-news.info\/mx\/wp-json\/wp\/v2\/categories?post=2571"},{"taxonomy":"post_tag","embeddable":true,"href":"https:\/\/super-news.info\/mx\/wp-json\/wp\/v2\/tags?post=2571"}],"curies":[{"name":"wp","href":"https:\/\/api.w.org\/{rel}","templated":true}]}}