{"id":2558,"date":"2019-07-22T06:42:54","date_gmt":"2019-07-22T06:42:54","guid":{"rendered":"https:\/\/super-news.info\/mx\/nissan-registra-su-menor-participacion-en-el-mercado-mexicano-en-10-anos\/"},"modified":"2019-07-22T06:42:54","modified_gmt":"2019-07-22T06:42:54","slug":"nissan-registra-su-menor-participacion-en-el-mercado-mexicano-en-10-anos","status":"publish","type":"post","link":"https:\/\/super-news.info\/mx\/nissan-registra-su-menor-participacion-en-el-mercado-mexicano-en-10-anos\/","title":{"rendered":"Nissan registra su menor participaci\u00f3n en el mercado mexicano en 10 a\u00f1os"},"content":{"rendered":"<p> [ad_1]<br \/>\n<\/p>\n<p class=\"paragraph\" data-count=\"220\" data-wrap=\"38\">La japonesa Nissan se mantiene como l\u00edder del mercado automotriz en M\u00e9xico con <strong>20.6 por ciento de participaci\u00f3n al primer semestre de 2019<\/strong>, sin embargo, este es el porcentaje m\u00e1s bajo que presenta la marca en una d\u00e9cada.<\/p>\n<p class=\"paragraph\" data-count=\"320\" data-wrap=\"53\">Informaci\u00f3n de <strong>la Asociaci\u00f3n Mexicana de Distribuidores de Automotores (AMDA) <\/strong>muestra que la empresa Nissan comercializ\u00f3 entre enero y junio de este a\u00f1o <strong>131 mil 255 autom\u00f3viles<\/strong>, lo que signific\u00f3<strong> una reducci\u00f3n de 14.7 por ciento <\/strong>comparado con lo reportado en igual periodo del a\u00f1o pasado y el volumen m\u00e1s bajo desde 2011.<\/p>\n<p class=\"paragraph\" data-count=\"283\" data-wrap=\"47\"><strong>Roberto Lerma, subdirector de mercadotecnia de Producto de Nissan Mexicana,<\/strong> reconoci\u00f3 la mayor competencia en el mercado, as\u00ed como la baja demanda que tiene el sector afect\u00f3 a las ventas de la empresa, pero destac\u00f3 que la compa\u00f1\u00eda tiene por objetivo sostener el liderazgo en el pa\u00eds.<\/p>\n<p class=\"paragraph\" data-count=\"198\" data-wrap=\"33\">\u201cPor eso <strong>vamos a renovar 60 por ciento de nuestro portafolio <\/strong>de veh\u00edculos en los pr\u00f3ximos dos a\u00f1os, los cuales van desde cambio de modelo como lanzamiento de nuevos veh\u00edculos\u201d, destac\u00f3 el directivo.<\/p>\n<p class=\"paragraph\" data-count=\"178\" data-wrap=\"28\">Afirm\u00f3 que trabajan de manera cercana entre <strong>Nissan Mexicana y su oficina en Jap\u00f3n <\/strong>para crear estrategias de facilidades a los clientes, con portafolio y accesibilidad de cr\u00e9dito.<\/p>\n<p class=\"paragraph\" data-count=\"157\" data-wrap=\"27\">Para Nissan es un logro mantener durante 10 a\u00f1os el liderazgo en el mercado automotriz mexicano, cuya naci\u00f3n es la \u00fanica donde la empresa alcanza este nivel.<\/p>\n<p class=\"paragraph\" data-count=\"385\" data-wrap=\"62\">\u201cEstos 10 a\u00f1os de liderazgo en M\u00e9xico no ser\u00edan posibles sin la confianza y preferencia del p\u00fablico por nuestros productos, servicios y tecnolog\u00edas\u201d, coment\u00f3 en un comunicado <strong>Mayra Gonz\u00e1lez<\/strong>, quien dej\u00f3 a inicios de este mes el puesto de presidente y director general de Nissan Mexicana para asumir el cargo de gerente general de divisi\u00f3n en ventas globales de Nissan Motor Corporation.<\/p>\n<p class=\"paragraph\" data-count=\"323\" data-wrap=\"50\">Roberto Lerma destac\u00f3 que\u00a0se contin\u00faa con<strong> la innovaci\u00f3n para llegar a m\u00e1s mercados en el pa\u00eds<\/strong>, a trav\u00e9s del lanzamiento de su primer auto adaptado para discapacitados motrices. \u201cSomos la \u00fanica empresa en M\u00e9xico con una innovaci\u00f3n de este tipo. Estar\u00e1 disponible en diferentes facilidades de cr\u00e9dito\u201d, destac\u00f3 Roberto Lerma.<\/p>\n<div class=\"image__block \">\n<figure><img alt=\"\" style=\"height:auto;width:100%\" \/><\/figure>\n<p><span class=\"element__footer\"><\/span><span class=\"element__credit\"><\/span><\/div>\n<p>[ad_2]<br \/>\n<br \/><a href=\"https:\/\/www.elfinanciero.com.mx\/rss\/empresas\/nissan-registra-su-menor-participacion-en-el-mercado-mexicano-en-10-anos\">Source link <\/a><\/p>\n","protected":false},"excerpt":{"rendered":"<p>[ad_1] La japonesa Nissan se mantiene como l\u00edder del mercado automotriz en M\u00e9xico con 20.6 por ciento de participaci\u00f3n al primer semestre de 2019, sin embargo, este es el porcentaje m\u00e1s bajo que presenta la marca en una d\u00e9cada. Informaci\u00f3n de la Asociaci\u00f3n Mexicana de Distribuidores de Automotores (AMDA) muestra que la empresa Nissan comercializ\u00f3 [&hellip;]<\/p>\n","protected":false},"author":3,"featured_media":0,"comment_status":"open","ping_status":"open","sticky":false,"template":"","format":"standard","meta":{"footnotes":""},"categories":[1],"tags":[],"class_list":["post-2558","post","type-post","status-publish","format-standard","hentry","category-noticias-financieras"],"yoast_head":"<!-- This site is optimized with the Yoast SEO plugin v27.4 - https:\/\/yoast.com\/product\/yoast-seo-wordpress\/ -->\n<title>Nissan registra su menor participaci\u00f3n en el mercado mexicano en 10 a\u00f1os - Super News<\/title>\n<meta name=\"robots\" content=\"index, follow, max-snippet:-1, max-image-preview:large, max-video-preview:-1\" \/>\n<link rel=\"canonical\" href=\"https:\/\/super-news.info\/mx\/nissan-registra-su-menor-participacion-en-el-mercado-mexicano-en-10-anos\/\" \/>\n<meta property=\"og:locale\" content=\"es_MX\" \/>\n<meta property=\"og:type\" content=\"article\" \/>\n<meta property=\"og:title\" content=\"Nissan registra su menor participaci\u00f3n en el mercado mexicano en 10 a\u00f1os - Super News\" \/>\n<meta property=\"og:description\" content=\"[ad_1] La japonesa Nissan se mantiene como l\u00edder del mercado automotriz en M\u00e9xico con 20.6 por ciento de participaci\u00f3n al primer semestre de 2019, sin embargo, este es el porcentaje m\u00e1s bajo que presenta la marca en una d\u00e9cada. Informaci\u00f3n de la Asociaci\u00f3n Mexicana de Distribuidores de Automotores (AMDA) muestra que la empresa Nissan comercializ\u00f3 [&hellip;]\" \/>\n<meta property=\"og:url\" content=\"https:\/\/super-news.info\/mx\/nissan-registra-su-menor-participacion-en-el-mercado-mexicano-en-10-anos\/\" \/>\n<meta property=\"og:site_name\" content=\"Super News\" \/>\n<meta property=\"article:published_time\" content=\"2019-07-22T06:42:54+00:00\" \/>\n<meta name=\"author\" content=\"mx\" \/>\n<meta name=\"twitter:card\" content=\"summary_large_image\" \/>\n<meta name=\"twitter:label1\" content=\"Escrito por\" \/>\n\t<meta name=\"twitter:data1\" content=\"mx\" \/>\n\t<meta name=\"twitter:label2\" content=\"Tiempo de lectura\" \/>\n\t<meta name=\"twitter:data2\" content=\"2 minutos\" \/>\n<script type=\"application\/ld+json\" class=\"yoast-schema-graph\">{\"@context\":\"https:\\\/\\\/schema.org\",\"@graph\":[{\"@type\":\"Article\",\"@id\":\"https:\\\/\\\/super-news.info\\\/mx\\\/nissan-registra-su-menor-participacion-en-el-mercado-mexicano-en-10-anos\\\/#article\",\"isPartOf\":{\"@id\":\"https:\\\/\\\/super-news.info\\\/mx\\\/nissan-registra-su-menor-participacion-en-el-mercado-mexicano-en-10-anos\\\/\"},\"author\":{\"name\":\"mx\",\"@id\":\"https:\\\/\\\/super-news.info\\\/mx\\\/#\\\/schema\\\/person\\\/74b71ca3d407439fd57da2d9c89449ca\"},\"headline\":\"Nissan registra su menor participaci\u00f3n en el mercado mexicano en 10 a\u00f1os\",\"datePublished\":\"2019-07-22T06:42:54+00:00\",\"mainEntityOfPage\":{\"@id\":\"https:\\\/\\\/super-news.info\\\/mx\\\/nissan-registra-su-menor-participacion-en-el-mercado-mexicano-en-10-anos\\\/\"},\"wordCount\":384,\"commentCount\":0,\"articleSection\":[\"NOTICIAS FINANCIERAS\"],\"inLanguage\":\"es\",\"potentialAction\":[{\"@type\":\"CommentAction\",\"name\":\"Comment\",\"target\":[\"https:\\\/\\\/super-news.info\\\/mx\\\/nissan-registra-su-menor-participacion-en-el-mercado-mexicano-en-10-anos\\\/#respond\"]}]},{\"@type\":\"WebPage\",\"@id\":\"https:\\\/\\\/super-news.info\\\/mx\\\/nissan-registra-su-menor-participacion-en-el-mercado-mexicano-en-10-anos\\\/\",\"url\":\"https:\\\/\\\/super-news.info\\\/mx\\\/nissan-registra-su-menor-participacion-en-el-mercado-mexicano-en-10-anos\\\/\",\"name\":\"Nissan registra su menor participaci\u00f3n en el mercado mexicano en 10 a\u00f1os - Super News\",\"isPartOf\":{\"@id\":\"https:\\\/\\\/super-news.info\\\/mx\\\/#website\"},\"datePublished\":\"2019-07-22T06:42:54+00:00\",\"author\":{\"@id\":\"https:\\\/\\\/super-news.info\\\/mx\\\/#\\\/schema\\\/person\\\/74b71ca3d407439fd57da2d9c89449ca\"},\"breadcrumb\":{\"@id\":\"https:\\\/\\\/super-news.info\\\/mx\\\/nissan-registra-su-menor-participacion-en-el-mercado-mexicano-en-10-anos\\\/#breadcrumb\"},\"inLanguage\":\"es\",\"potentialAction\":[{\"@type\":\"ReadAction\",\"target\":[\"https:\\\/\\\/super-news.info\\\/mx\\\/nissan-registra-su-menor-participacion-en-el-mercado-mexicano-en-10-anos\\\/\"]}]},{\"@type\":\"BreadcrumbList\",\"@id\":\"https:\\\/\\\/super-news.info\\\/mx\\\/nissan-registra-su-menor-participacion-en-el-mercado-mexicano-en-10-anos\\\/#breadcrumb\",\"itemListElement\":[{\"@type\":\"ListItem\",\"position\":1,\"name\":\"Home\",\"item\":\"https:\\\/\\\/super-news.info\\\/mx\\\/\"},{\"@type\":\"ListItem\",\"position\":2,\"name\":\"Nissan registra su menor participaci\u00f3n en el mercado mexicano en 10 a\u00f1os\"}]},{\"@type\":\"WebSite\",\"@id\":\"https:\\\/\\\/super-news.info\\\/mx\\\/#website\",\"url\":\"https:\\\/\\\/super-news.info\\\/mx\\\/\",\"name\":\"Super News\",\"description\":\"Super News Mexico\",\"potentialAction\":[{\"@type\":\"SearchAction\",\"target\":{\"@type\":\"EntryPoint\",\"urlTemplate\":\"https:\\\/\\\/super-news.info\\\/mx\\\/?s={search_term_string}\"},\"query-input\":{\"@type\":\"PropertyValueSpecification\",\"valueRequired\":true,\"valueName\":\"search_term_string\"}}],\"inLanguage\":\"es\"},{\"@type\":\"Person\",\"@id\":\"https:\\\/\\\/super-news.info\\\/mx\\\/#\\\/schema\\\/person\\\/74b71ca3d407439fd57da2d9c89449ca\",\"name\":\"mx\",\"image\":{\"@type\":\"ImageObject\",\"inLanguage\":\"es\",\"@id\":\"https:\\\/\\\/secure.gravatar.com\\\/avatar\\\/6374ac65ff69c362a0ae1303d73d69dcd9bd198d62d9861f054a69aaf82c017b?s=96&d=mm&r=g\",\"url\":\"https:\\\/\\\/secure.gravatar.com\\\/avatar\\\/6374ac65ff69c362a0ae1303d73d69dcd9bd198d62d9861f054a69aaf82c017b?s=96&d=mm&r=g\",\"contentUrl\":\"https:\\\/\\\/secure.gravatar.com\\\/avatar\\\/6374ac65ff69c362a0ae1303d73d69dcd9bd198d62d9861f054a69aaf82c017b?s=96&d=mm&r=g\",\"caption\":\"mx\"},\"url\":\"https:\\\/\\\/super-news.info\\\/mx\\\/author\\\/mx\\\/\"}]}<\/script>\n<!-- \/ Yoast SEO plugin. -->","yoast_head_json":{"title":"Nissan registra su menor participaci\u00f3n en el mercado mexicano en 10 a\u00f1os - Super News","robots":{"index":"index","follow":"follow","max-snippet":"max-snippet:-1","max-image-preview":"max-image-preview:large","max-video-preview":"max-video-preview:-1"},"canonical":"https:\/\/super-news.info\/mx\/nissan-registra-su-menor-participacion-en-el-mercado-mexicano-en-10-anos\/","og_locale":"es_MX","og_type":"article","og_title":"Nissan registra su menor participaci\u00f3n en el mercado mexicano en 10 a\u00f1os - Super News","og_description":"[ad_1] La japonesa Nissan se mantiene como l\u00edder del mercado automotriz en M\u00e9xico con 20.6 por ciento de participaci\u00f3n al primer semestre de 2019, sin embargo, este es el porcentaje m\u00e1s bajo que presenta la marca en una d\u00e9cada. Informaci\u00f3n de la Asociaci\u00f3n Mexicana de Distribuidores de Automotores (AMDA) muestra que la empresa Nissan comercializ\u00f3 [&hellip;]","og_url":"https:\/\/super-news.info\/mx\/nissan-registra-su-menor-participacion-en-el-mercado-mexicano-en-10-anos\/","og_site_name":"Super News","article_published_time":"2019-07-22T06:42:54+00:00","author":"mx","twitter_card":"summary_large_image","twitter_misc":{"Escrito por":"mx","Tiempo de lectura":"2 minutos"},"schema":{"@context":"https:\/\/schema.org","@graph":[{"@type":"Article","@id":"https:\/\/super-news.info\/mx\/nissan-registra-su-menor-participacion-en-el-mercado-mexicano-en-10-anos\/#article","isPartOf":{"@id":"https:\/\/super-news.info\/mx\/nissan-registra-su-menor-participacion-en-el-mercado-mexicano-en-10-anos\/"},"author":{"name":"mx","@id":"https:\/\/super-news.info\/mx\/#\/schema\/person\/74b71ca3d407439fd57da2d9c89449ca"},"headline":"Nissan registra su menor participaci\u00f3n en el mercado mexicano en 10 a\u00f1os","datePublished":"2019-07-22T06:42:54+00:00","mainEntityOfPage":{"@id":"https:\/\/super-news.info\/mx\/nissan-registra-su-menor-participacion-en-el-mercado-mexicano-en-10-anos\/"},"wordCount":384,"commentCount":0,"articleSection":["NOTICIAS FINANCIERAS"],"inLanguage":"es","potentialAction":[{"@type":"CommentAction","name":"Comment","target":["https:\/\/super-news.info\/mx\/nissan-registra-su-menor-participacion-en-el-mercado-mexicano-en-10-anos\/#respond"]}]},{"@type":"WebPage","@id":"https:\/\/super-news.info\/mx\/nissan-registra-su-menor-participacion-en-el-mercado-mexicano-en-10-anos\/","url":"https:\/\/super-news.info\/mx\/nissan-registra-su-menor-participacion-en-el-mercado-mexicano-en-10-anos\/","name":"Nissan registra su menor participaci\u00f3n en el mercado mexicano en 10 a\u00f1os - Super News","isPartOf":{"@id":"https:\/\/super-news.info\/mx\/#website"},"datePublished":"2019-07-22T06:42:54+00:00","author":{"@id":"https:\/\/super-news.info\/mx\/#\/schema\/person\/74b71ca3d407439fd57da2d9c89449ca"},"breadcrumb":{"@id":"https:\/\/super-news.info\/mx\/nissan-registra-su-menor-participacion-en-el-mercado-mexicano-en-10-anos\/#breadcrumb"},"inLanguage":"es","potentialAction":[{"@type":"ReadAction","target":["https:\/\/super-news.info\/mx\/nissan-registra-su-menor-participacion-en-el-mercado-mexicano-en-10-anos\/"]}]},{"@type":"BreadcrumbList","@id":"https:\/\/super-news.info\/mx\/nissan-registra-su-menor-participacion-en-el-mercado-mexicano-en-10-anos\/#breadcrumb","itemListElement":[{"@type":"ListItem","position":1,"name":"Home","item":"https:\/\/super-news.info\/mx\/"},{"@type":"ListItem","position":2,"name":"Nissan registra su menor participaci\u00f3n en el mercado mexicano en 10 a\u00f1os"}]},{"@type":"WebSite","@id":"https:\/\/super-news.info\/mx\/#website","url":"https:\/\/super-news.info\/mx\/","name":"Super News","description":"Super News Mexico","potentialAction":[{"@type":"SearchAction","target":{"@type":"EntryPoint","urlTemplate":"https:\/\/super-news.info\/mx\/?s={search_term_string}"},"query-input":{"@type":"PropertyValueSpecification","valueRequired":true,"valueName":"search_term_string"}}],"inLanguage":"es"},{"@type":"Person","@id":"https:\/\/super-news.info\/mx\/#\/schema\/person\/74b71ca3d407439fd57da2d9c89449ca","name":"mx","image":{"@type":"ImageObject","inLanguage":"es","@id":"https:\/\/secure.gravatar.com\/avatar\/6374ac65ff69c362a0ae1303d73d69dcd9bd198d62d9861f054a69aaf82c017b?s=96&d=mm&r=g","url":"https:\/\/secure.gravatar.com\/avatar\/6374ac65ff69c362a0ae1303d73d69dcd9bd198d62d9861f054a69aaf82c017b?s=96&d=mm&r=g","contentUrl":"https:\/\/secure.gravatar.com\/avatar\/6374ac65ff69c362a0ae1303d73d69dcd9bd198d62d9861f054a69aaf82c017b?s=96&d=mm&r=g","caption":"mx"},"url":"https:\/\/super-news.info\/mx\/author\/mx\/"}]}},"_links":{"self":[{"href":"https:\/\/super-news.info\/mx\/wp-json\/wp\/v2\/posts\/2558","targetHints":{"allow":["GET"]}}],"collection":[{"href":"https:\/\/super-news.info\/mx\/wp-json\/wp\/v2\/posts"}],"about":[{"href":"https:\/\/super-news.info\/mx\/wp-json\/wp\/v2\/types\/post"}],"author":[{"embeddable":true,"href":"https:\/\/super-news.info\/mx\/wp-json\/wp\/v2\/users\/3"}],"replies":[{"embeddable":true,"href":"https:\/\/super-news.info\/mx\/wp-json\/wp\/v2\/comments?post=2558"}],"version-history":[{"count":0,"href":"https:\/\/super-news.info\/mx\/wp-json\/wp\/v2\/posts\/2558\/revisions"}],"wp:attachment":[{"href":"https:\/\/super-news.info\/mx\/wp-json\/wp\/v2\/media?parent=2558"}],"wp:term":[{"taxonomy":"category","embeddable":true,"href":"https:\/\/super-news.info\/mx\/wp-json\/wp\/v2\/categories?post=2558"},{"taxonomy":"post_tag","embeddable":true,"href":"https:\/\/super-news.info\/mx\/wp-json\/wp\/v2\/tags?post=2558"}],"curies":[{"name":"wp","href":"https:\/\/api.w.org\/{rel}","templated":true}]}}