{"id":2511,"date":"2019-07-18T20:01:56","date_gmt":"2019-07-18T20:01:56","guid":{"rendered":"https:\/\/super-news.info\/mx\/sismo-de-magnitud-2-2-remece-la-cdmx\/"},"modified":"2019-07-18T20:01:57","modified_gmt":"2019-07-18T20:01:57","slug":"sismo-de-magnitud-2-2-remece-la-cdmx","status":"publish","type":"post","link":"https:\/\/super-news.info\/mx\/sismo-de-magnitud-2-2-remece-la-cdmx\/","title":{"rendered":"Sismo de magnitud 2.2 remece la CDMX"},"content":{"rendered":"<p> [ad_1]<br \/>\n<\/p>\n<p class=\"paragraph\" data-count=\"66\" data-wrap=\"12\">Un<strong> sismo de magnitud 2.2 <\/strong>remeci\u00f3 la Ciudad de M\u00e9xico este jueves.\n<\/p>\n<p class=\"paragraph\" data-count=\"150\" data-wrap=\"26\">De acuerdo con el Servicio Sismol\u00f3gico Nacional, el epicentro se ubic\u00f3 a 2 kil\u00f3metros al noroeste de \u00c1lvaro Obreg\u00f3n, en la capital, a las 13:54 horas.<\/p>\n<div class=\"image__block \">\n<figure><\/figure>\n<p><span class=\"element__footer\">Sismo de magnitud 2.2 este jueves.<\/span><span class=\"element__credit\">Google Maps<\/span><\/div>\n<p class=\"paragraph\" data-count=\"104\" data-wrap=\"20\">Desde el viernes 12 de julio, diversos sismos de magnitudes entre 2 y 3 se han registrado en la capital.<\/p>\n<p class=\"paragraph\" data-count=\"143\" data-wrap=\"26\">El 12 de julio se registraron sismos de magnitudes 2.1, 2.5, 2 y 2.3 durante la ma\u00f1ana de ese d\u00eda, de acuerdo con informaci\u00f3n del Sismol\u00f3gico.\n<\/p>\n<p class=\"paragraph\" data-count=\"154\" data-wrap=\"27\">En tanto, el martes se registraron siete sismos en la Ciudad de M\u00e9xico localizados al noroeste de la alcald\u00eda \u00c1lvaro Obreg\u00f3n a partir de las 22:59 horas.\n<\/p>\n<p class=\"paragraph\" data-count=\"357\" data-wrap=\"70\">El primer sismo se registr\u00f3 a las 22:59 horas de magnitud de 3, el segundo a las 23:10 horas de magnitud 2.7, el tercero ocho minutos m\u00e1s tarde de magnitud 2.7, el cuarto a las 00:33 horas de magnitud 2.2; el quinto a las 00:41 horas de magnitud 2.4, el sexto a las 00:45 horas con la misma magnitud y el s\u00e9ptimo a la 01:04:00 horas tambi\u00e9n de magnitud 2.4.<\/p>\n<p class=\"paragraph\" data-count=\"121\" data-wrap=\"21\">El mi\u00e9rcoles se registr\u00f3 uno m\u00e1s con magnitud 2.1 con epicentro a 2 kil\u00f3metros al noroeste de la alcald\u00eda \u00c1lvaro Obreg\u00f3n.<\/p>\n<p>[ad_2]<br \/>\n<br \/><a href=\"https:\/\/www.elfinanciero.com.mx\/rss\/nacional\/sismo-de-magnitud-3-remece-la-cdmx\">Source link <\/a><\/p>\n","protected":false},"excerpt":{"rendered":"<p>[ad_1] Un sismo de magnitud 2.2 remeci\u00f3 la Ciudad de M\u00e9xico este jueves. De acuerdo con el Servicio Sismol\u00f3gico Nacional, el epicentro se ubic\u00f3 a 2 kil\u00f3metros al noroeste de \u00c1lvaro Obreg\u00f3n, en la capital, a las 13:54 horas. Sismo de magnitud 2.2 este jueves.Google Maps Desde el viernes 12 de julio, diversos sismos de [&hellip;]<\/p>\n","protected":false},"author":3,"featured_media":2512,"comment_status":"open","ping_status":"open","sticky":false,"template":"","format":"standard","meta":{"footnotes":""},"categories":[1],"tags":[],"class_list":["post-2511","post","type-post","status-publish","format-standard","has-post-thumbnail","hentry","category-noticias-financieras"],"yoast_head":"<!-- This site is optimized with the Yoast SEO plugin v27.4 - https:\/\/yoast.com\/product\/yoast-seo-wordpress\/ -->\n<title>Sismo de magnitud 2.2 remece la CDMX - Super News<\/title>\n<meta name=\"robots\" content=\"index, follow, max-snippet:-1, max-image-preview:large, max-video-preview:-1\" \/>\n<link rel=\"canonical\" href=\"https:\/\/super-news.info\/mx\/sismo-de-magnitud-2-2-remece-la-cdmx\/\" \/>\n<meta property=\"og:locale\" content=\"es_MX\" \/>\n<meta property=\"og:type\" content=\"article\" \/>\n<meta property=\"og:title\" content=\"Sismo de magnitud 2.2 remece la CDMX - Super News\" \/>\n<meta property=\"og:description\" content=\"[ad_1] Un sismo de magnitud 2.2 remeci\u00f3 la Ciudad de M\u00e9xico este jueves. De acuerdo con el Servicio Sismol\u00f3gico Nacional, el epicentro se ubic\u00f3 a 2 kil\u00f3metros al noroeste de \u00c1lvaro Obreg\u00f3n, en la capital, a las 13:54 horas. Sismo de magnitud 2.2 este jueves.Google Maps Desde el viernes 12 de julio, diversos sismos de [&hellip;]\" \/>\n<meta property=\"og:url\" content=\"https:\/\/super-news.info\/mx\/sismo-de-magnitud-2-2-remece-la-cdmx\/\" \/>\n<meta property=\"og:site_name\" content=\"Super News\" \/>\n<meta property=\"article:published_time\" content=\"2019-07-18T20:01:56+00:00\" \/>\n<meta property=\"article:modified_time\" content=\"2019-07-18T20:01:57+00:00\" \/>\n<meta property=\"og:image\" content=\"https:\/\/super-news.info\/mx\/wp-content\/uploads\/sites\/8\/2019\/07\/Sismo-de-magnitud-2.2-remece-la-CDMX.png\" \/>\n\t<meta property=\"og:image:width\" content=\"949\" \/>\n\t<meta property=\"og:image:height\" content=\"533\" \/>\n\t<meta property=\"og:image:type\" content=\"image\/png\" \/>\n<meta name=\"author\" content=\"mx\" \/>\n<meta name=\"twitter:card\" content=\"summary_large_image\" \/>\n<meta name=\"twitter:label1\" content=\"Escrito por\" \/>\n\t<meta name=\"twitter:data1\" content=\"mx\" \/>\n\t<meta name=\"twitter:label2\" content=\"Tiempo de lectura\" \/>\n\t<meta name=\"twitter:data2\" content=\"1 minuto\" \/>\n<script type=\"application\/ld+json\" class=\"yoast-schema-graph\">{\"@context\":\"https:\\\/\\\/schema.org\",\"@graph\":[{\"@type\":\"Article\",\"@id\":\"https:\\\/\\\/super-news.info\\\/mx\\\/sismo-de-magnitud-2-2-remece-la-cdmx\\\/#article\",\"isPartOf\":{\"@id\":\"https:\\\/\\\/super-news.info\\\/mx\\\/sismo-de-magnitud-2-2-remece-la-cdmx\\\/\"},\"author\":{\"name\":\"mx\",\"@id\":\"https:\\\/\\\/super-news.info\\\/mx\\\/#\\\/schema\\\/person\\\/74b71ca3d407439fd57da2d9c89449ca\"},\"headline\":\"Sismo de magnitud 2.2 remece la CDMX\",\"datePublished\":\"2019-07-18T20:01:56+00:00\",\"dateModified\":\"2019-07-18T20:01:57+00:00\",\"mainEntityOfPage\":{\"@id\":\"https:\\\/\\\/super-news.info\\\/mx\\\/sismo-de-magnitud-2-2-remece-la-cdmx\\\/\"},\"wordCount\":212,\"commentCount\":0,\"image\":{\"@id\":\"https:\\\/\\\/super-news.info\\\/mx\\\/sismo-de-magnitud-2-2-remece-la-cdmx\\\/#primaryimage\"},\"thumbnailUrl\":\"https:\\\/\\\/super-news.info\\\/mx\\\/wp-content\\\/uploads\\\/sites\\\/8\\\/2019\\\/07\\\/Sismo-de-magnitud-2.2-remece-la-CDMX.png\",\"articleSection\":[\"NOTICIAS FINANCIERAS\"],\"inLanguage\":\"es\",\"potentialAction\":[{\"@type\":\"CommentAction\",\"name\":\"Comment\",\"target\":[\"https:\\\/\\\/super-news.info\\\/mx\\\/sismo-de-magnitud-2-2-remece-la-cdmx\\\/#respond\"]}]},{\"@type\":\"WebPage\",\"@id\":\"https:\\\/\\\/super-news.info\\\/mx\\\/sismo-de-magnitud-2-2-remece-la-cdmx\\\/\",\"url\":\"https:\\\/\\\/super-news.info\\\/mx\\\/sismo-de-magnitud-2-2-remece-la-cdmx\\\/\",\"name\":\"Sismo de magnitud 2.2 remece la CDMX - Super News\",\"isPartOf\":{\"@id\":\"https:\\\/\\\/super-news.info\\\/mx\\\/#website\"},\"primaryImageOfPage\":{\"@id\":\"https:\\\/\\\/super-news.info\\\/mx\\\/sismo-de-magnitud-2-2-remece-la-cdmx\\\/#primaryimage\"},\"image\":{\"@id\":\"https:\\\/\\\/super-news.info\\\/mx\\\/sismo-de-magnitud-2-2-remece-la-cdmx\\\/#primaryimage\"},\"thumbnailUrl\":\"https:\\\/\\\/super-news.info\\\/mx\\\/wp-content\\\/uploads\\\/sites\\\/8\\\/2019\\\/07\\\/Sismo-de-magnitud-2.2-remece-la-CDMX.png\",\"datePublished\":\"2019-07-18T20:01:56+00:00\",\"dateModified\":\"2019-07-18T20:01:57+00:00\",\"author\":{\"@id\":\"https:\\\/\\\/super-news.info\\\/mx\\\/#\\\/schema\\\/person\\\/74b71ca3d407439fd57da2d9c89449ca\"},\"breadcrumb\":{\"@id\":\"https:\\\/\\\/super-news.info\\\/mx\\\/sismo-de-magnitud-2-2-remece-la-cdmx\\\/#breadcrumb\"},\"inLanguage\":\"es\",\"potentialAction\":[{\"@type\":\"ReadAction\",\"target\":[\"https:\\\/\\\/super-news.info\\\/mx\\\/sismo-de-magnitud-2-2-remece-la-cdmx\\\/\"]}]},{\"@type\":\"ImageObject\",\"inLanguage\":\"es\",\"@id\":\"https:\\\/\\\/super-news.info\\\/mx\\\/sismo-de-magnitud-2-2-remece-la-cdmx\\\/#primaryimage\",\"url\":\"https:\\\/\\\/super-news.info\\\/mx\\\/wp-content\\\/uploads\\\/sites\\\/8\\\/2019\\\/07\\\/Sismo-de-magnitud-2.2-remece-la-CDMX.png\",\"contentUrl\":\"https:\\\/\\\/super-news.info\\\/mx\\\/wp-content\\\/uploads\\\/sites\\\/8\\\/2019\\\/07\\\/Sismo-de-magnitud-2.2-remece-la-CDMX.png\",\"width\":949,\"height\":533,\"caption\":\"Sismo de magnitud 2.2 este jueves.\"},{\"@type\":\"BreadcrumbList\",\"@id\":\"https:\\\/\\\/super-news.info\\\/mx\\\/sismo-de-magnitud-2-2-remece-la-cdmx\\\/#breadcrumb\",\"itemListElement\":[{\"@type\":\"ListItem\",\"position\":1,\"name\":\"Home\",\"item\":\"https:\\\/\\\/super-news.info\\\/mx\\\/\"},{\"@type\":\"ListItem\",\"position\":2,\"name\":\"Sismo de magnitud 2.2 remece la CDMX\"}]},{\"@type\":\"WebSite\",\"@id\":\"https:\\\/\\\/super-news.info\\\/mx\\\/#website\",\"url\":\"https:\\\/\\\/super-news.info\\\/mx\\\/\",\"name\":\"Super News\",\"description\":\"Super News Mexico\",\"potentialAction\":[{\"@type\":\"SearchAction\",\"target\":{\"@type\":\"EntryPoint\",\"urlTemplate\":\"https:\\\/\\\/super-news.info\\\/mx\\\/?s={search_term_string}\"},\"query-input\":{\"@type\":\"PropertyValueSpecification\",\"valueRequired\":true,\"valueName\":\"search_term_string\"}}],\"inLanguage\":\"es\"},{\"@type\":\"Person\",\"@id\":\"https:\\\/\\\/super-news.info\\\/mx\\\/#\\\/schema\\\/person\\\/74b71ca3d407439fd57da2d9c89449ca\",\"name\":\"mx\",\"image\":{\"@type\":\"ImageObject\",\"inLanguage\":\"es\",\"@id\":\"https:\\\/\\\/secure.gravatar.com\\\/avatar\\\/6374ac65ff69c362a0ae1303d73d69dcd9bd198d62d9861f054a69aaf82c017b?s=96&d=mm&r=g\",\"url\":\"https:\\\/\\\/secure.gravatar.com\\\/avatar\\\/6374ac65ff69c362a0ae1303d73d69dcd9bd198d62d9861f054a69aaf82c017b?s=96&d=mm&r=g\",\"contentUrl\":\"https:\\\/\\\/secure.gravatar.com\\\/avatar\\\/6374ac65ff69c362a0ae1303d73d69dcd9bd198d62d9861f054a69aaf82c017b?s=96&d=mm&r=g\",\"caption\":\"mx\"},\"url\":\"https:\\\/\\\/super-news.info\\\/mx\\\/author\\\/mx\\\/\"}]}<\/script>\n<!-- \/ Yoast SEO plugin. -->","yoast_head_json":{"title":"Sismo de magnitud 2.2 remece la CDMX - Super News","robots":{"index":"index","follow":"follow","max-snippet":"max-snippet:-1","max-image-preview":"max-image-preview:large","max-video-preview":"max-video-preview:-1"},"canonical":"https:\/\/super-news.info\/mx\/sismo-de-magnitud-2-2-remece-la-cdmx\/","og_locale":"es_MX","og_type":"article","og_title":"Sismo de magnitud 2.2 remece la CDMX - Super News","og_description":"[ad_1] Un sismo de magnitud 2.2 remeci\u00f3 la Ciudad de M\u00e9xico este jueves. De acuerdo con el Servicio Sismol\u00f3gico Nacional, el epicentro se ubic\u00f3 a 2 kil\u00f3metros al noroeste de \u00c1lvaro Obreg\u00f3n, en la capital, a las 13:54 horas. Sismo de magnitud 2.2 este jueves.Google Maps Desde el viernes 12 de julio, diversos sismos de [&hellip;]","og_url":"https:\/\/super-news.info\/mx\/sismo-de-magnitud-2-2-remece-la-cdmx\/","og_site_name":"Super News","article_published_time":"2019-07-18T20:01:56+00:00","article_modified_time":"2019-07-18T20:01:57+00:00","og_image":[{"width":949,"height":533,"url":"https:\/\/super-news.info\/mx\/wp-content\/uploads\/sites\/8\/2019\/07\/Sismo-de-magnitud-2.2-remece-la-CDMX.png","type":"image\/png"}],"author":"mx","twitter_card":"summary_large_image","twitter_misc":{"Escrito por":"mx","Tiempo de lectura":"1 minuto"},"schema":{"@context":"https:\/\/schema.org","@graph":[{"@type":"Article","@id":"https:\/\/super-news.info\/mx\/sismo-de-magnitud-2-2-remece-la-cdmx\/#article","isPartOf":{"@id":"https:\/\/super-news.info\/mx\/sismo-de-magnitud-2-2-remece-la-cdmx\/"},"author":{"name":"mx","@id":"https:\/\/super-news.info\/mx\/#\/schema\/person\/74b71ca3d407439fd57da2d9c89449ca"},"headline":"Sismo de magnitud 2.2 remece la CDMX","datePublished":"2019-07-18T20:01:56+00:00","dateModified":"2019-07-18T20:01:57+00:00","mainEntityOfPage":{"@id":"https:\/\/super-news.info\/mx\/sismo-de-magnitud-2-2-remece-la-cdmx\/"},"wordCount":212,"commentCount":0,"image":{"@id":"https:\/\/super-news.info\/mx\/sismo-de-magnitud-2-2-remece-la-cdmx\/#primaryimage"},"thumbnailUrl":"https:\/\/super-news.info\/mx\/wp-content\/uploads\/sites\/8\/2019\/07\/Sismo-de-magnitud-2.2-remece-la-CDMX.png","articleSection":["NOTICIAS FINANCIERAS"],"inLanguage":"es","potentialAction":[{"@type":"CommentAction","name":"Comment","target":["https:\/\/super-news.info\/mx\/sismo-de-magnitud-2-2-remece-la-cdmx\/#respond"]}]},{"@type":"WebPage","@id":"https:\/\/super-news.info\/mx\/sismo-de-magnitud-2-2-remece-la-cdmx\/","url":"https:\/\/super-news.info\/mx\/sismo-de-magnitud-2-2-remece-la-cdmx\/","name":"Sismo de magnitud 2.2 remece la CDMX - Super News","isPartOf":{"@id":"https:\/\/super-news.info\/mx\/#website"},"primaryImageOfPage":{"@id":"https:\/\/super-news.info\/mx\/sismo-de-magnitud-2-2-remece-la-cdmx\/#primaryimage"},"image":{"@id":"https:\/\/super-news.info\/mx\/sismo-de-magnitud-2-2-remece-la-cdmx\/#primaryimage"},"thumbnailUrl":"https:\/\/super-news.info\/mx\/wp-content\/uploads\/sites\/8\/2019\/07\/Sismo-de-magnitud-2.2-remece-la-CDMX.png","datePublished":"2019-07-18T20:01:56+00:00","dateModified":"2019-07-18T20:01:57+00:00","author":{"@id":"https:\/\/super-news.info\/mx\/#\/schema\/person\/74b71ca3d407439fd57da2d9c89449ca"},"breadcrumb":{"@id":"https:\/\/super-news.info\/mx\/sismo-de-magnitud-2-2-remece-la-cdmx\/#breadcrumb"},"inLanguage":"es","potentialAction":[{"@type":"ReadAction","target":["https:\/\/super-news.info\/mx\/sismo-de-magnitud-2-2-remece-la-cdmx\/"]}]},{"@type":"ImageObject","inLanguage":"es","@id":"https:\/\/super-news.info\/mx\/sismo-de-magnitud-2-2-remece-la-cdmx\/#primaryimage","url":"https:\/\/super-news.info\/mx\/wp-content\/uploads\/sites\/8\/2019\/07\/Sismo-de-magnitud-2.2-remece-la-CDMX.png","contentUrl":"https:\/\/super-news.info\/mx\/wp-content\/uploads\/sites\/8\/2019\/07\/Sismo-de-magnitud-2.2-remece-la-CDMX.png","width":949,"height":533,"caption":"Sismo de magnitud 2.2 este jueves."},{"@type":"BreadcrumbList","@id":"https:\/\/super-news.info\/mx\/sismo-de-magnitud-2-2-remece-la-cdmx\/#breadcrumb","itemListElement":[{"@type":"ListItem","position":1,"name":"Home","item":"https:\/\/super-news.info\/mx\/"},{"@type":"ListItem","position":2,"name":"Sismo de magnitud 2.2 remece la CDMX"}]},{"@type":"WebSite","@id":"https:\/\/super-news.info\/mx\/#website","url":"https:\/\/super-news.info\/mx\/","name":"Super News","description":"Super News Mexico","potentialAction":[{"@type":"SearchAction","target":{"@type":"EntryPoint","urlTemplate":"https:\/\/super-news.info\/mx\/?s={search_term_string}"},"query-input":{"@type":"PropertyValueSpecification","valueRequired":true,"valueName":"search_term_string"}}],"inLanguage":"es"},{"@type":"Person","@id":"https:\/\/super-news.info\/mx\/#\/schema\/person\/74b71ca3d407439fd57da2d9c89449ca","name":"mx","image":{"@type":"ImageObject","inLanguage":"es","@id":"https:\/\/secure.gravatar.com\/avatar\/6374ac65ff69c362a0ae1303d73d69dcd9bd198d62d9861f054a69aaf82c017b?s=96&d=mm&r=g","url":"https:\/\/secure.gravatar.com\/avatar\/6374ac65ff69c362a0ae1303d73d69dcd9bd198d62d9861f054a69aaf82c017b?s=96&d=mm&r=g","contentUrl":"https:\/\/secure.gravatar.com\/avatar\/6374ac65ff69c362a0ae1303d73d69dcd9bd198d62d9861f054a69aaf82c017b?s=96&d=mm&r=g","caption":"mx"},"url":"https:\/\/super-news.info\/mx\/author\/mx\/"}]}},"_links":{"self":[{"href":"https:\/\/super-news.info\/mx\/wp-json\/wp\/v2\/posts\/2511","targetHints":{"allow":["GET"]}}],"collection":[{"href":"https:\/\/super-news.info\/mx\/wp-json\/wp\/v2\/posts"}],"about":[{"href":"https:\/\/super-news.info\/mx\/wp-json\/wp\/v2\/types\/post"}],"author":[{"embeddable":true,"href":"https:\/\/super-news.info\/mx\/wp-json\/wp\/v2\/users\/3"}],"replies":[{"embeddable":true,"href":"https:\/\/super-news.info\/mx\/wp-json\/wp\/v2\/comments?post=2511"}],"version-history":[{"count":1,"href":"https:\/\/super-news.info\/mx\/wp-json\/wp\/v2\/posts\/2511\/revisions"}],"predecessor-version":[{"id":2513,"href":"https:\/\/super-news.info\/mx\/wp-json\/wp\/v2\/posts\/2511\/revisions\/2513"}],"wp:featuredmedia":[{"embeddable":true,"href":"https:\/\/super-news.info\/mx\/wp-json\/wp\/v2\/media\/2512"}],"wp:attachment":[{"href":"https:\/\/super-news.info\/mx\/wp-json\/wp\/v2\/media?parent=2511"}],"wp:term":[{"taxonomy":"category","embeddable":true,"href":"https:\/\/super-news.info\/mx\/wp-json\/wp\/v2\/categories?post=2511"},{"taxonomy":"post_tag","embeddable":true,"href":"https:\/\/super-news.info\/mx\/wp-json\/wp\/v2\/tags?post=2511"}],"curies":[{"name":"wp","href":"https:\/\/api.w.org\/{rel}","templated":true}]}}