{"id":2506,"date":"2019-07-18T16:49:37","date_gmt":"2019-07-18T16:49:37","guid":{"rendered":"https:\/\/super-news.info\/mx\/asi-las-cosas\/"},"modified":"2019-07-18T16:49:37","modified_gmt":"2019-07-18T16:49:37","slug":"asi-las-cosas","status":"publish","type":"post","link":"https:\/\/super-news.info\/mx\/asi-las-cosas\/","title":{"rendered":"As\u00ed las cosas\u2026"},"content":{"rendered":"<p> [ad_1]<br \/>\n<\/p>\n<div class=\"image__block -side\">\n<figure><\/figure>\n<p><span class=\"element__footer\">Gabriela Siller Pagaza.<\/span><span class=\"element__credit\">Fuente: Cortes\u00eda<\/span><\/div>\n<p class=\"paragraph\" data-count=\"637\" data-wrap=\"100\">Los datos de actividad industrial en M\u00e9xico correspondientes a mayo y publicados al cierre de la semana pasada, pintan un panorama desfavorable para el crecimiento econ\u00f3mico del segundo trimestre. Los cuatro componentes de las<strong> actividades secundarias <\/strong>mostraron retrocesos a tasa mensual, sorprendiendo la construcci\u00f3n, que se contrajo a una tasa mensual de 6.2 por ciento, mientras que la manufactura se contrajo por primera vez en el a\u00f1o. En conjunto, el indicador de actividad industrial mostr\u00f3 una contracci\u00f3n mensual de 2.1 por ciento, siendo la m\u00e1s profunda desde enero de 2009, cuando la gran recesi\u00f3n ten\u00eda varios meses en curso. <\/p>\n<p class=\"paragraph\" data-count=\"241\" data-wrap=\"40\">La contracci\u00f3n de la actividad industrial de mayo incrementa la probabilidad de una <strong>baja en el PIB en el segundo trimestre, <\/strong>lo cual llevar\u00eda a cumplirse la definici\u00f3n t\u00e9cnica de recesi\u00f3n, con dos trimestres consecutivos con ca\u00eddas en el PIB.<\/p>\n<p class=\"paragraph\" data-count=\"328\" data-wrap=\"53\">Cabe recordar que los indicadores de<strong> actividad industrial <\/strong>se mueven paralelos al crecimiento del PIB secundario por lo que, al tener datos para dos de los tres meses correspondientes al segundo trimestre, resulta m\u00e1s f\u00e1cil (y acertado) pronosticar el crecimiento de ese sector, que representa el 30 por ciento del PIB de M\u00e9xico.<\/p>\n<p class=\"paragraph\" data-count=\"679\" data-wrap=\"121\">Tomando en cuenta que el \u00edndice de actividad industrial creci\u00f3 a una tasa mensual de 1.4 por ciento en abril y se contrajo a una <strong>tasa mensual de 2.1 por ciento en mayo,<\/strong> ser\u00eda necesario que en junio se observara un crecimiento mensual cercano a dos por ciento para que en el segundo trimestre, el crecimiento del sector industrial sea igual a 0 por ciento. Es decir, se necesitar\u00eda que en junio este sector mostrar\u00e1 el mayor repunte mensual desde julio de 2009, cuando la econom\u00eda estaba entrando en etapa de recuperaci\u00f3n, para que no muestre una ca\u00edda trimestral. A estos datos se agrega la<strong> destrucci\u00f3n de empleo en junio,<\/strong> pues <strong>se perdieron 14 mil 244 empleos de acuerdo al IMSS.<\/strong><\/p>\n<p class=\"paragraph\" data-count=\"187\" data-wrap=\"35\">Considerando lo anterior, se puede decir que el crecimiento del PIB del segundo trimestre depende de lo que se reporte en el IGAE, para el sector servicios, en los meses de mayo y junio. <\/p>\n<p class=\"paragraph\" data-count=\"515\" data-wrap=\"90\">1.- <strong>Escenario central. <\/strong>Asumiendo que la actividad industrial mostr\u00f3 una contracci\u00f3n trimestral de 0.5 por ciento, pero que el sector servicios se recuper\u00f3 en los meses de mayo y junio, se estima que durante el segundo trimestre la actividad econ\u00f3mica se expandi\u00f3 a una tasa trimestral de 0.2 por ciento y una tasa anual de 0.8 por ciento, quedando crecimientos anuales de 0.5 por ciento para el tercer trimestre y 0.8 por ciento en el cuarto trimestre, y una estimaci\u00f3n de crecimiento de 0.6 por ciento para 2019.  <\/p>\n<p class=\"paragraph\" data-count=\"141\" data-wrap=\"23\">Sin embargo, la evidencia m\u00e1s reciente sobre la destrucci\u00f3n de empleos, apunta a que el sector servicios se debilit\u00f3 en lugar de recuperarse.<\/p>\n<p class=\"paragraph\" data-count=\"227\" data-wrap=\"41\">2.- <strong>Escenario pesimista.<\/strong> Tomando en cuenta que el 60 por ciento del empleo formal pertenece al sector servicios, se estima que el crecimiento del sector pudo ser cercano a una tasa mensual de 0 por ciento durante mayo y junio. <\/p>\n<p class=\"paragraph\" data-count=\"377\" data-wrap=\"66\">Con lo anterior, el escenario pesimista del segundo trimestre contempla que la econom\u00eda probablemente se contrajo a una<strong> tasa trimestral de 0.4 por ciento <\/strong>y que creci\u00f3 a una tasa anual de 0.1 por ciento, quedando crecimientos anuales de -0.1 por ciento en el tercer trimestre y 0.2 por ciento en el cuarto trimestre, y una estimaci\u00f3n de crecimiento de 0.1 por ciento para 2019. <\/p>\n<p class=\"paragraph\" data-count=\"314\" data-wrap=\"54\">Debido a que la destrucci\u00f3n de empleo es un buen predictor de una contracci\u00f3n de la actividad econ\u00f3mica, es m\u00e1s probable que las estad\u00edsticas que se publiquen a finales de mes se inclinen hacia el escenario pesimista, es decir, que s\u00ed se confirme una recesi\u00f3n con una segunda ca\u00edda consecutiva del PIB trimestral. <\/p>\n<p class=\"paragraph\" data-count=\"104\" data-wrap=\"19\"><em>La autora es economista en Jefe de Grupo Financiero BASE y profesora de econom\u00eda en el Tec de Monterrey.<\/em><\/p>\n<p class=\"paragraph\" data-count=\"34\" data-wrap=\"3\">Opine usted: gsiller@bancobase.com<\/p>\n<p class=\"paragraph\" data-count=\"178\" data-wrap=\"27\"><strong>Esta es una columna de opini\u00f3n. Las expresiones aqu\u00ed vertidas son responsabilidad \u00fanicamente de quien la firma y no necesariamente reflejan la postura editorial de El Financiero.<\/strong><\/p>\n<p>[ad_2]<br \/>\n<br \/><a href=\"https:\/\/www.elfinanciero.com.mx\/rss\/monterrey\/asi-las-cosas\">Source link <\/a><\/p>\n","protected":false},"excerpt":{"rendered":"<p>[ad_1] Gabriela Siller Pagaza.Fuente: Cortes\u00eda Los datos de actividad industrial en M\u00e9xico correspondientes a mayo y publicados al cierre de la semana pasada, pintan un panorama desfavorable para el crecimiento econ\u00f3mico del segundo trimestre. Los cuatro componentes de las actividades secundarias mostraron retrocesos a tasa mensual, sorprendiendo la construcci\u00f3n, que se contrajo a una tasa [&hellip;]<\/p>\n","protected":false},"author":3,"featured_media":382,"comment_status":"open","ping_status":"open","sticky":false,"template":"","format":"standard","meta":{"footnotes":""},"categories":[1],"tags":[],"class_list":["post-2506","post","type-post","status-publish","format-standard","has-post-thumbnail","hentry","category-noticias-financieras"],"yoast_head":"<!-- This site is optimized with the Yoast SEO plugin v27.4 - https:\/\/yoast.com\/product\/yoast-seo-wordpress\/ -->\n<title>As\u00ed las cosas\u2026 - Super News<\/title>\n<meta name=\"robots\" content=\"index, follow, max-snippet:-1, max-image-preview:large, max-video-preview:-1\" \/>\n<link rel=\"canonical\" href=\"https:\/\/super-news.info\/mx\/asi-las-cosas\/\" \/>\n<meta property=\"og:locale\" content=\"es_MX\" \/>\n<meta property=\"og:type\" content=\"article\" \/>\n<meta property=\"og:title\" content=\"As\u00ed las cosas\u2026 - Super News\" \/>\n<meta property=\"og:description\" content=\"[ad_1] Gabriela Siller Pagaza.Fuente: Cortes\u00eda Los datos de actividad industrial en M\u00e9xico correspondientes a mayo y publicados al cierre de la semana pasada, pintan un panorama desfavorable para el crecimiento econ\u00f3mico del segundo trimestre. Los cuatro componentes de las actividades secundarias mostraron retrocesos a tasa mensual, sorprendiendo la construcci\u00f3n, que se contrajo a una tasa [&hellip;]\" \/>\n<meta property=\"og:url\" content=\"https:\/\/super-news.info\/mx\/asi-las-cosas\/\" \/>\n<meta property=\"og:site_name\" content=\"Super News\" \/>\n<meta property=\"article:published_time\" content=\"2019-07-18T16:49:37+00:00\" \/>\n<meta property=\"og:image\" content=\"https:\/\/super-news.info\/mx\/wp-content\/uploads\/sites\/8\/2019\/05\/Tipo-de-cambio-crecimiento-y-proteccionismo.jpeg\" \/>\n\t<meta property=\"og:image:width\" content=\"1776\" \/>\n\t<meta property=\"og:image:height\" content=\"1000\" \/>\n\t<meta property=\"og:image:type\" content=\"image\/jpeg\" \/>\n<meta name=\"author\" content=\"mx\" \/>\n<meta name=\"twitter:card\" content=\"summary_large_image\" \/>\n<meta name=\"twitter:label1\" content=\"Escrito por\" \/>\n\t<meta name=\"twitter:data1\" content=\"mx\" \/>\n\t<meta name=\"twitter:label2\" content=\"Tiempo de lectura\" \/>\n\t<meta name=\"twitter:data2\" content=\"3 minutos\" \/>\n<script type=\"application\/ld+json\" class=\"yoast-schema-graph\">{\"@context\":\"https:\\\/\\\/schema.org\",\"@graph\":[{\"@type\":\"Article\",\"@id\":\"https:\\\/\\\/super-news.info\\\/mx\\\/asi-las-cosas\\\/#article\",\"isPartOf\":{\"@id\":\"https:\\\/\\\/super-news.info\\\/mx\\\/asi-las-cosas\\\/\"},\"author\":{\"name\":\"mx\",\"@id\":\"https:\\\/\\\/super-news.info\\\/mx\\\/#\\\/schema\\\/person\\\/74b71ca3d407439fd57da2d9c89449ca\"},\"headline\":\"As\u00ed las cosas\u2026\",\"datePublished\":\"2019-07-18T16:49:37+00:00\",\"mainEntityOfPage\":{\"@id\":\"https:\\\/\\\/super-news.info\\\/mx\\\/asi-las-cosas\\\/\"},\"wordCount\":695,\"commentCount\":0,\"image\":{\"@id\":\"https:\\\/\\\/super-news.info\\\/mx\\\/asi-las-cosas\\\/#primaryimage\"},\"thumbnailUrl\":\"https:\\\/\\\/super-news.info\\\/mx\\\/wp-content\\\/uploads\\\/sites\\\/8\\\/2019\\\/05\\\/Tipo-de-cambio-crecimiento-y-proteccionismo.jpeg\",\"articleSection\":[\"NOTICIAS FINANCIERAS\"],\"inLanguage\":\"es\",\"potentialAction\":[{\"@type\":\"CommentAction\",\"name\":\"Comment\",\"target\":[\"https:\\\/\\\/super-news.info\\\/mx\\\/asi-las-cosas\\\/#respond\"]}]},{\"@type\":\"WebPage\",\"@id\":\"https:\\\/\\\/super-news.info\\\/mx\\\/asi-las-cosas\\\/\",\"url\":\"https:\\\/\\\/super-news.info\\\/mx\\\/asi-las-cosas\\\/\",\"name\":\"As\u00ed las cosas\u2026 - Super News\",\"isPartOf\":{\"@id\":\"https:\\\/\\\/super-news.info\\\/mx\\\/#website\"},\"primaryImageOfPage\":{\"@id\":\"https:\\\/\\\/super-news.info\\\/mx\\\/asi-las-cosas\\\/#primaryimage\"},\"image\":{\"@id\":\"https:\\\/\\\/super-news.info\\\/mx\\\/asi-las-cosas\\\/#primaryimage\"},\"thumbnailUrl\":\"https:\\\/\\\/super-news.info\\\/mx\\\/wp-content\\\/uploads\\\/sites\\\/8\\\/2019\\\/05\\\/Tipo-de-cambio-crecimiento-y-proteccionismo.jpeg\",\"datePublished\":\"2019-07-18T16:49:37+00:00\",\"author\":{\"@id\":\"https:\\\/\\\/super-news.info\\\/mx\\\/#\\\/schema\\\/person\\\/74b71ca3d407439fd57da2d9c89449ca\"},\"breadcrumb\":{\"@id\":\"https:\\\/\\\/super-news.info\\\/mx\\\/asi-las-cosas\\\/#breadcrumb\"},\"inLanguage\":\"es\",\"potentialAction\":[{\"@type\":\"ReadAction\",\"target\":[\"https:\\\/\\\/super-news.info\\\/mx\\\/asi-las-cosas\\\/\"]}]},{\"@type\":\"ImageObject\",\"inLanguage\":\"es\",\"@id\":\"https:\\\/\\\/super-news.info\\\/mx\\\/asi-las-cosas\\\/#primaryimage\",\"url\":\"https:\\\/\\\/super-news.info\\\/mx\\\/wp-content\\\/uploads\\\/sites\\\/8\\\/2019\\\/05\\\/Tipo-de-cambio-crecimiento-y-proteccionismo.jpeg\",\"contentUrl\":\"https:\\\/\\\/super-news.info\\\/mx\\\/wp-content\\\/uploads\\\/sites\\\/8\\\/2019\\\/05\\\/Tipo-de-cambio-crecimiento-y-proteccionismo.jpeg\",\"width\":1776,\"height\":1000,\"caption\":\"Gabriela Siller Pagaza.\"},{\"@type\":\"BreadcrumbList\",\"@id\":\"https:\\\/\\\/super-news.info\\\/mx\\\/asi-las-cosas\\\/#breadcrumb\",\"itemListElement\":[{\"@type\":\"ListItem\",\"position\":1,\"name\":\"Home\",\"item\":\"https:\\\/\\\/super-news.info\\\/mx\\\/\"},{\"@type\":\"ListItem\",\"position\":2,\"name\":\"As\u00ed las cosas\u2026\"}]},{\"@type\":\"WebSite\",\"@id\":\"https:\\\/\\\/super-news.info\\\/mx\\\/#website\",\"url\":\"https:\\\/\\\/super-news.info\\\/mx\\\/\",\"name\":\"Super News\",\"description\":\"Super News Mexico\",\"potentialAction\":[{\"@type\":\"SearchAction\",\"target\":{\"@type\":\"EntryPoint\",\"urlTemplate\":\"https:\\\/\\\/super-news.info\\\/mx\\\/?s={search_term_string}\"},\"query-input\":{\"@type\":\"PropertyValueSpecification\",\"valueRequired\":true,\"valueName\":\"search_term_string\"}}],\"inLanguage\":\"es\"},{\"@type\":\"Person\",\"@id\":\"https:\\\/\\\/super-news.info\\\/mx\\\/#\\\/schema\\\/person\\\/74b71ca3d407439fd57da2d9c89449ca\",\"name\":\"mx\",\"image\":{\"@type\":\"ImageObject\",\"inLanguage\":\"es\",\"@id\":\"https:\\\/\\\/secure.gravatar.com\\\/avatar\\\/6374ac65ff69c362a0ae1303d73d69dcd9bd198d62d9861f054a69aaf82c017b?s=96&d=mm&r=g\",\"url\":\"https:\\\/\\\/secure.gravatar.com\\\/avatar\\\/6374ac65ff69c362a0ae1303d73d69dcd9bd198d62d9861f054a69aaf82c017b?s=96&d=mm&r=g\",\"contentUrl\":\"https:\\\/\\\/secure.gravatar.com\\\/avatar\\\/6374ac65ff69c362a0ae1303d73d69dcd9bd198d62d9861f054a69aaf82c017b?s=96&d=mm&r=g\",\"caption\":\"mx\"},\"url\":\"https:\\\/\\\/super-news.info\\\/mx\\\/author\\\/mx\\\/\"}]}<\/script>\n<!-- \/ Yoast SEO plugin. -->","yoast_head_json":{"title":"As\u00ed las cosas\u2026 - Super News","robots":{"index":"index","follow":"follow","max-snippet":"max-snippet:-1","max-image-preview":"max-image-preview:large","max-video-preview":"max-video-preview:-1"},"canonical":"https:\/\/super-news.info\/mx\/asi-las-cosas\/","og_locale":"es_MX","og_type":"article","og_title":"As\u00ed las cosas\u2026 - Super News","og_description":"[ad_1] Gabriela Siller Pagaza.Fuente: Cortes\u00eda Los datos de actividad industrial en M\u00e9xico correspondientes a mayo y publicados al cierre de la semana pasada, pintan un panorama desfavorable para el crecimiento econ\u00f3mico del segundo trimestre. Los cuatro componentes de las actividades secundarias mostraron retrocesos a tasa mensual, sorprendiendo la construcci\u00f3n, que se contrajo a una tasa [&hellip;]","og_url":"https:\/\/super-news.info\/mx\/asi-las-cosas\/","og_site_name":"Super News","article_published_time":"2019-07-18T16:49:37+00:00","og_image":[{"width":1776,"height":1000,"url":"https:\/\/super-news.info\/mx\/wp-content\/uploads\/sites\/8\/2019\/05\/Tipo-de-cambio-crecimiento-y-proteccionismo.jpeg","type":"image\/jpeg"}],"author":"mx","twitter_card":"summary_large_image","twitter_misc":{"Escrito por":"mx","Tiempo de lectura":"3 minutos"},"schema":{"@context":"https:\/\/schema.org","@graph":[{"@type":"Article","@id":"https:\/\/super-news.info\/mx\/asi-las-cosas\/#article","isPartOf":{"@id":"https:\/\/super-news.info\/mx\/asi-las-cosas\/"},"author":{"name":"mx","@id":"https:\/\/super-news.info\/mx\/#\/schema\/person\/74b71ca3d407439fd57da2d9c89449ca"},"headline":"As\u00ed las cosas\u2026","datePublished":"2019-07-18T16:49:37+00:00","mainEntityOfPage":{"@id":"https:\/\/super-news.info\/mx\/asi-las-cosas\/"},"wordCount":695,"commentCount":0,"image":{"@id":"https:\/\/super-news.info\/mx\/asi-las-cosas\/#primaryimage"},"thumbnailUrl":"https:\/\/super-news.info\/mx\/wp-content\/uploads\/sites\/8\/2019\/05\/Tipo-de-cambio-crecimiento-y-proteccionismo.jpeg","articleSection":["NOTICIAS FINANCIERAS"],"inLanguage":"es","potentialAction":[{"@type":"CommentAction","name":"Comment","target":["https:\/\/super-news.info\/mx\/asi-las-cosas\/#respond"]}]},{"@type":"WebPage","@id":"https:\/\/super-news.info\/mx\/asi-las-cosas\/","url":"https:\/\/super-news.info\/mx\/asi-las-cosas\/","name":"As\u00ed las cosas\u2026 - Super News","isPartOf":{"@id":"https:\/\/super-news.info\/mx\/#website"},"primaryImageOfPage":{"@id":"https:\/\/super-news.info\/mx\/asi-las-cosas\/#primaryimage"},"image":{"@id":"https:\/\/super-news.info\/mx\/asi-las-cosas\/#primaryimage"},"thumbnailUrl":"https:\/\/super-news.info\/mx\/wp-content\/uploads\/sites\/8\/2019\/05\/Tipo-de-cambio-crecimiento-y-proteccionismo.jpeg","datePublished":"2019-07-18T16:49:37+00:00","author":{"@id":"https:\/\/super-news.info\/mx\/#\/schema\/person\/74b71ca3d407439fd57da2d9c89449ca"},"breadcrumb":{"@id":"https:\/\/super-news.info\/mx\/asi-las-cosas\/#breadcrumb"},"inLanguage":"es","potentialAction":[{"@type":"ReadAction","target":["https:\/\/super-news.info\/mx\/asi-las-cosas\/"]}]},{"@type":"ImageObject","inLanguage":"es","@id":"https:\/\/super-news.info\/mx\/asi-las-cosas\/#primaryimage","url":"https:\/\/super-news.info\/mx\/wp-content\/uploads\/sites\/8\/2019\/05\/Tipo-de-cambio-crecimiento-y-proteccionismo.jpeg","contentUrl":"https:\/\/super-news.info\/mx\/wp-content\/uploads\/sites\/8\/2019\/05\/Tipo-de-cambio-crecimiento-y-proteccionismo.jpeg","width":1776,"height":1000,"caption":"Gabriela Siller Pagaza."},{"@type":"BreadcrumbList","@id":"https:\/\/super-news.info\/mx\/asi-las-cosas\/#breadcrumb","itemListElement":[{"@type":"ListItem","position":1,"name":"Home","item":"https:\/\/super-news.info\/mx\/"},{"@type":"ListItem","position":2,"name":"As\u00ed las cosas\u2026"}]},{"@type":"WebSite","@id":"https:\/\/super-news.info\/mx\/#website","url":"https:\/\/super-news.info\/mx\/","name":"Super News","description":"Super News Mexico","potentialAction":[{"@type":"SearchAction","target":{"@type":"EntryPoint","urlTemplate":"https:\/\/super-news.info\/mx\/?s={search_term_string}"},"query-input":{"@type":"PropertyValueSpecification","valueRequired":true,"valueName":"search_term_string"}}],"inLanguage":"es"},{"@type":"Person","@id":"https:\/\/super-news.info\/mx\/#\/schema\/person\/74b71ca3d407439fd57da2d9c89449ca","name":"mx","image":{"@type":"ImageObject","inLanguage":"es","@id":"https:\/\/secure.gravatar.com\/avatar\/6374ac65ff69c362a0ae1303d73d69dcd9bd198d62d9861f054a69aaf82c017b?s=96&d=mm&r=g","url":"https:\/\/secure.gravatar.com\/avatar\/6374ac65ff69c362a0ae1303d73d69dcd9bd198d62d9861f054a69aaf82c017b?s=96&d=mm&r=g","contentUrl":"https:\/\/secure.gravatar.com\/avatar\/6374ac65ff69c362a0ae1303d73d69dcd9bd198d62d9861f054a69aaf82c017b?s=96&d=mm&r=g","caption":"mx"},"url":"https:\/\/super-news.info\/mx\/author\/mx\/"}]}},"_links":{"self":[{"href":"https:\/\/super-news.info\/mx\/wp-json\/wp\/v2\/posts\/2506","targetHints":{"allow":["GET"]}}],"collection":[{"href":"https:\/\/super-news.info\/mx\/wp-json\/wp\/v2\/posts"}],"about":[{"href":"https:\/\/super-news.info\/mx\/wp-json\/wp\/v2\/types\/post"}],"author":[{"embeddable":true,"href":"https:\/\/super-news.info\/mx\/wp-json\/wp\/v2\/users\/3"}],"replies":[{"embeddable":true,"href":"https:\/\/super-news.info\/mx\/wp-json\/wp\/v2\/comments?post=2506"}],"version-history":[{"count":1,"href":"https:\/\/super-news.info\/mx\/wp-json\/wp\/v2\/posts\/2506\/revisions"}],"predecessor-version":[{"id":2507,"href":"https:\/\/super-news.info\/mx\/wp-json\/wp\/v2\/posts\/2506\/revisions\/2507"}],"wp:featuredmedia":[{"embeddable":true,"href":"https:\/\/super-news.info\/mx\/wp-json\/wp\/v2\/media\/382"}],"wp:attachment":[{"href":"https:\/\/super-news.info\/mx\/wp-json\/wp\/v2\/media?parent=2506"}],"wp:term":[{"taxonomy":"category","embeddable":true,"href":"https:\/\/super-news.info\/mx\/wp-json\/wp\/v2\/categories?post=2506"},{"taxonomy":"post_tag","embeddable":true,"href":"https:\/\/super-news.info\/mx\/wp-json\/wp\/v2\/tags?post=2506"}],"curies":[{"name":"wp","href":"https:\/\/api.w.org\/{rel}","templated":true}]}}