{"id":2504,"date":"2019-07-18T16:02:13","date_gmt":"2019-07-18T16:02:13","guid":{"rendered":"https:\/\/super-news.info\/mx\/el-gran-reto-de-amlo-tres-anos-para-la-transformacion-de-la-industria-energetica\/"},"modified":"2019-07-18T16:02:14","modified_gmt":"2019-07-18T16:02:14","slug":"el-gran-reto-de-amlo-tres-anos-para-la-transformacion-de-la-industria-energetica","status":"publish","type":"post","link":"https:\/\/super-news.info\/mx\/el-gran-reto-de-amlo-tres-anos-para-la-transformacion-de-la-industria-energetica\/","title":{"rendered":"El gran reto de AMLO, tres a\u00f1os para la transformaci\u00f3n de la Industria Energ\u00e9tica"},"content":{"rendered":"<p> [ad_1]<br \/>\n<\/p>\n<div class=\"image__block -side\">\n<figure><\/figure>\n<p><span class=\"element__footer\">Luis Gonz\u00e1lez Villarreal<\/span><span class=\"element__credit\">Fuente: Cortes\u00eda<\/span><\/div>\n<p class=\"paragraph\" data-count=\"789\" data-wrap=\"133\">Estimado lector, el actual gobierno de Andr\u00e9s Manuel L\u00f3pez Obrador ( <strong>AMLO<\/strong> ), ha sido muy firme en su apuesta en la reactivaci\u00f3n de PEMEX en la extracci\u00f3n de petr\u00f3leo, la puesta al 100 por ciento en la operaci\u00f3n de todas las refiner\u00edas y la construcci\u00f3n de otra nueva, la de Dos Bocas, a pesar de ser una gran inversi\u00f3n de recurso, y que las calificadoras lo tomen como un <strong>riesgo alto, <\/strong>es su proyecto es bandera, que de alcanzarse este reto, dejaremos la gran dependencia de proveedur\u00eda internacional para satisfacer por completo nuestras necesidades de suministro de gasolinas y di\u00e9sel, con todo el producto refinado en el territorio nacional. Con el cual, si las condiciones son \u00f3ptimas, empezaremos a obtener los beneficios a partir del tercer a\u00f1o de haberse realizado estas inversiones.<\/p>\n<p class=\"paragraph\" data-count=\"359\" data-wrap=\"57\">Pero ante todo cambio, surgen m\u00faltiples inquietudes y preguntas como: <strong>\u00bfPor qu\u00e9 es tan costoso?<\/strong> \u00bfCu\u00e1l es el proceso de refinaci\u00f3n y extracci\u00f3n que se dej\u00f3 de invertir en pasadas administraciones? \u00bfPor qu\u00e9 se llevar\u00e1 tanto tiempo? \u00bfPor qu\u00e9 ahora es tan importante reactivar Pemex? \u00bfValdr\u00e1 la pena todo este esfuerzo? \u00bfTendremos mejores precios de las gasolinas?<\/p>\n<p class=\"paragraph\" data-count=\"158\" data-wrap=\"22\">Cuando hablamos de petr\u00f3leo, de lo que realmente hablamos es de energ\u00eda, movimiento, dinamismo, oportunidad de crecimiento y de grandes beneficios econ\u00f3micos.<\/p>\n<p class=\"paragraph\" data-count=\"255\" data-wrap=\"42\">El petr\u00f3leo es un<strong> \u00e1tomo de hidr\u00f3geno y carbono,<\/strong> que se encuentra en estado l\u00edquido y gaseoso como el gas natural (metano). Que es el producto resultante de material org\u00e1nico que se descompuso tras millones de a\u00f1os, quedando atrapado en capas impermeables.<\/p>\n<p class=\"paragraph\" data-count=\"574\" data-wrap=\"103\">Existen distintos pasos para llegar a la extracci\u00f3n de crudo, empezamos con su exploraci\u00f3n, que es la b\u00fasqueda del petr\u00f3leo, que en conjunto de una s\u00edsmica, los cuales son sonares en el mar y en tierra a base de peque\u00f1as detonaciones, crean una imagen de las capas geol\u00f3gicas, de ah\u00ed se contin\u00faa con la perforaci\u00f3n en la cual se determina si hay o no hidrocarburos, y de ah\u00ed se sigue con la<strong> producci\u00f3n del crudo, <\/strong>si el volumen encontrado es el suficiente, entonces ya se inicia con la extracci\u00f3n de crudo y gas natural. Por \u00faltimo, se purifica y transporta a las refiner\u00edas.<\/p>\n<p class=\"paragraph\" data-count=\"591\" data-wrap=\"100\">El proceso de refinaci\u00f3n, dependiendo de qu\u00e9 tan pesado o ligero es el crudo, genera los tipos de productos que se van a obtener en mayor o menor cantidad, los usuarios finales estamos m\u00e1s familiarizados con las gasolinas y el di\u00e9sel, pero son muchos otros productos que se obtienen, como es el caso del asfalto. La refinaci\u00f3n es un proceso de calentamiento del crudo a trav\u00e9s de hornos hasta <strong>alcanzar la temperatura de destilaci\u00f3n<\/strong>, en el que los productos livianos como el propano y el butano suben y cada uno encuentra a su temperatura de condensaci\u00f3n recolect\u00e1ndose en distintas bandejas.<\/p>\n<p class=\"paragraph\" data-count=\"726\" data-wrap=\"110\">Este proceso, desde encontrar los yacimientos, la reactivaci\u00f3n de las refiner\u00edas hasta la construcci\u00f3n y puesta en marcha de<strong> Dos Bocas<\/strong>, ocupar\u00e1 grandes cantidades de personal, de equipos de alta tecnolog\u00eda que le permitir\u00e1n a M\u00e9xico toda vez que se comercialicen obtener grandes recursos, mismos que deber\u00e1n ser bien invertidos en proyectos nacionales que conciban empleo, impulsen la industria nacional y por consecuencia mejoren la vida de todos los mexicanos, claro sin cometer los errores de las administraciones pasadas, en los que todos los recursos generados por el petr\u00f3leo fueron mal utilizados, olvidando<strong> reinvertir en la industria petrolera<\/strong>, pensando simplemente que era su caja chica y que funcionar\u00eda por siempre.<\/p>\n<p class=\"paragraph\" data-count=\"461\" data-wrap=\"75\">Llevar la producci\u00f3n nacional al 100 por ciento y dejar la importaci\u00f3n, podr\u00e1 justificar al actual gobierno el implementar una pol\u00edtica de precios fijos en las <strong>gasolinas y el di\u00e9sel de Pemex.<\/strong> Los precios van a ajustarse como lo ha propuesto AMLO conforme a la inflaci\u00f3n, en el tiempo de reactivaci\u00f3n petrolera, muy posiblemente los precios de los combustibles seguir\u00e1n fluctuando conforme a las variables internacionales, pero se esperan cambios en tres a\u00f1os.  <\/p>\n<p class=\"paragraph\" data-count=\"134\" data-wrap=\"28\">El reto es muy alto en el tiempo y el presupuesto con el que se cuenta para la construcci\u00f3n de la refiner\u00eda de dos bocas es muy justo.<\/p>\n<p class=\"paragraph\" data-count=\"164\" data-wrap=\"26\">Estimado lector \u00bfCree usted que valdr\u00e1 la pena el que AMLO tome todos estos retos y riesgos? o \u00bfEs mejor seguir dependiendo del suministro energ\u00e9tico internacional?<\/p>\n<p class=\"paragraph\" data-count=\"18\" data-wrap=\"3\">\u00a1Hasta la pr\u00f3xima!<\/p>\n<p class=\"paragraph\" data-count=\"219\" data-wrap=\"33\"><em>El autor es CEO de Petroland, ex Director General de Franquicias Pemex y constructor de Estaciones de Servicio. Tambi\u00e9n es Comercializador Autorizado de la CRE; miembro del PEI\/NACS y Consultor en Eficiencia Energ\u00e9tica.<\/em><\/p>\n<p class=\"paragraph\" data-count=\"38\" data-wrap=\"3\">Opine usted: lgonzalez@petrolandmx.com<\/p>\n<p class=\"paragraph\" data-count=\"178\" data-wrap=\"27\"><strong>Esta es una columna de opini\u00f3n. Las expresiones aqu\u00ed vertidas son responsabilidad \u00fanicamente de quien la firma y no necesariamente reflejan la postura editorial de El Financiero.<\/strong><\/p>\n<p>[ad_2]<br \/>\n<br \/><a href=\"https:\/\/www.elfinanciero.com.mx\/rss\/monterrey\/el-gran-reto-de-amlo-tres-anos-para-la-transformacion-de-la-industria-energetica\">Source link <\/a><\/p>\n","protected":false},"excerpt":{"rendered":"<p>[ad_1] Luis Gonz\u00e1lez VillarrealFuente: Cortes\u00eda Estimado lector, el actual gobierno de Andr\u00e9s Manuel L\u00f3pez Obrador ( AMLO ), ha sido muy firme en su apuesta en la reactivaci\u00f3n de PEMEX en la extracci\u00f3n de petr\u00f3leo, la puesta al 100 por ciento en la operaci\u00f3n de todas las refiner\u00edas y la construcci\u00f3n de otra nueva, la [&hellip;]<\/p>\n","protected":false},"author":3,"featured_media":753,"comment_status":"open","ping_status":"open","sticky":false,"template":"","format":"standard","meta":{"footnotes":""},"categories":[1],"tags":[],"class_list":["post-2504","post","type-post","status-publish","format-standard","has-post-thumbnail","hentry","category-noticias-financieras"],"yoast_head":"<!-- This site is optimized with the Yoast SEO plugin v27.4 - https:\/\/yoast.com\/product\/yoast-seo-wordpress\/ -->\n<title>El gran reto de AMLO, tres a\u00f1os para la transformaci\u00f3n de la Industria Energ\u00e9tica - Super News<\/title>\n<meta name=\"robots\" content=\"index, follow, max-snippet:-1, max-image-preview:large, max-video-preview:-1\" \/>\n<link rel=\"canonical\" href=\"https:\/\/super-news.info\/mx\/el-gran-reto-de-amlo-tres-anos-para-la-transformacion-de-la-industria-energetica\/\" \/>\n<meta property=\"og:locale\" content=\"es_MX\" \/>\n<meta property=\"og:type\" content=\"article\" \/>\n<meta property=\"og:title\" content=\"El gran reto de AMLO, tres a\u00f1os para la transformaci\u00f3n de la Industria Energ\u00e9tica - Super News\" \/>\n<meta property=\"og:description\" content=\"[ad_1] Luis Gonz\u00e1lez VillarrealFuente: Cortes\u00eda Estimado lector, el actual gobierno de Andr\u00e9s Manuel L\u00f3pez Obrador ( AMLO ), ha sido muy firme en su apuesta en la reactivaci\u00f3n de PEMEX en la extracci\u00f3n de petr\u00f3leo, la puesta al 100 por ciento en la operaci\u00f3n de todas las refiner\u00edas y la construcci\u00f3n de otra nueva, la [&hellip;]\" \/>\n<meta property=\"og:url\" content=\"https:\/\/super-news.info\/mx\/el-gran-reto-de-amlo-tres-anos-para-la-transformacion-de-la-industria-energetica\/\" \/>\n<meta property=\"og:site_name\" content=\"Super News\" \/>\n<meta property=\"article:published_time\" content=\"2019-07-18T16:02:13+00:00\" \/>\n<meta property=\"article:modified_time\" content=\"2019-07-18T16:02:14+00:00\" \/>\n<meta property=\"og:image\" content=\"https:\/\/super-news.info\/mx\/wp-content\/uploads\/sites\/8\/2019\/05\/Reactivaci\u00f3n-econ\u00f3mica-regional-y-las-inversiones-federales.jpeg\" \/>\n\t<meta property=\"og:image:width\" content=\"1776\" \/>\n\t<meta property=\"og:image:height\" content=\"1000\" \/>\n\t<meta property=\"og:image:type\" content=\"image\/jpeg\" \/>\n<meta name=\"author\" content=\"mx\" \/>\n<meta name=\"twitter:card\" content=\"summary_large_image\" \/>\n<meta name=\"twitter:label1\" content=\"Escrito por\" \/>\n\t<meta name=\"twitter:data1\" content=\"mx\" \/>\n\t<meta name=\"twitter:label2\" content=\"Tiempo de lectura\" \/>\n\t<meta name=\"twitter:data2\" content=\"4 minutos\" \/>\n<script type=\"application\/ld+json\" class=\"yoast-schema-graph\">{\"@context\":\"https:\\\/\\\/schema.org\",\"@graph\":[{\"@type\":\"Article\",\"@id\":\"https:\\\/\\\/super-news.info\\\/mx\\\/el-gran-reto-de-amlo-tres-anos-para-la-transformacion-de-la-industria-energetica\\\/#article\",\"isPartOf\":{\"@id\":\"https:\\\/\\\/super-news.info\\\/mx\\\/el-gran-reto-de-amlo-tres-anos-para-la-transformacion-de-la-industria-energetica\\\/\"},\"author\":{\"name\":\"mx\",\"@id\":\"https:\\\/\\\/super-news.info\\\/mx\\\/#\\\/schema\\\/person\\\/74b71ca3d407439fd57da2d9c89449ca\"},\"headline\":\"El gran reto de AMLO, tres a\u00f1os para la transformaci\u00f3n de la Industria Energ\u00e9tica\",\"datePublished\":\"2019-07-18T16:02:13+00:00\",\"dateModified\":\"2019-07-18T16:02:14+00:00\",\"mainEntityOfPage\":{\"@id\":\"https:\\\/\\\/super-news.info\\\/mx\\\/el-gran-reto-de-amlo-tres-anos-para-la-transformacion-de-la-industria-energetica\\\/\"},\"wordCount\":855,\"commentCount\":0,\"image\":{\"@id\":\"https:\\\/\\\/super-news.info\\\/mx\\\/el-gran-reto-de-amlo-tres-anos-para-la-transformacion-de-la-industria-energetica\\\/#primaryimage\"},\"thumbnailUrl\":\"https:\\\/\\\/super-news.info\\\/mx\\\/wp-content\\\/uploads\\\/sites\\\/8\\\/2019\\\/05\\\/Reactivaci\u00f3n-econ\u00f3mica-regional-y-las-inversiones-federales.jpeg\",\"articleSection\":[\"NOTICIAS FINANCIERAS\"],\"inLanguage\":\"es\",\"potentialAction\":[{\"@type\":\"CommentAction\",\"name\":\"Comment\",\"target\":[\"https:\\\/\\\/super-news.info\\\/mx\\\/el-gran-reto-de-amlo-tres-anos-para-la-transformacion-de-la-industria-energetica\\\/#respond\"]}]},{\"@type\":\"WebPage\",\"@id\":\"https:\\\/\\\/super-news.info\\\/mx\\\/el-gran-reto-de-amlo-tres-anos-para-la-transformacion-de-la-industria-energetica\\\/\",\"url\":\"https:\\\/\\\/super-news.info\\\/mx\\\/el-gran-reto-de-amlo-tres-anos-para-la-transformacion-de-la-industria-energetica\\\/\",\"name\":\"El gran reto de AMLO, tres a\u00f1os para la transformaci\u00f3n de la Industria Energ\u00e9tica - Super News\",\"isPartOf\":{\"@id\":\"https:\\\/\\\/super-news.info\\\/mx\\\/#website\"},\"primaryImageOfPage\":{\"@id\":\"https:\\\/\\\/super-news.info\\\/mx\\\/el-gran-reto-de-amlo-tres-anos-para-la-transformacion-de-la-industria-energetica\\\/#primaryimage\"},\"image\":{\"@id\":\"https:\\\/\\\/super-news.info\\\/mx\\\/el-gran-reto-de-amlo-tres-anos-para-la-transformacion-de-la-industria-energetica\\\/#primaryimage\"},\"thumbnailUrl\":\"https:\\\/\\\/super-news.info\\\/mx\\\/wp-content\\\/uploads\\\/sites\\\/8\\\/2019\\\/05\\\/Reactivaci\u00f3n-econ\u00f3mica-regional-y-las-inversiones-federales.jpeg\",\"datePublished\":\"2019-07-18T16:02:13+00:00\",\"dateModified\":\"2019-07-18T16:02:14+00:00\",\"author\":{\"@id\":\"https:\\\/\\\/super-news.info\\\/mx\\\/#\\\/schema\\\/person\\\/74b71ca3d407439fd57da2d9c89449ca\"},\"breadcrumb\":{\"@id\":\"https:\\\/\\\/super-news.info\\\/mx\\\/el-gran-reto-de-amlo-tres-anos-para-la-transformacion-de-la-industria-energetica\\\/#breadcrumb\"},\"inLanguage\":\"es\",\"potentialAction\":[{\"@type\":\"ReadAction\",\"target\":[\"https:\\\/\\\/super-news.info\\\/mx\\\/el-gran-reto-de-amlo-tres-anos-para-la-transformacion-de-la-industria-energetica\\\/\"]}]},{\"@type\":\"ImageObject\",\"inLanguage\":\"es\",\"@id\":\"https:\\\/\\\/super-news.info\\\/mx\\\/el-gran-reto-de-amlo-tres-anos-para-la-transformacion-de-la-industria-energetica\\\/#primaryimage\",\"url\":\"https:\\\/\\\/super-news.info\\\/mx\\\/wp-content\\\/uploads\\\/sites\\\/8\\\/2019\\\/05\\\/Reactivaci\u00f3n-econ\u00f3mica-regional-y-las-inversiones-federales.jpeg\",\"contentUrl\":\"https:\\\/\\\/super-news.info\\\/mx\\\/wp-content\\\/uploads\\\/sites\\\/8\\\/2019\\\/05\\\/Reactivaci\u00f3n-econ\u00f3mica-regional-y-las-inversiones-federales.jpeg\",\"width\":1776,\"height\":1000,\"caption\":\"Luis G\u00f3nzalez Villareal\"},{\"@type\":\"BreadcrumbList\",\"@id\":\"https:\\\/\\\/super-news.info\\\/mx\\\/el-gran-reto-de-amlo-tres-anos-para-la-transformacion-de-la-industria-energetica\\\/#breadcrumb\",\"itemListElement\":[{\"@type\":\"ListItem\",\"position\":1,\"name\":\"Home\",\"item\":\"https:\\\/\\\/super-news.info\\\/mx\\\/\"},{\"@type\":\"ListItem\",\"position\":2,\"name\":\"El gran reto de AMLO, tres a\u00f1os para la transformaci\u00f3n de la Industria Energ\u00e9tica\"}]},{\"@type\":\"WebSite\",\"@id\":\"https:\\\/\\\/super-news.info\\\/mx\\\/#website\",\"url\":\"https:\\\/\\\/super-news.info\\\/mx\\\/\",\"name\":\"Super News\",\"description\":\"Super News Mexico\",\"potentialAction\":[{\"@type\":\"SearchAction\",\"target\":{\"@type\":\"EntryPoint\",\"urlTemplate\":\"https:\\\/\\\/super-news.info\\\/mx\\\/?s={search_term_string}\"},\"query-input\":{\"@type\":\"PropertyValueSpecification\",\"valueRequired\":true,\"valueName\":\"search_term_string\"}}],\"inLanguage\":\"es\"},{\"@type\":\"Person\",\"@id\":\"https:\\\/\\\/super-news.info\\\/mx\\\/#\\\/schema\\\/person\\\/74b71ca3d407439fd57da2d9c89449ca\",\"name\":\"mx\",\"image\":{\"@type\":\"ImageObject\",\"inLanguage\":\"es\",\"@id\":\"https:\\\/\\\/secure.gravatar.com\\\/avatar\\\/6374ac65ff69c362a0ae1303d73d69dcd9bd198d62d9861f054a69aaf82c017b?s=96&d=mm&r=g\",\"url\":\"https:\\\/\\\/secure.gravatar.com\\\/avatar\\\/6374ac65ff69c362a0ae1303d73d69dcd9bd198d62d9861f054a69aaf82c017b?s=96&d=mm&r=g\",\"contentUrl\":\"https:\\\/\\\/secure.gravatar.com\\\/avatar\\\/6374ac65ff69c362a0ae1303d73d69dcd9bd198d62d9861f054a69aaf82c017b?s=96&d=mm&r=g\",\"caption\":\"mx\"},\"url\":\"https:\\\/\\\/super-news.info\\\/mx\\\/author\\\/mx\\\/\"}]}<\/script>\n<!-- \/ Yoast SEO plugin. -->","yoast_head_json":{"title":"El gran reto de AMLO, tres a\u00f1os para la transformaci\u00f3n de la Industria Energ\u00e9tica - Super News","robots":{"index":"index","follow":"follow","max-snippet":"max-snippet:-1","max-image-preview":"max-image-preview:large","max-video-preview":"max-video-preview:-1"},"canonical":"https:\/\/super-news.info\/mx\/el-gran-reto-de-amlo-tres-anos-para-la-transformacion-de-la-industria-energetica\/","og_locale":"es_MX","og_type":"article","og_title":"El gran reto de AMLO, tres a\u00f1os para la transformaci\u00f3n de la Industria Energ\u00e9tica - Super News","og_description":"[ad_1] Luis Gonz\u00e1lez VillarrealFuente: Cortes\u00eda Estimado lector, el actual gobierno de Andr\u00e9s Manuel L\u00f3pez Obrador ( AMLO ), ha sido muy firme en su apuesta en la reactivaci\u00f3n de PEMEX en la extracci\u00f3n de petr\u00f3leo, la puesta al 100 por ciento en la operaci\u00f3n de todas las refiner\u00edas y la construcci\u00f3n de otra nueva, la [&hellip;]","og_url":"https:\/\/super-news.info\/mx\/el-gran-reto-de-amlo-tres-anos-para-la-transformacion-de-la-industria-energetica\/","og_site_name":"Super News","article_published_time":"2019-07-18T16:02:13+00:00","article_modified_time":"2019-07-18T16:02:14+00:00","og_image":[{"width":1776,"height":1000,"url":"https:\/\/super-news.info\/mx\/wp-content\/uploads\/sites\/8\/2019\/05\/Reactivaci\u00f3n-econ\u00f3mica-regional-y-las-inversiones-federales.jpeg","type":"image\/jpeg"}],"author":"mx","twitter_card":"summary_large_image","twitter_misc":{"Escrito por":"mx","Tiempo de lectura":"4 minutos"},"schema":{"@context":"https:\/\/schema.org","@graph":[{"@type":"Article","@id":"https:\/\/super-news.info\/mx\/el-gran-reto-de-amlo-tres-anos-para-la-transformacion-de-la-industria-energetica\/#article","isPartOf":{"@id":"https:\/\/super-news.info\/mx\/el-gran-reto-de-amlo-tres-anos-para-la-transformacion-de-la-industria-energetica\/"},"author":{"name":"mx","@id":"https:\/\/super-news.info\/mx\/#\/schema\/person\/74b71ca3d407439fd57da2d9c89449ca"},"headline":"El gran reto de AMLO, tres a\u00f1os para la transformaci\u00f3n de la Industria Energ\u00e9tica","datePublished":"2019-07-18T16:02:13+00:00","dateModified":"2019-07-18T16:02:14+00:00","mainEntityOfPage":{"@id":"https:\/\/super-news.info\/mx\/el-gran-reto-de-amlo-tres-anos-para-la-transformacion-de-la-industria-energetica\/"},"wordCount":855,"commentCount":0,"image":{"@id":"https:\/\/super-news.info\/mx\/el-gran-reto-de-amlo-tres-anos-para-la-transformacion-de-la-industria-energetica\/#primaryimage"},"thumbnailUrl":"https:\/\/super-news.info\/mx\/wp-content\/uploads\/sites\/8\/2019\/05\/Reactivaci\u00f3n-econ\u00f3mica-regional-y-las-inversiones-federales.jpeg","articleSection":["NOTICIAS FINANCIERAS"],"inLanguage":"es","potentialAction":[{"@type":"CommentAction","name":"Comment","target":["https:\/\/super-news.info\/mx\/el-gran-reto-de-amlo-tres-anos-para-la-transformacion-de-la-industria-energetica\/#respond"]}]},{"@type":"WebPage","@id":"https:\/\/super-news.info\/mx\/el-gran-reto-de-amlo-tres-anos-para-la-transformacion-de-la-industria-energetica\/","url":"https:\/\/super-news.info\/mx\/el-gran-reto-de-amlo-tres-anos-para-la-transformacion-de-la-industria-energetica\/","name":"El gran reto de AMLO, tres a\u00f1os para la transformaci\u00f3n de la Industria Energ\u00e9tica - Super News","isPartOf":{"@id":"https:\/\/super-news.info\/mx\/#website"},"primaryImageOfPage":{"@id":"https:\/\/super-news.info\/mx\/el-gran-reto-de-amlo-tres-anos-para-la-transformacion-de-la-industria-energetica\/#primaryimage"},"image":{"@id":"https:\/\/super-news.info\/mx\/el-gran-reto-de-amlo-tres-anos-para-la-transformacion-de-la-industria-energetica\/#primaryimage"},"thumbnailUrl":"https:\/\/super-news.info\/mx\/wp-content\/uploads\/sites\/8\/2019\/05\/Reactivaci\u00f3n-econ\u00f3mica-regional-y-las-inversiones-federales.jpeg","datePublished":"2019-07-18T16:02:13+00:00","dateModified":"2019-07-18T16:02:14+00:00","author":{"@id":"https:\/\/super-news.info\/mx\/#\/schema\/person\/74b71ca3d407439fd57da2d9c89449ca"},"breadcrumb":{"@id":"https:\/\/super-news.info\/mx\/el-gran-reto-de-amlo-tres-anos-para-la-transformacion-de-la-industria-energetica\/#breadcrumb"},"inLanguage":"es","potentialAction":[{"@type":"ReadAction","target":["https:\/\/super-news.info\/mx\/el-gran-reto-de-amlo-tres-anos-para-la-transformacion-de-la-industria-energetica\/"]}]},{"@type":"ImageObject","inLanguage":"es","@id":"https:\/\/super-news.info\/mx\/el-gran-reto-de-amlo-tres-anos-para-la-transformacion-de-la-industria-energetica\/#primaryimage","url":"https:\/\/super-news.info\/mx\/wp-content\/uploads\/sites\/8\/2019\/05\/Reactivaci\u00f3n-econ\u00f3mica-regional-y-las-inversiones-federales.jpeg","contentUrl":"https:\/\/super-news.info\/mx\/wp-content\/uploads\/sites\/8\/2019\/05\/Reactivaci\u00f3n-econ\u00f3mica-regional-y-las-inversiones-federales.jpeg","width":1776,"height":1000,"caption":"Luis G\u00f3nzalez Villareal"},{"@type":"BreadcrumbList","@id":"https:\/\/super-news.info\/mx\/el-gran-reto-de-amlo-tres-anos-para-la-transformacion-de-la-industria-energetica\/#breadcrumb","itemListElement":[{"@type":"ListItem","position":1,"name":"Home","item":"https:\/\/super-news.info\/mx\/"},{"@type":"ListItem","position":2,"name":"El gran reto de AMLO, tres a\u00f1os para la transformaci\u00f3n de la Industria Energ\u00e9tica"}]},{"@type":"WebSite","@id":"https:\/\/super-news.info\/mx\/#website","url":"https:\/\/super-news.info\/mx\/","name":"Super News","description":"Super News Mexico","potentialAction":[{"@type":"SearchAction","target":{"@type":"EntryPoint","urlTemplate":"https:\/\/super-news.info\/mx\/?s={search_term_string}"},"query-input":{"@type":"PropertyValueSpecification","valueRequired":true,"valueName":"search_term_string"}}],"inLanguage":"es"},{"@type":"Person","@id":"https:\/\/super-news.info\/mx\/#\/schema\/person\/74b71ca3d407439fd57da2d9c89449ca","name":"mx","image":{"@type":"ImageObject","inLanguage":"es","@id":"https:\/\/secure.gravatar.com\/avatar\/6374ac65ff69c362a0ae1303d73d69dcd9bd198d62d9861f054a69aaf82c017b?s=96&d=mm&r=g","url":"https:\/\/secure.gravatar.com\/avatar\/6374ac65ff69c362a0ae1303d73d69dcd9bd198d62d9861f054a69aaf82c017b?s=96&d=mm&r=g","contentUrl":"https:\/\/secure.gravatar.com\/avatar\/6374ac65ff69c362a0ae1303d73d69dcd9bd198d62d9861f054a69aaf82c017b?s=96&d=mm&r=g","caption":"mx"},"url":"https:\/\/super-news.info\/mx\/author\/mx\/"}]}},"_links":{"self":[{"href":"https:\/\/super-news.info\/mx\/wp-json\/wp\/v2\/posts\/2504","targetHints":{"allow":["GET"]}}],"collection":[{"href":"https:\/\/super-news.info\/mx\/wp-json\/wp\/v2\/posts"}],"about":[{"href":"https:\/\/super-news.info\/mx\/wp-json\/wp\/v2\/types\/post"}],"author":[{"embeddable":true,"href":"https:\/\/super-news.info\/mx\/wp-json\/wp\/v2\/users\/3"}],"replies":[{"embeddable":true,"href":"https:\/\/super-news.info\/mx\/wp-json\/wp\/v2\/comments?post=2504"}],"version-history":[{"count":1,"href":"https:\/\/super-news.info\/mx\/wp-json\/wp\/v2\/posts\/2504\/revisions"}],"predecessor-version":[{"id":2505,"href":"https:\/\/super-news.info\/mx\/wp-json\/wp\/v2\/posts\/2504\/revisions\/2505"}],"wp:featuredmedia":[{"embeddable":true,"href":"https:\/\/super-news.info\/mx\/wp-json\/wp\/v2\/media\/753"}],"wp:attachment":[{"href":"https:\/\/super-news.info\/mx\/wp-json\/wp\/v2\/media?parent=2504"}],"wp:term":[{"taxonomy":"category","embeddable":true,"href":"https:\/\/super-news.info\/mx\/wp-json\/wp\/v2\/categories?post=2504"},{"taxonomy":"post_tag","embeddable":true,"href":"https:\/\/super-news.info\/mx\/wp-json\/wp\/v2\/tags?post=2504"}],"curies":[{"name":"wp","href":"https:\/\/api.w.org\/{rel}","templated":true}]}}