{"id":2502,"date":"2019-07-18T15:12:56","date_gmt":"2019-07-18T15:12:56","guid":{"rendered":"https:\/\/super-news.info\/mx\/el-plan-de-negocios-de-pemex\/"},"modified":"2019-07-18T15:12:57","modified_gmt":"2019-07-18T15:12:57","slug":"el-plan-de-negocios-de-pemex","status":"publish","type":"post","link":"https:\/\/super-news.info\/mx\/el-plan-de-negocios-de-pemex\/","title":{"rendered":"El plan de negocios de Pemex"},"content":{"rendered":"<p> [ad_1]<br \/>\n<\/p>\n<div class=\"image__block -side\">\n<figure><\/figure>\n<p><span class=\"element__footer\">Jes\u00fas Garza<\/span><span class=\"element__credit\">Fuente: Cortes\u00eda<\/span><\/div>\n<p class=\"paragraph\" data-count=\"289\" data-wrap=\"49\">Esta semana se present\u00f3 el Plan de Negocios de Pemex. Si bien en el mismo se detallan estrategias importantes a seguir, sobre todo las relacionadas a <strong>incrementar la producci\u00f3n de crudo<\/strong> (que ha estado cayendo en los \u00faltimos a\u00f1os), deja mucho que desear. En particular por tres puntos clave.<\/p>\n<p class=\"paragraph\" data-count=\"450\" data-wrap=\"81\">El primer punto est\u00e1 relacionado con la migraci\u00f3n de las farm-outs de Pemex a contratos de servicios. Estos \u00faltimos ya se aplicaban antes de la Reforma Energ\u00e9tica y no atra\u00edan a muchas empresas ya que no se comparte la utilidad ni el riesgo. La realidad es que<strong> sin inversi\u00f3n privada <\/strong>ser\u00e1 muy dif\u00edcil en el entorno actual que se puedan cumplir las metas de inversi\u00f3n sin perjudicar a las finanzas p\u00fablicas del pa\u00eds. Aqu\u00ed me ligo con el segundo punto. <\/p>\n<p class=\"paragraph\" data-count=\"499\" data-wrap=\"81\">El <strong>Plan de Negocios de Pemex <\/strong>involucra una gran cantidad de recursos del gobierno federal hacia la empresa productiva del estado. El gobierno est\u00e1 experimentando una disminuci\u00f3n en la recaudaci\u00f3n tributaria y lo est\u00e1 compensando con recortes fuertes al gasto p\u00fablico. Resalta el fuerte ajuste a sectores como el educativo y de salud que se transferir\u00e1n al sector energ\u00e9tico. Si la producci\u00f3n de crudo no llega a los niveles estimados, el gobierno tendr\u00e1 presiones fiscales muy fuertes en el futuro. <\/p>\n<p class=\"paragraph\" data-count=\"439\" data-wrap=\"71\">El tercer punto est\u00e1 relacionado con la construcci\u00f3n de la refiner\u00eda Dos Bocas. Varios institutos ya han expresado su preocupaci\u00f3n sobre la<strong> viabilidad financiera <\/strong>y t\u00e9cnica del mismo. Es mucho m\u00e1s barato refinar en los Estados Unidos que construir y comenzar a refinar en el pa\u00eds. Por ello, al inyectar recursos en este proyecto se estima que se generen p\u00e9rdidas. \u00c9stos debieran ser <strong>destinados hacia la extracci\u00f3n y exportaci\u00f3n de petr\u00f3leo.<\/strong><\/p>\n<p class=\"paragraph\" data-count=\"432\" data-wrap=\"74\">Por \u00faltimo, las grandes petroleras del mundo est\u00e1n comenzando a invertir en energ\u00edas renovables. Los precios de las mismas tender\u00e1n a la baja y desplazar\u00e1n a los combustibles f\u00f3siles en un futuro no muy lejano. Me hubiera gustado ver que parte del presupuesto de Pemex se enfocar\u00e1 a<strong> migrar hacia este tipo de energ\u00edas limpias<\/strong>, sobre todo en un entorno donde el cambio clim\u00e1tico es el principal riesgo para la humanidad en el futuro.<\/p>\n<p class=\"paragraph\" data-count=\"348\" data-wrap=\"60\"><strong>\u00bfQu\u00e9 esperar hacia adelante? <\/strong>Es muy probable que las calificadoras reaccionen de manera adversa a este plan. El d\u00eda clave este mes es el 31 de julio donde no s\u00f3lo se presentan los resultados del segundo trimestre de la petrolera, sino que el <strong>INEGI<\/strong> publica el PIB del segundo trimestre del a\u00f1o, donde probablemente se confirme una recesi\u00f3n t\u00e9cnica. <\/p>\n<p class=\"paragraph\" data-count=\"256\" data-wrap=\"42\"><em>El autor es director general y fundador de Soluciones Financieras GAMMA y profesor de Econom\u00eda y Finanzas en EGADE Business School. Cuenta con una maestr\u00eda en Econom\u00eda Financiera y doctorado en Finanzas, ambas por la Universidad de Essex en el Reino Unido.<\/em><\/p>\n<p class=\"paragraph\" data-count=\"31\" data-wrap=\"3\">Opine usted: jgarzagg@gmail.com<\/p>\n<p class=\"paragraph\" data-count=\"178\" data-wrap=\"27\"><strong>Esta es una columna de opini\u00f3n. Las expresiones aqu\u00ed vertidas son responsabilidad \u00fanicamente de quien la firma y no necesariamente reflejan la postura editorial de El Financiero.<\/strong><\/p>\n<p>[ad_2]<br \/>\n<br \/><a href=\"https:\/\/www.elfinanciero.com.mx\/rss\/monterrey\/el-plan-de-negocios-de-pemex\">Source link <\/a><\/p>\n","protected":false},"excerpt":{"rendered":"<p>[ad_1] Jes\u00fas GarzaFuente: Cortes\u00eda Esta semana se present\u00f3 el Plan de Negocios de Pemex. Si bien en el mismo se detallan estrategias importantes a seguir, sobre todo las relacionadas a incrementar la producci\u00f3n de crudo (que ha estado cayendo en los \u00faltimos a\u00f1os), deja mucho que desear. En particular por tres puntos clave. El primer [&hellip;]<\/p>\n","protected":false},"author":3,"featured_media":758,"comment_status":"open","ping_status":"open","sticky":false,"template":"","format":"standard","meta":{"footnotes":""},"categories":[1],"tags":[],"class_list":["post-2502","post","type-post","status-publish","format-standard","has-post-thumbnail","hentry","category-noticias-financieras"],"yoast_head":"<!-- This site is optimized with the Yoast SEO plugin v27.4 - https:\/\/yoast.com\/product\/yoast-seo-wordpress\/ -->\n<title>El plan de negocios de Pemex - Super News<\/title>\n<meta name=\"robots\" content=\"index, follow, max-snippet:-1, max-image-preview:large, max-video-preview:-1\" \/>\n<link rel=\"canonical\" href=\"https:\/\/super-news.info\/mx\/el-plan-de-negocios-de-pemex\/\" \/>\n<meta property=\"og:locale\" content=\"es_MX\" \/>\n<meta property=\"og:type\" content=\"article\" \/>\n<meta property=\"og:title\" content=\"El plan de negocios de Pemex - Super News\" \/>\n<meta property=\"og:description\" content=\"[ad_1] Jes\u00fas GarzaFuente: Cortes\u00eda Esta semana se present\u00f3 el Plan de Negocios de Pemex. Si bien en el mismo se detallan estrategias importantes a seguir, sobre todo las relacionadas a incrementar la producci\u00f3n de crudo (que ha estado cayendo en los \u00faltimos a\u00f1os), deja mucho que desear. En particular por tres puntos clave. El primer [&hellip;]\" \/>\n<meta property=\"og:url\" content=\"https:\/\/super-news.info\/mx\/el-plan-de-negocios-de-pemex\/\" \/>\n<meta property=\"og:site_name\" content=\"Super News\" \/>\n<meta property=\"article:published_time\" content=\"2019-07-18T15:12:56+00:00\" \/>\n<meta property=\"article:modified_time\" content=\"2019-07-18T15:12:57+00:00\" \/>\n<meta property=\"og:image\" content=\"https:\/\/super-news.info\/mx\/wp-content\/uploads\/sites\/8\/2019\/05\/Hacia-la-inclusi\u00f3n-financiera.jpeg\" \/>\n\t<meta property=\"og:image:width\" content=\"1776\" \/>\n\t<meta property=\"og:image:height\" content=\"1000\" \/>\n\t<meta property=\"og:image:type\" content=\"image\/jpeg\" \/>\n<meta name=\"author\" content=\"mx\" \/>\n<meta name=\"twitter:card\" content=\"summary_large_image\" \/>\n<meta name=\"twitter:label1\" content=\"Escrito por\" \/>\n\t<meta name=\"twitter:data1\" content=\"mx\" \/>\n\t<meta name=\"twitter:label2\" content=\"Tiempo de lectura\" \/>\n\t<meta name=\"twitter:data2\" content=\"3 minutos\" \/>\n<script type=\"application\/ld+json\" class=\"yoast-schema-graph\">{\"@context\":\"https:\\\/\\\/schema.org\",\"@graph\":[{\"@type\":\"Article\",\"@id\":\"https:\\\/\\\/super-news.info\\\/mx\\\/el-plan-de-negocios-de-pemex\\\/#article\",\"isPartOf\":{\"@id\":\"https:\\\/\\\/super-news.info\\\/mx\\\/el-plan-de-negocios-de-pemex\\\/\"},\"author\":{\"name\":\"mx\",\"@id\":\"https:\\\/\\\/super-news.info\\\/mx\\\/#\\\/schema\\\/person\\\/74b71ca3d407439fd57da2d9c89449ca\"},\"headline\":\"El plan de negocios de Pemex\",\"datePublished\":\"2019-07-18T15:12:56+00:00\",\"dateModified\":\"2019-07-18T15:12:57+00:00\",\"mainEntityOfPage\":{\"@id\":\"https:\\\/\\\/super-news.info\\\/mx\\\/el-plan-de-negocios-de-pemex\\\/\"},\"wordCount\":544,\"commentCount\":0,\"image\":{\"@id\":\"https:\\\/\\\/super-news.info\\\/mx\\\/el-plan-de-negocios-de-pemex\\\/#primaryimage\"},\"thumbnailUrl\":\"https:\\\/\\\/super-news.info\\\/mx\\\/wp-content\\\/uploads\\\/sites\\\/8\\\/2019\\\/05\\\/Hacia-la-inclusi\u00f3n-financiera.jpeg\",\"articleSection\":[\"NOTICIAS FINANCIERAS\"],\"inLanguage\":\"es\",\"potentialAction\":[{\"@type\":\"CommentAction\",\"name\":\"Comment\",\"target\":[\"https:\\\/\\\/super-news.info\\\/mx\\\/el-plan-de-negocios-de-pemex\\\/#respond\"]}]},{\"@type\":\"WebPage\",\"@id\":\"https:\\\/\\\/super-news.info\\\/mx\\\/el-plan-de-negocios-de-pemex\\\/\",\"url\":\"https:\\\/\\\/super-news.info\\\/mx\\\/el-plan-de-negocios-de-pemex\\\/\",\"name\":\"El plan de negocios de Pemex - Super News\",\"isPartOf\":{\"@id\":\"https:\\\/\\\/super-news.info\\\/mx\\\/#website\"},\"primaryImageOfPage\":{\"@id\":\"https:\\\/\\\/super-news.info\\\/mx\\\/el-plan-de-negocios-de-pemex\\\/#primaryimage\"},\"image\":{\"@id\":\"https:\\\/\\\/super-news.info\\\/mx\\\/el-plan-de-negocios-de-pemex\\\/#primaryimage\"},\"thumbnailUrl\":\"https:\\\/\\\/super-news.info\\\/mx\\\/wp-content\\\/uploads\\\/sites\\\/8\\\/2019\\\/05\\\/Hacia-la-inclusi\u00f3n-financiera.jpeg\",\"datePublished\":\"2019-07-18T15:12:56+00:00\",\"dateModified\":\"2019-07-18T15:12:57+00:00\",\"author\":{\"@id\":\"https:\\\/\\\/super-news.info\\\/mx\\\/#\\\/schema\\\/person\\\/74b71ca3d407439fd57da2d9c89449ca\"},\"breadcrumb\":{\"@id\":\"https:\\\/\\\/super-news.info\\\/mx\\\/el-plan-de-negocios-de-pemex\\\/#breadcrumb\"},\"inLanguage\":\"es\",\"potentialAction\":[{\"@type\":\"ReadAction\",\"target\":[\"https:\\\/\\\/super-news.info\\\/mx\\\/el-plan-de-negocios-de-pemex\\\/\"]}]},{\"@type\":\"ImageObject\",\"inLanguage\":\"es\",\"@id\":\"https:\\\/\\\/super-news.info\\\/mx\\\/el-plan-de-negocios-de-pemex\\\/#primaryimage\",\"url\":\"https:\\\/\\\/super-news.info\\\/mx\\\/wp-content\\\/uploads\\\/sites\\\/8\\\/2019\\\/05\\\/Hacia-la-inclusi\u00f3n-financiera.jpeg\",\"contentUrl\":\"https:\\\/\\\/super-news.info\\\/mx\\\/wp-content\\\/uploads\\\/sites\\\/8\\\/2019\\\/05\\\/Hacia-la-inclusi\u00f3n-financiera.jpeg\",\"width\":1776,\"height\":1000,\"caption\":\"Jes\u00fas Garza\"},{\"@type\":\"BreadcrumbList\",\"@id\":\"https:\\\/\\\/super-news.info\\\/mx\\\/el-plan-de-negocios-de-pemex\\\/#breadcrumb\",\"itemListElement\":[{\"@type\":\"ListItem\",\"position\":1,\"name\":\"Home\",\"item\":\"https:\\\/\\\/super-news.info\\\/mx\\\/\"},{\"@type\":\"ListItem\",\"position\":2,\"name\":\"El plan de negocios de Pemex\"}]},{\"@type\":\"WebSite\",\"@id\":\"https:\\\/\\\/super-news.info\\\/mx\\\/#website\",\"url\":\"https:\\\/\\\/super-news.info\\\/mx\\\/\",\"name\":\"Super News\",\"description\":\"Super News Mexico\",\"potentialAction\":[{\"@type\":\"SearchAction\",\"target\":{\"@type\":\"EntryPoint\",\"urlTemplate\":\"https:\\\/\\\/super-news.info\\\/mx\\\/?s={search_term_string}\"},\"query-input\":{\"@type\":\"PropertyValueSpecification\",\"valueRequired\":true,\"valueName\":\"search_term_string\"}}],\"inLanguage\":\"es\"},{\"@type\":\"Person\",\"@id\":\"https:\\\/\\\/super-news.info\\\/mx\\\/#\\\/schema\\\/person\\\/74b71ca3d407439fd57da2d9c89449ca\",\"name\":\"mx\",\"image\":{\"@type\":\"ImageObject\",\"inLanguage\":\"es\",\"@id\":\"https:\\\/\\\/secure.gravatar.com\\\/avatar\\\/6374ac65ff69c362a0ae1303d73d69dcd9bd198d62d9861f054a69aaf82c017b?s=96&d=mm&r=g\",\"url\":\"https:\\\/\\\/secure.gravatar.com\\\/avatar\\\/6374ac65ff69c362a0ae1303d73d69dcd9bd198d62d9861f054a69aaf82c017b?s=96&d=mm&r=g\",\"contentUrl\":\"https:\\\/\\\/secure.gravatar.com\\\/avatar\\\/6374ac65ff69c362a0ae1303d73d69dcd9bd198d62d9861f054a69aaf82c017b?s=96&d=mm&r=g\",\"caption\":\"mx\"},\"url\":\"https:\\\/\\\/super-news.info\\\/mx\\\/author\\\/mx\\\/\"}]}<\/script>\n<!-- \/ Yoast SEO plugin. -->","yoast_head_json":{"title":"El plan de negocios de Pemex - Super News","robots":{"index":"index","follow":"follow","max-snippet":"max-snippet:-1","max-image-preview":"max-image-preview:large","max-video-preview":"max-video-preview:-1"},"canonical":"https:\/\/super-news.info\/mx\/el-plan-de-negocios-de-pemex\/","og_locale":"es_MX","og_type":"article","og_title":"El plan de negocios de Pemex - Super News","og_description":"[ad_1] Jes\u00fas GarzaFuente: Cortes\u00eda Esta semana se present\u00f3 el Plan de Negocios de Pemex. Si bien en el mismo se detallan estrategias importantes a seguir, sobre todo las relacionadas a incrementar la producci\u00f3n de crudo (que ha estado cayendo en los \u00faltimos a\u00f1os), deja mucho que desear. En particular por tres puntos clave. El primer [&hellip;]","og_url":"https:\/\/super-news.info\/mx\/el-plan-de-negocios-de-pemex\/","og_site_name":"Super News","article_published_time":"2019-07-18T15:12:56+00:00","article_modified_time":"2019-07-18T15:12:57+00:00","og_image":[{"width":1776,"height":1000,"url":"https:\/\/super-news.info\/mx\/wp-content\/uploads\/sites\/8\/2019\/05\/Hacia-la-inclusi\u00f3n-financiera.jpeg","type":"image\/jpeg"}],"author":"mx","twitter_card":"summary_large_image","twitter_misc":{"Escrito por":"mx","Tiempo de lectura":"3 minutos"},"schema":{"@context":"https:\/\/schema.org","@graph":[{"@type":"Article","@id":"https:\/\/super-news.info\/mx\/el-plan-de-negocios-de-pemex\/#article","isPartOf":{"@id":"https:\/\/super-news.info\/mx\/el-plan-de-negocios-de-pemex\/"},"author":{"name":"mx","@id":"https:\/\/super-news.info\/mx\/#\/schema\/person\/74b71ca3d407439fd57da2d9c89449ca"},"headline":"El plan de negocios de Pemex","datePublished":"2019-07-18T15:12:56+00:00","dateModified":"2019-07-18T15:12:57+00:00","mainEntityOfPage":{"@id":"https:\/\/super-news.info\/mx\/el-plan-de-negocios-de-pemex\/"},"wordCount":544,"commentCount":0,"image":{"@id":"https:\/\/super-news.info\/mx\/el-plan-de-negocios-de-pemex\/#primaryimage"},"thumbnailUrl":"https:\/\/super-news.info\/mx\/wp-content\/uploads\/sites\/8\/2019\/05\/Hacia-la-inclusi\u00f3n-financiera.jpeg","articleSection":["NOTICIAS FINANCIERAS"],"inLanguage":"es","potentialAction":[{"@type":"CommentAction","name":"Comment","target":["https:\/\/super-news.info\/mx\/el-plan-de-negocios-de-pemex\/#respond"]}]},{"@type":"WebPage","@id":"https:\/\/super-news.info\/mx\/el-plan-de-negocios-de-pemex\/","url":"https:\/\/super-news.info\/mx\/el-plan-de-negocios-de-pemex\/","name":"El plan de negocios de Pemex - Super News","isPartOf":{"@id":"https:\/\/super-news.info\/mx\/#website"},"primaryImageOfPage":{"@id":"https:\/\/super-news.info\/mx\/el-plan-de-negocios-de-pemex\/#primaryimage"},"image":{"@id":"https:\/\/super-news.info\/mx\/el-plan-de-negocios-de-pemex\/#primaryimage"},"thumbnailUrl":"https:\/\/super-news.info\/mx\/wp-content\/uploads\/sites\/8\/2019\/05\/Hacia-la-inclusi\u00f3n-financiera.jpeg","datePublished":"2019-07-18T15:12:56+00:00","dateModified":"2019-07-18T15:12:57+00:00","author":{"@id":"https:\/\/super-news.info\/mx\/#\/schema\/person\/74b71ca3d407439fd57da2d9c89449ca"},"breadcrumb":{"@id":"https:\/\/super-news.info\/mx\/el-plan-de-negocios-de-pemex\/#breadcrumb"},"inLanguage":"es","potentialAction":[{"@type":"ReadAction","target":["https:\/\/super-news.info\/mx\/el-plan-de-negocios-de-pemex\/"]}]},{"@type":"ImageObject","inLanguage":"es","@id":"https:\/\/super-news.info\/mx\/el-plan-de-negocios-de-pemex\/#primaryimage","url":"https:\/\/super-news.info\/mx\/wp-content\/uploads\/sites\/8\/2019\/05\/Hacia-la-inclusi\u00f3n-financiera.jpeg","contentUrl":"https:\/\/super-news.info\/mx\/wp-content\/uploads\/sites\/8\/2019\/05\/Hacia-la-inclusi\u00f3n-financiera.jpeg","width":1776,"height":1000,"caption":"Jes\u00fas Garza"},{"@type":"BreadcrumbList","@id":"https:\/\/super-news.info\/mx\/el-plan-de-negocios-de-pemex\/#breadcrumb","itemListElement":[{"@type":"ListItem","position":1,"name":"Home","item":"https:\/\/super-news.info\/mx\/"},{"@type":"ListItem","position":2,"name":"El plan de negocios de Pemex"}]},{"@type":"WebSite","@id":"https:\/\/super-news.info\/mx\/#website","url":"https:\/\/super-news.info\/mx\/","name":"Super News","description":"Super News Mexico","potentialAction":[{"@type":"SearchAction","target":{"@type":"EntryPoint","urlTemplate":"https:\/\/super-news.info\/mx\/?s={search_term_string}"},"query-input":{"@type":"PropertyValueSpecification","valueRequired":true,"valueName":"search_term_string"}}],"inLanguage":"es"},{"@type":"Person","@id":"https:\/\/super-news.info\/mx\/#\/schema\/person\/74b71ca3d407439fd57da2d9c89449ca","name":"mx","image":{"@type":"ImageObject","inLanguage":"es","@id":"https:\/\/secure.gravatar.com\/avatar\/6374ac65ff69c362a0ae1303d73d69dcd9bd198d62d9861f054a69aaf82c017b?s=96&d=mm&r=g","url":"https:\/\/secure.gravatar.com\/avatar\/6374ac65ff69c362a0ae1303d73d69dcd9bd198d62d9861f054a69aaf82c017b?s=96&d=mm&r=g","contentUrl":"https:\/\/secure.gravatar.com\/avatar\/6374ac65ff69c362a0ae1303d73d69dcd9bd198d62d9861f054a69aaf82c017b?s=96&d=mm&r=g","caption":"mx"},"url":"https:\/\/super-news.info\/mx\/author\/mx\/"}]}},"_links":{"self":[{"href":"https:\/\/super-news.info\/mx\/wp-json\/wp\/v2\/posts\/2502","targetHints":{"allow":["GET"]}}],"collection":[{"href":"https:\/\/super-news.info\/mx\/wp-json\/wp\/v2\/posts"}],"about":[{"href":"https:\/\/super-news.info\/mx\/wp-json\/wp\/v2\/types\/post"}],"author":[{"embeddable":true,"href":"https:\/\/super-news.info\/mx\/wp-json\/wp\/v2\/users\/3"}],"replies":[{"embeddable":true,"href":"https:\/\/super-news.info\/mx\/wp-json\/wp\/v2\/comments?post=2502"}],"version-history":[{"count":1,"href":"https:\/\/super-news.info\/mx\/wp-json\/wp\/v2\/posts\/2502\/revisions"}],"predecessor-version":[{"id":2503,"href":"https:\/\/super-news.info\/mx\/wp-json\/wp\/v2\/posts\/2502\/revisions\/2503"}],"wp:featuredmedia":[{"embeddable":true,"href":"https:\/\/super-news.info\/mx\/wp-json\/wp\/v2\/media\/758"}],"wp:attachment":[{"href":"https:\/\/super-news.info\/mx\/wp-json\/wp\/v2\/media?parent=2502"}],"wp:term":[{"taxonomy":"category","embeddable":true,"href":"https:\/\/super-news.info\/mx\/wp-json\/wp\/v2\/categories?post=2502"},{"taxonomy":"post_tag","embeddable":true,"href":"https:\/\/super-news.info\/mx\/wp-json\/wp\/v2\/tags?post=2502"}],"curies":[{"name":"wp","href":"https:\/\/api.w.org\/{rel}","templated":true}]}}