{"id":2500,"date":"2019-07-18T14:25:01","date_gmt":"2019-07-18T14:25:01","guid":{"rendered":"https:\/\/super-news.info\/mx\/waldo-se-fue-y-luego\/"},"modified":"2019-07-18T14:25:02","modified_gmt":"2019-07-18T14:25:02","slug":"waldo-se-fue-y-luego","status":"publish","type":"post","link":"https:\/\/super-news.info\/mx\/waldo-se-fue-y-luego\/","title":{"rendered":"Waldo se fue \u00bfy luego?"},"content":{"rendered":"<p> [ad_1]<br \/>\n<\/p>\n<div class=\"image__block -side\">\n<figure><\/figure>\n<p><span class=\"element__footer\">Enrique Silva T\u00e9llez<\/span><span class=\"element__credit\">Fuente: Cortes\u00eda<\/span><\/div>\n<p class=\"paragraph\" data-count=\"213\" data-wrap=\"39\">La salida del gobierno de Waldo Fern\u00e1ndez es interesante por los motivos que manifest\u00f3 al hacerlo, por el \u201c<strong>timing<\/strong>\u201d en que lo hizo y por el espacio que deja por llenar dentro de la estructura del gobierno estatal. <\/p>\n<p class=\"paragraph\" data-count=\"300\" data-wrap=\"49\">En el comunicado que anunci\u00f3 su salida, afirm\u00f3 que el Estado est\u00e1 sumido en una <strong>crisis pol\u00edtica<\/strong> y dio a conocer su decisi\u00f3n ante la \u201csituaci\u00f3n de polarizaci\u00f3n que prevalece en la escena pol\u00edtica estatal\u201d. Adicionalmente afirm\u00f3 que se dar\u00e1 tiempo para reflexionar frente al proceso electoral del 2021.<\/p>\n<p class=\"paragraph\" data-count=\"249\" data-wrap=\"45\">Lo que Waldo dice respecto al desorden y caos en el gobierno no es ninguna novedad, est\u00e1 a la vista de todos, entonces<strong> \u00bfpara qu\u00e9 declarar algo que todos sabemos o en el peor de los casos suponemos?<\/strong> Para distanciarse, no para anunciarnos una novedad.<\/p>\n<p class=\"paragraph\" data-count=\"215\" data-wrap=\"36\">Anuncia su salida mandando se\u00f1ales de alerta como para evitar que el sexenio termine en un absoluto deterioro. Lo dijera o no en su renuncia, parece ser que eso suceder\u00e1 independientemente de sus palabras de alerta.<\/p>\n<p class=\"paragraph\" data-count=\"337\" data-wrap=\"63\"><strong>\u00bfEl mensaje lo dirige a un gobernador que no quiere escuchar y a un Gabinete que mudo y complaciente camina de puntitas para que no se le voltee a ver?<\/strong>; quiz\u00e1. Lo que no podemos negar es que este gobierno no ha podido articular una estrategia de comunicaci\u00f3n que le permita hacer p\u00fablicos sus logros y aciertos (en caso de que los haya).<\/p>\n<p class=\"paragraph\" data-count=\"208\" data-wrap=\"35\">El gobierno al que renunci\u00f3 Fern\u00e1ndez parece que no le extra\u00f1ar\u00e1 tampoco. Sin desd\u00e9n, pero con poca atenci\u00f3n, su ex jefe solo lo vio retirarse sin entrar en pol\u00e9micas ni abundar en las declaraciones emitidas.<\/p>\n<p class=\"paragraph\" data-count=\"380\" data-wrap=\"70\">Waldo Fern\u00e1ndez cuenta con poca experiencia en la vida p\u00fablica y electoral. Es una figura m\u00e1s conocida en las c\u00fapulas que en las bases y desde esa peque\u00f1a pero importante plataforma entendi\u00f3 que, lo que no se podr\u00eda corregir en este gobierno le har\u00eda da\u00f1o, ya sea a su reputaci\u00f3n profesional o a sus planes para el futuro, si es que los tiene para continuar en el sector p\u00fablico. <\/p>\n<p class=\"paragraph\" data-count=\"279\" data-wrap=\"48\">En el gobierno estatal, Waldo ve polarizaci\u00f3n, se queja de que no le hac\u00edan caso, que no le daban informaci\u00f3n para <strong>promover una buena y clara comunicaci\u00f3n<\/strong>. Es decir, no pod\u00eda hacer su trabajo. En ese escenario es congruente retirarse si sus acciones llegaron a ser irrelevantes. <\/p>\n<p class=\"paragraph\" data-count=\"267\" data-wrap=\"47\">El pendiente ahora es saber qui\u00e9n ser\u00e1 nombrado para sustituirlo. Si no se le sustituye pronto entonces sabremos que no era tan importante para el gobernador o que de plano no tiene con qui\u00e9n hacerlo. Ambos escenarios apuntalan y dan raz\u00f3n a los motivos de su retiro.<\/p>\n<p class=\"paragraph\" data-count=\"219\" data-wrap=\"41\">A varios d\u00edas de la ausencia de Waldo <strong>\u00bfqu\u00e9 tenemos?<\/strong> Nada, no ha pasado nada. Ni nombramientos de su sustituto, ni avances en la calidad de comunicaci\u00f3n del gobierno y ni idea de que est\u00e1 pasando, salvo que no pasa nada.<\/p>\n<p class=\"paragraph\" data-count=\"97\" data-wrap=\"21\">Todo al estilo de la casa, en la que se postergan las decisiones y se hace como que no pasa nada.<\/p>\n<p class=\"paragraph\" data-count=\"397\" data-wrap=\"65\">Mientras los pendientes por resolver se siguen acumulando, los d\u00edas pasan. Quienes se quedan trabajando en el gabinete seguir\u00e1n despachando en sus oficinas y obedeciendo a su jefe, continuar\u00e1n viendo c\u00f3mo pasan los d\u00edas y se extingue la oportunidad de <strong>haber hecho un gobierno diferente,<\/strong> de haber sido relevantes para la historia de Nuevo Le\u00f3n o al menos por haber cumplido sus promesas de campa\u00f1a.<\/p>\n<p class=\"paragraph\" data-count=\"248\" data-wrap=\"48\">Lo innegable es que Waldo ya no est\u00e1 y parece que nadie lo extra\u00f1a.  Waldo pide con su retiro un golpe de tim\u00f3n y el gobernador opta por continuar, sin hacer acuse de recibo. \u00a1Que l\u00e1stima por nuestro querido estado y por el tiempo que perdi\u00f3 Waldo!<\/p>\n<p class=\"paragraph\" data-count=\"193\" data-wrap=\"33\"><em>El autor es Director de Focus Consulting Group y Presidente del Consejo de Ellas. ABP. Es analista de Asuntos P\u00fablicos y Opini\u00f3n P\u00fablica, propietario de Vinos de Baja California y socio en EMC.<\/em><\/p>\n<p class=\"paragraph\" data-count=\"40\" data-wrap=\"3\">Opine usted: enriquesilva@focuscg.com.mx<\/p>\n<p class=\"paragraph\" data-count=\"178\" data-wrap=\"27\"><strong>Esta es una columna de opini\u00f3n. Las expresiones aqu\u00ed vertidas son responsabilidad \u00fanicamente de quien la firma y no necesariamente reflejan la postura editorial de El Financiero.<\/strong><\/p>\n<p>[ad_2]<br \/>\n<br \/><a href=\"https:\/\/www.elfinanciero.com.mx\/rss\/monterrey\/waldo-se-fue-y-luego\">Source link <\/a><\/p>\n","protected":false},"excerpt":{"rendered":"<p>[ad_1] Enrique Silva T\u00e9llezFuente: Cortes\u00eda La salida del gobierno de Waldo Fern\u00e1ndez es interesante por los motivos que manifest\u00f3 al hacerlo, por el \u201ctiming\u201d en que lo hizo y por el espacio que deja por llenar dentro de la estructura del gobierno estatal. En el comunicado que anunci\u00f3 su salida, afirm\u00f3 que el Estado est\u00e1 [&hellip;]<\/p>\n","protected":false},"author":3,"featured_media":251,"comment_status":"open","ping_status":"open","sticky":false,"template":"","format":"standard","meta":{"footnotes":""},"categories":[1],"tags":[],"class_list":["post-2500","post","type-post","status-publish","format-standard","has-post-thumbnail","hentry","category-noticias-financieras"],"yoast_head":"<!-- This site is optimized with the Yoast SEO plugin v27.4 - https:\/\/yoast.com\/product\/yoast-seo-wordpress\/ -->\n<title>Waldo se fue \u00bfy luego? - Super News<\/title>\n<meta name=\"robots\" content=\"index, follow, max-snippet:-1, max-image-preview:large, max-video-preview:-1\" \/>\n<link rel=\"canonical\" href=\"https:\/\/super-news.info\/mx\/waldo-se-fue-y-luego\/\" \/>\n<meta property=\"og:locale\" content=\"es_MX\" \/>\n<meta property=\"og:type\" content=\"article\" \/>\n<meta property=\"og:title\" content=\"Waldo se fue \u00bfy luego? - Super News\" \/>\n<meta property=\"og:description\" content=\"[ad_1] Enrique Silva T\u00e9llezFuente: Cortes\u00eda La salida del gobierno de Waldo Fern\u00e1ndez es interesante por los motivos que manifest\u00f3 al hacerlo, por el \u201ctiming\u201d en que lo hizo y por el espacio que deja por llenar dentro de la estructura del gobierno estatal. En el comunicado que anunci\u00f3 su salida, afirm\u00f3 que el Estado est\u00e1 [&hellip;]\" \/>\n<meta property=\"og:url\" content=\"https:\/\/super-news.info\/mx\/waldo-se-fue-y-luego\/\" \/>\n<meta property=\"og:site_name\" content=\"Super News\" \/>\n<meta property=\"article:published_time\" content=\"2019-07-18T14:25:01+00:00\" \/>\n<meta property=\"article:modified_time\" content=\"2019-07-18T14:25:02+00:00\" \/>\n<meta property=\"og:image\" content=\"https:\/\/super-news.info\/mx\/wp-content\/uploads\/sites\/8\/2019\/05\/La-era-de-los-\u201cInfluencers\u201d.jpeg\" \/>\n\t<meta property=\"og:image:width\" content=\"1776\" \/>\n\t<meta property=\"og:image:height\" content=\"1000\" \/>\n\t<meta property=\"og:image:type\" content=\"image\/jpeg\" \/>\n<meta name=\"author\" content=\"mx\" \/>\n<meta name=\"twitter:card\" content=\"summary_large_image\" \/>\n<meta name=\"twitter:label1\" content=\"Escrito por\" \/>\n\t<meta name=\"twitter:data1\" content=\"mx\" \/>\n\t<meta name=\"twitter:label2\" content=\"Tiempo de lectura\" \/>\n\t<meta name=\"twitter:data2\" content=\"4 minutos\" \/>\n<script type=\"application\/ld+json\" class=\"yoast-schema-graph\">{\"@context\":\"https:\\\/\\\/schema.org\",\"@graph\":[{\"@type\":\"Article\",\"@id\":\"https:\\\/\\\/super-news.info\\\/mx\\\/waldo-se-fue-y-luego\\\/#article\",\"isPartOf\":{\"@id\":\"https:\\\/\\\/super-news.info\\\/mx\\\/waldo-se-fue-y-luego\\\/\"},\"author\":{\"name\":\"mx\",\"@id\":\"https:\\\/\\\/super-news.info\\\/mx\\\/#\\\/schema\\\/person\\\/74b71ca3d407439fd57da2d9c89449ca\"},\"headline\":\"Waldo se fue \u00bfy luego?\",\"datePublished\":\"2019-07-18T14:25:01+00:00\",\"dateModified\":\"2019-07-18T14:25:02+00:00\",\"mainEntityOfPage\":{\"@id\":\"https:\\\/\\\/super-news.info\\\/mx\\\/waldo-se-fue-y-luego\\\/\"},\"wordCount\":732,\"commentCount\":0,\"image\":{\"@id\":\"https:\\\/\\\/super-news.info\\\/mx\\\/waldo-se-fue-y-luego\\\/#primaryimage\"},\"thumbnailUrl\":\"https:\\\/\\\/super-news.info\\\/mx\\\/wp-content\\\/uploads\\\/sites\\\/8\\\/2019\\\/05\\\/La-era-de-los-\u201cInfluencers\u201d.jpeg\",\"articleSection\":[\"NOTICIAS FINANCIERAS\"],\"inLanguage\":\"es\",\"potentialAction\":[{\"@type\":\"CommentAction\",\"name\":\"Comment\",\"target\":[\"https:\\\/\\\/super-news.info\\\/mx\\\/waldo-se-fue-y-luego\\\/#respond\"]}]},{\"@type\":\"WebPage\",\"@id\":\"https:\\\/\\\/super-news.info\\\/mx\\\/waldo-se-fue-y-luego\\\/\",\"url\":\"https:\\\/\\\/super-news.info\\\/mx\\\/waldo-se-fue-y-luego\\\/\",\"name\":\"Waldo se fue \u00bfy luego? - Super News\",\"isPartOf\":{\"@id\":\"https:\\\/\\\/super-news.info\\\/mx\\\/#website\"},\"primaryImageOfPage\":{\"@id\":\"https:\\\/\\\/super-news.info\\\/mx\\\/waldo-se-fue-y-luego\\\/#primaryimage\"},\"image\":{\"@id\":\"https:\\\/\\\/super-news.info\\\/mx\\\/waldo-se-fue-y-luego\\\/#primaryimage\"},\"thumbnailUrl\":\"https:\\\/\\\/super-news.info\\\/mx\\\/wp-content\\\/uploads\\\/sites\\\/8\\\/2019\\\/05\\\/La-era-de-los-\u201cInfluencers\u201d.jpeg\",\"datePublished\":\"2019-07-18T14:25:01+00:00\",\"dateModified\":\"2019-07-18T14:25:02+00:00\",\"author\":{\"@id\":\"https:\\\/\\\/super-news.info\\\/mx\\\/#\\\/schema\\\/person\\\/74b71ca3d407439fd57da2d9c89449ca\"},\"breadcrumb\":{\"@id\":\"https:\\\/\\\/super-news.info\\\/mx\\\/waldo-se-fue-y-luego\\\/#breadcrumb\"},\"inLanguage\":\"es\",\"potentialAction\":[{\"@type\":\"ReadAction\",\"target\":[\"https:\\\/\\\/super-news.info\\\/mx\\\/waldo-se-fue-y-luego\\\/\"]}]},{\"@type\":\"ImageObject\",\"inLanguage\":\"es\",\"@id\":\"https:\\\/\\\/super-news.info\\\/mx\\\/waldo-se-fue-y-luego\\\/#primaryimage\",\"url\":\"https:\\\/\\\/super-news.info\\\/mx\\\/wp-content\\\/uploads\\\/sites\\\/8\\\/2019\\\/05\\\/La-era-de-los-\u201cInfluencers\u201d.jpeg\",\"contentUrl\":\"https:\\\/\\\/super-news.info\\\/mx\\\/wp-content\\\/uploads\\\/sites\\\/8\\\/2019\\\/05\\\/La-era-de-los-\u201cInfluencers\u201d.jpeg\",\"width\":1776,\"height\":1000,\"caption\":\"Enrique Silva T\u00e9llez\"},{\"@type\":\"BreadcrumbList\",\"@id\":\"https:\\\/\\\/super-news.info\\\/mx\\\/waldo-se-fue-y-luego\\\/#breadcrumb\",\"itemListElement\":[{\"@type\":\"ListItem\",\"position\":1,\"name\":\"Home\",\"item\":\"https:\\\/\\\/super-news.info\\\/mx\\\/\"},{\"@type\":\"ListItem\",\"position\":2,\"name\":\"Waldo se fue \u00bfy luego?\"}]},{\"@type\":\"WebSite\",\"@id\":\"https:\\\/\\\/super-news.info\\\/mx\\\/#website\",\"url\":\"https:\\\/\\\/super-news.info\\\/mx\\\/\",\"name\":\"Super News\",\"description\":\"Super News Mexico\",\"potentialAction\":[{\"@type\":\"SearchAction\",\"target\":{\"@type\":\"EntryPoint\",\"urlTemplate\":\"https:\\\/\\\/super-news.info\\\/mx\\\/?s={search_term_string}\"},\"query-input\":{\"@type\":\"PropertyValueSpecification\",\"valueRequired\":true,\"valueName\":\"search_term_string\"}}],\"inLanguage\":\"es\"},{\"@type\":\"Person\",\"@id\":\"https:\\\/\\\/super-news.info\\\/mx\\\/#\\\/schema\\\/person\\\/74b71ca3d407439fd57da2d9c89449ca\",\"name\":\"mx\",\"image\":{\"@type\":\"ImageObject\",\"inLanguage\":\"es\",\"@id\":\"https:\\\/\\\/secure.gravatar.com\\\/avatar\\\/6374ac65ff69c362a0ae1303d73d69dcd9bd198d62d9861f054a69aaf82c017b?s=96&d=mm&r=g\",\"url\":\"https:\\\/\\\/secure.gravatar.com\\\/avatar\\\/6374ac65ff69c362a0ae1303d73d69dcd9bd198d62d9861f054a69aaf82c017b?s=96&d=mm&r=g\",\"contentUrl\":\"https:\\\/\\\/secure.gravatar.com\\\/avatar\\\/6374ac65ff69c362a0ae1303d73d69dcd9bd198d62d9861f054a69aaf82c017b?s=96&d=mm&r=g\",\"caption\":\"mx\"},\"url\":\"https:\\\/\\\/super-news.info\\\/mx\\\/author\\\/mx\\\/\"}]}<\/script>\n<!-- \/ Yoast SEO plugin. -->","yoast_head_json":{"title":"Waldo se fue \u00bfy luego? - Super News","robots":{"index":"index","follow":"follow","max-snippet":"max-snippet:-1","max-image-preview":"max-image-preview:large","max-video-preview":"max-video-preview:-1"},"canonical":"https:\/\/super-news.info\/mx\/waldo-se-fue-y-luego\/","og_locale":"es_MX","og_type":"article","og_title":"Waldo se fue \u00bfy luego? - Super News","og_description":"[ad_1] Enrique Silva T\u00e9llezFuente: Cortes\u00eda La salida del gobierno de Waldo Fern\u00e1ndez es interesante por los motivos que manifest\u00f3 al hacerlo, por el \u201ctiming\u201d en que lo hizo y por el espacio que deja por llenar dentro de la estructura del gobierno estatal. En el comunicado que anunci\u00f3 su salida, afirm\u00f3 que el Estado est\u00e1 [&hellip;]","og_url":"https:\/\/super-news.info\/mx\/waldo-se-fue-y-luego\/","og_site_name":"Super News","article_published_time":"2019-07-18T14:25:01+00:00","article_modified_time":"2019-07-18T14:25:02+00:00","og_image":[{"width":1776,"height":1000,"url":"https:\/\/super-news.info\/mx\/wp-content\/uploads\/sites\/8\/2019\/05\/La-era-de-los-\u201cInfluencers\u201d.jpeg","type":"image\/jpeg"}],"author":"mx","twitter_card":"summary_large_image","twitter_misc":{"Escrito por":"mx","Tiempo de lectura":"4 minutos"},"schema":{"@context":"https:\/\/schema.org","@graph":[{"@type":"Article","@id":"https:\/\/super-news.info\/mx\/waldo-se-fue-y-luego\/#article","isPartOf":{"@id":"https:\/\/super-news.info\/mx\/waldo-se-fue-y-luego\/"},"author":{"name":"mx","@id":"https:\/\/super-news.info\/mx\/#\/schema\/person\/74b71ca3d407439fd57da2d9c89449ca"},"headline":"Waldo se fue \u00bfy luego?","datePublished":"2019-07-18T14:25:01+00:00","dateModified":"2019-07-18T14:25:02+00:00","mainEntityOfPage":{"@id":"https:\/\/super-news.info\/mx\/waldo-se-fue-y-luego\/"},"wordCount":732,"commentCount":0,"image":{"@id":"https:\/\/super-news.info\/mx\/waldo-se-fue-y-luego\/#primaryimage"},"thumbnailUrl":"https:\/\/super-news.info\/mx\/wp-content\/uploads\/sites\/8\/2019\/05\/La-era-de-los-\u201cInfluencers\u201d.jpeg","articleSection":["NOTICIAS FINANCIERAS"],"inLanguage":"es","potentialAction":[{"@type":"CommentAction","name":"Comment","target":["https:\/\/super-news.info\/mx\/waldo-se-fue-y-luego\/#respond"]}]},{"@type":"WebPage","@id":"https:\/\/super-news.info\/mx\/waldo-se-fue-y-luego\/","url":"https:\/\/super-news.info\/mx\/waldo-se-fue-y-luego\/","name":"Waldo se fue \u00bfy luego? - Super News","isPartOf":{"@id":"https:\/\/super-news.info\/mx\/#website"},"primaryImageOfPage":{"@id":"https:\/\/super-news.info\/mx\/waldo-se-fue-y-luego\/#primaryimage"},"image":{"@id":"https:\/\/super-news.info\/mx\/waldo-se-fue-y-luego\/#primaryimage"},"thumbnailUrl":"https:\/\/super-news.info\/mx\/wp-content\/uploads\/sites\/8\/2019\/05\/La-era-de-los-\u201cInfluencers\u201d.jpeg","datePublished":"2019-07-18T14:25:01+00:00","dateModified":"2019-07-18T14:25:02+00:00","author":{"@id":"https:\/\/super-news.info\/mx\/#\/schema\/person\/74b71ca3d407439fd57da2d9c89449ca"},"breadcrumb":{"@id":"https:\/\/super-news.info\/mx\/waldo-se-fue-y-luego\/#breadcrumb"},"inLanguage":"es","potentialAction":[{"@type":"ReadAction","target":["https:\/\/super-news.info\/mx\/waldo-se-fue-y-luego\/"]}]},{"@type":"ImageObject","inLanguage":"es","@id":"https:\/\/super-news.info\/mx\/waldo-se-fue-y-luego\/#primaryimage","url":"https:\/\/super-news.info\/mx\/wp-content\/uploads\/sites\/8\/2019\/05\/La-era-de-los-\u201cInfluencers\u201d.jpeg","contentUrl":"https:\/\/super-news.info\/mx\/wp-content\/uploads\/sites\/8\/2019\/05\/La-era-de-los-\u201cInfluencers\u201d.jpeg","width":1776,"height":1000,"caption":"Enrique Silva T\u00e9llez"},{"@type":"BreadcrumbList","@id":"https:\/\/super-news.info\/mx\/waldo-se-fue-y-luego\/#breadcrumb","itemListElement":[{"@type":"ListItem","position":1,"name":"Home","item":"https:\/\/super-news.info\/mx\/"},{"@type":"ListItem","position":2,"name":"Waldo se fue \u00bfy luego?"}]},{"@type":"WebSite","@id":"https:\/\/super-news.info\/mx\/#website","url":"https:\/\/super-news.info\/mx\/","name":"Super News","description":"Super News Mexico","potentialAction":[{"@type":"SearchAction","target":{"@type":"EntryPoint","urlTemplate":"https:\/\/super-news.info\/mx\/?s={search_term_string}"},"query-input":{"@type":"PropertyValueSpecification","valueRequired":true,"valueName":"search_term_string"}}],"inLanguage":"es"},{"@type":"Person","@id":"https:\/\/super-news.info\/mx\/#\/schema\/person\/74b71ca3d407439fd57da2d9c89449ca","name":"mx","image":{"@type":"ImageObject","inLanguage":"es","@id":"https:\/\/secure.gravatar.com\/avatar\/6374ac65ff69c362a0ae1303d73d69dcd9bd198d62d9861f054a69aaf82c017b?s=96&d=mm&r=g","url":"https:\/\/secure.gravatar.com\/avatar\/6374ac65ff69c362a0ae1303d73d69dcd9bd198d62d9861f054a69aaf82c017b?s=96&d=mm&r=g","contentUrl":"https:\/\/secure.gravatar.com\/avatar\/6374ac65ff69c362a0ae1303d73d69dcd9bd198d62d9861f054a69aaf82c017b?s=96&d=mm&r=g","caption":"mx"},"url":"https:\/\/super-news.info\/mx\/author\/mx\/"}]}},"_links":{"self":[{"href":"https:\/\/super-news.info\/mx\/wp-json\/wp\/v2\/posts\/2500","targetHints":{"allow":["GET"]}}],"collection":[{"href":"https:\/\/super-news.info\/mx\/wp-json\/wp\/v2\/posts"}],"about":[{"href":"https:\/\/super-news.info\/mx\/wp-json\/wp\/v2\/types\/post"}],"author":[{"embeddable":true,"href":"https:\/\/super-news.info\/mx\/wp-json\/wp\/v2\/users\/3"}],"replies":[{"embeddable":true,"href":"https:\/\/super-news.info\/mx\/wp-json\/wp\/v2\/comments?post=2500"}],"version-history":[{"count":1,"href":"https:\/\/super-news.info\/mx\/wp-json\/wp\/v2\/posts\/2500\/revisions"}],"predecessor-version":[{"id":2501,"href":"https:\/\/super-news.info\/mx\/wp-json\/wp\/v2\/posts\/2500\/revisions\/2501"}],"wp:featuredmedia":[{"embeddable":true,"href":"https:\/\/super-news.info\/mx\/wp-json\/wp\/v2\/media\/251"}],"wp:attachment":[{"href":"https:\/\/super-news.info\/mx\/wp-json\/wp\/v2\/media?parent=2500"}],"wp:term":[{"taxonomy":"category","embeddable":true,"href":"https:\/\/super-news.info\/mx\/wp-json\/wp\/v2\/categories?post=2500"},{"taxonomy":"post_tag","embeddable":true,"href":"https:\/\/super-news.info\/mx\/wp-json\/wp\/v2\/tags?post=2500"}],"curies":[{"name":"wp","href":"https:\/\/api.w.org\/{rel}","templated":true}]}}