{"id":2494,"date":"2019-07-18T12:49:13","date_gmt":"2019-07-18T12:49:13","guid":{"rendered":"https:\/\/super-news.info\/mx\/siete-de-cada-10-se-sienten-inseguros-en-su-ciudad\/"},"modified":"2019-07-18T12:49:14","modified_gmt":"2019-07-18T12:49:14","slug":"siete-de-cada-10-se-sienten-inseguros-en-su-ciudad","status":"publish","type":"post","link":"https:\/\/super-news.info\/mx\/siete-de-cada-10-se-sienten-inseguros-en-su-ciudad\/","title":{"rendered":"Siete de cada 10 se sienten inseguros en su ciudad"},"content":{"rendered":"<p> [ad_1]<br \/>\n<\/p>\n<p class=\"paragraph\" data-count=\"257\" data-wrap=\"42\">En junio de 2019, 73.9 por ciento de la poblaci\u00f3n adulta del pa\u00eds consider\u00f3 que vivir en su ciudad es inseguro, seg\u00fan cifras de la <strong>Encuesta Nacional de Seguridad P\u00fablica Urbana<\/strong> (ENSU), realizada por el <strong>Instituto Nacional de Estad\u00edstica y Geograf\u00eda<\/strong> (INEGI).\n<\/p>\n<p class=\"paragraph\" data-count=\"271\" data-wrap=\"47\">De acuerdo con el organismo, esta cifra no represent\u00f3 un cambio estad\u00edsticamente significativo respecto a marzo de 2019, donde esta percepci\u00f3n fue de 74.6 por ciento. Sin embargo, esta cifra s\u00ed fue menor a la de 75.9 por ciento, registrada hace un a\u00f1o, en junio de 2018.\n<\/p>\n<p class=\"paragraph\" data-count=\"0\" data-wrap=\"1\">\n<div class=\"image__block \">\n<figure><\/figure>\n<p><span class=\"element__footer\"><\/span><span class=\"element__credit\"><\/span><\/div>\n<p class=\"paragraph\" data-count=\"133\" data-wrap=\"23\">La percepci\u00f3n de inseguridad sigui\u00f3 siendo mayor en las mujeres con 78.7 por ciento, mientras que en hombres fue de 68.2 por ciento.\n<\/p>\n<p class=\"paragraph\" data-count=\"293\" data-wrap=\"45\">Las ciudades en el pa\u00eds con mayor porcentaje de personas que consideraron que vivir en su ciudad es inseguro fueron Ecatepec (97.4 por ciento), Coatzacoalcos (94.3 por ciento), Naucalpan (94 por ciento), Villahermosa (92.4 por ciento), Tapachula (92.3 por ciento) y Uruapan (88.9 por ciento).\n<\/p>\n<p class=\"paragraph\" data-count=\"256\" data-wrap=\"46\">A su vez, Puebla fue la entidad que registr\u00f3 el cambio m\u00e1s abrupto, ya que durante el primer trimestre del a\u00f1o, \u00fanicamente 6.6 por ciento de los poblanos percib\u00edan un ambiente de inseguridad, pero al cierre de junio, esta cifra se dispar\u00f3 a 88 por ciento.\n<\/p>\n<p class=\"paragraph\" data-count=\"245\" data-wrap=\"39\">La encuesta revela, adem\u00e1s, que casi la mitad de la poblaci\u00f3n mexicana que se enfrent\u00f3 a alg\u00fan incidente de tr\u00e1nsito, infracci\u00f3n, detenci\u00f3n por ri\u00f1a o por faltas a la moral o administrativas, afirm\u00f3 haber experimentado alg\u00fan acto de corrupci\u00f3n.\n<\/p>\n<p class=\"paragraph\" data-count=\"266\" data-wrap=\"44\">Acapulco, Guerrero, fue la ciudad m\u00e1s corrupta durante los primeros seis meses de 2019, ya que el 73.8 por ciento de los habitantes que requirieron ayuda de alguna autoridad de seguridad p\u00fablica, se asumieron como v\u00edctimas de la corrupci\u00f3n, seg\u00fan cifras de la ENSU.\n<\/p>\n<p class=\"paragraph\" data-count=\"324\" data-wrap=\"50\">El 84.3 por ciento de los acapulque\u00f1os consider\u00f3 a la delincuencia (robos, extorsiones, secuestros, fraudes, corrupci\u00f3n, etc.) como una de las principales problem\u00e1ticas de la ciudad, y al menos siete de cada diez habitantes evaluaron como poco o nada efectiva la capacidad del gobierno para resolver este tipo de problemas.\n<\/p>\n<p class=\"paragraph\" data-count=\"197\" data-wrap=\"32\">Las otras tres ciudades con altos niveles de corrupci\u00f3n fueron Los Mochis, Sinaloa (71.9 por ciento), as\u00ed como Naucalpan (71.4 por ciento) y Tlalnepantla (70.8 por ciento), en el Estado de M\u00e9xico.\n<\/p>\n<p class=\"paragraph\" data-count=\"380\" data-wrap=\"69\">Por otra parte, durante el primer semestre del a\u00f1o, el 34.9 por ciento de los hogares mexicanos inform\u00f3 haber sido v\u00edctima de robo y\/o extorsi\u00f3n. Entre enero y junio de 2019, al menos un integrante del hogar sufri\u00f3 robo o asalto en la calle o en el transporte p\u00fablico, mientras que el 12.4 por ciento sufri\u00f3 extorsi\u00f3n y el 12.1 por ciento fue v\u00edctima de robo parcial de veh\u00edculo.\n<\/p>\n<p class=\"paragraph\" data-count=\"0\" data-wrap=\"1\">\n<p>[ad_2]<br \/>\n<br \/><a href=\"https:\/\/www.elfinanciero.com.mx\/rss\/nacional\/siete-de-cada-10-se-sienten-inseguros-en-su-ciudad\">Source link <\/a><\/p>\n","protected":false},"excerpt":{"rendered":"<p>[ad_1] En junio de 2019, 73.9 por ciento de la poblaci\u00f3n adulta del pa\u00eds consider\u00f3 que vivir en su ciudad es inseguro, seg\u00fan cifras de la Encuesta Nacional de Seguridad P\u00fablica Urbana (ENSU), realizada por el Instituto Nacional de Estad\u00edstica y Geograf\u00eda (INEGI). De acuerdo con el organismo, esta cifra no represent\u00f3 un cambio estad\u00edsticamente [&hellip;]<\/p>\n","protected":false},"author":3,"featured_media":2495,"comment_status":"open","ping_status":"open","sticky":false,"template":"","format":"standard","meta":{"footnotes":""},"categories":[1],"tags":[],"class_list":["post-2494","post","type-post","status-publish","format-standard","has-post-thumbnail","hentry","category-noticias-financieras"],"yoast_head":"<!-- This site is optimized with the Yoast SEO plugin v27.4 - https:\/\/yoast.com\/product\/yoast-seo-wordpress\/ -->\n<title>Siete de cada 10 se sienten inseguros en su ciudad - Super News<\/title>\n<meta name=\"robots\" content=\"index, follow, max-snippet:-1, max-image-preview:large, max-video-preview:-1\" \/>\n<link rel=\"canonical\" href=\"https:\/\/super-news.info\/mx\/siete-de-cada-10-se-sienten-inseguros-en-su-ciudad\/\" \/>\n<meta property=\"og:locale\" content=\"es_MX\" \/>\n<meta property=\"og:type\" content=\"article\" \/>\n<meta property=\"og:title\" content=\"Siete de cada 10 se sienten inseguros en su ciudad - Super News\" \/>\n<meta property=\"og:description\" content=\"[ad_1] En junio de 2019, 73.9 por ciento de la poblaci\u00f3n adulta del pa\u00eds consider\u00f3 que vivir en su ciudad es inseguro, seg\u00fan cifras de la Encuesta Nacional de Seguridad P\u00fablica Urbana (ENSU), realizada por el Instituto Nacional de Estad\u00edstica y Geograf\u00eda (INEGI). De acuerdo con el organismo, esta cifra no represent\u00f3 un cambio estad\u00edsticamente [&hellip;]\" \/>\n<meta property=\"og:url\" content=\"https:\/\/super-news.info\/mx\/siete-de-cada-10-se-sienten-inseguros-en-su-ciudad\/\" \/>\n<meta property=\"og:site_name\" content=\"Super News\" \/>\n<meta property=\"article:published_time\" content=\"2019-07-18T12:49:13+00:00\" \/>\n<meta property=\"article:modified_time\" content=\"2019-07-18T12:49:14+00:00\" \/>\n<meta property=\"og:image\" content=\"https:\/\/super-news.info\/mx\/wp-content\/uploads\/sites\/8\/2019\/07\/Siete-de-cada-10-se-sienten-inseguros-en-su-ciudad.jpeg\" \/>\n\t<meta property=\"og:image:width\" content=\"843\" \/>\n\t<meta property=\"og:image:height\" content=\"672\" \/>\n\t<meta property=\"og:image:type\" content=\"image\/jpeg\" \/>\n<meta name=\"author\" content=\"mx\" \/>\n<meta name=\"twitter:card\" content=\"summary_large_image\" \/>\n<meta name=\"twitter:label1\" content=\"Escrito por\" \/>\n\t<meta name=\"twitter:data1\" content=\"mx\" \/>\n\t<meta name=\"twitter:label2\" content=\"Tiempo de lectura\" \/>\n\t<meta name=\"twitter:data2\" content=\"2 minutos\" \/>\n<script type=\"application\/ld+json\" class=\"yoast-schema-graph\">{\"@context\":\"https:\\\/\\\/schema.org\",\"@graph\":[{\"@type\":\"Article\",\"@id\":\"https:\\\/\\\/super-news.info\\\/mx\\\/siete-de-cada-10-se-sienten-inseguros-en-su-ciudad\\\/#article\",\"isPartOf\":{\"@id\":\"https:\\\/\\\/super-news.info\\\/mx\\\/siete-de-cada-10-se-sienten-inseguros-en-su-ciudad\\\/\"},\"author\":{\"name\":\"mx\",\"@id\":\"https:\\\/\\\/super-news.info\\\/mx\\\/#\\\/schema\\\/person\\\/74b71ca3d407439fd57da2d9c89449ca\"},\"headline\":\"Siete de cada 10 se sienten inseguros en su ciudad\",\"datePublished\":\"2019-07-18T12:49:13+00:00\",\"dateModified\":\"2019-07-18T12:49:14+00:00\",\"mainEntityOfPage\":{\"@id\":\"https:\\\/\\\/super-news.info\\\/mx\\\/siete-de-cada-10-se-sienten-inseguros-en-su-ciudad\\\/\"},\"wordCount\":465,\"commentCount\":0,\"image\":{\"@id\":\"https:\\\/\\\/super-news.info\\\/mx\\\/siete-de-cada-10-se-sienten-inseguros-en-su-ciudad\\\/#primaryimage\"},\"thumbnailUrl\":\"https:\\\/\\\/super-news.info\\\/mx\\\/wp-content\\\/uploads\\\/sites\\\/8\\\/2019\\\/07\\\/Siete-de-cada-10-se-sienten-inseguros-en-su-ciudad.jpeg\",\"articleSection\":[\"NOTICIAS FINANCIERAS\"],\"inLanguage\":\"es\",\"potentialAction\":[{\"@type\":\"CommentAction\",\"name\":\"Comment\",\"target\":[\"https:\\\/\\\/super-news.info\\\/mx\\\/siete-de-cada-10-se-sienten-inseguros-en-su-ciudad\\\/#respond\"]}]},{\"@type\":\"WebPage\",\"@id\":\"https:\\\/\\\/super-news.info\\\/mx\\\/siete-de-cada-10-se-sienten-inseguros-en-su-ciudad\\\/\",\"url\":\"https:\\\/\\\/super-news.info\\\/mx\\\/siete-de-cada-10-se-sienten-inseguros-en-su-ciudad\\\/\",\"name\":\"Siete de cada 10 se sienten inseguros en su ciudad - Super News\",\"isPartOf\":{\"@id\":\"https:\\\/\\\/super-news.info\\\/mx\\\/#website\"},\"primaryImageOfPage\":{\"@id\":\"https:\\\/\\\/super-news.info\\\/mx\\\/siete-de-cada-10-se-sienten-inseguros-en-su-ciudad\\\/#primaryimage\"},\"image\":{\"@id\":\"https:\\\/\\\/super-news.info\\\/mx\\\/siete-de-cada-10-se-sienten-inseguros-en-su-ciudad\\\/#primaryimage\"},\"thumbnailUrl\":\"https:\\\/\\\/super-news.info\\\/mx\\\/wp-content\\\/uploads\\\/sites\\\/8\\\/2019\\\/07\\\/Siete-de-cada-10-se-sienten-inseguros-en-su-ciudad.jpeg\",\"datePublished\":\"2019-07-18T12:49:13+00:00\",\"dateModified\":\"2019-07-18T12:49:14+00:00\",\"author\":{\"@id\":\"https:\\\/\\\/super-news.info\\\/mx\\\/#\\\/schema\\\/person\\\/74b71ca3d407439fd57da2d9c89449ca\"},\"breadcrumb\":{\"@id\":\"https:\\\/\\\/super-news.info\\\/mx\\\/siete-de-cada-10-se-sienten-inseguros-en-su-ciudad\\\/#breadcrumb\"},\"inLanguage\":\"es\",\"potentialAction\":[{\"@type\":\"ReadAction\",\"target\":[\"https:\\\/\\\/super-news.info\\\/mx\\\/siete-de-cada-10-se-sienten-inseguros-en-su-ciudad\\\/\"]}]},{\"@type\":\"ImageObject\",\"inLanguage\":\"es\",\"@id\":\"https:\\\/\\\/super-news.info\\\/mx\\\/siete-de-cada-10-se-sienten-inseguros-en-su-ciudad\\\/#primaryimage\",\"url\":\"https:\\\/\\\/super-news.info\\\/mx\\\/wp-content\\\/uploads\\\/sites\\\/8\\\/2019\\\/07\\\/Siete-de-cada-10-se-sienten-inseguros-en-su-ciudad.jpeg\",\"contentUrl\":\"https:\\\/\\\/super-news.info\\\/mx\\\/wp-content\\\/uploads\\\/sites\\\/8\\\/2019\\\/07\\\/Siete-de-cada-10-se-sienten-inseguros-en-su-ciudad.jpeg\",\"width\":843,\"height\":672,\"caption\":\"Siete de cada 10 se sienten inseguros en su ciudad\"},{\"@type\":\"BreadcrumbList\",\"@id\":\"https:\\\/\\\/super-news.info\\\/mx\\\/siete-de-cada-10-se-sienten-inseguros-en-su-ciudad\\\/#breadcrumb\",\"itemListElement\":[{\"@type\":\"ListItem\",\"position\":1,\"name\":\"Home\",\"item\":\"https:\\\/\\\/super-news.info\\\/mx\\\/\"},{\"@type\":\"ListItem\",\"position\":2,\"name\":\"Siete de cada 10 se sienten inseguros en su ciudad\"}]},{\"@type\":\"WebSite\",\"@id\":\"https:\\\/\\\/super-news.info\\\/mx\\\/#website\",\"url\":\"https:\\\/\\\/super-news.info\\\/mx\\\/\",\"name\":\"Super News\",\"description\":\"Super News Mexico\",\"potentialAction\":[{\"@type\":\"SearchAction\",\"target\":{\"@type\":\"EntryPoint\",\"urlTemplate\":\"https:\\\/\\\/super-news.info\\\/mx\\\/?s={search_term_string}\"},\"query-input\":{\"@type\":\"PropertyValueSpecification\",\"valueRequired\":true,\"valueName\":\"search_term_string\"}}],\"inLanguage\":\"es\"},{\"@type\":\"Person\",\"@id\":\"https:\\\/\\\/super-news.info\\\/mx\\\/#\\\/schema\\\/person\\\/74b71ca3d407439fd57da2d9c89449ca\",\"name\":\"mx\",\"image\":{\"@type\":\"ImageObject\",\"inLanguage\":\"es\",\"@id\":\"https:\\\/\\\/secure.gravatar.com\\\/avatar\\\/6374ac65ff69c362a0ae1303d73d69dcd9bd198d62d9861f054a69aaf82c017b?s=96&d=mm&r=g\",\"url\":\"https:\\\/\\\/secure.gravatar.com\\\/avatar\\\/6374ac65ff69c362a0ae1303d73d69dcd9bd198d62d9861f054a69aaf82c017b?s=96&d=mm&r=g\",\"contentUrl\":\"https:\\\/\\\/secure.gravatar.com\\\/avatar\\\/6374ac65ff69c362a0ae1303d73d69dcd9bd198d62d9861f054a69aaf82c017b?s=96&d=mm&r=g\",\"caption\":\"mx\"},\"url\":\"https:\\\/\\\/super-news.info\\\/mx\\\/author\\\/mx\\\/\"}]}<\/script>\n<!-- \/ Yoast SEO plugin. -->","yoast_head_json":{"title":"Siete de cada 10 se sienten inseguros en su ciudad - Super News","robots":{"index":"index","follow":"follow","max-snippet":"max-snippet:-1","max-image-preview":"max-image-preview:large","max-video-preview":"max-video-preview:-1"},"canonical":"https:\/\/super-news.info\/mx\/siete-de-cada-10-se-sienten-inseguros-en-su-ciudad\/","og_locale":"es_MX","og_type":"article","og_title":"Siete de cada 10 se sienten inseguros en su ciudad - Super News","og_description":"[ad_1] En junio de 2019, 73.9 por ciento de la poblaci\u00f3n adulta del pa\u00eds consider\u00f3 que vivir en su ciudad es inseguro, seg\u00fan cifras de la Encuesta Nacional de Seguridad P\u00fablica Urbana (ENSU), realizada por el Instituto Nacional de Estad\u00edstica y Geograf\u00eda (INEGI). De acuerdo con el organismo, esta cifra no represent\u00f3 un cambio estad\u00edsticamente [&hellip;]","og_url":"https:\/\/super-news.info\/mx\/siete-de-cada-10-se-sienten-inseguros-en-su-ciudad\/","og_site_name":"Super News","article_published_time":"2019-07-18T12:49:13+00:00","article_modified_time":"2019-07-18T12:49:14+00:00","og_image":[{"width":843,"height":672,"url":"https:\/\/super-news.info\/mx\/wp-content\/uploads\/sites\/8\/2019\/07\/Siete-de-cada-10-se-sienten-inseguros-en-su-ciudad.jpeg","type":"image\/jpeg"}],"author":"mx","twitter_card":"summary_large_image","twitter_misc":{"Escrito por":"mx","Tiempo de lectura":"2 minutos"},"schema":{"@context":"https:\/\/schema.org","@graph":[{"@type":"Article","@id":"https:\/\/super-news.info\/mx\/siete-de-cada-10-se-sienten-inseguros-en-su-ciudad\/#article","isPartOf":{"@id":"https:\/\/super-news.info\/mx\/siete-de-cada-10-se-sienten-inseguros-en-su-ciudad\/"},"author":{"name":"mx","@id":"https:\/\/super-news.info\/mx\/#\/schema\/person\/74b71ca3d407439fd57da2d9c89449ca"},"headline":"Siete de cada 10 se sienten inseguros en su ciudad","datePublished":"2019-07-18T12:49:13+00:00","dateModified":"2019-07-18T12:49:14+00:00","mainEntityOfPage":{"@id":"https:\/\/super-news.info\/mx\/siete-de-cada-10-se-sienten-inseguros-en-su-ciudad\/"},"wordCount":465,"commentCount":0,"image":{"@id":"https:\/\/super-news.info\/mx\/siete-de-cada-10-se-sienten-inseguros-en-su-ciudad\/#primaryimage"},"thumbnailUrl":"https:\/\/super-news.info\/mx\/wp-content\/uploads\/sites\/8\/2019\/07\/Siete-de-cada-10-se-sienten-inseguros-en-su-ciudad.jpeg","articleSection":["NOTICIAS FINANCIERAS"],"inLanguage":"es","potentialAction":[{"@type":"CommentAction","name":"Comment","target":["https:\/\/super-news.info\/mx\/siete-de-cada-10-se-sienten-inseguros-en-su-ciudad\/#respond"]}]},{"@type":"WebPage","@id":"https:\/\/super-news.info\/mx\/siete-de-cada-10-se-sienten-inseguros-en-su-ciudad\/","url":"https:\/\/super-news.info\/mx\/siete-de-cada-10-se-sienten-inseguros-en-su-ciudad\/","name":"Siete de cada 10 se sienten inseguros en su ciudad - Super News","isPartOf":{"@id":"https:\/\/super-news.info\/mx\/#website"},"primaryImageOfPage":{"@id":"https:\/\/super-news.info\/mx\/siete-de-cada-10-se-sienten-inseguros-en-su-ciudad\/#primaryimage"},"image":{"@id":"https:\/\/super-news.info\/mx\/siete-de-cada-10-se-sienten-inseguros-en-su-ciudad\/#primaryimage"},"thumbnailUrl":"https:\/\/super-news.info\/mx\/wp-content\/uploads\/sites\/8\/2019\/07\/Siete-de-cada-10-se-sienten-inseguros-en-su-ciudad.jpeg","datePublished":"2019-07-18T12:49:13+00:00","dateModified":"2019-07-18T12:49:14+00:00","author":{"@id":"https:\/\/super-news.info\/mx\/#\/schema\/person\/74b71ca3d407439fd57da2d9c89449ca"},"breadcrumb":{"@id":"https:\/\/super-news.info\/mx\/siete-de-cada-10-se-sienten-inseguros-en-su-ciudad\/#breadcrumb"},"inLanguage":"es","potentialAction":[{"@type":"ReadAction","target":["https:\/\/super-news.info\/mx\/siete-de-cada-10-se-sienten-inseguros-en-su-ciudad\/"]}]},{"@type":"ImageObject","inLanguage":"es","@id":"https:\/\/super-news.info\/mx\/siete-de-cada-10-se-sienten-inseguros-en-su-ciudad\/#primaryimage","url":"https:\/\/super-news.info\/mx\/wp-content\/uploads\/sites\/8\/2019\/07\/Siete-de-cada-10-se-sienten-inseguros-en-su-ciudad.jpeg","contentUrl":"https:\/\/super-news.info\/mx\/wp-content\/uploads\/sites\/8\/2019\/07\/Siete-de-cada-10-se-sienten-inseguros-en-su-ciudad.jpeg","width":843,"height":672,"caption":"Siete de cada 10 se sienten inseguros en su ciudad"},{"@type":"BreadcrumbList","@id":"https:\/\/super-news.info\/mx\/siete-de-cada-10-se-sienten-inseguros-en-su-ciudad\/#breadcrumb","itemListElement":[{"@type":"ListItem","position":1,"name":"Home","item":"https:\/\/super-news.info\/mx\/"},{"@type":"ListItem","position":2,"name":"Siete de cada 10 se sienten inseguros en su ciudad"}]},{"@type":"WebSite","@id":"https:\/\/super-news.info\/mx\/#website","url":"https:\/\/super-news.info\/mx\/","name":"Super News","description":"Super News Mexico","potentialAction":[{"@type":"SearchAction","target":{"@type":"EntryPoint","urlTemplate":"https:\/\/super-news.info\/mx\/?s={search_term_string}"},"query-input":{"@type":"PropertyValueSpecification","valueRequired":true,"valueName":"search_term_string"}}],"inLanguage":"es"},{"@type":"Person","@id":"https:\/\/super-news.info\/mx\/#\/schema\/person\/74b71ca3d407439fd57da2d9c89449ca","name":"mx","image":{"@type":"ImageObject","inLanguage":"es","@id":"https:\/\/secure.gravatar.com\/avatar\/6374ac65ff69c362a0ae1303d73d69dcd9bd198d62d9861f054a69aaf82c017b?s=96&d=mm&r=g","url":"https:\/\/secure.gravatar.com\/avatar\/6374ac65ff69c362a0ae1303d73d69dcd9bd198d62d9861f054a69aaf82c017b?s=96&d=mm&r=g","contentUrl":"https:\/\/secure.gravatar.com\/avatar\/6374ac65ff69c362a0ae1303d73d69dcd9bd198d62d9861f054a69aaf82c017b?s=96&d=mm&r=g","caption":"mx"},"url":"https:\/\/super-news.info\/mx\/author\/mx\/"}]}},"_links":{"self":[{"href":"https:\/\/super-news.info\/mx\/wp-json\/wp\/v2\/posts\/2494","targetHints":{"allow":["GET"]}}],"collection":[{"href":"https:\/\/super-news.info\/mx\/wp-json\/wp\/v2\/posts"}],"about":[{"href":"https:\/\/super-news.info\/mx\/wp-json\/wp\/v2\/types\/post"}],"author":[{"embeddable":true,"href":"https:\/\/super-news.info\/mx\/wp-json\/wp\/v2\/users\/3"}],"replies":[{"embeddable":true,"href":"https:\/\/super-news.info\/mx\/wp-json\/wp\/v2\/comments?post=2494"}],"version-history":[{"count":1,"href":"https:\/\/super-news.info\/mx\/wp-json\/wp\/v2\/posts\/2494\/revisions"}],"predecessor-version":[{"id":2496,"href":"https:\/\/super-news.info\/mx\/wp-json\/wp\/v2\/posts\/2494\/revisions\/2496"}],"wp:featuredmedia":[{"embeddable":true,"href":"https:\/\/super-news.info\/mx\/wp-json\/wp\/v2\/media\/2495"}],"wp:attachment":[{"href":"https:\/\/super-news.info\/mx\/wp-json\/wp\/v2\/media?parent=2494"}],"wp:term":[{"taxonomy":"category","embeddable":true,"href":"https:\/\/super-news.info\/mx\/wp-json\/wp\/v2\/categories?post=2494"},{"taxonomy":"post_tag","embeddable":true,"href":"https:\/\/super-news.info\/mx\/wp-json\/wp\/v2\/tags?post=2494"}],"curies":[{"name":"wp","href":"https:\/\/api.w.org\/{rel}","templated":true}]}}