{"id":2488,"date":"2019-07-18T11:06:56","date_gmt":"2019-07-18T11:06:56","guid":{"rendered":"https:\/\/super-news.info\/mx\/suma-un-millon-de-venezolanos-y-tu-economia-sera-muy-distinta\/"},"modified":"2019-07-18T11:06:57","modified_gmt":"2019-07-18T11:06:57","slug":"suma-un-millon-de-venezolanos-y-tu-economia-sera-muy-distinta","status":"publish","type":"post","link":"https:\/\/super-news.info\/mx\/suma-un-millon-de-venezolanos-y-tu-economia-sera-muy-distinta\/","title":{"rendered":"Suma un mill\u00f3n de venezolanos y tu econom\u00eda ser\u00e1 muy distinta"},"content":{"rendered":"<p> [ad_1]<br \/>\n<\/p>\n<p class=\"paragraph\" data-count=\"399\" data-wrap=\"65\">Los mercados se sorprendieron cuando Chile redujo este mes la tasa de inter\u00e9s, pero el Banco Central ofreci\u00f3 una explicaci\u00f3n simple: hay m\u00e1s gente en la econom\u00eda del pa\u00eds. Eso se debe al \u00e9xodo de venezolanos. M\u00e1s de cuatro millones han huido del colapso financiero y social en esa naci\u00f3n. Aparecen en Sudam\u00e9rica, obligando a bancos y ministerios de finanzas a enfrentar las consecuencias econ\u00f3micas.<\/p>\n<p class=\"paragraph\" data-count=\"307\" data-wrap=\"51\">Los pa\u00edses que los albergan deben tener dinero para atenci\u00f3n m\u00e9dica y educaci\u00f3n y la ayuda internacional no est\u00e1 ni cerca de cubrir sus costos. Esto causa problemas presupuestarios en Colombia y Per\u00fa, donde la afluencia ha sido mayor. Adem\u00e1s, hay se\u00f1ales de rechazo en muchos pa\u00edses por los cupos laborales.<\/p>\n<p class=\"paragraph\" data-count=\"358\" data-wrap=\"55\">El caso chileno muestra beneficios potenciales, a largo plazo, como la autoridad monetaria explic\u00f3 despu\u00e9s de su decisi\u00f3n sorpresiva. El argumento fue: hay m\u00e1s personas disponibles para trabajar. Esto deja margen para que la econom\u00eda crezca sin elevar los precios. El problema, especialmente para los trabajadores, es que habr\u00e1 presi\u00f3n a la baja en salarios.<\/p>\n<p class=\"paragraph\" data-count=\"176\" data-wrap=\"28\">\u201cEs una expansi\u00f3n del PIB potencial\u201d, coment\u00f3 Alberto Ramos, economista jefe para Am\u00e9rica Latina de Goldman Sachs. \u201cEs un shock para la fuerza laboral que no es inflacionario\u201d.<\/p>\n<p class=\"paragraph\" data-count=\"147\" data-wrap=\"21\">Aprovecharlo, plantea Ramos, \u201cdepende de c\u00f3mo se integran los inmigrantes\u2019\u2019 y especialmente de que logren encontrar trabajos en la econom\u00eda formal.<\/p>\n<h3 class=\"featured__title\">\u2018Se est\u00e1n adaptando\u2019<\/h3>\n<p class=\"paragraph\" data-count=\"498\" data-wrap=\"82\">Las pol\u00edticas de gobierno pueden marcar la diferencia. Chile es l\u00edder en ese aspecto. Un ejemplo es el de Vivian Montes, venezolana de 27 a\u00f1os que lleg\u00f3 de Brasil. Es una profesional de recursos humanos y hall\u00f3 trabajo en una empresa internacional en Santiago. Su red de compa\u00f1eros venezolanos fue una gran ayuda, pero tambi\u00e9n lo fue la normativa chilena. El mercado laboral es relativamente ligero en cuanto a la burocracia y Montes afirma que funcionarios y empresas han demostrado ser flexibles.<\/p>\n<p class=\"paragraph\" data-count=\"339\" data-wrap=\"55\">\u201cCuando llegu\u00e9 por primera vez, los chilenos no entend\u00edan el proceso por el cual los migrantes deben pasar para obtener una visa de trabajo\u201d, indic\u00f3. \u201cPero hemos llegado tantos que ahora se est\u00e1n adaptando\u201d. Como resultado, cada vez m\u00e1s migrantes pasan a ejercer su profesi\u00f3n en lugar de quedarse atascados en empleos de baja remuneraci\u00f3n.<\/p>\n<p class=\"paragraph\" data-count=\"167\" data-wrap=\"29\">Sumando decenas de miles de historias similares a la de Montes, el Banco Central de Chile lleg\u00f3 a una estimaci\u00f3n m\u00e1s alta de crecimiento econ\u00f3mico en el mediano plazo.<\/p>\n<p class=\"paragraph\" data-count=\"316\" data-wrap=\"54\">El ente emisor, anteriormente de l\u00ednea dura, explic\u00f3 que la r\u00e1pida inmigraci\u00f3n ha aumentado la producci\u00f3n potencial al tiempo que alivia la presi\u00f3n al alza en salarios y precios. Eso es lo que propici\u00f3 el mayor recorte de tasa de pol\u00edtica monetaria en una d\u00e9cada, algo que casi todos los economistas no vieron venir.<\/p>\n<h3 class=\"featured__title\"> \u2018Los m\u00e1s vulnerables\u2019<\/h3>\n<p class=\"paragraph\" data-count=\"316\" data-wrap=\"51\">No obstante, Chile ha tenido una tarea m\u00e1s f\u00e1cil que sus vecinos, pues ah\u00ed han ingresado menos venezolanos. Asimismo, es el pa\u00eds m\u00e1s rico del continente y sus finanzas son s\u00f3lidas. La geograf\u00eda indica que atrae a los venezolanos m\u00e1s ricos, seg\u00fan Andrew Selee, presidente del Migration Policy Institute en Washington.<\/p>\n<p class=\"paragraph\" data-count=\"201\" data-wrap=\"33\">\u201cEl Cono Sur recibe a los migrantes que tienen m\u00e1s recursos, un grupo muy bien educado\u201d, expuso. \u201cLos m\u00e1s vulnerables, los m\u00e1s enfermos o los que padecen malnutrici\u00f3n no podr\u00e1n recorrer esa distancia\u201d.<\/p>\n<p class=\"paragraph\" data-count=\"48\" data-wrap=\"9\">Es m\u00e1s probable que terminen en Colombia o Per\u00fa.<\/p>\n<p class=\"paragraph\" data-count=\"289\" data-wrap=\"45\">El Banco Central de Reserva del Per\u00fa postula que la inmigraci\u00f3n pudo haber reducido la inflaci\u00f3n conforme los venezolanos hacen que bajen los salarios en el comercio minorista y otros servicios, mientras que su consumo a\u00f1adi\u00f3 0.3 puntos porcentuales de crecimiento econ\u00f3mico el a\u00f1o pasado.<\/p>\n<p class=\"paragraph\" data-count=\"357\" data-wrap=\"59\">Para el Ministerio de Econom\u00eda y Finanzas la presi\u00f3n es evidente. El gasto en salud y educaci\u00f3n ha aumentado, pero no lo suficiente para evitar el alargamiento de las filas en hospitales y el colapso en las escuelas, dijo el titular del MEF, Carlos Oliva. \u201cIncluso sin venezolanos, tenemos un serio problema con la prestaci\u00f3n de servicios p\u00fablicos b\u00e1sicos\u201d.<\/p>\n<p class=\"paragraph\" data-count=\"0\" data-wrap=\"1\">\n<h3 class=\"featured__title\">\u2018Deseo&#8230;\u2019<\/h3>\n<p class=\"paragraph\" data-count=\"354\" data-wrap=\"57\">Es dif\u00edcil para los venezolanos conseguir empleos donde puedan pagar impuestos que ayuden a financiar esos servicios. Ni siquiera la mayor\u00eda de los peruanos puede lograrlo. Cerca de 7 de cada 10 trabajan en la informalidad. La mitad de los migrantes venezolanos tienen permisos laborales, pero solo un 5 por ciento contaba con empleo oficial hasta abril.<\/p>\n<p class=\"paragraph\" data-count=\"155\" data-wrap=\"24\">Eso tambi\u00e9n significa que los venezolanos terminan en puestos de trabajo para los cuales est\u00e1n sobrecalificados, lo que limita el impulso para la econom\u00eda.<\/p>\n<p class=\"paragraph\" data-count=\"310\" data-wrap=\"50\">\u00c1ngel Sabino, de 37 a\u00f1os, extra\u00f1a trabajar como electricista en una planta de Coca-Cola en Venezuela. Aprender a usar nuevas m\u00e1quinas lo manten\u00eda activo y la remuneraci\u00f3n y los beneficios eran buenos, hasta que fueron devorados por la hiperinflaci\u00f3n. Emigr\u00f3 el a\u00f1o pasado y ahora trabaja como conserje en Lima.<\/p>\n<p class=\"paragraph\" data-count=\"238\" data-wrap=\"44\">\u201cDeseo tener la oportunidad de ganar un poco m\u00e1s trabajando en mi profesi\u00f3n\u201d, expres\u00f3. Pero \u201csi no conoces a alguien, es muy poco probable que la empresa te llame y si encuentras un trabajo, te pagan menos. No te pagan como a un peruano\u201d.<\/p>\n<p class=\"paragraph\" data-count=\"296\" data-wrap=\"47\">Como est\u00e1n m\u00e1s abajo en la escala salarial, los migrantes como Sabino compiten con un mayor n\u00famero de trabajadores locales. Eso puede causar fricci\u00f3n. La Regi\u00f3n Cusco del Per\u00fa aprob\u00f3 el mes pasado una norma orientada a sancionar a los empleadores que despidan peruanos para contratar venezolanos.<\/p>\n<p class=\"paragraph\" data-count=\"0\" data-wrap=\"1\">\n<h3 class=\"featured__title\">Costos iniciales<\/h3>\n<p class=\"paragraph\" data-count=\"200\" data-wrap=\"31\">Es en Colombia donde la presi\u00f3n pol\u00edtica y financiera es m\u00e1s aguda. La competencia de los migrantes rebaja los salarios de los trabajadores poco calificados, detall\u00f3 el Banco Mundial. Hay descontento.<\/p>\n<p class=\"paragraph\" data-count=\"251\" data-wrap=\"44\">Un mensaje de audio circul\u00f3 en 2018 en Subachoque, en el que se amenazaba a cualquier venezolano que no saliera de la ciudad en dos semanas. En octubre, en Bogot\u00e1, una turba mat\u00f3 a golpes a un migrante, todo esto mientras gritaba insultos xenof\u00f3bicos.<\/p>\n<p class=\"paragraph\" data-count=\"496\" data-wrap=\"79\">El gobierno estima que ha inyectado mil 500 millones de d\u00f3lares, 0.5 por ciento del PIB, para los venezolanos que han llegado y pidi\u00f3 700 millones al Banco Mundial para suavizar el impacto. En abril, una campa\u00f1a de donaci\u00f3n organizada por la entidad recaud\u00f3 solo 31.5 millones de d\u00f3lares. Alberto Rodr\u00edguez, directivo del Banco Mundial, dijo que la demanda generar\u00e1 m\u00e1s crecimiento una vez que los venezolanos se establezcan. Agreg\u00f3 que Colombia y Per\u00fa podr\u00edan beneficiarse con m\u00e1s productividad.<\/p>\n<p class=\"paragraph\" data-count=\"237\" data-wrap=\"38\">Se debe tener una visi\u00f3n a largo plazo para comprender los beneficios de la migraci\u00f3n, seg\u00fan Selee en Washington. \u201cEstimula la innovaci\u00f3n y el crecimiento\u201d, asever\u00f3. Pero \u201ccuando hay flujos a gran escala como este, hay costos iniciales\u201d.<\/p>\n<p class=\"paragraph\" data-count=\"0\" data-wrap=\"1\">\n<div class=\"image__block \">\n<figure><\/figure>\n<p><span class=\"element__footer\"><\/span><span class=\"element__credit\"><\/span><\/div>\n<p>[ad_2]<br \/>\n<br \/><a href=\"https:\/\/www.elfinanciero.com.mx\/rss\/bloomberg-businessweek\/suma-un-millon-de-venezolanos-y-tu-economia-sera-muy-distinta\">Source link <\/a><\/p>\n","protected":false},"excerpt":{"rendered":"<p>[ad_1] Los mercados se sorprendieron cuando Chile redujo este mes la tasa de inter\u00e9s, pero el Banco Central ofreci\u00f3 una explicaci\u00f3n simple: hay m\u00e1s gente en la econom\u00eda del pa\u00eds. Eso se debe al \u00e9xodo de venezolanos. M\u00e1s de cuatro millones han huido del colapso financiero y social en esa naci\u00f3n. Aparecen en Sudam\u00e9rica, obligando [&hellip;]<\/p>\n","protected":false},"author":3,"featured_media":2489,"comment_status":"open","ping_status":"open","sticky":false,"template":"","format":"standard","meta":{"footnotes":""},"categories":[1],"tags":[],"class_list":["post-2488","post","type-post","status-publish","format-standard","has-post-thumbnail","hentry","category-noticias-financieras"],"yoast_head":"<!-- This site is optimized with the Yoast SEO plugin v27.4 - https:\/\/yoast.com\/product\/yoast-seo-wordpress\/ -->\n<title>Suma un mill\u00f3n de venezolanos y tu econom\u00eda ser\u00e1 muy distinta - Super News<\/title>\n<meta name=\"robots\" content=\"index, follow, max-snippet:-1, max-image-preview:large, max-video-preview:-1\" \/>\n<link rel=\"canonical\" href=\"https:\/\/super-news.info\/mx\/suma-un-millon-de-venezolanos-y-tu-economia-sera-muy-distinta\/\" \/>\n<meta property=\"og:locale\" content=\"es_MX\" \/>\n<meta property=\"og:type\" content=\"article\" \/>\n<meta property=\"og:title\" content=\"Suma un mill\u00f3n de venezolanos y tu econom\u00eda ser\u00e1 muy distinta - Super News\" \/>\n<meta property=\"og:description\" content=\"[ad_1] Los mercados se sorprendieron cuando Chile redujo este mes la tasa de inter\u00e9s, pero el Banco Central ofreci\u00f3 una explicaci\u00f3n simple: hay m\u00e1s gente en la econom\u00eda del pa\u00eds. Eso se debe al \u00e9xodo de venezolanos. M\u00e1s de cuatro millones han huido del colapso financiero y social en esa naci\u00f3n. Aparecen en Sudam\u00e9rica, obligando [&hellip;]\" \/>\n<meta property=\"og:url\" content=\"https:\/\/super-news.info\/mx\/suma-un-millon-de-venezolanos-y-tu-economia-sera-muy-distinta\/\" \/>\n<meta property=\"og:site_name\" content=\"Super News\" \/>\n<meta property=\"article:published_time\" content=\"2019-07-18T11:06:56+00:00\" \/>\n<meta property=\"article:modified_time\" content=\"2019-07-18T11:06:57+00:00\" \/>\n<meta property=\"og:image\" content=\"https:\/\/super-news.info\/mx\/wp-content\/uploads\/sites\/8\/2019\/07\/Suma-un-mill\u00f3n-de-venezolanos-y-tu-econom\u00eda-ser\u00e1-muy.png\" \/>\n\t<meta property=\"og:image:width\" content=\"960\" \/>\n\t<meta property=\"og:image:height\" content=\"1169\" \/>\n\t<meta property=\"og:image:type\" content=\"image\/png\" \/>\n<meta name=\"author\" content=\"mx\" \/>\n<meta name=\"twitter:card\" content=\"summary_large_image\" \/>\n<meta name=\"twitter:label1\" content=\"Escrito por\" \/>\n\t<meta name=\"twitter:data1\" content=\"mx\" \/>\n\t<meta name=\"twitter:label2\" content=\"Tiempo de lectura\" \/>\n\t<meta name=\"twitter:data2\" content=\"6 minutos\" \/>\n<script type=\"application\/ld+json\" class=\"yoast-schema-graph\">{\"@context\":\"https:\\\/\\\/schema.org\",\"@graph\":[{\"@type\":\"Article\",\"@id\":\"https:\\\/\\\/super-news.info\\\/mx\\\/suma-un-millon-de-venezolanos-y-tu-economia-sera-muy-distinta\\\/#article\",\"isPartOf\":{\"@id\":\"https:\\\/\\\/super-news.info\\\/mx\\\/suma-un-millon-de-venezolanos-y-tu-economia-sera-muy-distinta\\\/\"},\"author\":{\"name\":\"mx\",\"@id\":\"https:\\\/\\\/super-news.info\\\/mx\\\/#\\\/schema\\\/person\\\/74b71ca3d407439fd57da2d9c89449ca\"},\"headline\":\"Suma un mill\u00f3n de venezolanos y tu econom\u00eda ser\u00e1 muy distinta\",\"datePublished\":\"2019-07-18T11:06:56+00:00\",\"dateModified\":\"2019-07-18T11:06:57+00:00\",\"mainEntityOfPage\":{\"@id\":\"https:\\\/\\\/super-news.info\\\/mx\\\/suma-un-millon-de-venezolanos-y-tu-economia-sera-muy-distinta\\\/\"},\"wordCount\":1173,\"commentCount\":0,\"image\":{\"@id\":\"https:\\\/\\\/super-news.info\\\/mx\\\/suma-un-millon-de-venezolanos-y-tu-economia-sera-muy-distinta\\\/#primaryimage\"},\"thumbnailUrl\":\"https:\\\/\\\/super-news.info\\\/mx\\\/wp-content\\\/uploads\\\/sites\\\/8\\\/2019\\\/07\\\/Suma-un-mill\u00f3n-de-venezolanos-y-tu-econom\u00eda-ser\u00e1-muy.png\",\"articleSection\":[\"NOTICIAS FINANCIERAS\"],\"inLanguage\":\"es\",\"potentialAction\":[{\"@type\":\"CommentAction\",\"name\":\"Comment\",\"target\":[\"https:\\\/\\\/super-news.info\\\/mx\\\/suma-un-millon-de-venezolanos-y-tu-economia-sera-muy-distinta\\\/#respond\"]}]},{\"@type\":\"WebPage\",\"@id\":\"https:\\\/\\\/super-news.info\\\/mx\\\/suma-un-millon-de-venezolanos-y-tu-economia-sera-muy-distinta\\\/\",\"url\":\"https:\\\/\\\/super-news.info\\\/mx\\\/suma-un-millon-de-venezolanos-y-tu-economia-sera-muy-distinta\\\/\",\"name\":\"Suma un mill\u00f3n de venezolanos y tu econom\u00eda ser\u00e1 muy distinta - Super News\",\"isPartOf\":{\"@id\":\"https:\\\/\\\/super-news.info\\\/mx\\\/#website\"},\"primaryImageOfPage\":{\"@id\":\"https:\\\/\\\/super-news.info\\\/mx\\\/suma-un-millon-de-venezolanos-y-tu-economia-sera-muy-distinta\\\/#primaryimage\"},\"image\":{\"@id\":\"https:\\\/\\\/super-news.info\\\/mx\\\/suma-un-millon-de-venezolanos-y-tu-economia-sera-muy-distinta\\\/#primaryimage\"},\"thumbnailUrl\":\"https:\\\/\\\/super-news.info\\\/mx\\\/wp-content\\\/uploads\\\/sites\\\/8\\\/2019\\\/07\\\/Suma-un-mill\u00f3n-de-venezolanos-y-tu-econom\u00eda-ser\u00e1-muy.png\",\"datePublished\":\"2019-07-18T11:06:56+00:00\",\"dateModified\":\"2019-07-18T11:06:57+00:00\",\"author\":{\"@id\":\"https:\\\/\\\/super-news.info\\\/mx\\\/#\\\/schema\\\/person\\\/74b71ca3d407439fd57da2d9c89449ca\"},\"breadcrumb\":{\"@id\":\"https:\\\/\\\/super-news.info\\\/mx\\\/suma-un-millon-de-venezolanos-y-tu-economia-sera-muy-distinta\\\/#breadcrumb\"},\"inLanguage\":\"es\",\"potentialAction\":[{\"@type\":\"ReadAction\",\"target\":[\"https:\\\/\\\/super-news.info\\\/mx\\\/suma-un-millon-de-venezolanos-y-tu-economia-sera-muy-distinta\\\/\"]}]},{\"@type\":\"ImageObject\",\"inLanguage\":\"es\",\"@id\":\"https:\\\/\\\/super-news.info\\\/mx\\\/suma-un-millon-de-venezolanos-y-tu-economia-sera-muy-distinta\\\/#primaryimage\",\"url\":\"https:\\\/\\\/super-news.info\\\/mx\\\/wp-content\\\/uploads\\\/sites\\\/8\\\/2019\\\/07\\\/Suma-un-mill\u00f3n-de-venezolanos-y-tu-econom\u00eda-ser\u00e1-muy.png\",\"contentUrl\":\"https:\\\/\\\/super-news.info\\\/mx\\\/wp-content\\\/uploads\\\/sites\\\/8\\\/2019\\\/07\\\/Suma-un-mill\u00f3n-de-venezolanos-y-tu-econom\u00eda-ser\u00e1-muy.png\",\"width\":960,\"height\":1169,\"caption\":\"Suma un mill\u00f3n de venezolanos y tu econom\u00eda ser\u00e1 muy distinta\"},{\"@type\":\"BreadcrumbList\",\"@id\":\"https:\\\/\\\/super-news.info\\\/mx\\\/suma-un-millon-de-venezolanos-y-tu-economia-sera-muy-distinta\\\/#breadcrumb\",\"itemListElement\":[{\"@type\":\"ListItem\",\"position\":1,\"name\":\"Home\",\"item\":\"https:\\\/\\\/super-news.info\\\/mx\\\/\"},{\"@type\":\"ListItem\",\"position\":2,\"name\":\"Suma un mill\u00f3n de venezolanos y tu econom\u00eda ser\u00e1 muy distinta\"}]},{\"@type\":\"WebSite\",\"@id\":\"https:\\\/\\\/super-news.info\\\/mx\\\/#website\",\"url\":\"https:\\\/\\\/super-news.info\\\/mx\\\/\",\"name\":\"Super News\",\"description\":\"Super News Mexico\",\"potentialAction\":[{\"@type\":\"SearchAction\",\"target\":{\"@type\":\"EntryPoint\",\"urlTemplate\":\"https:\\\/\\\/super-news.info\\\/mx\\\/?s={search_term_string}\"},\"query-input\":{\"@type\":\"PropertyValueSpecification\",\"valueRequired\":true,\"valueName\":\"search_term_string\"}}],\"inLanguage\":\"es\"},{\"@type\":\"Person\",\"@id\":\"https:\\\/\\\/super-news.info\\\/mx\\\/#\\\/schema\\\/person\\\/74b71ca3d407439fd57da2d9c89449ca\",\"name\":\"mx\",\"image\":{\"@type\":\"ImageObject\",\"inLanguage\":\"es\",\"@id\":\"https:\\\/\\\/secure.gravatar.com\\\/avatar\\\/6374ac65ff69c362a0ae1303d73d69dcd9bd198d62d9861f054a69aaf82c017b?s=96&d=mm&r=g\",\"url\":\"https:\\\/\\\/secure.gravatar.com\\\/avatar\\\/6374ac65ff69c362a0ae1303d73d69dcd9bd198d62d9861f054a69aaf82c017b?s=96&d=mm&r=g\",\"contentUrl\":\"https:\\\/\\\/secure.gravatar.com\\\/avatar\\\/6374ac65ff69c362a0ae1303d73d69dcd9bd198d62d9861f054a69aaf82c017b?s=96&d=mm&r=g\",\"caption\":\"mx\"},\"url\":\"https:\\\/\\\/super-news.info\\\/mx\\\/author\\\/mx\\\/\"}]}<\/script>\n<!-- \/ Yoast SEO plugin. -->","yoast_head_json":{"title":"Suma un mill\u00f3n de venezolanos y tu econom\u00eda ser\u00e1 muy distinta - Super News","robots":{"index":"index","follow":"follow","max-snippet":"max-snippet:-1","max-image-preview":"max-image-preview:large","max-video-preview":"max-video-preview:-1"},"canonical":"https:\/\/super-news.info\/mx\/suma-un-millon-de-venezolanos-y-tu-economia-sera-muy-distinta\/","og_locale":"es_MX","og_type":"article","og_title":"Suma un mill\u00f3n de venezolanos y tu econom\u00eda ser\u00e1 muy distinta - Super News","og_description":"[ad_1] Los mercados se sorprendieron cuando Chile redujo este mes la tasa de inter\u00e9s, pero el Banco Central ofreci\u00f3 una explicaci\u00f3n simple: hay m\u00e1s gente en la econom\u00eda del pa\u00eds. Eso se debe al \u00e9xodo de venezolanos. M\u00e1s de cuatro millones han huido del colapso financiero y social en esa naci\u00f3n. Aparecen en Sudam\u00e9rica, obligando [&hellip;]","og_url":"https:\/\/super-news.info\/mx\/suma-un-millon-de-venezolanos-y-tu-economia-sera-muy-distinta\/","og_site_name":"Super News","article_published_time":"2019-07-18T11:06:56+00:00","article_modified_time":"2019-07-18T11:06:57+00:00","og_image":[{"width":960,"height":1169,"url":"https:\/\/super-news.info\/mx\/wp-content\/uploads\/sites\/8\/2019\/07\/Suma-un-mill\u00f3n-de-venezolanos-y-tu-econom\u00eda-ser\u00e1-muy.png","type":"image\/png"}],"author":"mx","twitter_card":"summary_large_image","twitter_misc":{"Escrito por":"mx","Tiempo de lectura":"6 minutos"},"schema":{"@context":"https:\/\/schema.org","@graph":[{"@type":"Article","@id":"https:\/\/super-news.info\/mx\/suma-un-millon-de-venezolanos-y-tu-economia-sera-muy-distinta\/#article","isPartOf":{"@id":"https:\/\/super-news.info\/mx\/suma-un-millon-de-venezolanos-y-tu-economia-sera-muy-distinta\/"},"author":{"name":"mx","@id":"https:\/\/super-news.info\/mx\/#\/schema\/person\/74b71ca3d407439fd57da2d9c89449ca"},"headline":"Suma un mill\u00f3n de venezolanos y tu econom\u00eda ser\u00e1 muy distinta","datePublished":"2019-07-18T11:06:56+00:00","dateModified":"2019-07-18T11:06:57+00:00","mainEntityOfPage":{"@id":"https:\/\/super-news.info\/mx\/suma-un-millon-de-venezolanos-y-tu-economia-sera-muy-distinta\/"},"wordCount":1173,"commentCount":0,"image":{"@id":"https:\/\/super-news.info\/mx\/suma-un-millon-de-venezolanos-y-tu-economia-sera-muy-distinta\/#primaryimage"},"thumbnailUrl":"https:\/\/super-news.info\/mx\/wp-content\/uploads\/sites\/8\/2019\/07\/Suma-un-mill\u00f3n-de-venezolanos-y-tu-econom\u00eda-ser\u00e1-muy.png","articleSection":["NOTICIAS FINANCIERAS"],"inLanguage":"es","potentialAction":[{"@type":"CommentAction","name":"Comment","target":["https:\/\/super-news.info\/mx\/suma-un-millon-de-venezolanos-y-tu-economia-sera-muy-distinta\/#respond"]}]},{"@type":"WebPage","@id":"https:\/\/super-news.info\/mx\/suma-un-millon-de-venezolanos-y-tu-economia-sera-muy-distinta\/","url":"https:\/\/super-news.info\/mx\/suma-un-millon-de-venezolanos-y-tu-economia-sera-muy-distinta\/","name":"Suma un mill\u00f3n de venezolanos y tu econom\u00eda ser\u00e1 muy distinta - Super News","isPartOf":{"@id":"https:\/\/super-news.info\/mx\/#website"},"primaryImageOfPage":{"@id":"https:\/\/super-news.info\/mx\/suma-un-millon-de-venezolanos-y-tu-economia-sera-muy-distinta\/#primaryimage"},"image":{"@id":"https:\/\/super-news.info\/mx\/suma-un-millon-de-venezolanos-y-tu-economia-sera-muy-distinta\/#primaryimage"},"thumbnailUrl":"https:\/\/super-news.info\/mx\/wp-content\/uploads\/sites\/8\/2019\/07\/Suma-un-mill\u00f3n-de-venezolanos-y-tu-econom\u00eda-ser\u00e1-muy.png","datePublished":"2019-07-18T11:06:56+00:00","dateModified":"2019-07-18T11:06:57+00:00","author":{"@id":"https:\/\/super-news.info\/mx\/#\/schema\/person\/74b71ca3d407439fd57da2d9c89449ca"},"breadcrumb":{"@id":"https:\/\/super-news.info\/mx\/suma-un-millon-de-venezolanos-y-tu-economia-sera-muy-distinta\/#breadcrumb"},"inLanguage":"es","potentialAction":[{"@type":"ReadAction","target":["https:\/\/super-news.info\/mx\/suma-un-millon-de-venezolanos-y-tu-economia-sera-muy-distinta\/"]}]},{"@type":"ImageObject","inLanguage":"es","@id":"https:\/\/super-news.info\/mx\/suma-un-millon-de-venezolanos-y-tu-economia-sera-muy-distinta\/#primaryimage","url":"https:\/\/super-news.info\/mx\/wp-content\/uploads\/sites\/8\/2019\/07\/Suma-un-mill\u00f3n-de-venezolanos-y-tu-econom\u00eda-ser\u00e1-muy.png","contentUrl":"https:\/\/super-news.info\/mx\/wp-content\/uploads\/sites\/8\/2019\/07\/Suma-un-mill\u00f3n-de-venezolanos-y-tu-econom\u00eda-ser\u00e1-muy.png","width":960,"height":1169,"caption":"Suma un mill\u00f3n de venezolanos y tu econom\u00eda ser\u00e1 muy distinta"},{"@type":"BreadcrumbList","@id":"https:\/\/super-news.info\/mx\/suma-un-millon-de-venezolanos-y-tu-economia-sera-muy-distinta\/#breadcrumb","itemListElement":[{"@type":"ListItem","position":1,"name":"Home","item":"https:\/\/super-news.info\/mx\/"},{"@type":"ListItem","position":2,"name":"Suma un mill\u00f3n de venezolanos y tu econom\u00eda ser\u00e1 muy distinta"}]},{"@type":"WebSite","@id":"https:\/\/super-news.info\/mx\/#website","url":"https:\/\/super-news.info\/mx\/","name":"Super News","description":"Super News Mexico","potentialAction":[{"@type":"SearchAction","target":{"@type":"EntryPoint","urlTemplate":"https:\/\/super-news.info\/mx\/?s={search_term_string}"},"query-input":{"@type":"PropertyValueSpecification","valueRequired":true,"valueName":"search_term_string"}}],"inLanguage":"es"},{"@type":"Person","@id":"https:\/\/super-news.info\/mx\/#\/schema\/person\/74b71ca3d407439fd57da2d9c89449ca","name":"mx","image":{"@type":"ImageObject","inLanguage":"es","@id":"https:\/\/secure.gravatar.com\/avatar\/6374ac65ff69c362a0ae1303d73d69dcd9bd198d62d9861f054a69aaf82c017b?s=96&d=mm&r=g","url":"https:\/\/secure.gravatar.com\/avatar\/6374ac65ff69c362a0ae1303d73d69dcd9bd198d62d9861f054a69aaf82c017b?s=96&d=mm&r=g","contentUrl":"https:\/\/secure.gravatar.com\/avatar\/6374ac65ff69c362a0ae1303d73d69dcd9bd198d62d9861f054a69aaf82c017b?s=96&d=mm&r=g","caption":"mx"},"url":"https:\/\/super-news.info\/mx\/author\/mx\/"}]}},"_links":{"self":[{"href":"https:\/\/super-news.info\/mx\/wp-json\/wp\/v2\/posts\/2488","targetHints":{"allow":["GET"]}}],"collection":[{"href":"https:\/\/super-news.info\/mx\/wp-json\/wp\/v2\/posts"}],"about":[{"href":"https:\/\/super-news.info\/mx\/wp-json\/wp\/v2\/types\/post"}],"author":[{"embeddable":true,"href":"https:\/\/super-news.info\/mx\/wp-json\/wp\/v2\/users\/3"}],"replies":[{"embeddable":true,"href":"https:\/\/super-news.info\/mx\/wp-json\/wp\/v2\/comments?post=2488"}],"version-history":[{"count":1,"href":"https:\/\/super-news.info\/mx\/wp-json\/wp\/v2\/posts\/2488\/revisions"}],"predecessor-version":[{"id":2490,"href":"https:\/\/super-news.info\/mx\/wp-json\/wp\/v2\/posts\/2488\/revisions\/2490"}],"wp:featuredmedia":[{"embeddable":true,"href":"https:\/\/super-news.info\/mx\/wp-json\/wp\/v2\/media\/2489"}],"wp:attachment":[{"href":"https:\/\/super-news.info\/mx\/wp-json\/wp\/v2\/media?parent=2488"}],"wp:term":[{"taxonomy":"category","embeddable":true,"href":"https:\/\/super-news.info\/mx\/wp-json\/wp\/v2\/categories?post=2488"},{"taxonomy":"post_tag","embeddable":true,"href":"https:\/\/super-news.info\/mx\/wp-json\/wp\/v2\/tags?post=2488"}],"curies":[{"name":"wp","href":"https:\/\/api.w.org\/{rel}","templated":true}]}}