{"id":2482,"date":"2019-07-18T07:05:48","date_gmt":"2019-07-18T07:05:48","guid":{"rendered":"https:\/\/super-news.info\/mx\/economias-de-eu-y-mexico-se-sueltan-de-la-mano-la-primera-crece-y-la-segunda-se-estanca\/"},"modified":"2019-07-18T07:05:49","modified_gmt":"2019-07-18T07:05:49","slug":"economias-de-eu-y-mexico-se-sueltan-de-la-mano-la-primera-crece-y-la-segunda-se-estanca","status":"publish","type":"post","link":"https:\/\/super-news.info\/mx\/economias-de-eu-y-mexico-se-sueltan-de-la-mano-la-primera-crece-y-la-segunda-se-estanca\/","title":{"rendered":"Econom\u00edas de EU y M\u00e9xico \u2018se sueltan de la mano\u2019; la primera crece y la segunda se estanca"},"content":{"rendered":"<p> [ad_1]<br \/>\n<\/p>\n<p class=\"paragraph\" data-count=\"194\" data-wrap=\"35\">Los ciclos de la econom\u00eda mexicana y la de Estados Unidos se separaron y no solo marchan a diferente velocidad, sino en direcciones opuestas, algo que no suced\u00eda en lo que va del presente siglo.<\/p>\n<p class=\"paragraph\" data-count=\"215\" data-wrap=\"36\">La econom\u00eda mexicana no se pudo subir al \u2018carro\u2019 de la recuperaci\u00f3n de la locomotora representada por la econom\u00eda estadounidense desde principios de 2017, pero particularmente en lo que va de la era de Donald Trump.<\/p>\n<p class=\"paragraph\" data-count=\"301\" data-wrap=\"60\">En el primer trimestre de 2017, el PIB estadounidense <strong>avanz\u00f3 a un ritmo de 1.9 por ciento anual y se aceler\u00f3 a 3.2 por cient<\/strong>o en el mismo periodo de 2019. En igual lapso, el PIB de M\u00e9xico se desaceler\u00f3 de 3.3 a 0.1 por ciento anual, de acuerdo con datos del Departamento de Comercio de EU y del INEGI.<\/p>\n<p class=\"paragraph\" data-count=\"426\" data-wrap=\"75\">\u201c<strong>La econom\u00eda de EU crece a mayor velocidad que la mexicana <\/strong>debido a la reducci\u00f3n de impuestos y al mayor gasto p\u00fablico aplicado por la administraci\u00f3n del presidente  Donald Trump en 2018, algo que no se vio en M\u00e9xico. A esto se sum\u00f3 la incertidumbre del proceso electoral que se vivi\u00f3 el a\u00f1o pasado y la curva de aprendizaje que todo cambio de gobierno trae consigo\u201d, dijo <strong>Gerardo Copca, director de la consultora MetAn\u00e1lisis.<\/strong><\/p>\n<p class=\"paragraph\" data-count=\"257\" data-wrap=\"43\">Los esfuerzos por impulsar a la recuperaci\u00f3n de la econom\u00eda mexicana podr\u00edan encontrar mayores dificultades, debido a que la actividad en EU est\u00e1 perdiendo fuerza. Esto dificultar\u00e1 la meta del gobierno de <strong>crecer 4 por ciento en promedio en todo el sexenio<\/strong>. <\/p>\n<p class=\"paragraph\" data-count=\"295\" data-wrap=\"48\">Los pron\u00f3sticos apuntan a esperar, por lo menos, un enfriamiento en la econom\u00eda estadounidense para el presente a\u00f1o, inclin\u00e1ndose por un \u2018aterrizaje suave\u2019 del m\u00e1s grande ciclo de expansi\u00f3n que se ha tenido, aunque una minor\u00eda no descarta la posibilidad de una recesi\u00f3n, sobre todo para el 2020.<\/p>\n<p class=\"paragraph\" data-count=\"234\" data-wrap=\"40\">Seg\u00fan una encuesta de Bloomberg, se proyecta que la econom\u00eda estadounidense <strong>avance 2.5 por ciento en 2019<\/strong>, por debajo del 2.9 reportado el a\u00f1o anterior. Para 2020 y el 2021 se estiman aumentos de 1.8 y 1.9 por ciento, respectivamente.<\/p>\n<h3 class=\"featured__title\">Avizoran recesi\u00f3n<\/h3>\n<p class=\"paragraph\" data-count=\"154\" data-wrap=\"27\"><strong>La posibilidad de una recesi\u00f3n econ\u00f3mica en los pr\u00f3ximos 12 meses<\/strong>, seg\u00fan 48 encuestados por Bloomberg es del 31 por ciento, la mayor desde marzo del 2009.<\/p>\n<p class=\"paragraph\" data-count=\"206\" data-wrap=\"30\">La econom\u00eda mexicana no aprovech\u00f3 la reciente fase de aceleramiento del PIB estadounidense y los pron\u00f3sticos adversos para este \u00faltimo pintan un panorama desalentador para la actividad productiva en M\u00e9xico.<\/p>\n<p class=\"paragraph\" data-count=\"486\" data-wrap=\"80\">\u201cEl balance de riesgo apunta a esperar, por lo menos, una desaceleraci\u00f3n en la econom\u00eda estadounidense debido a que ya no se contar\u00e1 con el efecto positivo de la rebaja de impuestos y del mayor gasto p\u00fablico aplicados en el a\u00f1o pasado, a lo que <strong>habr\u00eda que agregar los efectos negativos provenientes de la guerra comercial <\/strong>emprendida por Estados Unidos, particularmente con China, y de la par\u00e1lisis en algunos programas provocada por el proceso electoral del a\u00f1o pr\u00f3ximo\u201d, explic\u00f3 Copca.<\/p>\n<p class=\"paragraph\" data-count=\"360\" data-wrap=\"60\">En M\u00e9xico, aumentan las se\u00f1ales de debilidad, y algunas firmas consideran que la econom\u00eda ya entr\u00f3 en recesi\u00f3n. El PIB de M\u00e9xico baj\u00f3 0.2 por ciento en el primer trimestre del a\u00f1o, respecto al periodo previo. Bank of America Merrill Lynch estima una contracci\u00f3n de 0.4 por ciento en el segundo trimestre, que de concretarse, ya implicar\u00eda una recesi\u00f3n t\u00e9cnica.<\/p>\n<div class=\"image__block \">\n<figure><\/figure>\n<p><span class=\"element__footer\"><\/span><span class=\"element__credit\"><\/span><\/div>\n<p>[ad_2]<br \/>\n<br \/><a href=\"https:\/\/www.elfinanciero.com.mx\/rss\/economia\/economias-de-eu-y-mexico-se-sueltan-de-la-mano-la-primera-crece-y-la-segunda-se-estanca\">Source link <\/a><\/p>\n","protected":false},"excerpt":{"rendered":"<p>[ad_1] Los ciclos de la econom\u00eda mexicana y la de Estados Unidos se separaron y no solo marchan a diferente velocidad, sino en direcciones opuestas, algo que no suced\u00eda en lo que va del presente siglo. La econom\u00eda mexicana no se pudo subir al \u2018carro\u2019 de la recuperaci\u00f3n de la locomotora representada por la econom\u00eda [&hellip;]<\/p>\n","protected":false},"author":3,"featured_media":2483,"comment_status":"open","ping_status":"open","sticky":false,"template":"","format":"standard","meta":{"footnotes":""},"categories":[1],"tags":[],"class_list":["post-2482","post","type-post","status-publish","format-standard","has-post-thumbnail","hentry","category-noticias-financieras"],"yoast_head":"<!-- This site is optimized with the Yoast SEO plugin v27.4 - https:\/\/yoast.com\/product\/yoast-seo-wordpress\/ -->\n<title>Econom\u00edas de EU y M\u00e9xico \u2018se sueltan de la mano\u2019; la primera crece y la segunda se estanca - Super News<\/title>\n<meta name=\"robots\" content=\"index, follow, max-snippet:-1, max-image-preview:large, max-video-preview:-1\" \/>\n<link rel=\"canonical\" href=\"https:\/\/super-news.info\/mx\/economias-de-eu-y-mexico-se-sueltan-de-la-mano-la-primera-crece-y-la-segunda-se-estanca\/\" \/>\n<meta property=\"og:locale\" content=\"es_MX\" \/>\n<meta property=\"og:type\" content=\"article\" \/>\n<meta property=\"og:title\" content=\"Econom\u00edas de EU y M\u00e9xico \u2018se sueltan de la mano\u2019; la primera crece y la segunda se estanca - Super News\" \/>\n<meta property=\"og:description\" content=\"[ad_1] Los ciclos de la econom\u00eda mexicana y la de Estados Unidos se separaron y no solo marchan a diferente velocidad, sino en direcciones opuestas, algo que no suced\u00eda en lo que va del presente siglo. La econom\u00eda mexicana no se pudo subir al \u2018carro\u2019 de la recuperaci\u00f3n de la locomotora representada por la econom\u00eda [&hellip;]\" \/>\n<meta property=\"og:url\" content=\"https:\/\/super-news.info\/mx\/economias-de-eu-y-mexico-se-sueltan-de-la-mano-la-primera-crece-y-la-segunda-se-estanca\/\" \/>\n<meta property=\"og:site_name\" content=\"Super News\" \/>\n<meta property=\"article:published_time\" content=\"2019-07-18T07:05:48+00:00\" \/>\n<meta property=\"article:modified_time\" content=\"2019-07-18T07:05:49+00:00\" \/>\n<meta property=\"og:image\" content=\"https:\/\/super-news.info\/mx\/wp-content\/uploads\/sites\/8\/2019\/07\/Econom\u00edas-de-EU-y-M\u00e9xico-\u2018se-sueltan-de-la-mano\u2019.jpeg\" \/>\n\t<meta property=\"og:image:width\" content=\"800\" \/>\n\t<meta property=\"og:image:height\" content=\"496\" \/>\n\t<meta property=\"og:image:type\" content=\"image\/jpeg\" \/>\n<meta name=\"author\" content=\"mx\" \/>\n<meta name=\"twitter:card\" content=\"summary_large_image\" \/>\n<meta name=\"twitter:label1\" content=\"Escrito por\" \/>\n\t<meta name=\"twitter:data1\" content=\"mx\" \/>\n\t<meta name=\"twitter:label2\" content=\"Tiempo de lectura\" \/>\n\t<meta name=\"twitter:data2\" content=\"3 minutos\" \/>\n<script type=\"application\/ld+json\" class=\"yoast-schema-graph\">{\"@context\":\"https:\\\/\\\/schema.org\",\"@graph\":[{\"@type\":\"Article\",\"@id\":\"https:\\\/\\\/super-news.info\\\/mx\\\/economias-de-eu-y-mexico-se-sueltan-de-la-mano-la-primera-crece-y-la-segunda-se-estanca\\\/#article\",\"isPartOf\":{\"@id\":\"https:\\\/\\\/super-news.info\\\/mx\\\/economias-de-eu-y-mexico-se-sueltan-de-la-mano-la-primera-crece-y-la-segunda-se-estanca\\\/\"},\"author\":{\"name\":\"mx\",\"@id\":\"https:\\\/\\\/super-news.info\\\/mx\\\/#\\\/schema\\\/person\\\/74b71ca3d407439fd57da2d9c89449ca\"},\"headline\":\"Econom\u00edas de EU y M\u00e9xico \u2018se sueltan de la mano\u2019; la primera crece y la segunda se estanca\",\"datePublished\":\"2019-07-18T07:05:48+00:00\",\"dateModified\":\"2019-07-18T07:05:49+00:00\",\"mainEntityOfPage\":{\"@id\":\"https:\\\/\\\/super-news.info\\\/mx\\\/economias-de-eu-y-mexico-se-sueltan-de-la-mano-la-primera-crece-y-la-segunda-se-estanca\\\/\"},\"wordCount\":588,\"commentCount\":0,\"image\":{\"@id\":\"https:\\\/\\\/super-news.info\\\/mx\\\/economias-de-eu-y-mexico-se-sueltan-de-la-mano-la-primera-crece-y-la-segunda-se-estanca\\\/#primaryimage\"},\"thumbnailUrl\":\"https:\\\/\\\/super-news.info\\\/mx\\\/wp-content\\\/uploads\\\/sites\\\/8\\\/2019\\\/07\\\/Econom\u00edas-de-EU-y-M\u00e9xico-\u2018se-sueltan-de-la-mano\u2019.jpeg\",\"articleSection\":[\"NOTICIAS FINANCIERAS\"],\"inLanguage\":\"es\",\"potentialAction\":[{\"@type\":\"CommentAction\",\"name\":\"Comment\",\"target\":[\"https:\\\/\\\/super-news.info\\\/mx\\\/economias-de-eu-y-mexico-se-sueltan-de-la-mano-la-primera-crece-y-la-segunda-se-estanca\\\/#respond\"]}]},{\"@type\":\"WebPage\",\"@id\":\"https:\\\/\\\/super-news.info\\\/mx\\\/economias-de-eu-y-mexico-se-sueltan-de-la-mano-la-primera-crece-y-la-segunda-se-estanca\\\/\",\"url\":\"https:\\\/\\\/super-news.info\\\/mx\\\/economias-de-eu-y-mexico-se-sueltan-de-la-mano-la-primera-crece-y-la-segunda-se-estanca\\\/\",\"name\":\"Econom\u00edas de EU y M\u00e9xico \u2018se sueltan de la mano\u2019; la primera crece y la segunda se estanca - Super News\",\"isPartOf\":{\"@id\":\"https:\\\/\\\/super-news.info\\\/mx\\\/#website\"},\"primaryImageOfPage\":{\"@id\":\"https:\\\/\\\/super-news.info\\\/mx\\\/economias-de-eu-y-mexico-se-sueltan-de-la-mano-la-primera-crece-y-la-segunda-se-estanca\\\/#primaryimage\"},\"image\":{\"@id\":\"https:\\\/\\\/super-news.info\\\/mx\\\/economias-de-eu-y-mexico-se-sueltan-de-la-mano-la-primera-crece-y-la-segunda-se-estanca\\\/#primaryimage\"},\"thumbnailUrl\":\"https:\\\/\\\/super-news.info\\\/mx\\\/wp-content\\\/uploads\\\/sites\\\/8\\\/2019\\\/07\\\/Econom\u00edas-de-EU-y-M\u00e9xico-\u2018se-sueltan-de-la-mano\u2019.jpeg\",\"datePublished\":\"2019-07-18T07:05:48+00:00\",\"dateModified\":\"2019-07-18T07:05:49+00:00\",\"author\":{\"@id\":\"https:\\\/\\\/super-news.info\\\/mx\\\/#\\\/schema\\\/person\\\/74b71ca3d407439fd57da2d9c89449ca\"},\"breadcrumb\":{\"@id\":\"https:\\\/\\\/super-news.info\\\/mx\\\/economias-de-eu-y-mexico-se-sueltan-de-la-mano-la-primera-crece-y-la-segunda-se-estanca\\\/#breadcrumb\"},\"inLanguage\":\"es\",\"potentialAction\":[{\"@type\":\"ReadAction\",\"target\":[\"https:\\\/\\\/super-news.info\\\/mx\\\/economias-de-eu-y-mexico-se-sueltan-de-la-mano-la-primera-crece-y-la-segunda-se-estanca\\\/\"]}]},{\"@type\":\"ImageObject\",\"inLanguage\":\"es\",\"@id\":\"https:\\\/\\\/super-news.info\\\/mx\\\/economias-de-eu-y-mexico-se-sueltan-de-la-mano-la-primera-crece-y-la-segunda-se-estanca\\\/#primaryimage\",\"url\":\"https:\\\/\\\/super-news.info\\\/mx\\\/wp-content\\\/uploads\\\/sites\\\/8\\\/2019\\\/07\\\/Econom\u00edas-de-EU-y-M\u00e9xico-\u2018se-sueltan-de-la-mano\u2019.jpeg\",\"contentUrl\":\"https:\\\/\\\/super-news.info\\\/mx\\\/wp-content\\\/uploads\\\/sites\\\/8\\\/2019\\\/07\\\/Econom\u00edas-de-EU-y-M\u00e9xico-\u2018se-sueltan-de-la-mano\u2019.jpeg\",\"width\":800,\"height\":496,\"caption\":\"Econom\u00edas de EU y M\u00e9xico \u2018se sueltan de la mano\u2019; la primera crece y la segunda se estanca\"},{\"@type\":\"BreadcrumbList\",\"@id\":\"https:\\\/\\\/super-news.info\\\/mx\\\/economias-de-eu-y-mexico-se-sueltan-de-la-mano-la-primera-crece-y-la-segunda-se-estanca\\\/#breadcrumb\",\"itemListElement\":[{\"@type\":\"ListItem\",\"position\":1,\"name\":\"Home\",\"item\":\"https:\\\/\\\/super-news.info\\\/mx\\\/\"},{\"@type\":\"ListItem\",\"position\":2,\"name\":\"Econom\u00edas de EU y M\u00e9xico \u2018se sueltan de la mano\u2019; la primera crece y la segunda se estanca\"}]},{\"@type\":\"WebSite\",\"@id\":\"https:\\\/\\\/super-news.info\\\/mx\\\/#website\",\"url\":\"https:\\\/\\\/super-news.info\\\/mx\\\/\",\"name\":\"Super News\",\"description\":\"Super News Mexico\",\"potentialAction\":[{\"@type\":\"SearchAction\",\"target\":{\"@type\":\"EntryPoint\",\"urlTemplate\":\"https:\\\/\\\/super-news.info\\\/mx\\\/?s={search_term_string}\"},\"query-input\":{\"@type\":\"PropertyValueSpecification\",\"valueRequired\":true,\"valueName\":\"search_term_string\"}}],\"inLanguage\":\"es\"},{\"@type\":\"Person\",\"@id\":\"https:\\\/\\\/super-news.info\\\/mx\\\/#\\\/schema\\\/person\\\/74b71ca3d407439fd57da2d9c89449ca\",\"name\":\"mx\",\"image\":{\"@type\":\"ImageObject\",\"inLanguage\":\"es\",\"@id\":\"https:\\\/\\\/secure.gravatar.com\\\/avatar\\\/6374ac65ff69c362a0ae1303d73d69dcd9bd198d62d9861f054a69aaf82c017b?s=96&d=mm&r=g\",\"url\":\"https:\\\/\\\/secure.gravatar.com\\\/avatar\\\/6374ac65ff69c362a0ae1303d73d69dcd9bd198d62d9861f054a69aaf82c017b?s=96&d=mm&r=g\",\"contentUrl\":\"https:\\\/\\\/secure.gravatar.com\\\/avatar\\\/6374ac65ff69c362a0ae1303d73d69dcd9bd198d62d9861f054a69aaf82c017b?s=96&d=mm&r=g\",\"caption\":\"mx\"},\"url\":\"https:\\\/\\\/super-news.info\\\/mx\\\/author\\\/mx\\\/\"}]}<\/script>\n<!-- \/ Yoast SEO plugin. -->","yoast_head_json":{"title":"Econom\u00edas de EU y M\u00e9xico \u2018se sueltan de la mano\u2019; la primera crece y la segunda se estanca - Super News","robots":{"index":"index","follow":"follow","max-snippet":"max-snippet:-1","max-image-preview":"max-image-preview:large","max-video-preview":"max-video-preview:-1"},"canonical":"https:\/\/super-news.info\/mx\/economias-de-eu-y-mexico-se-sueltan-de-la-mano-la-primera-crece-y-la-segunda-se-estanca\/","og_locale":"es_MX","og_type":"article","og_title":"Econom\u00edas de EU y M\u00e9xico \u2018se sueltan de la mano\u2019; la primera crece y la segunda se estanca - Super News","og_description":"[ad_1] Los ciclos de la econom\u00eda mexicana y la de Estados Unidos se separaron y no solo marchan a diferente velocidad, sino en direcciones opuestas, algo que no suced\u00eda en lo que va del presente siglo. La econom\u00eda mexicana no se pudo subir al \u2018carro\u2019 de la recuperaci\u00f3n de la locomotora representada por la econom\u00eda [&hellip;]","og_url":"https:\/\/super-news.info\/mx\/economias-de-eu-y-mexico-se-sueltan-de-la-mano-la-primera-crece-y-la-segunda-se-estanca\/","og_site_name":"Super News","article_published_time":"2019-07-18T07:05:48+00:00","article_modified_time":"2019-07-18T07:05:49+00:00","og_image":[{"width":800,"height":496,"url":"https:\/\/super-news.info\/mx\/wp-content\/uploads\/sites\/8\/2019\/07\/Econom\u00edas-de-EU-y-M\u00e9xico-\u2018se-sueltan-de-la-mano\u2019.jpeg","type":"image\/jpeg"}],"author":"mx","twitter_card":"summary_large_image","twitter_misc":{"Escrito por":"mx","Tiempo de lectura":"3 minutos"},"schema":{"@context":"https:\/\/schema.org","@graph":[{"@type":"Article","@id":"https:\/\/super-news.info\/mx\/economias-de-eu-y-mexico-se-sueltan-de-la-mano-la-primera-crece-y-la-segunda-se-estanca\/#article","isPartOf":{"@id":"https:\/\/super-news.info\/mx\/economias-de-eu-y-mexico-se-sueltan-de-la-mano-la-primera-crece-y-la-segunda-se-estanca\/"},"author":{"name":"mx","@id":"https:\/\/super-news.info\/mx\/#\/schema\/person\/74b71ca3d407439fd57da2d9c89449ca"},"headline":"Econom\u00edas de EU y M\u00e9xico \u2018se sueltan de la mano\u2019; la primera crece y la segunda se estanca","datePublished":"2019-07-18T07:05:48+00:00","dateModified":"2019-07-18T07:05:49+00:00","mainEntityOfPage":{"@id":"https:\/\/super-news.info\/mx\/economias-de-eu-y-mexico-se-sueltan-de-la-mano-la-primera-crece-y-la-segunda-se-estanca\/"},"wordCount":588,"commentCount":0,"image":{"@id":"https:\/\/super-news.info\/mx\/economias-de-eu-y-mexico-se-sueltan-de-la-mano-la-primera-crece-y-la-segunda-se-estanca\/#primaryimage"},"thumbnailUrl":"https:\/\/super-news.info\/mx\/wp-content\/uploads\/sites\/8\/2019\/07\/Econom\u00edas-de-EU-y-M\u00e9xico-\u2018se-sueltan-de-la-mano\u2019.jpeg","articleSection":["NOTICIAS FINANCIERAS"],"inLanguage":"es","potentialAction":[{"@type":"CommentAction","name":"Comment","target":["https:\/\/super-news.info\/mx\/economias-de-eu-y-mexico-se-sueltan-de-la-mano-la-primera-crece-y-la-segunda-se-estanca\/#respond"]}]},{"@type":"WebPage","@id":"https:\/\/super-news.info\/mx\/economias-de-eu-y-mexico-se-sueltan-de-la-mano-la-primera-crece-y-la-segunda-se-estanca\/","url":"https:\/\/super-news.info\/mx\/economias-de-eu-y-mexico-se-sueltan-de-la-mano-la-primera-crece-y-la-segunda-se-estanca\/","name":"Econom\u00edas de EU y M\u00e9xico \u2018se sueltan de la mano\u2019; la primera crece y la segunda se estanca - Super News","isPartOf":{"@id":"https:\/\/super-news.info\/mx\/#website"},"primaryImageOfPage":{"@id":"https:\/\/super-news.info\/mx\/economias-de-eu-y-mexico-se-sueltan-de-la-mano-la-primera-crece-y-la-segunda-se-estanca\/#primaryimage"},"image":{"@id":"https:\/\/super-news.info\/mx\/economias-de-eu-y-mexico-se-sueltan-de-la-mano-la-primera-crece-y-la-segunda-se-estanca\/#primaryimage"},"thumbnailUrl":"https:\/\/super-news.info\/mx\/wp-content\/uploads\/sites\/8\/2019\/07\/Econom\u00edas-de-EU-y-M\u00e9xico-\u2018se-sueltan-de-la-mano\u2019.jpeg","datePublished":"2019-07-18T07:05:48+00:00","dateModified":"2019-07-18T07:05:49+00:00","author":{"@id":"https:\/\/super-news.info\/mx\/#\/schema\/person\/74b71ca3d407439fd57da2d9c89449ca"},"breadcrumb":{"@id":"https:\/\/super-news.info\/mx\/economias-de-eu-y-mexico-se-sueltan-de-la-mano-la-primera-crece-y-la-segunda-se-estanca\/#breadcrumb"},"inLanguage":"es","potentialAction":[{"@type":"ReadAction","target":["https:\/\/super-news.info\/mx\/economias-de-eu-y-mexico-se-sueltan-de-la-mano-la-primera-crece-y-la-segunda-se-estanca\/"]}]},{"@type":"ImageObject","inLanguage":"es","@id":"https:\/\/super-news.info\/mx\/economias-de-eu-y-mexico-se-sueltan-de-la-mano-la-primera-crece-y-la-segunda-se-estanca\/#primaryimage","url":"https:\/\/super-news.info\/mx\/wp-content\/uploads\/sites\/8\/2019\/07\/Econom\u00edas-de-EU-y-M\u00e9xico-\u2018se-sueltan-de-la-mano\u2019.jpeg","contentUrl":"https:\/\/super-news.info\/mx\/wp-content\/uploads\/sites\/8\/2019\/07\/Econom\u00edas-de-EU-y-M\u00e9xico-\u2018se-sueltan-de-la-mano\u2019.jpeg","width":800,"height":496,"caption":"Econom\u00edas de EU y M\u00e9xico \u2018se sueltan de la mano\u2019; la primera crece y la segunda se estanca"},{"@type":"BreadcrumbList","@id":"https:\/\/super-news.info\/mx\/economias-de-eu-y-mexico-se-sueltan-de-la-mano-la-primera-crece-y-la-segunda-se-estanca\/#breadcrumb","itemListElement":[{"@type":"ListItem","position":1,"name":"Home","item":"https:\/\/super-news.info\/mx\/"},{"@type":"ListItem","position":2,"name":"Econom\u00edas de EU y M\u00e9xico \u2018se sueltan de la mano\u2019; la primera crece y la segunda se estanca"}]},{"@type":"WebSite","@id":"https:\/\/super-news.info\/mx\/#website","url":"https:\/\/super-news.info\/mx\/","name":"Super News","description":"Super News Mexico","potentialAction":[{"@type":"SearchAction","target":{"@type":"EntryPoint","urlTemplate":"https:\/\/super-news.info\/mx\/?s={search_term_string}"},"query-input":{"@type":"PropertyValueSpecification","valueRequired":true,"valueName":"search_term_string"}}],"inLanguage":"es"},{"@type":"Person","@id":"https:\/\/super-news.info\/mx\/#\/schema\/person\/74b71ca3d407439fd57da2d9c89449ca","name":"mx","image":{"@type":"ImageObject","inLanguage":"es","@id":"https:\/\/secure.gravatar.com\/avatar\/6374ac65ff69c362a0ae1303d73d69dcd9bd198d62d9861f054a69aaf82c017b?s=96&d=mm&r=g","url":"https:\/\/secure.gravatar.com\/avatar\/6374ac65ff69c362a0ae1303d73d69dcd9bd198d62d9861f054a69aaf82c017b?s=96&d=mm&r=g","contentUrl":"https:\/\/secure.gravatar.com\/avatar\/6374ac65ff69c362a0ae1303d73d69dcd9bd198d62d9861f054a69aaf82c017b?s=96&d=mm&r=g","caption":"mx"},"url":"https:\/\/super-news.info\/mx\/author\/mx\/"}]}},"_links":{"self":[{"href":"https:\/\/super-news.info\/mx\/wp-json\/wp\/v2\/posts\/2482","targetHints":{"allow":["GET"]}}],"collection":[{"href":"https:\/\/super-news.info\/mx\/wp-json\/wp\/v2\/posts"}],"about":[{"href":"https:\/\/super-news.info\/mx\/wp-json\/wp\/v2\/types\/post"}],"author":[{"embeddable":true,"href":"https:\/\/super-news.info\/mx\/wp-json\/wp\/v2\/users\/3"}],"replies":[{"embeddable":true,"href":"https:\/\/super-news.info\/mx\/wp-json\/wp\/v2\/comments?post=2482"}],"version-history":[{"count":1,"href":"https:\/\/super-news.info\/mx\/wp-json\/wp\/v2\/posts\/2482\/revisions"}],"predecessor-version":[{"id":2484,"href":"https:\/\/super-news.info\/mx\/wp-json\/wp\/v2\/posts\/2482\/revisions\/2484"}],"wp:featuredmedia":[{"embeddable":true,"href":"https:\/\/super-news.info\/mx\/wp-json\/wp\/v2\/media\/2483"}],"wp:attachment":[{"href":"https:\/\/super-news.info\/mx\/wp-json\/wp\/v2\/media?parent=2482"}],"wp:term":[{"taxonomy":"category","embeddable":true,"href":"https:\/\/super-news.info\/mx\/wp-json\/wp\/v2\/categories?post=2482"},{"taxonomy":"post_tag","embeddable":true,"href":"https:\/\/super-news.info\/mx\/wp-json\/wp\/v2\/tags?post=2482"}],"curies":[{"name":"wp","href":"https:\/\/api.w.org\/{rel}","templated":true}]}}