{"id":2473,"date":"2019-07-17T20:45:48","date_gmt":"2019-07-17T20:45:48","guid":{"rendered":"https:\/\/super-news.info\/mx\/se-registra-nuevo-sismo-de-magnitud-2-1-en-la-cdmx\/"},"modified":"2019-07-17T20:45:49","modified_gmt":"2019-07-17T20:45:49","slug":"se-registra-nuevo-sismo-de-magnitud-2-1-en-la-cdmx","status":"publish","type":"post","link":"https:\/\/super-news.info\/mx\/se-registra-nuevo-sismo-de-magnitud-2-1-en-la-cdmx\/","title":{"rendered":"Se registra nuevo sismo de magnitud 2.1 en la CDMX"},"content":{"rendered":"<p> [ad_1]<br \/>\n<\/p>\n<p class=\"paragraph\" data-count=\"158\" data-wrap=\"27\"><strong>Un nuevo sismo de magnitud 2.1<\/strong> con epicentro en la Ciudad de M\u00e9xico se registr\u00f3 en la tarde de este mi\u00e9rcoles, report\u00f3 el Servicio Sismol\u00f3gico Nacional (SSN).<\/p>\n<p class=\"paragraph\" data-count=\"143\" data-wrap=\"25\">El epicentro del movimiento tel\u00farico se ubic\u00f3 a 2 kil\u00f3metros al noroeste de la alcald\u00eda <strong>\u00c1lvaro Obreg\u00f3n<\/strong> y tuvo una profundidad de 3 kil\u00f3metros. <\/p>\n<p class=\"paragraph\" data-count=\"191\" data-wrap=\"32\">Seg\u00fan la informaci\u00f3n del servicio, el epicentro de este nuevo sismo est\u00e1 en la alcald\u00eda Miguel Hidalgo, en la Segunda Secci\u00f3n del Bosque de Chapultepec, cerca del Centro H\u00edpico de la capital.<\/p>\n<div class=\"image__block \">\n<figure><\/figure>\n<p><span class=\"element__footer\"><\/span><span class=\"element__credit\">Servicio Sismol\u00f3gico Nacional<\/span><\/div>\n<p class=\"paragraph\" data-count=\"257\" data-wrap=\"48\">Con este temblor, son ocho los que se han registrado en la capital del pa\u00eds en las \u00faltimas 24 horas. Entre las 22:59 horas del martes y las 1:04 horas de este mi\u00e9rcoles se registraron siete movimientos tel\u00faricos de magnitud 3, 2.7, 2.7, 2.2, 2.4, 2.4 y 2.4.<\/p>\n<div class=\"rich__block \">\n<div>\n<blockquote class=\"twitter-tweet\" data-lang=\"es\">\n<p lang=\"ro\" dir=\"ltr\">SISMO Magnitud 2.1 Loc. 2 km al NOROESTE de V ALVARO OBREGON, CDMX 17\/07\/19 14:28:07 Lat 19.41 Lon -99.21 Pf 3 km<\/p>\n<p>\u2014 Sismologico Nacional (@SismologicoMX) <a href=\"https:\/\/twitter.com\/SismologicoMX\/status\/1151581092589133824?ref_src=twsrc%5Etfw\">17 de julio de 2019<\/a><\/p><\/blockquote>\n<\/div>\n<p><span class=\"element__footer\"><\/span><span class=\"element__credit\"><\/span><\/div>\n<p><script async src=\"https:\/\/platform.twitter.com\/widgets.js\" charset=\"utf-8\"><\/script><br \/>\n<br \/>[ad_2]<br \/>\n<br \/><a href=\"https:\/\/www.elfinanciero.com.mx\/rss\/nacional\/se-registra-nuevo-sismo-de-magnitud-2-1-en-la-cdmx\">Source link <\/a><\/p>\n","protected":false},"excerpt":{"rendered":"<p>[ad_1] Un nuevo sismo de magnitud 2.1 con epicentro en la Ciudad de M\u00e9xico se registr\u00f3 en la tarde de este mi\u00e9rcoles, report\u00f3 el Servicio Sismol\u00f3gico Nacional (SSN). El epicentro del movimiento tel\u00farico se ubic\u00f3 a 2 kil\u00f3metros al noroeste de la alcald\u00eda \u00c1lvaro Obreg\u00f3n y tuvo una profundidad de 3 kil\u00f3metros. Seg\u00fan la informaci\u00f3n [&hellip;]<\/p>\n","protected":false},"author":3,"featured_media":2474,"comment_status":"open","ping_status":"open","sticky":false,"template":"","format":"standard","meta":{"footnotes":""},"categories":[1],"tags":[],"class_list":["post-2473","post","type-post","status-publish","format-standard","has-post-thumbnail","hentry","category-noticias-financieras"],"yoast_head":"<!-- This site is optimized with the Yoast SEO plugin v27.4 - https:\/\/yoast.com\/product\/yoast-seo-wordpress\/ -->\n<title>Se registra nuevo sismo de magnitud 2.1 en la CDMX - Super News<\/title>\n<meta name=\"robots\" content=\"index, follow, max-snippet:-1, max-image-preview:large, max-video-preview:-1\" \/>\n<link rel=\"canonical\" href=\"https:\/\/super-news.info\/mx\/se-registra-nuevo-sismo-de-magnitud-2-1-en-la-cdmx\/\" \/>\n<meta property=\"og:locale\" content=\"es_MX\" \/>\n<meta property=\"og:type\" content=\"article\" \/>\n<meta property=\"og:title\" content=\"Se registra nuevo sismo de magnitud 2.1 en la CDMX - Super News\" \/>\n<meta property=\"og:description\" content=\"[ad_1] Un nuevo sismo de magnitud 2.1 con epicentro en la Ciudad de M\u00e9xico se registr\u00f3 en la tarde de este mi\u00e9rcoles, report\u00f3 el Servicio Sismol\u00f3gico Nacional (SSN). El epicentro del movimiento tel\u00farico se ubic\u00f3 a 2 kil\u00f3metros al noroeste de la alcald\u00eda \u00c1lvaro Obreg\u00f3n y tuvo una profundidad de 3 kil\u00f3metros. Seg\u00fan la informaci\u00f3n [&hellip;]\" \/>\n<meta property=\"og:url\" content=\"https:\/\/super-news.info\/mx\/se-registra-nuevo-sismo-de-magnitud-2-1-en-la-cdmx\/\" \/>\n<meta property=\"og:site_name\" content=\"Super News\" \/>\n<meta property=\"article:published_time\" content=\"2019-07-17T20:45:48+00:00\" \/>\n<meta property=\"article:modified_time\" content=\"2019-07-17T20:45:49+00:00\" \/>\n<meta property=\"og:image\" content=\"https:\/\/super-news.info\/mx\/wp-content\/uploads\/sites\/8\/2019\/07\/Se-registra-nuevo-sismo-de-magnitud-2.1-en-la-CDMX.png\" \/>\n\t<meta property=\"og:image:width\" content=\"1360\" \/>\n\t<meta property=\"og:image:height\" content=\"765\" \/>\n\t<meta property=\"og:image:type\" content=\"image\/png\" \/>\n<meta name=\"author\" content=\"mx\" \/>\n<meta name=\"twitter:card\" content=\"summary_large_image\" \/>\n<meta name=\"twitter:label1\" content=\"Escrito por\" \/>\n\t<meta name=\"twitter:data1\" content=\"mx\" \/>\n\t<meta name=\"twitter:label2\" content=\"Tiempo de lectura\" \/>\n\t<meta name=\"twitter:data2\" content=\"1 minuto\" \/>\n<script type=\"application\/ld+json\" class=\"yoast-schema-graph\">{\"@context\":\"https:\\\/\\\/schema.org\",\"@graph\":[{\"@type\":\"Article\",\"@id\":\"https:\\\/\\\/super-news.info\\\/mx\\\/se-registra-nuevo-sismo-de-magnitud-2-1-en-la-cdmx\\\/#article\",\"isPartOf\":{\"@id\":\"https:\\\/\\\/super-news.info\\\/mx\\\/se-registra-nuevo-sismo-de-magnitud-2-1-en-la-cdmx\\\/\"},\"author\":{\"name\":\"mx\",\"@id\":\"https:\\\/\\\/super-news.info\\\/mx\\\/#\\\/schema\\\/person\\\/74b71ca3d407439fd57da2d9c89449ca\"},\"headline\":\"Se registra nuevo sismo de magnitud 2.1 en la CDMX\",\"datePublished\":\"2019-07-17T20:45:48+00:00\",\"dateModified\":\"2019-07-17T20:45:49+00:00\",\"mainEntityOfPage\":{\"@id\":\"https:\\\/\\\/super-news.info\\\/mx\\\/se-registra-nuevo-sismo-de-magnitud-2-1-en-la-cdmx\\\/\"},\"wordCount\":173,\"commentCount\":0,\"image\":{\"@id\":\"https:\\\/\\\/super-news.info\\\/mx\\\/se-registra-nuevo-sismo-de-magnitud-2-1-en-la-cdmx\\\/#primaryimage\"},\"thumbnailUrl\":\"https:\\\/\\\/super-news.info\\\/mx\\\/wp-content\\\/uploads\\\/sites\\\/8\\\/2019\\\/07\\\/Se-registra-nuevo-sismo-de-magnitud-2.1-en-la-CDMX.png\",\"articleSection\":[\"NOTICIAS FINANCIERAS\"],\"inLanguage\":\"es\",\"potentialAction\":[{\"@type\":\"CommentAction\",\"name\":\"Comment\",\"target\":[\"https:\\\/\\\/super-news.info\\\/mx\\\/se-registra-nuevo-sismo-de-magnitud-2-1-en-la-cdmx\\\/#respond\"]}]},{\"@type\":\"WebPage\",\"@id\":\"https:\\\/\\\/super-news.info\\\/mx\\\/se-registra-nuevo-sismo-de-magnitud-2-1-en-la-cdmx\\\/\",\"url\":\"https:\\\/\\\/super-news.info\\\/mx\\\/se-registra-nuevo-sismo-de-magnitud-2-1-en-la-cdmx\\\/\",\"name\":\"Se registra nuevo sismo de magnitud 2.1 en la CDMX - Super News\",\"isPartOf\":{\"@id\":\"https:\\\/\\\/super-news.info\\\/mx\\\/#website\"},\"primaryImageOfPage\":{\"@id\":\"https:\\\/\\\/super-news.info\\\/mx\\\/se-registra-nuevo-sismo-de-magnitud-2-1-en-la-cdmx\\\/#primaryimage\"},\"image\":{\"@id\":\"https:\\\/\\\/super-news.info\\\/mx\\\/se-registra-nuevo-sismo-de-magnitud-2-1-en-la-cdmx\\\/#primaryimage\"},\"thumbnailUrl\":\"https:\\\/\\\/super-news.info\\\/mx\\\/wp-content\\\/uploads\\\/sites\\\/8\\\/2019\\\/07\\\/Se-registra-nuevo-sismo-de-magnitud-2.1-en-la-CDMX.png\",\"datePublished\":\"2019-07-17T20:45:48+00:00\",\"dateModified\":\"2019-07-17T20:45:49+00:00\",\"author\":{\"@id\":\"https:\\\/\\\/super-news.info\\\/mx\\\/#\\\/schema\\\/person\\\/74b71ca3d407439fd57da2d9c89449ca\"},\"breadcrumb\":{\"@id\":\"https:\\\/\\\/super-news.info\\\/mx\\\/se-registra-nuevo-sismo-de-magnitud-2-1-en-la-cdmx\\\/#breadcrumb\"},\"inLanguage\":\"es\",\"potentialAction\":[{\"@type\":\"ReadAction\",\"target\":[\"https:\\\/\\\/super-news.info\\\/mx\\\/se-registra-nuevo-sismo-de-magnitud-2-1-en-la-cdmx\\\/\"]}]},{\"@type\":\"ImageObject\",\"inLanguage\":\"es\",\"@id\":\"https:\\\/\\\/super-news.info\\\/mx\\\/se-registra-nuevo-sismo-de-magnitud-2-1-en-la-cdmx\\\/#primaryimage\",\"url\":\"https:\\\/\\\/super-news.info\\\/mx\\\/wp-content\\\/uploads\\\/sites\\\/8\\\/2019\\\/07\\\/Se-registra-nuevo-sismo-de-magnitud-2.1-en-la-CDMX.png\",\"contentUrl\":\"https:\\\/\\\/super-news.info\\\/mx\\\/wp-content\\\/uploads\\\/sites\\\/8\\\/2019\\\/07\\\/Se-registra-nuevo-sismo-de-magnitud-2.1-en-la-CDMX.png\",\"width\":1360,\"height\":765,\"caption\":\"Se registra nuevo sismo de magnitud 2.1 en la CDMX\"},{\"@type\":\"BreadcrumbList\",\"@id\":\"https:\\\/\\\/super-news.info\\\/mx\\\/se-registra-nuevo-sismo-de-magnitud-2-1-en-la-cdmx\\\/#breadcrumb\",\"itemListElement\":[{\"@type\":\"ListItem\",\"position\":1,\"name\":\"Home\",\"item\":\"https:\\\/\\\/super-news.info\\\/mx\\\/\"},{\"@type\":\"ListItem\",\"position\":2,\"name\":\"Se registra nuevo sismo de magnitud 2.1 en la CDMX\"}]},{\"@type\":\"WebSite\",\"@id\":\"https:\\\/\\\/super-news.info\\\/mx\\\/#website\",\"url\":\"https:\\\/\\\/super-news.info\\\/mx\\\/\",\"name\":\"Super News\",\"description\":\"Super News Mexico\",\"potentialAction\":[{\"@type\":\"SearchAction\",\"target\":{\"@type\":\"EntryPoint\",\"urlTemplate\":\"https:\\\/\\\/super-news.info\\\/mx\\\/?s={search_term_string}\"},\"query-input\":{\"@type\":\"PropertyValueSpecification\",\"valueRequired\":true,\"valueName\":\"search_term_string\"}}],\"inLanguage\":\"es\"},{\"@type\":\"Person\",\"@id\":\"https:\\\/\\\/super-news.info\\\/mx\\\/#\\\/schema\\\/person\\\/74b71ca3d407439fd57da2d9c89449ca\",\"name\":\"mx\",\"image\":{\"@type\":\"ImageObject\",\"inLanguage\":\"es\",\"@id\":\"https:\\\/\\\/secure.gravatar.com\\\/avatar\\\/6374ac65ff69c362a0ae1303d73d69dcd9bd198d62d9861f054a69aaf82c017b?s=96&d=mm&r=g\",\"url\":\"https:\\\/\\\/secure.gravatar.com\\\/avatar\\\/6374ac65ff69c362a0ae1303d73d69dcd9bd198d62d9861f054a69aaf82c017b?s=96&d=mm&r=g\",\"contentUrl\":\"https:\\\/\\\/secure.gravatar.com\\\/avatar\\\/6374ac65ff69c362a0ae1303d73d69dcd9bd198d62d9861f054a69aaf82c017b?s=96&d=mm&r=g\",\"caption\":\"mx\"},\"url\":\"https:\\\/\\\/super-news.info\\\/mx\\\/author\\\/mx\\\/\"}]}<\/script>\n<!-- \/ Yoast SEO plugin. -->","yoast_head_json":{"title":"Se registra nuevo sismo de magnitud 2.1 en la CDMX - Super News","robots":{"index":"index","follow":"follow","max-snippet":"max-snippet:-1","max-image-preview":"max-image-preview:large","max-video-preview":"max-video-preview:-1"},"canonical":"https:\/\/super-news.info\/mx\/se-registra-nuevo-sismo-de-magnitud-2-1-en-la-cdmx\/","og_locale":"es_MX","og_type":"article","og_title":"Se registra nuevo sismo de magnitud 2.1 en la CDMX - Super News","og_description":"[ad_1] Un nuevo sismo de magnitud 2.1 con epicentro en la Ciudad de M\u00e9xico se registr\u00f3 en la tarde de este mi\u00e9rcoles, report\u00f3 el Servicio Sismol\u00f3gico Nacional (SSN). El epicentro del movimiento tel\u00farico se ubic\u00f3 a 2 kil\u00f3metros al noroeste de la alcald\u00eda \u00c1lvaro Obreg\u00f3n y tuvo una profundidad de 3 kil\u00f3metros. Seg\u00fan la informaci\u00f3n [&hellip;]","og_url":"https:\/\/super-news.info\/mx\/se-registra-nuevo-sismo-de-magnitud-2-1-en-la-cdmx\/","og_site_name":"Super News","article_published_time":"2019-07-17T20:45:48+00:00","article_modified_time":"2019-07-17T20:45:49+00:00","og_image":[{"width":1360,"height":765,"url":"https:\/\/super-news.info\/mx\/wp-content\/uploads\/sites\/8\/2019\/07\/Se-registra-nuevo-sismo-de-magnitud-2.1-en-la-CDMX.png","type":"image\/png"}],"author":"mx","twitter_card":"summary_large_image","twitter_misc":{"Escrito por":"mx","Tiempo de lectura":"1 minuto"},"schema":{"@context":"https:\/\/schema.org","@graph":[{"@type":"Article","@id":"https:\/\/super-news.info\/mx\/se-registra-nuevo-sismo-de-magnitud-2-1-en-la-cdmx\/#article","isPartOf":{"@id":"https:\/\/super-news.info\/mx\/se-registra-nuevo-sismo-de-magnitud-2-1-en-la-cdmx\/"},"author":{"name":"mx","@id":"https:\/\/super-news.info\/mx\/#\/schema\/person\/74b71ca3d407439fd57da2d9c89449ca"},"headline":"Se registra nuevo sismo de magnitud 2.1 en la CDMX","datePublished":"2019-07-17T20:45:48+00:00","dateModified":"2019-07-17T20:45:49+00:00","mainEntityOfPage":{"@id":"https:\/\/super-news.info\/mx\/se-registra-nuevo-sismo-de-magnitud-2-1-en-la-cdmx\/"},"wordCount":173,"commentCount":0,"image":{"@id":"https:\/\/super-news.info\/mx\/se-registra-nuevo-sismo-de-magnitud-2-1-en-la-cdmx\/#primaryimage"},"thumbnailUrl":"https:\/\/super-news.info\/mx\/wp-content\/uploads\/sites\/8\/2019\/07\/Se-registra-nuevo-sismo-de-magnitud-2.1-en-la-CDMX.png","articleSection":["NOTICIAS FINANCIERAS"],"inLanguage":"es","potentialAction":[{"@type":"CommentAction","name":"Comment","target":["https:\/\/super-news.info\/mx\/se-registra-nuevo-sismo-de-magnitud-2-1-en-la-cdmx\/#respond"]}]},{"@type":"WebPage","@id":"https:\/\/super-news.info\/mx\/se-registra-nuevo-sismo-de-magnitud-2-1-en-la-cdmx\/","url":"https:\/\/super-news.info\/mx\/se-registra-nuevo-sismo-de-magnitud-2-1-en-la-cdmx\/","name":"Se registra nuevo sismo de magnitud 2.1 en la CDMX - Super News","isPartOf":{"@id":"https:\/\/super-news.info\/mx\/#website"},"primaryImageOfPage":{"@id":"https:\/\/super-news.info\/mx\/se-registra-nuevo-sismo-de-magnitud-2-1-en-la-cdmx\/#primaryimage"},"image":{"@id":"https:\/\/super-news.info\/mx\/se-registra-nuevo-sismo-de-magnitud-2-1-en-la-cdmx\/#primaryimage"},"thumbnailUrl":"https:\/\/super-news.info\/mx\/wp-content\/uploads\/sites\/8\/2019\/07\/Se-registra-nuevo-sismo-de-magnitud-2.1-en-la-CDMX.png","datePublished":"2019-07-17T20:45:48+00:00","dateModified":"2019-07-17T20:45:49+00:00","author":{"@id":"https:\/\/super-news.info\/mx\/#\/schema\/person\/74b71ca3d407439fd57da2d9c89449ca"},"breadcrumb":{"@id":"https:\/\/super-news.info\/mx\/se-registra-nuevo-sismo-de-magnitud-2-1-en-la-cdmx\/#breadcrumb"},"inLanguage":"es","potentialAction":[{"@type":"ReadAction","target":["https:\/\/super-news.info\/mx\/se-registra-nuevo-sismo-de-magnitud-2-1-en-la-cdmx\/"]}]},{"@type":"ImageObject","inLanguage":"es","@id":"https:\/\/super-news.info\/mx\/se-registra-nuevo-sismo-de-magnitud-2-1-en-la-cdmx\/#primaryimage","url":"https:\/\/super-news.info\/mx\/wp-content\/uploads\/sites\/8\/2019\/07\/Se-registra-nuevo-sismo-de-magnitud-2.1-en-la-CDMX.png","contentUrl":"https:\/\/super-news.info\/mx\/wp-content\/uploads\/sites\/8\/2019\/07\/Se-registra-nuevo-sismo-de-magnitud-2.1-en-la-CDMX.png","width":1360,"height":765,"caption":"Se registra nuevo sismo de magnitud 2.1 en la CDMX"},{"@type":"BreadcrumbList","@id":"https:\/\/super-news.info\/mx\/se-registra-nuevo-sismo-de-magnitud-2-1-en-la-cdmx\/#breadcrumb","itemListElement":[{"@type":"ListItem","position":1,"name":"Home","item":"https:\/\/super-news.info\/mx\/"},{"@type":"ListItem","position":2,"name":"Se registra nuevo sismo de magnitud 2.1 en la CDMX"}]},{"@type":"WebSite","@id":"https:\/\/super-news.info\/mx\/#website","url":"https:\/\/super-news.info\/mx\/","name":"Super News","description":"Super News Mexico","potentialAction":[{"@type":"SearchAction","target":{"@type":"EntryPoint","urlTemplate":"https:\/\/super-news.info\/mx\/?s={search_term_string}"},"query-input":{"@type":"PropertyValueSpecification","valueRequired":true,"valueName":"search_term_string"}}],"inLanguage":"es"},{"@type":"Person","@id":"https:\/\/super-news.info\/mx\/#\/schema\/person\/74b71ca3d407439fd57da2d9c89449ca","name":"mx","image":{"@type":"ImageObject","inLanguage":"es","@id":"https:\/\/secure.gravatar.com\/avatar\/6374ac65ff69c362a0ae1303d73d69dcd9bd198d62d9861f054a69aaf82c017b?s=96&d=mm&r=g","url":"https:\/\/secure.gravatar.com\/avatar\/6374ac65ff69c362a0ae1303d73d69dcd9bd198d62d9861f054a69aaf82c017b?s=96&d=mm&r=g","contentUrl":"https:\/\/secure.gravatar.com\/avatar\/6374ac65ff69c362a0ae1303d73d69dcd9bd198d62d9861f054a69aaf82c017b?s=96&d=mm&r=g","caption":"mx"},"url":"https:\/\/super-news.info\/mx\/author\/mx\/"}]}},"_links":{"self":[{"href":"https:\/\/super-news.info\/mx\/wp-json\/wp\/v2\/posts\/2473","targetHints":{"allow":["GET"]}}],"collection":[{"href":"https:\/\/super-news.info\/mx\/wp-json\/wp\/v2\/posts"}],"about":[{"href":"https:\/\/super-news.info\/mx\/wp-json\/wp\/v2\/types\/post"}],"author":[{"embeddable":true,"href":"https:\/\/super-news.info\/mx\/wp-json\/wp\/v2\/users\/3"}],"replies":[{"embeddable":true,"href":"https:\/\/super-news.info\/mx\/wp-json\/wp\/v2\/comments?post=2473"}],"version-history":[{"count":1,"href":"https:\/\/super-news.info\/mx\/wp-json\/wp\/v2\/posts\/2473\/revisions"}],"predecessor-version":[{"id":2475,"href":"https:\/\/super-news.info\/mx\/wp-json\/wp\/v2\/posts\/2473\/revisions\/2475"}],"wp:featuredmedia":[{"embeddable":true,"href":"https:\/\/super-news.info\/mx\/wp-json\/wp\/v2\/media\/2474"}],"wp:attachment":[{"href":"https:\/\/super-news.info\/mx\/wp-json\/wp\/v2\/media?parent=2473"}],"wp:term":[{"taxonomy":"category","embeddable":true,"href":"https:\/\/super-news.info\/mx\/wp-json\/wp\/v2\/categories?post=2473"},{"taxonomy":"post_tag","embeddable":true,"href":"https:\/\/super-news.info\/mx\/wp-json\/wp\/v2\/tags?post=2473"}],"curies":[{"name":"wp","href":"https:\/\/api.w.org\/{rel}","templated":true}]}}