{"id":2467,"date":"2019-07-17T18:22:41","date_gmt":"2019-07-17T18:22:41","guid":{"rendered":"https:\/\/super-news.info\/mx\/campesinos-bloquean-carreteras-en-varias-entidades\/"},"modified":"2019-07-17T18:22:42","modified_gmt":"2019-07-17T18:22:42","slug":"campesinos-bloquean-carreteras-en-varias-entidades","status":"publish","type":"post","link":"https:\/\/super-news.info\/mx\/campesinos-bloquean-carreteras-en-varias-entidades\/","title":{"rendered":"Campesinos bloquean carreteras en varias entidades"},"content":{"rendered":"<p> [ad_1]<br \/>\n<\/p>\n<p class=\"paragraph\" data-count=\"239\" data-wrap=\"40\">Este mi\u00e9rcoles, <strong>alrededor de 50 mil campesinos<\/strong> protestan en todo el pa\u00eds por lo que, aseguran, es una negativa de una respuesta favorable sobre el ejercicio de los recursos fiscales contemplados en el presupuesto de este a\u00f1o para el campo.<\/p>\n<p class=\"paragraph\" data-count=\"228\" data-wrap=\"34\">El dirigente del organismo, <strong>Eduardo Orihuela Estefan<\/strong>, se\u00f1al\u00f3 que el presidente Andr\u00e9s Manuel L\u00f3pez Obrador decidi\u00f3 darle prioridad al desarrollo y capitalizaci\u00f3n de Petr\u00f3leos Mexicanos (Pemex) en la primera mita de su Gobierno. <\/p>\n<p class=\"paragraph\" data-count=\"200\" data-wrap=\"29\">En consecuencia, los programas para alcanzar la autosuficiencia alimentaria, el desarrollo del campo mexicano, la lucha contra la pobreza y el combate a la desnutrici\u00f3n quedaron &#8220;para despu\u00e9s&#8221;, acus\u00f3.<\/p>\n<p class=\"paragraph\" data-count=\"216\" data-wrap=\"34\">\n<p>Sobre los bloqueos, L\u00f3pez Obrador recomend\u00f3 a los campesinos que se &#8220;ahorraran el tiempo&#8221; en estas actividades, pues el Gobierno continuar\u00e1 su estrategia de entregar de manera directa los apoyos a los productores. <\/p>\n<p class=\"paragraph\" data-count=\"93\" data-wrap=\"13\">A continuaci\u00f3n, algunos de las entidades afectadas por las manifestaciones de los campesinos:<\/p>\n<h3 class=\"featured__title\">Chihuahua<\/h3>\n<p class=\"paragraph\" data-count=\"304\" data-wrap=\"45\">Productores del campo de varios municipios del estado bloquearon por un lapso de cincuenta minutos la carretera Panamericana, en <strong>el tramo Chihuahua- Ciudad Ju\u00e1rez<\/strong>, en reclamo a las pol\u00edticas emprendidas por el Gobierno federal por reorientar, aseguran, el presupuesto aprobado por la C\u00e1mara de Diputados.<\/p>\n<p class=\"paragraph\" data-count=\"245\" data-wrap=\"40\">Los manifestantes anunciaron que mantendr\u00e1n cierres intermitentes a la altura del <strong>kil\u00f3metro 32 en la v\u00eda<\/strong>, para evitar afectaciones a quienes viajan por esta ruta, la m\u00e1s importante conexi\u00f3n que tiene la entidad a la frontera con Estados Unidos. <\/p>\n<p class=\"paragraph\" data-count=\"284\" data-wrap=\"47\">Emiliano Garc\u00eda, l\u00edder de la organizaci\u00f3n Uni\u00f3n Campesina Democr\u00e1tica, dio a conocer que en el lugar se encuentran productores de todo el estado, de todos los sectores y de todos niveles, que demandan que la pol\u00edtica emprendida por el Gobierno federal sea a favor de la productividad.<\/p>\n<p class=\"paragraph\" data-count=\"215\" data-wrap=\"38\">\u201cEstamos de acuerdo que se apoye a los productores y campesinos m\u00e1s pobres del pa\u00eds, pero se hace en un sistema asistencial para que sobrevivan en el campo y tenemos sobreviviendo en el campo muchos a\u00f1os\u201d, asegur\u00f3. <\/p>\n<p class=\"paragraph\" data-count=\"251\" data-wrap=\"44\">Dijo que no es posible que el presidente haga menos este tipo de acciones, de gente que sale a luchar por una causa com\u00fan, sin siglas de partidos, que le pide que cambie la pol\u00edtica presupuestaria, particularmente hacia los estados del norte del pa\u00eds.<\/p>\n<div class=\"image__block \">\n<figure><\/figure>\n<p><span class=\"element__footer\"><\/span><span class=\"element__credit\">Samuel Garc\u00eda<\/span><\/div>\n<h3 class=\"featured__title\">Estado de M\u00e9xico<\/h3>\n<p class=\"paragraph\" data-count=\"238\" data-wrap=\"39\">La molestia entre campesinos por el retraso en la distribuci\u00f3n de recursos para el campo mexiquense deriv\u00f3 este mi\u00e9rcoles en el cierre de v\u00edas, tanto de cuota como federales en varios puntos del Estado de M\u00e9xico, afectando la circulaci\u00f3n.<\/p>\n<p class=\"paragraph\" data-count=\"173\" data-wrap=\"28\">&#8220;Si el campo no produce, el pa\u00eds no come&#8221;, reprocharon agricultores de diversos municipios que piden al Gobierno federal liberar los apoyos, por lo que iniciaron un bloqueo.<\/p>\n<p class=\"paragraph\" data-count=\"204\" data-wrap=\"33\">La caseta de El Dorado, de la autopista Toluca-Atlacomulco, que conecta la capital mexiquense con la zona norte de la entidad, fue tomada por productores. La misma medida se replic\u00f3 tambi\u00e9n en Xonacatl\u00e1n.<\/p>\n<h3 class=\"featured__title\">\nTamaulipas<\/h3>\n<p class=\"paragraph\" data-count=\"155\" data-wrap=\"24\">En protestas por los recortes federales a los programas del campo, campesinos de Tamaulipas mantienen bloqueos en <strong>al menos cuatro puntos de las carreteras.<\/strong><\/p>\n<p class=\"paragraph\" data-count=\"165\" data-wrap=\"26\">Utilizando tractores y camiones, los campesinos se apostaron en<strong> el Puente Internacional Progreso<\/strong> en el municipio de R\u00edo Bravo, en el llamado puente Roto de Altamira.<\/p>\n<p class=\"paragraph\" data-count=\"223\" data-wrap=\"36\">Otras v\u00edas afectadas son la carretera v\u00eda corta Victoria-Tampico, a la altura del municipio de Gonz\u00e1lez; Congregaci\u00f3n El Abra en El Mante; en la carretera federal Victoria-San Luis Potos\u00ed, a la altura del municipio de Tula.<\/p>\n<p class=\"paragraph\" data-count=\"150\" data-wrap=\"25\">Se prev\u00e9 que en las pr\u00f3ximas horas tambi\u00e9n se registre un nuevo bloqueo en la carretera Victoria-Monterrey, a la altura del municipio de San Fernando.<\/p>\n<div class=\"image__block \">\n<figure><img decoding=\"async\" alt=\"\" src=\"http:\/\/super-news.info\/mx\/wp-content\/uploads\/sites\/8\/2019\/07\/1563387760_739_Campesinos-bloquean-carreteras-en-varias-entidades.jpeg\" style=\"height:auto;width:100%\" \/><\/figure>\n<p><span class=\"element__footer\"><\/span><span class=\"element__credit\">Especial<\/span><\/div>\n<h3 class=\"featured__title\">San Luis Potos\u00ed<\/h3>\n<p class=\"paragraph\" data-count=\"161\" data-wrap=\"25\">Personas identificadas como productores agr\u00edcolas bloquearon la carretera 57, en el kil\u00f3metro 65, a la altura del entronque con el municipio de Villa de Arista.\n<\/p>\n<p class=\"paragraph\" data-count=\"124\" data-wrap=\"19\">De acuerdo con el reporte de la Fuerza Metropolitana, divisi\u00f3n Caminos, <strong>alrededor de 900 personas<\/strong> participan en la protesta.<\/p>\n<p class=\"paragraph\" data-count=\"170\" data-wrap=\"25\">Los agricultores bloquearon la carretera con maquinaria, lo que gener\u00f3 un gran caos vial, provocando que conductores de coches, camiones y tr\u00e1ileres, se quedaran varados.<\/p>\n<p class=\"paragraph\" data-count=\"258\" data-wrap=\"39\">Los manifestantes colocaron mantas, en donde adem\u00e1s de pedir al presidente Andr\u00e9s Manuel L\u00f3pez Obrador ser escuchados en sus peticiones, exigen que su administraci\u00f3n ponga atenci\u00f3n al campo y protestan por los recortes en el presupuesto destinado al sector.\n<\/p>\n<div class=\"image__block \">\n<figure><img decoding=\"async\" alt=\"\" src=\"http:\/\/super-news.info\/mx\/wp-content\/uploads\/sites\/8\/2019\/07\/1563387760_845_Campesinos-bloquean-carreteras-en-varias-entidades.jpeg\" style=\"height:auto;width:100%\" \/><\/figure>\n<p><span class=\"element__footer\"><\/span><span class=\"element__credit\">Fuente: Martha Zaragoza.<\/span><\/div>\n<h3 class=\"featured__title\">Veracruz<\/h3>\n<p class=\"paragraph\" data-count=\"138\" data-wrap=\"20\">Productores bloquean al menos ocho puntos carreteros en la entidad, en protesta por la pol\u00edtica agropecuaria de la administraci\u00f3n federal.<\/p>\n<p class=\"paragraph\" data-count=\"255\" data-wrap=\"40\"><strong>Jos\u00e9 \u00c1ngel Cabrera Correa<\/strong>, presidente de la Uni\u00f3n Agr\u00edcola Estatal de Productores de Ma\u00edz, asever\u00f3 que en reuniones con representantes del Ejecutivo les han hecho saber que los recursos en realidad son utilizados para los programas sociales del Gobierno. <\/p>\n<p class=\"paragraph\" data-count=\"137\" data-wrap=\"22\">&#8220;No estamos de acuerdo con que el presupuesto est\u00e9 siendo desviado para otro tipo de programas&#8221; declar\u00f3 el representante de los maiceros.<\/p>\n<p class=\"paragraph\" data-count=\"66\" data-wrap=\"10\">Advirti\u00f3 que, <strong>de no ser escuchados<\/strong>, intensificar\u00e1n las protestas. <\/p>\n<p class=\"paragraph\" data-count=\"160\" data-wrap=\"24\">Los puntos carreteros bloqueados por los productores se encuentran en Xalapa, Fort\u00edn de las Flores, Actopan, Acayucan, Tampico el Alto, entre otros municipios. <\/p>\n<p class=\"paragraph\" data-count=\"99\" data-wrap=\"14\"><em>Con informaci\u00f3n de Samuel Garc\u00eda, Perla Oropeza, Perla Res\u00e9ndez, Iv\u00e1n S\u00e1nchez, Notimex y Quadrat\u00edn.<\/em><\/p>\n<div class=\"image__block \">\n<figure><img decoding=\"async\" alt=\"\" src=\"http:\/\/super-news.info\/mx\/wp-content\/uploads\/sites\/8\/2019\/07\/1563387761_52_Campesinos-bloquean-carreteras-en-varias-entidades.jpeg\" style=\"height:auto;width:100%\" \/><\/figure>\n<p><span class=\"element__footer\"><\/span><span class=\"element__credit\">Gobierno del Estado de Veracruz<\/span><\/div>\n<p>[ad_2]<br \/>\n<br \/><a href=\"https:\/\/www.elfinanciero.com.mx\/rss\/nacional\/asi-bloquean-campesinos-carreteras-en-mexico\">Source link <\/a><\/p>\n","protected":false},"excerpt":{"rendered":"<p>[ad_1] Este mi\u00e9rcoles, alrededor de 50 mil campesinos protestan en todo el pa\u00eds por lo que, aseguran, es una negativa de una respuesta favorable sobre el ejercicio de los recursos fiscales contemplados en el presupuesto de este a\u00f1o para el campo. El dirigente del organismo, Eduardo Orihuela Estefan, se\u00f1al\u00f3 que el presidente Andr\u00e9s Manuel L\u00f3pez [&hellip;]<\/p>\n","protected":false},"author":3,"featured_media":2468,"comment_status":"open","ping_status":"open","sticky":false,"template":"","format":"standard","meta":{"footnotes":""},"categories":[1],"tags":[],"class_list":["post-2467","post","type-post","status-publish","format-standard","has-post-thumbnail","hentry","category-noticias-financieras"],"yoast_head":"<!-- This site is optimized with the Yoast SEO plugin v27.4 - https:\/\/yoast.com\/product\/yoast-seo-wordpress\/ -->\n<title>Campesinos bloquean carreteras en varias entidades - Super News<\/title>\n<meta name=\"robots\" content=\"index, follow, max-snippet:-1, max-image-preview:large, max-video-preview:-1\" \/>\n<link rel=\"canonical\" href=\"https:\/\/super-news.info\/mx\/campesinos-bloquean-carreteras-en-varias-entidades\/\" \/>\n<meta property=\"og:locale\" content=\"es_MX\" \/>\n<meta property=\"og:type\" content=\"article\" \/>\n<meta property=\"og:title\" content=\"Campesinos bloquean carreteras en varias entidades - Super News\" \/>\n<meta property=\"og:description\" content=\"[ad_1] Este mi\u00e9rcoles, alrededor de 50 mil campesinos protestan en todo el pa\u00eds por lo que, aseguran, es una negativa de una respuesta favorable sobre el ejercicio de los recursos fiscales contemplados en el presupuesto de este a\u00f1o para el campo. El dirigente del organismo, Eduardo Orihuela Estefan, se\u00f1al\u00f3 que el presidente Andr\u00e9s Manuel L\u00f3pez [&hellip;]\" \/>\n<meta property=\"og:url\" content=\"https:\/\/super-news.info\/mx\/campesinos-bloquean-carreteras-en-varias-entidades\/\" \/>\n<meta property=\"og:site_name\" content=\"Super News\" \/>\n<meta property=\"article:published_time\" content=\"2019-07-17T18:22:41+00:00\" \/>\n<meta property=\"article:modified_time\" content=\"2019-07-17T18:22:42+00:00\" \/>\n<meta property=\"og:image\" content=\"https:\/\/super-news.info\/mx\/wp-content\/uploads\/sites\/8\/2019\/07\/Campesinos-bloquean-carreteras-en-varias-entidades.jpeg\" \/>\n\t<meta property=\"og:image:width\" content=\"1191\" \/>\n\t<meta property=\"og:image:height\" content=\"670\" \/>\n\t<meta property=\"og:image:type\" content=\"image\/jpeg\" \/>\n<meta name=\"author\" content=\"mx\" \/>\n<meta name=\"twitter:card\" content=\"summary_large_image\" \/>\n<meta name=\"twitter:label1\" content=\"Escrito por\" \/>\n\t<meta name=\"twitter:data1\" content=\"mx\" \/>\n\t<meta name=\"twitter:label2\" content=\"Tiempo de lectura\" \/>\n\t<meta name=\"twitter:data2\" content=\"4 minutos\" \/>\n<script type=\"application\/ld+json\" class=\"yoast-schema-graph\">{\"@context\":\"https:\\\/\\\/schema.org\",\"@graph\":[{\"@type\":\"Article\",\"@id\":\"https:\\\/\\\/super-news.info\\\/mx\\\/campesinos-bloquean-carreteras-en-varias-entidades\\\/#article\",\"isPartOf\":{\"@id\":\"https:\\\/\\\/super-news.info\\\/mx\\\/campesinos-bloquean-carreteras-en-varias-entidades\\\/\"},\"author\":{\"name\":\"mx\",\"@id\":\"https:\\\/\\\/super-news.info\\\/mx\\\/#\\\/schema\\\/person\\\/74b71ca3d407439fd57da2d9c89449ca\"},\"headline\":\"Campesinos bloquean carreteras en varias entidades\",\"datePublished\":\"2019-07-17T18:22:41+00:00\",\"dateModified\":\"2019-07-17T18:22:42+00:00\",\"mainEntityOfPage\":{\"@id\":\"https:\\\/\\\/super-news.info\\\/mx\\\/campesinos-bloquean-carreteras-en-varias-entidades\\\/\"},\"wordCount\":902,\"commentCount\":0,\"image\":{\"@id\":\"https:\\\/\\\/super-news.info\\\/mx\\\/campesinos-bloquean-carreteras-en-varias-entidades\\\/#primaryimage\"},\"thumbnailUrl\":\"https:\\\/\\\/super-news.info\\\/mx\\\/wp-content\\\/uploads\\\/sites\\\/8\\\/2019\\\/07\\\/Campesinos-bloquean-carreteras-en-varias-entidades.jpeg\",\"articleSection\":[\"NOTICIAS FINANCIERAS\"],\"inLanguage\":\"es\",\"potentialAction\":[{\"@type\":\"CommentAction\",\"name\":\"Comment\",\"target\":[\"https:\\\/\\\/super-news.info\\\/mx\\\/campesinos-bloquean-carreteras-en-varias-entidades\\\/#respond\"]}]},{\"@type\":\"WebPage\",\"@id\":\"https:\\\/\\\/super-news.info\\\/mx\\\/campesinos-bloquean-carreteras-en-varias-entidades\\\/\",\"url\":\"https:\\\/\\\/super-news.info\\\/mx\\\/campesinos-bloquean-carreteras-en-varias-entidades\\\/\",\"name\":\"Campesinos bloquean carreteras en varias entidades - Super News\",\"isPartOf\":{\"@id\":\"https:\\\/\\\/super-news.info\\\/mx\\\/#website\"},\"primaryImageOfPage\":{\"@id\":\"https:\\\/\\\/super-news.info\\\/mx\\\/campesinos-bloquean-carreteras-en-varias-entidades\\\/#primaryimage\"},\"image\":{\"@id\":\"https:\\\/\\\/super-news.info\\\/mx\\\/campesinos-bloquean-carreteras-en-varias-entidades\\\/#primaryimage\"},\"thumbnailUrl\":\"https:\\\/\\\/super-news.info\\\/mx\\\/wp-content\\\/uploads\\\/sites\\\/8\\\/2019\\\/07\\\/Campesinos-bloquean-carreteras-en-varias-entidades.jpeg\",\"datePublished\":\"2019-07-17T18:22:41+00:00\",\"dateModified\":\"2019-07-17T18:22:42+00:00\",\"author\":{\"@id\":\"https:\\\/\\\/super-news.info\\\/mx\\\/#\\\/schema\\\/person\\\/74b71ca3d407439fd57da2d9c89449ca\"},\"breadcrumb\":{\"@id\":\"https:\\\/\\\/super-news.info\\\/mx\\\/campesinos-bloquean-carreteras-en-varias-entidades\\\/#breadcrumb\"},\"inLanguage\":\"es\",\"potentialAction\":[{\"@type\":\"ReadAction\",\"target\":[\"https:\\\/\\\/super-news.info\\\/mx\\\/campesinos-bloquean-carreteras-en-varias-entidades\\\/\"]}]},{\"@type\":\"ImageObject\",\"inLanguage\":\"es\",\"@id\":\"https:\\\/\\\/super-news.info\\\/mx\\\/campesinos-bloquean-carreteras-en-varias-entidades\\\/#primaryimage\",\"url\":\"https:\\\/\\\/super-news.info\\\/mx\\\/wp-content\\\/uploads\\\/sites\\\/8\\\/2019\\\/07\\\/Campesinos-bloquean-carreteras-en-varias-entidades.jpeg\",\"contentUrl\":\"https:\\\/\\\/super-news.info\\\/mx\\\/wp-content\\\/uploads\\\/sites\\\/8\\\/2019\\\/07\\\/Campesinos-bloquean-carreteras-en-varias-entidades.jpeg\",\"width\":1191,\"height\":670,\"caption\":\"Campesinos bloquean carreteras en varias entidades\"},{\"@type\":\"BreadcrumbList\",\"@id\":\"https:\\\/\\\/super-news.info\\\/mx\\\/campesinos-bloquean-carreteras-en-varias-entidades\\\/#breadcrumb\",\"itemListElement\":[{\"@type\":\"ListItem\",\"position\":1,\"name\":\"Home\",\"item\":\"https:\\\/\\\/super-news.info\\\/mx\\\/\"},{\"@type\":\"ListItem\",\"position\":2,\"name\":\"Campesinos bloquean carreteras en varias entidades\"}]},{\"@type\":\"WebSite\",\"@id\":\"https:\\\/\\\/super-news.info\\\/mx\\\/#website\",\"url\":\"https:\\\/\\\/super-news.info\\\/mx\\\/\",\"name\":\"Super News\",\"description\":\"Super News Mexico\",\"potentialAction\":[{\"@type\":\"SearchAction\",\"target\":{\"@type\":\"EntryPoint\",\"urlTemplate\":\"https:\\\/\\\/super-news.info\\\/mx\\\/?s={search_term_string}\"},\"query-input\":{\"@type\":\"PropertyValueSpecification\",\"valueRequired\":true,\"valueName\":\"search_term_string\"}}],\"inLanguage\":\"es\"},{\"@type\":\"Person\",\"@id\":\"https:\\\/\\\/super-news.info\\\/mx\\\/#\\\/schema\\\/person\\\/74b71ca3d407439fd57da2d9c89449ca\",\"name\":\"mx\",\"image\":{\"@type\":\"ImageObject\",\"inLanguage\":\"es\",\"@id\":\"https:\\\/\\\/secure.gravatar.com\\\/avatar\\\/6374ac65ff69c362a0ae1303d73d69dcd9bd198d62d9861f054a69aaf82c017b?s=96&d=mm&r=g\",\"url\":\"https:\\\/\\\/secure.gravatar.com\\\/avatar\\\/6374ac65ff69c362a0ae1303d73d69dcd9bd198d62d9861f054a69aaf82c017b?s=96&d=mm&r=g\",\"contentUrl\":\"https:\\\/\\\/secure.gravatar.com\\\/avatar\\\/6374ac65ff69c362a0ae1303d73d69dcd9bd198d62d9861f054a69aaf82c017b?s=96&d=mm&r=g\",\"caption\":\"mx\"},\"url\":\"https:\\\/\\\/super-news.info\\\/mx\\\/author\\\/mx\\\/\"}]}<\/script>\n<!-- \/ Yoast SEO plugin. -->","yoast_head_json":{"title":"Campesinos bloquean carreteras en varias entidades - Super News","robots":{"index":"index","follow":"follow","max-snippet":"max-snippet:-1","max-image-preview":"max-image-preview:large","max-video-preview":"max-video-preview:-1"},"canonical":"https:\/\/super-news.info\/mx\/campesinos-bloquean-carreteras-en-varias-entidades\/","og_locale":"es_MX","og_type":"article","og_title":"Campesinos bloquean carreteras en varias entidades - Super News","og_description":"[ad_1] Este mi\u00e9rcoles, alrededor de 50 mil campesinos protestan en todo el pa\u00eds por lo que, aseguran, es una negativa de una respuesta favorable sobre el ejercicio de los recursos fiscales contemplados en el presupuesto de este a\u00f1o para el campo. El dirigente del organismo, Eduardo Orihuela Estefan, se\u00f1al\u00f3 que el presidente Andr\u00e9s Manuel L\u00f3pez [&hellip;]","og_url":"https:\/\/super-news.info\/mx\/campesinos-bloquean-carreteras-en-varias-entidades\/","og_site_name":"Super News","article_published_time":"2019-07-17T18:22:41+00:00","article_modified_time":"2019-07-17T18:22:42+00:00","og_image":[{"width":1191,"height":670,"url":"https:\/\/super-news.info\/mx\/wp-content\/uploads\/sites\/8\/2019\/07\/Campesinos-bloquean-carreteras-en-varias-entidades.jpeg","type":"image\/jpeg"}],"author":"mx","twitter_card":"summary_large_image","twitter_misc":{"Escrito por":"mx","Tiempo de lectura":"4 minutos"},"schema":{"@context":"https:\/\/schema.org","@graph":[{"@type":"Article","@id":"https:\/\/super-news.info\/mx\/campesinos-bloquean-carreteras-en-varias-entidades\/#article","isPartOf":{"@id":"https:\/\/super-news.info\/mx\/campesinos-bloquean-carreteras-en-varias-entidades\/"},"author":{"name":"mx","@id":"https:\/\/super-news.info\/mx\/#\/schema\/person\/74b71ca3d407439fd57da2d9c89449ca"},"headline":"Campesinos bloquean carreteras en varias entidades","datePublished":"2019-07-17T18:22:41+00:00","dateModified":"2019-07-17T18:22:42+00:00","mainEntityOfPage":{"@id":"https:\/\/super-news.info\/mx\/campesinos-bloquean-carreteras-en-varias-entidades\/"},"wordCount":902,"commentCount":0,"image":{"@id":"https:\/\/super-news.info\/mx\/campesinos-bloquean-carreteras-en-varias-entidades\/#primaryimage"},"thumbnailUrl":"https:\/\/super-news.info\/mx\/wp-content\/uploads\/sites\/8\/2019\/07\/Campesinos-bloquean-carreteras-en-varias-entidades.jpeg","articleSection":["NOTICIAS FINANCIERAS"],"inLanguage":"es","potentialAction":[{"@type":"CommentAction","name":"Comment","target":["https:\/\/super-news.info\/mx\/campesinos-bloquean-carreteras-en-varias-entidades\/#respond"]}]},{"@type":"WebPage","@id":"https:\/\/super-news.info\/mx\/campesinos-bloquean-carreteras-en-varias-entidades\/","url":"https:\/\/super-news.info\/mx\/campesinos-bloquean-carreteras-en-varias-entidades\/","name":"Campesinos bloquean carreteras en varias entidades - Super News","isPartOf":{"@id":"https:\/\/super-news.info\/mx\/#website"},"primaryImageOfPage":{"@id":"https:\/\/super-news.info\/mx\/campesinos-bloquean-carreteras-en-varias-entidades\/#primaryimage"},"image":{"@id":"https:\/\/super-news.info\/mx\/campesinos-bloquean-carreteras-en-varias-entidades\/#primaryimage"},"thumbnailUrl":"https:\/\/super-news.info\/mx\/wp-content\/uploads\/sites\/8\/2019\/07\/Campesinos-bloquean-carreteras-en-varias-entidades.jpeg","datePublished":"2019-07-17T18:22:41+00:00","dateModified":"2019-07-17T18:22:42+00:00","author":{"@id":"https:\/\/super-news.info\/mx\/#\/schema\/person\/74b71ca3d407439fd57da2d9c89449ca"},"breadcrumb":{"@id":"https:\/\/super-news.info\/mx\/campesinos-bloquean-carreteras-en-varias-entidades\/#breadcrumb"},"inLanguage":"es","potentialAction":[{"@type":"ReadAction","target":["https:\/\/super-news.info\/mx\/campesinos-bloquean-carreteras-en-varias-entidades\/"]}]},{"@type":"ImageObject","inLanguage":"es","@id":"https:\/\/super-news.info\/mx\/campesinos-bloquean-carreteras-en-varias-entidades\/#primaryimage","url":"https:\/\/super-news.info\/mx\/wp-content\/uploads\/sites\/8\/2019\/07\/Campesinos-bloquean-carreteras-en-varias-entidades.jpeg","contentUrl":"https:\/\/super-news.info\/mx\/wp-content\/uploads\/sites\/8\/2019\/07\/Campesinos-bloquean-carreteras-en-varias-entidades.jpeg","width":1191,"height":670,"caption":"Campesinos bloquean carreteras en varias entidades"},{"@type":"BreadcrumbList","@id":"https:\/\/super-news.info\/mx\/campesinos-bloquean-carreteras-en-varias-entidades\/#breadcrumb","itemListElement":[{"@type":"ListItem","position":1,"name":"Home","item":"https:\/\/super-news.info\/mx\/"},{"@type":"ListItem","position":2,"name":"Campesinos bloquean carreteras en varias entidades"}]},{"@type":"WebSite","@id":"https:\/\/super-news.info\/mx\/#website","url":"https:\/\/super-news.info\/mx\/","name":"Super News","description":"Super News Mexico","potentialAction":[{"@type":"SearchAction","target":{"@type":"EntryPoint","urlTemplate":"https:\/\/super-news.info\/mx\/?s={search_term_string}"},"query-input":{"@type":"PropertyValueSpecification","valueRequired":true,"valueName":"search_term_string"}}],"inLanguage":"es"},{"@type":"Person","@id":"https:\/\/super-news.info\/mx\/#\/schema\/person\/74b71ca3d407439fd57da2d9c89449ca","name":"mx","image":{"@type":"ImageObject","inLanguage":"es","@id":"https:\/\/secure.gravatar.com\/avatar\/6374ac65ff69c362a0ae1303d73d69dcd9bd198d62d9861f054a69aaf82c017b?s=96&d=mm&r=g","url":"https:\/\/secure.gravatar.com\/avatar\/6374ac65ff69c362a0ae1303d73d69dcd9bd198d62d9861f054a69aaf82c017b?s=96&d=mm&r=g","contentUrl":"https:\/\/secure.gravatar.com\/avatar\/6374ac65ff69c362a0ae1303d73d69dcd9bd198d62d9861f054a69aaf82c017b?s=96&d=mm&r=g","caption":"mx"},"url":"https:\/\/super-news.info\/mx\/author\/mx\/"}]}},"_links":{"self":[{"href":"https:\/\/super-news.info\/mx\/wp-json\/wp\/v2\/posts\/2467","targetHints":{"allow":["GET"]}}],"collection":[{"href":"https:\/\/super-news.info\/mx\/wp-json\/wp\/v2\/posts"}],"about":[{"href":"https:\/\/super-news.info\/mx\/wp-json\/wp\/v2\/types\/post"}],"author":[{"embeddable":true,"href":"https:\/\/super-news.info\/mx\/wp-json\/wp\/v2\/users\/3"}],"replies":[{"embeddable":true,"href":"https:\/\/super-news.info\/mx\/wp-json\/wp\/v2\/comments?post=2467"}],"version-history":[{"count":1,"href":"https:\/\/super-news.info\/mx\/wp-json\/wp\/v2\/posts\/2467\/revisions"}],"predecessor-version":[{"id":2469,"href":"https:\/\/super-news.info\/mx\/wp-json\/wp\/v2\/posts\/2467\/revisions\/2469"}],"wp:featuredmedia":[{"embeddable":true,"href":"https:\/\/super-news.info\/mx\/wp-json\/wp\/v2\/media\/2468"}],"wp:attachment":[{"href":"https:\/\/super-news.info\/mx\/wp-json\/wp\/v2\/media?parent=2467"}],"wp:term":[{"taxonomy":"category","embeddable":true,"href":"https:\/\/super-news.info\/mx\/wp-json\/wp\/v2\/categories?post=2467"},{"taxonomy":"post_tag","embeddable":true,"href":"https:\/\/super-news.info\/mx\/wp-json\/wp\/v2\/tags?post=2467"}],"curies":[{"name":"wp","href":"https:\/\/api.w.org\/{rel}","templated":true}]}}