{"id":2465,"date":"2019-07-17T17:32:13","date_gmt":"2019-07-17T17:32:13","guid":{"rendered":"https:\/\/super-news.info\/mx\/cuanto-oxigeno-le-queda-a-mexico\/"},"modified":"2019-07-17T17:32:14","modified_gmt":"2019-07-17T17:32:14","slug":"cuanto-oxigeno-le-queda-a-mexico","status":"publish","type":"post","link":"https:\/\/super-news.info\/mx\/cuanto-oxigeno-le-queda-a-mexico\/","title":{"rendered":"\u00bfCu\u00e1nto ox\u00edgeno le queda a M\u00e9xico?"},"content":{"rendered":"<p> [ad_1]<br \/>\n<\/p>\n<div class=\"image__block -side\">\n<figure><\/figure>\n<p><span class=\"element__footer\">Alejandro Zertuche Fuente<\/span><span class=\"element__credit\">Fuente: Cortes\u00eda<\/span><\/div>\n<p class=\"paragraph\" data-count=\"246\" data-wrap=\"42\">Los estudios dicen que cuando un 15 por ciento de una poblaci\u00f3n cambia a un nuevo paradigma se convierte en una bola de nieve para iniciar una expansi\u00f3n mayor <strong>\u00bfEstamos viendo claramente el impacto que puede tener un M\u00e9xico en depresi\u00f3n expansiva?<\/strong><\/p>\n<p class=\"paragraph\" data-count=\"350\" data-wrap=\"59\">La Organizaci\u00f3n Mundial de la Salud (OMS) se\u00f1ala que en 2020 la depresi\u00f3n ser\u00e1 la segunda causa de incapacidad en el mundo y la primera en pa\u00edses en v\u00edas de desarrollo como el nuestro. En M\u00e9xico, alrededor de <strong>18.4 millones de ciudadanos padecen depresi\u00f3n <\/strong>y desde 2017, siete mil trabajadores fueron incapacitados por esta causa, seg\u00fan datos del IMSS.<\/p>\n<p class=\"paragraph\" data-count=\"377\" data-wrap=\"65\">El estr\u00e9s laboral y social est\u00e1n logrando que tengamos una sociedad ansiosa que solo alimenta el ego. Una cultura de distracci\u00f3n que cada d\u00eda crece con la misma polarizaci\u00f3n que vivimos. No estamos observando nada a nuestro alrededor. Nos estamos alejando como sociedad y eso est\u00e1 cobrando poco a poco lo que en unos a\u00f1os se puede convertir en un problema muy grave para todos.<\/p>\n<p class=\"paragraph\" data-count=\"436\" data-wrap=\"74\">Ante esto, los mexicanos tenemos frente a nosotros el reto de poder hacernos conscientes de lo que est\u00e1 sucediendo. Las<strong> nuevas generaciones<\/strong> est\u00e1n recibiendo un impacto del resultado de la distracci\u00f3n de los que hemos participado en el desarrollo de nuestro pa\u00eds en las \u00faltimas d\u00e9cadas. Nos hemos olvidado de darle Ox\u00edgeno a M\u00e9xico m\u00e1s all\u00e1 de pensar en la pol\u00edtica y la econom\u00eda. Nos hemos saltado lo que m\u00e1s importa, los seres humanos.<\/p>\n<p class=\"paragraph\" data-count=\"426\" data-wrap=\"73\">Estamos a tiempo de iniciar un cambio hacia un prop\u00f3sito integral para M\u00e9xico que puede ser la unidad como el centro de nuestra evoluci\u00f3n consciente. Si no estamos alertas a lo que les est\u00e1 sucediendo a las personas, en pocos a\u00f1os estaremos viviendo un quiebre que no solo no nos permita crecer, sino que inicie un<strong> proceso de descomposici\u00f3n<\/strong> que nos lleve a situaciones m\u00e1s graves que fueron creadas por esta ceguera colectiva.<\/p>\n<p class=\"paragraph\" data-count=\"212\" data-wrap=\"36\">La OMS ha compartido que la depresi\u00f3n y la ansiedad en las personas elevan un 30 por ciento las p\u00e9rdidas econ\u00f3micas y la econom\u00eda <strong>\u00bfQu\u00e9 est\u00e1n haciendo los empresarios, pol\u00edticos y distintos l\u00edderes acerca de esto?<\/strong><\/p>\n<p class=\"paragraph\" data-count=\"537\" data-wrap=\"92\">Tenemos ejemplos valiosos como el Tec de Monterrey que tiene un <strong>programa de atenci\u00f3n psicol\u00f3gica<\/strong> m\u00e1s all\u00e1 de una l\u00ednea telef\u00f3nica. Est\u00e1 en constante desarrollo de una red de estudiantes que se entrenan y participan activamente como observadores d\u00eda a d\u00eda para<strong> detectar comportamientos <\/strong>o estados de \u00e1nimo en los alumnos y con ello acercarlos al servicio de ayuda, ya que uno de los retos en este proceso es el de lograr que los alumnos puedan pedir ayuda. Esto es un ejemplo claro de c\u00f3mo podemos participar en sociedad de forma integral.<\/p>\n<p class=\"paragraph\" data-count=\"410\" data-wrap=\"66\">Las empresas deben de integrar este tipo de programas de ayuda como una estrategia sostenible asumiendo la importancia de su capital humano. Los gobiernos pueden apoyar con <strong>programas de concientizaci\u00f3n <\/strong>para que los ciudadanos aprendamos a observarnos y detectar en nosotros y con la gente que convivimos, si existe alguna forma de alteraci\u00f3n que nos muestre que estamos en depresi\u00f3n o nos est\u00e9 llevando a ella.<\/p>\n<p class=\"paragraph\" data-count=\"484\" data-wrap=\"71\">Los ciudadanos debemos hacernos conscientes de que si esta situaci\u00f3n sigue creciendo, terminar\u00e1 en nuestra contra. Es momento de ayudar, participar y <strong>proponer nuevas soluciones utilizando la tecnolog\u00eda. <\/strong>Tenemos una gran oportunidad frente a nosotros y todo empieza por ver m\u00e1s all\u00e1 de nuestra existencia individual, sabiendo que de alguna forma estamos todos conectados. Es ahora que podemos asumir nuestra realidad de forma centrada para observar todas las posibilidades que tenemos.<\/p>\n<p class=\"paragraph\" data-count=\"345\" data-wrap=\"52\">El ox\u00edgeno de M\u00e9xico crece cuando actuamos en unidad. Entre m\u00e1s separados estemos, menos oxigeno tendremos para compartir. Si continuamos haciendo lo mismo, nuestra polarizaci\u00f3n ganar\u00e1 la batalla para construir inconscientemente el futuro de M\u00e9xico que no queremos. Te has preguntado <strong>\u00bfCu\u00e1nto ox\u00edgeno le quitas a M\u00e9xico cada vez que te polarizas?<\/strong><\/p>\n<p class=\"paragraph\" data-count=\"265\" data-wrap=\"42\"><em>El autor es emprendedor por m\u00e1s de 20 a\u00f1os en la industria de la consultor\u00eda y servicios. Hoy es asesor de Liderazgos p\u00fablicos y privados d\u00f3nde implementa el modelo y tecnolog\u00eda propia llamado Liderazgo Convergente. Influencer en temas de consciente e inconsciente.<\/em><\/p>\n<p class=\"paragraph\" data-count=\"36\" data-wrap=\"3\">Opine usted: alejandro@convergent.mx<\/p>\n<p class=\"paragraph\" data-count=\"178\" data-wrap=\"27\"><strong>Esta es una columna de opini\u00f3n. Las expresiones aqu\u00ed vertidas son responsabilidad \u00fanicamente de quien la firma y no necesariamente reflejan la postura editorial de El Financiero.<\/strong><\/p>\n<p>[ad_2]<br \/>\n<br \/><a href=\"https:\/\/www.elfinanciero.com.mx\/rss\/monterrey\/cuanto-oxigeno-le-queda-a-mexico\">Source link <\/a><\/p>\n","protected":false},"excerpt":{"rendered":"<p>[ad_1] Alejandro Zertuche FuenteFuente: Cortes\u00eda Los estudios dicen que cuando un 15 por ciento de una poblaci\u00f3n cambia a un nuevo paradigma se convierte en una bola de nieve para iniciar una expansi\u00f3n mayor \u00bfEstamos viendo claramente el impacto que puede tener un M\u00e9xico en depresi\u00f3n expansiva? La Organizaci\u00f3n Mundial de la Salud (OMS) se\u00f1ala [&hellip;]<\/p>\n","protected":false},"author":3,"featured_media":368,"comment_status":"open","ping_status":"open","sticky":false,"template":"","format":"standard","meta":{"footnotes":""},"categories":[1],"tags":[],"class_list":["post-2465","post","type-post","status-publish","format-standard","has-post-thumbnail","hentry","category-noticias-financieras"],"yoast_head":"<!-- This site is optimized with the Yoast SEO plugin v27.4 - https:\/\/yoast.com\/product\/yoast-seo-wordpress\/ -->\n<title>\u00bfCu\u00e1nto ox\u00edgeno le queda a M\u00e9xico? - Super News<\/title>\n<meta name=\"robots\" content=\"index, follow, max-snippet:-1, max-image-preview:large, max-video-preview:-1\" \/>\n<link rel=\"canonical\" href=\"https:\/\/super-news.info\/mx\/cuanto-oxigeno-le-queda-a-mexico\/\" \/>\n<meta property=\"og:locale\" content=\"es_MX\" \/>\n<meta property=\"og:type\" content=\"article\" \/>\n<meta property=\"og:title\" content=\"\u00bfCu\u00e1nto ox\u00edgeno le queda a M\u00e9xico? - Super News\" \/>\n<meta property=\"og:description\" content=\"[ad_1] Alejandro Zertuche FuenteFuente: Cortes\u00eda Los estudios dicen que cuando un 15 por ciento de una poblaci\u00f3n cambia a un nuevo paradigma se convierte en una bola de nieve para iniciar una expansi\u00f3n mayor \u00bfEstamos viendo claramente el impacto que puede tener un M\u00e9xico en depresi\u00f3n expansiva? La Organizaci\u00f3n Mundial de la Salud (OMS) se\u00f1ala [&hellip;]\" \/>\n<meta property=\"og:url\" content=\"https:\/\/super-news.info\/mx\/cuanto-oxigeno-le-queda-a-mexico\/\" \/>\n<meta property=\"og:site_name\" content=\"Super News\" \/>\n<meta property=\"article:published_time\" content=\"2019-07-17T17:32:13+00:00\" \/>\n<meta property=\"article:modified_time\" content=\"2019-07-17T17:32:14+00:00\" \/>\n<meta property=\"og:image\" content=\"https:\/\/super-news.info\/mx\/wp-content\/uploads\/sites\/8\/2019\/05\/La-Narrativa-que-nos-debemos-contar.jpeg\" \/>\n\t<meta property=\"og:image:width\" content=\"1776\" \/>\n\t<meta property=\"og:image:height\" content=\"1000\" \/>\n\t<meta property=\"og:image:type\" content=\"image\/jpeg\" \/>\n<meta name=\"author\" content=\"mx\" \/>\n<meta name=\"twitter:card\" content=\"summary_large_image\" \/>\n<meta name=\"twitter:label1\" content=\"Escrito por\" \/>\n\t<meta name=\"twitter:data1\" content=\"mx\" \/>\n\t<meta name=\"twitter:label2\" content=\"Tiempo de lectura\" \/>\n\t<meta name=\"twitter:data2\" content=\"4 minutos\" \/>\n<script type=\"application\/ld+json\" class=\"yoast-schema-graph\">{\"@context\":\"https:\\\/\\\/schema.org\",\"@graph\":[{\"@type\":\"Article\",\"@id\":\"https:\\\/\\\/super-news.info\\\/mx\\\/cuanto-oxigeno-le-queda-a-mexico\\\/#article\",\"isPartOf\":{\"@id\":\"https:\\\/\\\/super-news.info\\\/mx\\\/cuanto-oxigeno-le-queda-a-mexico\\\/\"},\"author\":{\"name\":\"mx\",\"@id\":\"https:\\\/\\\/super-news.info\\\/mx\\\/#\\\/schema\\\/person\\\/74b71ca3d407439fd57da2d9c89449ca\"},\"headline\":\"\u00bfCu\u00e1nto ox\u00edgeno le queda a M\u00e9xico?\",\"datePublished\":\"2019-07-17T17:32:13+00:00\",\"dateModified\":\"2019-07-17T17:32:14+00:00\",\"mainEntityOfPage\":{\"@id\":\"https:\\\/\\\/super-news.info\\\/mx\\\/cuanto-oxigeno-le-queda-a-mexico\\\/\"},\"wordCount\":787,\"commentCount\":0,\"image\":{\"@id\":\"https:\\\/\\\/super-news.info\\\/mx\\\/cuanto-oxigeno-le-queda-a-mexico\\\/#primaryimage\"},\"thumbnailUrl\":\"https:\\\/\\\/super-news.info\\\/mx\\\/wp-content\\\/uploads\\\/sites\\\/8\\\/2019\\\/05\\\/La-Narrativa-que-nos-debemos-contar.jpeg\",\"articleSection\":[\"NOTICIAS FINANCIERAS\"],\"inLanguage\":\"es\",\"potentialAction\":[{\"@type\":\"CommentAction\",\"name\":\"Comment\",\"target\":[\"https:\\\/\\\/super-news.info\\\/mx\\\/cuanto-oxigeno-le-queda-a-mexico\\\/#respond\"]}]},{\"@type\":\"WebPage\",\"@id\":\"https:\\\/\\\/super-news.info\\\/mx\\\/cuanto-oxigeno-le-queda-a-mexico\\\/\",\"url\":\"https:\\\/\\\/super-news.info\\\/mx\\\/cuanto-oxigeno-le-queda-a-mexico\\\/\",\"name\":\"\u00bfCu\u00e1nto ox\u00edgeno le queda a M\u00e9xico? - Super News\",\"isPartOf\":{\"@id\":\"https:\\\/\\\/super-news.info\\\/mx\\\/#website\"},\"primaryImageOfPage\":{\"@id\":\"https:\\\/\\\/super-news.info\\\/mx\\\/cuanto-oxigeno-le-queda-a-mexico\\\/#primaryimage\"},\"image\":{\"@id\":\"https:\\\/\\\/super-news.info\\\/mx\\\/cuanto-oxigeno-le-queda-a-mexico\\\/#primaryimage\"},\"thumbnailUrl\":\"https:\\\/\\\/super-news.info\\\/mx\\\/wp-content\\\/uploads\\\/sites\\\/8\\\/2019\\\/05\\\/La-Narrativa-que-nos-debemos-contar.jpeg\",\"datePublished\":\"2019-07-17T17:32:13+00:00\",\"dateModified\":\"2019-07-17T17:32:14+00:00\",\"author\":{\"@id\":\"https:\\\/\\\/super-news.info\\\/mx\\\/#\\\/schema\\\/person\\\/74b71ca3d407439fd57da2d9c89449ca\"},\"breadcrumb\":{\"@id\":\"https:\\\/\\\/super-news.info\\\/mx\\\/cuanto-oxigeno-le-queda-a-mexico\\\/#breadcrumb\"},\"inLanguage\":\"es\",\"potentialAction\":[{\"@type\":\"ReadAction\",\"target\":[\"https:\\\/\\\/super-news.info\\\/mx\\\/cuanto-oxigeno-le-queda-a-mexico\\\/\"]}]},{\"@type\":\"ImageObject\",\"inLanguage\":\"es\",\"@id\":\"https:\\\/\\\/super-news.info\\\/mx\\\/cuanto-oxigeno-le-queda-a-mexico\\\/#primaryimage\",\"url\":\"https:\\\/\\\/super-news.info\\\/mx\\\/wp-content\\\/uploads\\\/sites\\\/8\\\/2019\\\/05\\\/La-Narrativa-que-nos-debemos-contar.jpeg\",\"contentUrl\":\"https:\\\/\\\/super-news.info\\\/mx\\\/wp-content\\\/uploads\\\/sites\\\/8\\\/2019\\\/05\\\/La-Narrativa-que-nos-debemos-contar.jpeg\",\"width\":1776,\"height\":1000,\"caption\":\"Alejandro Zertuche Fuente\"},{\"@type\":\"BreadcrumbList\",\"@id\":\"https:\\\/\\\/super-news.info\\\/mx\\\/cuanto-oxigeno-le-queda-a-mexico\\\/#breadcrumb\",\"itemListElement\":[{\"@type\":\"ListItem\",\"position\":1,\"name\":\"Home\",\"item\":\"https:\\\/\\\/super-news.info\\\/mx\\\/\"},{\"@type\":\"ListItem\",\"position\":2,\"name\":\"\u00bfCu\u00e1nto ox\u00edgeno le queda a M\u00e9xico?\"}]},{\"@type\":\"WebSite\",\"@id\":\"https:\\\/\\\/super-news.info\\\/mx\\\/#website\",\"url\":\"https:\\\/\\\/super-news.info\\\/mx\\\/\",\"name\":\"Super News\",\"description\":\"Super News Mexico\",\"potentialAction\":[{\"@type\":\"SearchAction\",\"target\":{\"@type\":\"EntryPoint\",\"urlTemplate\":\"https:\\\/\\\/super-news.info\\\/mx\\\/?s={search_term_string}\"},\"query-input\":{\"@type\":\"PropertyValueSpecification\",\"valueRequired\":true,\"valueName\":\"search_term_string\"}}],\"inLanguage\":\"es\"},{\"@type\":\"Person\",\"@id\":\"https:\\\/\\\/super-news.info\\\/mx\\\/#\\\/schema\\\/person\\\/74b71ca3d407439fd57da2d9c89449ca\",\"name\":\"mx\",\"image\":{\"@type\":\"ImageObject\",\"inLanguage\":\"es\",\"@id\":\"https:\\\/\\\/secure.gravatar.com\\\/avatar\\\/6374ac65ff69c362a0ae1303d73d69dcd9bd198d62d9861f054a69aaf82c017b?s=96&d=mm&r=g\",\"url\":\"https:\\\/\\\/secure.gravatar.com\\\/avatar\\\/6374ac65ff69c362a0ae1303d73d69dcd9bd198d62d9861f054a69aaf82c017b?s=96&d=mm&r=g\",\"contentUrl\":\"https:\\\/\\\/secure.gravatar.com\\\/avatar\\\/6374ac65ff69c362a0ae1303d73d69dcd9bd198d62d9861f054a69aaf82c017b?s=96&d=mm&r=g\",\"caption\":\"mx\"},\"url\":\"https:\\\/\\\/super-news.info\\\/mx\\\/author\\\/mx\\\/\"}]}<\/script>\n<!-- \/ Yoast SEO plugin. -->","yoast_head_json":{"title":"\u00bfCu\u00e1nto ox\u00edgeno le queda a M\u00e9xico? - Super News","robots":{"index":"index","follow":"follow","max-snippet":"max-snippet:-1","max-image-preview":"max-image-preview:large","max-video-preview":"max-video-preview:-1"},"canonical":"https:\/\/super-news.info\/mx\/cuanto-oxigeno-le-queda-a-mexico\/","og_locale":"es_MX","og_type":"article","og_title":"\u00bfCu\u00e1nto ox\u00edgeno le queda a M\u00e9xico? - Super News","og_description":"[ad_1] Alejandro Zertuche FuenteFuente: Cortes\u00eda Los estudios dicen que cuando un 15 por ciento de una poblaci\u00f3n cambia a un nuevo paradigma se convierte en una bola de nieve para iniciar una expansi\u00f3n mayor \u00bfEstamos viendo claramente el impacto que puede tener un M\u00e9xico en depresi\u00f3n expansiva? La Organizaci\u00f3n Mundial de la Salud (OMS) se\u00f1ala [&hellip;]","og_url":"https:\/\/super-news.info\/mx\/cuanto-oxigeno-le-queda-a-mexico\/","og_site_name":"Super News","article_published_time":"2019-07-17T17:32:13+00:00","article_modified_time":"2019-07-17T17:32:14+00:00","og_image":[{"width":1776,"height":1000,"url":"https:\/\/super-news.info\/mx\/wp-content\/uploads\/sites\/8\/2019\/05\/La-Narrativa-que-nos-debemos-contar.jpeg","type":"image\/jpeg"}],"author":"mx","twitter_card":"summary_large_image","twitter_misc":{"Escrito por":"mx","Tiempo de lectura":"4 minutos"},"schema":{"@context":"https:\/\/schema.org","@graph":[{"@type":"Article","@id":"https:\/\/super-news.info\/mx\/cuanto-oxigeno-le-queda-a-mexico\/#article","isPartOf":{"@id":"https:\/\/super-news.info\/mx\/cuanto-oxigeno-le-queda-a-mexico\/"},"author":{"name":"mx","@id":"https:\/\/super-news.info\/mx\/#\/schema\/person\/74b71ca3d407439fd57da2d9c89449ca"},"headline":"\u00bfCu\u00e1nto ox\u00edgeno le queda a M\u00e9xico?","datePublished":"2019-07-17T17:32:13+00:00","dateModified":"2019-07-17T17:32:14+00:00","mainEntityOfPage":{"@id":"https:\/\/super-news.info\/mx\/cuanto-oxigeno-le-queda-a-mexico\/"},"wordCount":787,"commentCount":0,"image":{"@id":"https:\/\/super-news.info\/mx\/cuanto-oxigeno-le-queda-a-mexico\/#primaryimage"},"thumbnailUrl":"https:\/\/super-news.info\/mx\/wp-content\/uploads\/sites\/8\/2019\/05\/La-Narrativa-que-nos-debemos-contar.jpeg","articleSection":["NOTICIAS FINANCIERAS"],"inLanguage":"es","potentialAction":[{"@type":"CommentAction","name":"Comment","target":["https:\/\/super-news.info\/mx\/cuanto-oxigeno-le-queda-a-mexico\/#respond"]}]},{"@type":"WebPage","@id":"https:\/\/super-news.info\/mx\/cuanto-oxigeno-le-queda-a-mexico\/","url":"https:\/\/super-news.info\/mx\/cuanto-oxigeno-le-queda-a-mexico\/","name":"\u00bfCu\u00e1nto ox\u00edgeno le queda a M\u00e9xico? - Super News","isPartOf":{"@id":"https:\/\/super-news.info\/mx\/#website"},"primaryImageOfPage":{"@id":"https:\/\/super-news.info\/mx\/cuanto-oxigeno-le-queda-a-mexico\/#primaryimage"},"image":{"@id":"https:\/\/super-news.info\/mx\/cuanto-oxigeno-le-queda-a-mexico\/#primaryimage"},"thumbnailUrl":"https:\/\/super-news.info\/mx\/wp-content\/uploads\/sites\/8\/2019\/05\/La-Narrativa-que-nos-debemos-contar.jpeg","datePublished":"2019-07-17T17:32:13+00:00","dateModified":"2019-07-17T17:32:14+00:00","author":{"@id":"https:\/\/super-news.info\/mx\/#\/schema\/person\/74b71ca3d407439fd57da2d9c89449ca"},"breadcrumb":{"@id":"https:\/\/super-news.info\/mx\/cuanto-oxigeno-le-queda-a-mexico\/#breadcrumb"},"inLanguage":"es","potentialAction":[{"@type":"ReadAction","target":["https:\/\/super-news.info\/mx\/cuanto-oxigeno-le-queda-a-mexico\/"]}]},{"@type":"ImageObject","inLanguage":"es","@id":"https:\/\/super-news.info\/mx\/cuanto-oxigeno-le-queda-a-mexico\/#primaryimage","url":"https:\/\/super-news.info\/mx\/wp-content\/uploads\/sites\/8\/2019\/05\/La-Narrativa-que-nos-debemos-contar.jpeg","contentUrl":"https:\/\/super-news.info\/mx\/wp-content\/uploads\/sites\/8\/2019\/05\/La-Narrativa-que-nos-debemos-contar.jpeg","width":1776,"height":1000,"caption":"Alejandro Zertuche Fuente"},{"@type":"BreadcrumbList","@id":"https:\/\/super-news.info\/mx\/cuanto-oxigeno-le-queda-a-mexico\/#breadcrumb","itemListElement":[{"@type":"ListItem","position":1,"name":"Home","item":"https:\/\/super-news.info\/mx\/"},{"@type":"ListItem","position":2,"name":"\u00bfCu\u00e1nto ox\u00edgeno le queda a M\u00e9xico?"}]},{"@type":"WebSite","@id":"https:\/\/super-news.info\/mx\/#website","url":"https:\/\/super-news.info\/mx\/","name":"Super News","description":"Super News Mexico","potentialAction":[{"@type":"SearchAction","target":{"@type":"EntryPoint","urlTemplate":"https:\/\/super-news.info\/mx\/?s={search_term_string}"},"query-input":{"@type":"PropertyValueSpecification","valueRequired":true,"valueName":"search_term_string"}}],"inLanguage":"es"},{"@type":"Person","@id":"https:\/\/super-news.info\/mx\/#\/schema\/person\/74b71ca3d407439fd57da2d9c89449ca","name":"mx","image":{"@type":"ImageObject","inLanguage":"es","@id":"https:\/\/secure.gravatar.com\/avatar\/6374ac65ff69c362a0ae1303d73d69dcd9bd198d62d9861f054a69aaf82c017b?s=96&d=mm&r=g","url":"https:\/\/secure.gravatar.com\/avatar\/6374ac65ff69c362a0ae1303d73d69dcd9bd198d62d9861f054a69aaf82c017b?s=96&d=mm&r=g","contentUrl":"https:\/\/secure.gravatar.com\/avatar\/6374ac65ff69c362a0ae1303d73d69dcd9bd198d62d9861f054a69aaf82c017b?s=96&d=mm&r=g","caption":"mx"},"url":"https:\/\/super-news.info\/mx\/author\/mx\/"}]}},"_links":{"self":[{"href":"https:\/\/super-news.info\/mx\/wp-json\/wp\/v2\/posts\/2465","targetHints":{"allow":["GET"]}}],"collection":[{"href":"https:\/\/super-news.info\/mx\/wp-json\/wp\/v2\/posts"}],"about":[{"href":"https:\/\/super-news.info\/mx\/wp-json\/wp\/v2\/types\/post"}],"author":[{"embeddable":true,"href":"https:\/\/super-news.info\/mx\/wp-json\/wp\/v2\/users\/3"}],"replies":[{"embeddable":true,"href":"https:\/\/super-news.info\/mx\/wp-json\/wp\/v2\/comments?post=2465"}],"version-history":[{"count":1,"href":"https:\/\/super-news.info\/mx\/wp-json\/wp\/v2\/posts\/2465\/revisions"}],"predecessor-version":[{"id":2466,"href":"https:\/\/super-news.info\/mx\/wp-json\/wp\/v2\/posts\/2465\/revisions\/2466"}],"wp:featuredmedia":[{"embeddable":true,"href":"https:\/\/super-news.info\/mx\/wp-json\/wp\/v2\/media\/368"}],"wp:attachment":[{"href":"https:\/\/super-news.info\/mx\/wp-json\/wp\/v2\/media?parent=2465"}],"wp:term":[{"taxonomy":"category","embeddable":true,"href":"https:\/\/super-news.info\/mx\/wp-json\/wp\/v2\/categories?post=2465"},{"taxonomy":"post_tag","embeddable":true,"href":"https:\/\/super-news.info\/mx\/wp-json\/wp\/v2\/tags?post=2465"}],"curies":[{"name":"wp","href":"https:\/\/api.w.org\/{rel}","templated":true}]}}