{"id":2417,"date":"2019-07-16T21:17:40","date_gmt":"2019-07-16T21:17:40","guid":{"rendered":"https:\/\/super-news.info\/mx\/dia-mundial-de-la-poblacion\/"},"modified":"2019-07-16T21:17:41","modified_gmt":"2019-07-16T21:17:41","slug":"dia-mundial-de-la-poblacion","status":"publish","type":"post","link":"https:\/\/super-news.info\/mx\/dia-mundial-de-la-poblacion\/","title":{"rendered":"D\u00eda Mundial de la Poblaci\u00f3n"},"content":{"rendered":"<p> [ad_1]<br \/>\n<\/p>\n<div class=\"image__block -side\">\n<figure><\/figure>\n<p><span class=\"element__footer\">Antonio Tamayo Neyra<\/span><span class=\"element__credit\">Fuente: Cortes\u00eda.<\/span><\/div>\n<p class=\"paragraph\" data-count=\"249\" data-wrap=\"44\">El pasado 11 de julio se celebr\u00f3 el llamado<strong> \u201cD\u00eda Mundial de la Poblaci\u00f3n\u201d<\/strong>, el cual fue creado por el Consejo de Administraci\u00f3n del Programa de las Naciones Unidas para el Desarrollo, y que en este 2019 est\u00e1 cumpliendo 30 a\u00f1os de haberse establecido.<\/p>\n<p class=\"paragraph\" data-count=\"448\" data-wrap=\"71\">Literalmente, seg\u00fan se\u00f1ala la misma Organizaci\u00f3n de las Naciones Unidas (<strong>ONU<\/strong>), la idea es tener presente a la poblaci\u00f3n, con la intenci\u00f3n de poner la atenci\u00f3n sobre \u201c<strong>la urgencia y la importancia de las cuestiones de poblaci\u00f3n<\/strong>\u201d; aunque suene obvio. Y as\u00ed, en 1990 la Asamblea General de este organismo decidi\u00f3 mantenerlo para \u201caumentar la conciencia sobre las cuestiones de poblaci\u00f3n, incluidas sus relaciones con el medio ambiente y el desarrollo\u201d.<\/p>\n<p class=\"paragraph\" data-count=\"219\" data-wrap=\"42\">Tomando como base la premisa anterior, la ONU calcula que actualmente hay m\u00e1s de<strong> 7.7 mil millones de personas en el mundo,<\/strong> y ha estimado que la poblaci\u00f3n mundial crece a un ritmo de unos 83 millones de personas al a\u00f1o. <\/p>\n<p class=\"paragraph\" data-count=\"458\" data-wrap=\"76\">Con la <strong>decreciente fertilidad mundial, <\/strong>se calcula que en 2030 m\u00e1s de 8 mil 600 millones de seres humanos pueblen el planeta, 9 mil 800 millones en 2050 y 11 mil 200 millones en 2100. Ante este aumento, el organismo reivindica la necesidad de que l\u00edderes mundiales, responsables pol\u00edticos, instituciones y miembros de la sociedad civil contribuyan a buscar medidas que mejoren la salud, los derechos reproductivos y el bienestar de cada uno de los habitantes.<\/p>\n<p class=\"paragraph\" data-count=\"353\" data-wrap=\"58\">Estos datos nos sirven para poner en verdadera perspectiva, el enorme reto que tenemos como humanidad para que nuestro planeta tenga las condiciones m\u00ednimas que nos permitan lograr una <strong>verdadera calidad de vida<\/strong>, ya no solamente para las generaciones presentes, sino adem\u00e1s para los habitantes que est\u00e9n ya viviendo a la mitad y para fines de este siglo.<\/p>\n<p class=\"paragraph\" data-count=\"272\" data-wrap=\"49\">Se requiere que las sociedades a trav\u00e9s de sus l\u00edderes pol\u00edticos y econ\u00f3micos, pongan a trabajar a la tecnolog\u00eda por medio de los incentivos adecuados para que se encuentren las soluciones que se necesitan ya en el presente, e ir pensando ya en lo que vendr\u00e1 en el futuro.<\/p>\n<p class=\"paragraph\" data-count=\"233\" data-wrap=\"36\">Hay que tener presente que las generaciones actuales somos las responsables de las condiciones de vida, ya sea en t\u00e9rminos sociales, pol\u00edticos, econ\u00f3micos y tecnol\u00f3gicos de quienes estar\u00e1n en este \u00fanico planeta dentro de medio siglo.<\/p>\n<p class=\"paragraph\" data-count=\"245\" data-wrap=\"41\">No es mi intenci\u00f3n plantear lo anterior en t\u00e9rminos apocal\u00edpticos, al contrario<strong>, son retos y muy importantes<\/strong>; y en el pasado reciente hemos visto que se han logrado importantes avances para una mejor y mayor vida para los habitantes del planeta.<\/p>\n<p class=\"paragraph\" data-count=\"172\" data-wrap=\"26\">Pues ahora con la misma intensidad y fuerza hay que seguir desarrollando la tecnolog\u00eda y mejor nuestras relaciones humanas, para una <strong>mejor vida para nuestros descendientes.<\/strong><\/p>\n<p class=\"paragraph\" data-count=\"277\" data-wrap=\"44\">Tenemos la responsabilidad social y tambi\u00e9n la ecol\u00f3gica de buscar tener un mejor mundo, presionando a esos mismos l\u00edderes antes mencionados para tener un mejor lugar para vivir. No tenemos un segundo planeta, tenemos solamente uno y por ello tenemos la obligaci\u00f3n de cuidarlo.<\/p>\n<p class=\"paragraph\" data-count=\"25\" data-wrap=\"3\">Seguiremos platicando \u2026..<\/p>\n<p class=\"paragraph\" data-count=\"35\" data-wrap=\"2\">Blog: http:\/\/ecologiasocial.com.mx\/<\/p>\n<p class=\"paragraph\" data-count=\"33\" data-wrap=\"3\">Opine usted: anttamayon@gmail.com<\/p>\n<p class=\"paragraph\" data-count=\"178\" data-wrap=\"27\"><strong>Esta es una columna de opini\u00f3n. Las expresiones aqu\u00ed vertidas son responsabilidad \u00fanicamente de quien la firma y no necesariamente reflejan la postura editorial de El Financiero<\/strong>.<\/p>\n<p>[ad_2]<br \/>\n<br \/><a href=\"https:\/\/www.elfinanciero.com.mx\/rss\/monterrey\/dia-mundial-de-la-poblacion\">Source link <\/a><\/p>\n","protected":false},"excerpt":{"rendered":"<p>[ad_1] Antonio Tamayo NeyraFuente: Cortes\u00eda. El pasado 11 de julio se celebr\u00f3 el llamado \u201cD\u00eda Mundial de la Poblaci\u00f3n\u201d, el cual fue creado por el Consejo de Administraci\u00f3n del Programa de las Naciones Unidas para el Desarrollo, y que en este 2019 est\u00e1 cumpliendo 30 a\u00f1os de haberse establecido. Literalmente, seg\u00fan se\u00f1ala la misma Organizaci\u00f3n [&hellip;]<\/p>\n","protected":false},"author":3,"featured_media":1047,"comment_status":"open","ping_status":"open","sticky":false,"template":"","format":"standard","meta":{"footnotes":""},"categories":[1],"tags":[],"class_list":["post-2417","post","type-post","status-publish","format-standard","has-post-thumbnail","hentry","category-noticias-financieras"],"yoast_head":"<!-- This site is optimized with the Yoast SEO plugin v27.4 - https:\/\/yoast.com\/product\/yoast-seo-wordpress\/ -->\n<title>D\u00eda Mundial de la Poblaci\u00f3n - Super News<\/title>\n<meta name=\"robots\" content=\"index, follow, max-snippet:-1, max-image-preview:large, max-video-preview:-1\" \/>\n<link rel=\"canonical\" href=\"https:\/\/super-news.info\/mx\/dia-mundial-de-la-poblacion\/\" \/>\n<meta property=\"og:locale\" content=\"es_MX\" \/>\n<meta property=\"og:type\" content=\"article\" \/>\n<meta property=\"og:title\" content=\"D\u00eda Mundial de la Poblaci\u00f3n - Super News\" \/>\n<meta property=\"og:description\" content=\"[ad_1] Antonio Tamayo NeyraFuente: Cortes\u00eda. El pasado 11 de julio se celebr\u00f3 el llamado \u201cD\u00eda Mundial de la Poblaci\u00f3n\u201d, el cual fue creado por el Consejo de Administraci\u00f3n del Programa de las Naciones Unidas para el Desarrollo, y que en este 2019 est\u00e1 cumpliendo 30 a\u00f1os de haberse establecido. Literalmente, seg\u00fan se\u00f1ala la misma Organizaci\u00f3n [&hellip;]\" \/>\n<meta property=\"og:url\" content=\"https:\/\/super-news.info\/mx\/dia-mundial-de-la-poblacion\/\" \/>\n<meta property=\"og:site_name\" content=\"Super News\" \/>\n<meta property=\"article:published_time\" content=\"2019-07-16T21:17:40+00:00\" \/>\n<meta property=\"article:modified_time\" content=\"2019-07-16T21:17:41+00:00\" \/>\n<meta property=\"og:image\" content=\"https:\/\/super-news.info\/mx\/wp-content\/uploads\/sites\/8\/2019\/06\/Iron\u00eda.jpeg\" \/>\n\t<meta property=\"og:image:width\" content=\"1776\" \/>\n\t<meta property=\"og:image:height\" content=\"1000\" \/>\n\t<meta property=\"og:image:type\" content=\"image\/jpeg\" \/>\n<meta name=\"author\" content=\"mx\" \/>\n<meta name=\"twitter:card\" content=\"summary_large_image\" \/>\n<meta name=\"twitter:label1\" content=\"Escrito por\" \/>\n\t<meta name=\"twitter:data1\" content=\"mx\" \/>\n\t<meta name=\"twitter:label2\" content=\"Tiempo de lectura\" \/>\n\t<meta name=\"twitter:data2\" content=\"3 minutos\" \/>\n<script type=\"application\/ld+json\" class=\"yoast-schema-graph\">{\"@context\":\"https:\\\/\\\/schema.org\",\"@graph\":[{\"@type\":\"Article\",\"@id\":\"https:\\\/\\\/super-news.info\\\/mx\\\/dia-mundial-de-la-poblacion\\\/#article\",\"isPartOf\":{\"@id\":\"https:\\\/\\\/super-news.info\\\/mx\\\/dia-mundial-de-la-poblacion\\\/\"},\"author\":{\"name\":\"mx\",\"@id\":\"https:\\\/\\\/super-news.info\\\/mx\\\/#\\\/schema\\\/person\\\/74b71ca3d407439fd57da2d9c89449ca\"},\"headline\":\"D\u00eda Mundial de la Poblaci\u00f3n\",\"datePublished\":\"2019-07-16T21:17:40+00:00\",\"dateModified\":\"2019-07-16T21:17:41+00:00\",\"mainEntityOfPage\":{\"@id\":\"https:\\\/\\\/super-news.info\\\/mx\\\/dia-mundial-de-la-poblacion\\\/\"},\"wordCount\":567,\"commentCount\":0,\"image\":{\"@id\":\"https:\\\/\\\/super-news.info\\\/mx\\\/dia-mundial-de-la-poblacion\\\/#primaryimage\"},\"thumbnailUrl\":\"https:\\\/\\\/super-news.info\\\/mx\\\/wp-content\\\/uploads\\\/sites\\\/8\\\/2019\\\/06\\\/Iron\u00eda.jpeg\",\"articleSection\":[\"NOTICIAS FINANCIERAS\"],\"inLanguage\":\"es\",\"potentialAction\":[{\"@type\":\"CommentAction\",\"name\":\"Comment\",\"target\":[\"https:\\\/\\\/super-news.info\\\/mx\\\/dia-mundial-de-la-poblacion\\\/#respond\"]}]},{\"@type\":\"WebPage\",\"@id\":\"https:\\\/\\\/super-news.info\\\/mx\\\/dia-mundial-de-la-poblacion\\\/\",\"url\":\"https:\\\/\\\/super-news.info\\\/mx\\\/dia-mundial-de-la-poblacion\\\/\",\"name\":\"D\u00eda Mundial de la Poblaci\u00f3n - Super News\",\"isPartOf\":{\"@id\":\"https:\\\/\\\/super-news.info\\\/mx\\\/#website\"},\"primaryImageOfPage\":{\"@id\":\"https:\\\/\\\/super-news.info\\\/mx\\\/dia-mundial-de-la-poblacion\\\/#primaryimage\"},\"image\":{\"@id\":\"https:\\\/\\\/super-news.info\\\/mx\\\/dia-mundial-de-la-poblacion\\\/#primaryimage\"},\"thumbnailUrl\":\"https:\\\/\\\/super-news.info\\\/mx\\\/wp-content\\\/uploads\\\/sites\\\/8\\\/2019\\\/06\\\/Iron\u00eda.jpeg\",\"datePublished\":\"2019-07-16T21:17:40+00:00\",\"dateModified\":\"2019-07-16T21:17:41+00:00\",\"author\":{\"@id\":\"https:\\\/\\\/super-news.info\\\/mx\\\/#\\\/schema\\\/person\\\/74b71ca3d407439fd57da2d9c89449ca\"},\"breadcrumb\":{\"@id\":\"https:\\\/\\\/super-news.info\\\/mx\\\/dia-mundial-de-la-poblacion\\\/#breadcrumb\"},\"inLanguage\":\"es\",\"potentialAction\":[{\"@type\":\"ReadAction\",\"target\":[\"https:\\\/\\\/super-news.info\\\/mx\\\/dia-mundial-de-la-poblacion\\\/\"]}]},{\"@type\":\"ImageObject\",\"inLanguage\":\"es\",\"@id\":\"https:\\\/\\\/super-news.info\\\/mx\\\/dia-mundial-de-la-poblacion\\\/#primaryimage\",\"url\":\"https:\\\/\\\/super-news.info\\\/mx\\\/wp-content\\\/uploads\\\/sites\\\/8\\\/2019\\\/06\\\/Iron\u00eda.jpeg\",\"contentUrl\":\"https:\\\/\\\/super-news.info\\\/mx\\\/wp-content\\\/uploads\\\/sites\\\/8\\\/2019\\\/06\\\/Iron\u00eda.jpeg\",\"width\":1776,\"height\":1000,\"caption\":\"Antonio Tamayo Neyra\"},{\"@type\":\"BreadcrumbList\",\"@id\":\"https:\\\/\\\/super-news.info\\\/mx\\\/dia-mundial-de-la-poblacion\\\/#breadcrumb\",\"itemListElement\":[{\"@type\":\"ListItem\",\"position\":1,\"name\":\"Home\",\"item\":\"https:\\\/\\\/super-news.info\\\/mx\\\/\"},{\"@type\":\"ListItem\",\"position\":2,\"name\":\"D\u00eda Mundial de la Poblaci\u00f3n\"}]},{\"@type\":\"WebSite\",\"@id\":\"https:\\\/\\\/super-news.info\\\/mx\\\/#website\",\"url\":\"https:\\\/\\\/super-news.info\\\/mx\\\/\",\"name\":\"Super News\",\"description\":\"Super News Mexico\",\"potentialAction\":[{\"@type\":\"SearchAction\",\"target\":{\"@type\":\"EntryPoint\",\"urlTemplate\":\"https:\\\/\\\/super-news.info\\\/mx\\\/?s={search_term_string}\"},\"query-input\":{\"@type\":\"PropertyValueSpecification\",\"valueRequired\":true,\"valueName\":\"search_term_string\"}}],\"inLanguage\":\"es\"},{\"@type\":\"Person\",\"@id\":\"https:\\\/\\\/super-news.info\\\/mx\\\/#\\\/schema\\\/person\\\/74b71ca3d407439fd57da2d9c89449ca\",\"name\":\"mx\",\"image\":{\"@type\":\"ImageObject\",\"inLanguage\":\"es\",\"@id\":\"https:\\\/\\\/secure.gravatar.com\\\/avatar\\\/6374ac65ff69c362a0ae1303d73d69dcd9bd198d62d9861f054a69aaf82c017b?s=96&d=mm&r=g\",\"url\":\"https:\\\/\\\/secure.gravatar.com\\\/avatar\\\/6374ac65ff69c362a0ae1303d73d69dcd9bd198d62d9861f054a69aaf82c017b?s=96&d=mm&r=g\",\"contentUrl\":\"https:\\\/\\\/secure.gravatar.com\\\/avatar\\\/6374ac65ff69c362a0ae1303d73d69dcd9bd198d62d9861f054a69aaf82c017b?s=96&d=mm&r=g\",\"caption\":\"mx\"},\"url\":\"https:\\\/\\\/super-news.info\\\/mx\\\/author\\\/mx\\\/\"}]}<\/script>\n<!-- \/ Yoast SEO plugin. -->","yoast_head_json":{"title":"D\u00eda Mundial de la Poblaci\u00f3n - Super News","robots":{"index":"index","follow":"follow","max-snippet":"max-snippet:-1","max-image-preview":"max-image-preview:large","max-video-preview":"max-video-preview:-1"},"canonical":"https:\/\/super-news.info\/mx\/dia-mundial-de-la-poblacion\/","og_locale":"es_MX","og_type":"article","og_title":"D\u00eda Mundial de la Poblaci\u00f3n - Super News","og_description":"[ad_1] Antonio Tamayo NeyraFuente: Cortes\u00eda. El pasado 11 de julio se celebr\u00f3 el llamado \u201cD\u00eda Mundial de la Poblaci\u00f3n\u201d, el cual fue creado por el Consejo de Administraci\u00f3n del Programa de las Naciones Unidas para el Desarrollo, y que en este 2019 est\u00e1 cumpliendo 30 a\u00f1os de haberse establecido. Literalmente, seg\u00fan se\u00f1ala la misma Organizaci\u00f3n [&hellip;]","og_url":"https:\/\/super-news.info\/mx\/dia-mundial-de-la-poblacion\/","og_site_name":"Super News","article_published_time":"2019-07-16T21:17:40+00:00","article_modified_time":"2019-07-16T21:17:41+00:00","og_image":[{"width":1776,"height":1000,"url":"https:\/\/super-news.info\/mx\/wp-content\/uploads\/sites\/8\/2019\/06\/Iron\u00eda.jpeg","type":"image\/jpeg"}],"author":"mx","twitter_card":"summary_large_image","twitter_misc":{"Escrito por":"mx","Tiempo de lectura":"3 minutos"},"schema":{"@context":"https:\/\/schema.org","@graph":[{"@type":"Article","@id":"https:\/\/super-news.info\/mx\/dia-mundial-de-la-poblacion\/#article","isPartOf":{"@id":"https:\/\/super-news.info\/mx\/dia-mundial-de-la-poblacion\/"},"author":{"name":"mx","@id":"https:\/\/super-news.info\/mx\/#\/schema\/person\/74b71ca3d407439fd57da2d9c89449ca"},"headline":"D\u00eda Mundial de la Poblaci\u00f3n","datePublished":"2019-07-16T21:17:40+00:00","dateModified":"2019-07-16T21:17:41+00:00","mainEntityOfPage":{"@id":"https:\/\/super-news.info\/mx\/dia-mundial-de-la-poblacion\/"},"wordCount":567,"commentCount":0,"image":{"@id":"https:\/\/super-news.info\/mx\/dia-mundial-de-la-poblacion\/#primaryimage"},"thumbnailUrl":"https:\/\/super-news.info\/mx\/wp-content\/uploads\/sites\/8\/2019\/06\/Iron\u00eda.jpeg","articleSection":["NOTICIAS FINANCIERAS"],"inLanguage":"es","potentialAction":[{"@type":"CommentAction","name":"Comment","target":["https:\/\/super-news.info\/mx\/dia-mundial-de-la-poblacion\/#respond"]}]},{"@type":"WebPage","@id":"https:\/\/super-news.info\/mx\/dia-mundial-de-la-poblacion\/","url":"https:\/\/super-news.info\/mx\/dia-mundial-de-la-poblacion\/","name":"D\u00eda Mundial de la Poblaci\u00f3n - Super News","isPartOf":{"@id":"https:\/\/super-news.info\/mx\/#website"},"primaryImageOfPage":{"@id":"https:\/\/super-news.info\/mx\/dia-mundial-de-la-poblacion\/#primaryimage"},"image":{"@id":"https:\/\/super-news.info\/mx\/dia-mundial-de-la-poblacion\/#primaryimage"},"thumbnailUrl":"https:\/\/super-news.info\/mx\/wp-content\/uploads\/sites\/8\/2019\/06\/Iron\u00eda.jpeg","datePublished":"2019-07-16T21:17:40+00:00","dateModified":"2019-07-16T21:17:41+00:00","author":{"@id":"https:\/\/super-news.info\/mx\/#\/schema\/person\/74b71ca3d407439fd57da2d9c89449ca"},"breadcrumb":{"@id":"https:\/\/super-news.info\/mx\/dia-mundial-de-la-poblacion\/#breadcrumb"},"inLanguage":"es","potentialAction":[{"@type":"ReadAction","target":["https:\/\/super-news.info\/mx\/dia-mundial-de-la-poblacion\/"]}]},{"@type":"ImageObject","inLanguage":"es","@id":"https:\/\/super-news.info\/mx\/dia-mundial-de-la-poblacion\/#primaryimage","url":"https:\/\/super-news.info\/mx\/wp-content\/uploads\/sites\/8\/2019\/06\/Iron\u00eda.jpeg","contentUrl":"https:\/\/super-news.info\/mx\/wp-content\/uploads\/sites\/8\/2019\/06\/Iron\u00eda.jpeg","width":1776,"height":1000,"caption":"Antonio Tamayo Neyra"},{"@type":"BreadcrumbList","@id":"https:\/\/super-news.info\/mx\/dia-mundial-de-la-poblacion\/#breadcrumb","itemListElement":[{"@type":"ListItem","position":1,"name":"Home","item":"https:\/\/super-news.info\/mx\/"},{"@type":"ListItem","position":2,"name":"D\u00eda Mundial de la Poblaci\u00f3n"}]},{"@type":"WebSite","@id":"https:\/\/super-news.info\/mx\/#website","url":"https:\/\/super-news.info\/mx\/","name":"Super News","description":"Super News Mexico","potentialAction":[{"@type":"SearchAction","target":{"@type":"EntryPoint","urlTemplate":"https:\/\/super-news.info\/mx\/?s={search_term_string}"},"query-input":{"@type":"PropertyValueSpecification","valueRequired":true,"valueName":"search_term_string"}}],"inLanguage":"es"},{"@type":"Person","@id":"https:\/\/super-news.info\/mx\/#\/schema\/person\/74b71ca3d407439fd57da2d9c89449ca","name":"mx","image":{"@type":"ImageObject","inLanguage":"es","@id":"https:\/\/secure.gravatar.com\/avatar\/6374ac65ff69c362a0ae1303d73d69dcd9bd198d62d9861f054a69aaf82c017b?s=96&d=mm&r=g","url":"https:\/\/secure.gravatar.com\/avatar\/6374ac65ff69c362a0ae1303d73d69dcd9bd198d62d9861f054a69aaf82c017b?s=96&d=mm&r=g","contentUrl":"https:\/\/secure.gravatar.com\/avatar\/6374ac65ff69c362a0ae1303d73d69dcd9bd198d62d9861f054a69aaf82c017b?s=96&d=mm&r=g","caption":"mx"},"url":"https:\/\/super-news.info\/mx\/author\/mx\/"}]}},"_links":{"self":[{"href":"https:\/\/super-news.info\/mx\/wp-json\/wp\/v2\/posts\/2417","targetHints":{"allow":["GET"]}}],"collection":[{"href":"https:\/\/super-news.info\/mx\/wp-json\/wp\/v2\/posts"}],"about":[{"href":"https:\/\/super-news.info\/mx\/wp-json\/wp\/v2\/types\/post"}],"author":[{"embeddable":true,"href":"https:\/\/super-news.info\/mx\/wp-json\/wp\/v2\/users\/3"}],"replies":[{"embeddable":true,"href":"https:\/\/super-news.info\/mx\/wp-json\/wp\/v2\/comments?post=2417"}],"version-history":[{"count":1,"href":"https:\/\/super-news.info\/mx\/wp-json\/wp\/v2\/posts\/2417\/revisions"}],"predecessor-version":[{"id":2418,"href":"https:\/\/super-news.info\/mx\/wp-json\/wp\/v2\/posts\/2417\/revisions\/2418"}],"wp:featuredmedia":[{"embeddable":true,"href":"https:\/\/super-news.info\/mx\/wp-json\/wp\/v2\/media\/1047"}],"wp:attachment":[{"href":"https:\/\/super-news.info\/mx\/wp-json\/wp\/v2\/media?parent=2417"}],"wp:term":[{"taxonomy":"category","embeddable":true,"href":"https:\/\/super-news.info\/mx\/wp-json\/wp\/v2\/categories?post=2417"},{"taxonomy":"post_tag","embeddable":true,"href":"https:\/\/super-news.info\/mx\/wp-json\/wp\/v2\/tags?post=2417"}],"curies":[{"name":"wp","href":"https:\/\/api.w.org\/{rel}","templated":true}]}}