{"id":2412,"date":"2019-07-16T19:38:30","date_gmt":"2019-07-16T19:38:30","guid":{"rendered":"https:\/\/super-news.info\/mx\/cual-es-la-importancia-de-la-reserva-de-la-biosfera-de-sian-kaan\/"},"modified":"2019-07-16T19:38:32","modified_gmt":"2019-07-16T19:38:32","slug":"cual-es-la-importancia-de-la-reserva-de-la-biosfera-de-sian-kaan","status":"publish","type":"post","link":"https:\/\/super-news.info\/mx\/cual-es-la-importancia-de-la-reserva-de-la-biosfera-de-sian-kaan\/","title":{"rendered":"\u00bfCu\u00e1l es la importancia de la Reserva de la Biosfera de Sian Ka&#039;an?"},"content":{"rendered":"<p> [ad_1]<br \/>\n<\/p>\n<p class=\"paragraph\" data-count=\"390\" data-wrap=\"68\">A 193 kil\u00f3metros del tur\u00edstico destino de Canc\u00fan, tres horas y 15 minutos en carro, se encuentra la Reserva de la Biosfera de Sian Ka&#x27;an, que en maya quiere decir &#x27;origen del cielo&#x27;,y por su biodiversidad es considerada como una de las principales \u00c1reas Naturales Protegidas (ANP) de M\u00e9xico; sin embargo, esta zona se encuentra en peligro por un incendio que empez\u00f3 el domingo 14 de julio. <\/p>\n<div class=\"image__block -side\">\n<figure><\/figure>\n<p><span class=\"element__footer\">La reserva cuenta con varios ecosistemas.<\/span><span class=\"element__credit\">Conanp <\/span><\/div>\n<p class=\"paragraph\" data-count=\"213\" data-wrap=\"32\">El Sistema de Informaci\u00f3n, Monitoreo y Evaluaci\u00f3n para la Conservaci\u00f3n (SIMEC) se\u00f1ala que esta reserva abarca los municipios de Felipe Carrillo Puerto, Solidaridad, Bacalar y Oth\u00f3n P. Blanco, todo en Quintana Roo.<\/p>\n<p class=\"paragraph\" data-count=\"329\" data-wrap=\"59\">De acuerdo con la Comisi\u00f3n Nacional de \u00c1reas Naturales Protegidas (Conanp), en 2016, la Reserva ten\u00eda una superficie de 528 mil 148 hect\u00e1reas, que junto con el \u00c1rea de Protecci\u00f3n de Flora y Fauna Uaymil y la Reserva de la Biosfera Arrecifes de Sian Ka&#x27;an conforman el Complejo Sian Ka\u00b4an con un \u00e1rea de 652 mil 192.97 hect\u00e1reas. <\/p>\n<p class=\"paragraph\" data-count=\"176\" data-wrap=\"34\">El 20 de enero de 1986, Sian Ka&#x27;an fue declarada como ANP en el Diario Oficial de la Federaci\u00f3n y un a\u00f1o m\u00e1s tarde fue reconocida por la Unesco como Patrimonio de la Humanidad.<\/p>\n<div class=\"image__block -side\">\n<figure><img decoding=\"async\" alt=\"El incendio en la reserva.\" src=\"http:\/\/super-news.info\/mx\/wp-content\/uploads\/sites\/8\/2019\/07\/1563305910_372_\u00bfCual-es-la-importancia-de-la-Reserva-de-la-Biosfera.jpeg\" style=\"height:auto;width:100%\" \/><\/figure>\n<p><span class=\"element__footer\">El incendio en la reserva.<\/span><span class=\"element__credit\">Tomada de @CONAFOR<\/span><\/div>\n<p class=\"paragraph\" data-count=\"398\" data-wrap=\"55\">En cuanto a los ecosistemas que la componen, la Conanp se\u00f1ala que Sian Ka\u2019an contiene nueve: selva espinosa, selva perennifolia, selva subcaducifolia, sin vegetaci\u00f3n aparente, vegetaci\u00f3n de dunas costeras, vegetaci\u00f3n hidr\u00f3fila y manglar. Adem\u00e1s cuenta con tres h\u00e1bitats acu\u00e1ticos y 120 kil\u00f3metros del Sistema Arrecifal Mesoamericano, que incluye cuatro pa\u00edses: Honduras, Guatemala, Belice y M\u00e9xico.<\/p>\n<p class=\"paragraph\" data-count=\"301\" data-wrap=\"42\">Entre las especies representativas de Sian Ka&#x27;an, el SIMEC indica que est\u00e1n los \u00e1rboles de chicozapote, guayabillo y despeinada. Mientras que la fauna representativa la componen: jaguares, pumas, ocelotes, tigrillos, venados de cola blanca, tortugas caguamas, cocodrilos, manat\u00edes y osos hormigueros. <\/p>\n<p class=\"paragraph\" data-count=\"172\" data-wrap=\"33\">Adem\u00e1s, la zona es reconocida como parte de la lista de \u00e1reas protegidas por la Convenci\u00f3n de Ramsar de 1971 para la protecci\u00f3n de manglares y humedales en todo el mundo.  <\/p>\n<div class=\"image__block -side\">\n<figure><img decoding=\"async\" alt=\"Zona Arqueol\u00f3gica de Muyil\" src=\"http:\/\/super-news.info\/mx\/wp-content\/uploads\/sites\/8\/2019\/07\/1563305910_740_\u00bfCual-es-la-importancia-de-la-Reserva-de-la-Biosfera.jpeg\" style=\"height:auto;width:100%\" \/><\/figure>\n<p><span class=\"element__footer\">Zona Arqueol\u00f3gica de Muyil<\/span><span class=\"element__credit\">Tomada de @INAHmx<\/span><\/div>\n<p class=\"paragraph\" data-count=\"245\" data-wrap=\"49\">En cuanto al incendio, la  superficie afectada el fuego en la Reserva de la Bi\u00f3sfera de Sian Ka\u2019an es de 2 mil 500 hect\u00e1reas y se trata de pastizales en la sabana que se han consumido r\u00e1pidamente por la sequ\u00eda que se ha presentado en la regi\u00f3n. <\/p>\n<h3 class=\"featured__title\"><strong>La zona arqueol\u00f3gica de Muyil <\/strong><\/h3>\n<p class=\"paragraph\" data-count=\"484\" data-wrap=\"81\">La Reserva de la Biosfera de Sian Ka&#x27;an, tambi\u00e9n tiene patrimonio hist\u00f3rico como lo es la zona arqueol\u00f3gica de Muyil, el cual es un asentamiento que de acuerdo con el Instituto Nacional de Antropolog\u00eda e Historia (INAH) data del periodo Precl\u00e1sico tard\u00edo (300-50 a.C.), cuando habr\u00eda tenido v\u00ednculos con asentamientos del norte de Belice y sur de Quintana Roo, relaci\u00f3n que se rompe hacia el Cl\u00e1sico tard\u00edo, cuando se fortalece su relaci\u00f3n con el interior de la Pen\u00ednsula de Yucat\u00e1n. <\/p>\n<p class=\"paragraph\" data-count=\"124\" data-wrap=\"21\">Por el incendio y posibles afectaciones de la zona, el acceso a los visitantes se restringi\u00f3 hasta que pase la contingencia.<\/p>\n<div class=\"rich__block \">\n<div><\/div>\n<p><span class=\"element__footer\">Ubicaci\u00f3n de la Reserva de la Biosfera Sian Ka&#x27;an<\/span><span class=\"element__credit\">Google Maps<\/span><\/div>\n<p>[ad_2]<br \/>\n<br \/><a href=\"https:\/\/www.elfinanciero.com.mx\/rss\/peninsula\/cual-es-la-importancia-de-la-reserva-de-la-biosfera-de-sian-kaan\">Source link <\/a><\/p>\n","protected":false},"excerpt":{"rendered":"<p>[ad_1] A 193 kil\u00f3metros del tur\u00edstico destino de Canc\u00fan, tres horas y 15 minutos en carro, se encuentra la Reserva de la Biosfera de Sian Ka&#x27;an, que en maya quiere decir &#x27;origen del cielo&#x27;,y por su biodiversidad es considerada como una de las principales \u00c1reas Naturales Protegidas (ANP) de M\u00e9xico; sin embargo, esta zona se [&hellip;]<\/p>\n","protected":false},"author":3,"featured_media":2413,"comment_status":"open","ping_status":"open","sticky":false,"template":"","format":"standard","meta":{"footnotes":""},"categories":[1],"tags":[],"class_list":["post-2412","post","type-post","status-publish","format-standard","has-post-thumbnail","hentry","category-noticias-financieras"],"yoast_head":"<!-- This site is optimized with the Yoast SEO plugin v27.4 - https:\/\/yoast.com\/product\/yoast-seo-wordpress\/ -->\n<title>\u00bfCu\u00e1l es la importancia de la Reserva de la Biosfera de Sian Ka&#039;an? - Super News<\/title>\n<meta name=\"robots\" content=\"index, follow, max-snippet:-1, max-image-preview:large, max-video-preview:-1\" \/>\n<link rel=\"canonical\" href=\"https:\/\/super-news.info\/mx\/cual-es-la-importancia-de-la-reserva-de-la-biosfera-de-sian-kaan\/\" \/>\n<meta property=\"og:locale\" content=\"es_MX\" \/>\n<meta property=\"og:type\" content=\"article\" \/>\n<meta property=\"og:title\" content=\"\u00bfCu\u00e1l es la importancia de la Reserva de la Biosfera de Sian Ka&#039;an? - Super News\" \/>\n<meta property=\"og:description\" content=\"[ad_1] A 193 kil\u00f3metros del tur\u00edstico destino de Canc\u00fan, tres horas y 15 minutos en carro, se encuentra la Reserva de la Biosfera de Sian Ka&#x27;an, que en maya quiere decir &#x27;origen del cielo&#x27;,y por su biodiversidad es considerada como una de las principales \u00c1reas Naturales Protegidas (ANP) de M\u00e9xico; sin embargo, esta zona se [&hellip;]\" \/>\n<meta property=\"og:url\" content=\"https:\/\/super-news.info\/mx\/cual-es-la-importancia-de-la-reserva-de-la-biosfera-de-sian-kaan\/\" \/>\n<meta property=\"og:site_name\" content=\"Super News\" \/>\n<meta property=\"article:published_time\" content=\"2019-07-16T19:38:30+00:00\" \/>\n<meta property=\"article:modified_time\" content=\"2019-07-16T19:38:32+00:00\" \/>\n<meta property=\"og:image\" content=\"https:\/\/super-news.info\/mx\/wp-content\/uploads\/sites\/8\/2019\/07\/\u00bfCu\u00e1l-es-la-importancia-de-la-Reserva-de-la-Biosfera.jpeg\" \/>\n\t<meta property=\"og:image:width\" content=\"1125\" \/>\n\t<meta property=\"og:image:height\" content=\"632\" \/>\n\t<meta property=\"og:image:type\" content=\"image\/jpeg\" \/>\n<meta name=\"author\" content=\"mx\" \/>\n<meta name=\"twitter:card\" content=\"summary_large_image\" \/>\n<meta name=\"twitter:label1\" content=\"Escrito por\" \/>\n\t<meta name=\"twitter:data1\" content=\"mx\" \/>\n\t<meta name=\"twitter:label2\" content=\"Tiempo de lectura\" \/>\n\t<meta name=\"twitter:data2\" content=\"3 minutos\" \/>\n<script type=\"application\/ld+json\" class=\"yoast-schema-graph\">{\"@context\":\"https:\\\/\\\/schema.org\",\"@graph\":[{\"@type\":\"Article\",\"@id\":\"https:\\\/\\\/super-news.info\\\/mx\\\/cual-es-la-importancia-de-la-reserva-de-la-biosfera-de-sian-kaan\\\/#article\",\"isPartOf\":{\"@id\":\"https:\\\/\\\/super-news.info\\\/mx\\\/cual-es-la-importancia-de-la-reserva-de-la-biosfera-de-sian-kaan\\\/\"},\"author\":{\"name\":\"mx\",\"@id\":\"https:\\\/\\\/super-news.info\\\/mx\\\/#\\\/schema\\\/person\\\/74b71ca3d407439fd57da2d9c89449ca\"},\"headline\":\"\u00bfCu\u00e1l es la importancia de la Reserva de la Biosfera de Sian Ka&#039;an?\",\"datePublished\":\"2019-07-16T19:38:30+00:00\",\"dateModified\":\"2019-07-16T19:38:32+00:00\",\"mainEntityOfPage\":{\"@id\":\"https:\\\/\\\/super-news.info\\\/mx\\\/cual-es-la-importancia-de-la-reserva-de-la-biosfera-de-sian-kaan\\\/\"},\"wordCount\":583,\"commentCount\":0,\"image\":{\"@id\":\"https:\\\/\\\/super-news.info\\\/mx\\\/cual-es-la-importancia-de-la-reserva-de-la-biosfera-de-sian-kaan\\\/#primaryimage\"},\"thumbnailUrl\":\"https:\\\/\\\/super-news.info\\\/mx\\\/wp-content\\\/uploads\\\/sites\\\/8\\\/2019\\\/07\\\/\u00bfCu\u00e1l-es-la-importancia-de-la-Reserva-de-la-Biosfera.jpeg\",\"articleSection\":[\"NOTICIAS FINANCIERAS\"],\"inLanguage\":\"es\",\"potentialAction\":[{\"@type\":\"CommentAction\",\"name\":\"Comment\",\"target\":[\"https:\\\/\\\/super-news.info\\\/mx\\\/cual-es-la-importancia-de-la-reserva-de-la-biosfera-de-sian-kaan\\\/#respond\"]}]},{\"@type\":\"WebPage\",\"@id\":\"https:\\\/\\\/super-news.info\\\/mx\\\/cual-es-la-importancia-de-la-reserva-de-la-biosfera-de-sian-kaan\\\/\",\"url\":\"https:\\\/\\\/super-news.info\\\/mx\\\/cual-es-la-importancia-de-la-reserva-de-la-biosfera-de-sian-kaan\\\/\",\"name\":\"\u00bfCu\u00e1l es la importancia de la Reserva de la Biosfera de Sian Ka&#039;an? - Super News\",\"isPartOf\":{\"@id\":\"https:\\\/\\\/super-news.info\\\/mx\\\/#website\"},\"primaryImageOfPage\":{\"@id\":\"https:\\\/\\\/super-news.info\\\/mx\\\/cual-es-la-importancia-de-la-reserva-de-la-biosfera-de-sian-kaan\\\/#primaryimage\"},\"image\":{\"@id\":\"https:\\\/\\\/super-news.info\\\/mx\\\/cual-es-la-importancia-de-la-reserva-de-la-biosfera-de-sian-kaan\\\/#primaryimage\"},\"thumbnailUrl\":\"https:\\\/\\\/super-news.info\\\/mx\\\/wp-content\\\/uploads\\\/sites\\\/8\\\/2019\\\/07\\\/\u00bfCu\u00e1l-es-la-importancia-de-la-Reserva-de-la-Biosfera.jpeg\",\"datePublished\":\"2019-07-16T19:38:30+00:00\",\"dateModified\":\"2019-07-16T19:38:32+00:00\",\"author\":{\"@id\":\"https:\\\/\\\/super-news.info\\\/mx\\\/#\\\/schema\\\/person\\\/74b71ca3d407439fd57da2d9c89449ca\"},\"breadcrumb\":{\"@id\":\"https:\\\/\\\/super-news.info\\\/mx\\\/cual-es-la-importancia-de-la-reserva-de-la-biosfera-de-sian-kaan\\\/#breadcrumb\"},\"inLanguage\":\"es\",\"potentialAction\":[{\"@type\":\"ReadAction\",\"target\":[\"https:\\\/\\\/super-news.info\\\/mx\\\/cual-es-la-importancia-de-la-reserva-de-la-biosfera-de-sian-kaan\\\/\"]}]},{\"@type\":\"ImageObject\",\"inLanguage\":\"es\",\"@id\":\"https:\\\/\\\/super-news.info\\\/mx\\\/cual-es-la-importancia-de-la-reserva-de-la-biosfera-de-sian-kaan\\\/#primaryimage\",\"url\":\"https:\\\/\\\/super-news.info\\\/mx\\\/wp-content\\\/uploads\\\/sites\\\/8\\\/2019\\\/07\\\/\u00bfCu\u00e1l-es-la-importancia-de-la-Reserva-de-la-Biosfera.jpeg\",\"contentUrl\":\"https:\\\/\\\/super-news.info\\\/mx\\\/wp-content\\\/uploads\\\/sites\\\/8\\\/2019\\\/07\\\/\u00bfCu\u00e1l-es-la-importancia-de-la-Reserva-de-la-Biosfera.jpeg\",\"width\":1125,\"height\":632,\"caption\":\"La reserva cuenta con varios ecosistemas.\"},{\"@type\":\"BreadcrumbList\",\"@id\":\"https:\\\/\\\/super-news.info\\\/mx\\\/cual-es-la-importancia-de-la-reserva-de-la-biosfera-de-sian-kaan\\\/#breadcrumb\",\"itemListElement\":[{\"@type\":\"ListItem\",\"position\":1,\"name\":\"Home\",\"item\":\"https:\\\/\\\/super-news.info\\\/mx\\\/\"},{\"@type\":\"ListItem\",\"position\":2,\"name\":\"\u00bfCu\u00e1l es la importancia de la Reserva de la Biosfera de Sian Ka&#039;an?\"}]},{\"@type\":\"WebSite\",\"@id\":\"https:\\\/\\\/super-news.info\\\/mx\\\/#website\",\"url\":\"https:\\\/\\\/super-news.info\\\/mx\\\/\",\"name\":\"Super News\",\"description\":\"Super News Mexico\",\"potentialAction\":[{\"@type\":\"SearchAction\",\"target\":{\"@type\":\"EntryPoint\",\"urlTemplate\":\"https:\\\/\\\/super-news.info\\\/mx\\\/?s={search_term_string}\"},\"query-input\":{\"@type\":\"PropertyValueSpecification\",\"valueRequired\":true,\"valueName\":\"search_term_string\"}}],\"inLanguage\":\"es\"},{\"@type\":\"Person\",\"@id\":\"https:\\\/\\\/super-news.info\\\/mx\\\/#\\\/schema\\\/person\\\/74b71ca3d407439fd57da2d9c89449ca\",\"name\":\"mx\",\"image\":{\"@type\":\"ImageObject\",\"inLanguage\":\"es\",\"@id\":\"https:\\\/\\\/secure.gravatar.com\\\/avatar\\\/6374ac65ff69c362a0ae1303d73d69dcd9bd198d62d9861f054a69aaf82c017b?s=96&d=mm&r=g\",\"url\":\"https:\\\/\\\/secure.gravatar.com\\\/avatar\\\/6374ac65ff69c362a0ae1303d73d69dcd9bd198d62d9861f054a69aaf82c017b?s=96&d=mm&r=g\",\"contentUrl\":\"https:\\\/\\\/secure.gravatar.com\\\/avatar\\\/6374ac65ff69c362a0ae1303d73d69dcd9bd198d62d9861f054a69aaf82c017b?s=96&d=mm&r=g\",\"caption\":\"mx\"},\"url\":\"https:\\\/\\\/super-news.info\\\/mx\\\/author\\\/mx\\\/\"}]}<\/script>\n<!-- \/ Yoast SEO plugin. -->","yoast_head_json":{"title":"\u00bfCu\u00e1l es la importancia de la Reserva de la Biosfera de Sian Ka&#039;an? - Super News","robots":{"index":"index","follow":"follow","max-snippet":"max-snippet:-1","max-image-preview":"max-image-preview:large","max-video-preview":"max-video-preview:-1"},"canonical":"https:\/\/super-news.info\/mx\/cual-es-la-importancia-de-la-reserva-de-la-biosfera-de-sian-kaan\/","og_locale":"es_MX","og_type":"article","og_title":"\u00bfCu\u00e1l es la importancia de la Reserva de la Biosfera de Sian Ka&#039;an? - Super News","og_description":"[ad_1] A 193 kil\u00f3metros del tur\u00edstico destino de Canc\u00fan, tres horas y 15 minutos en carro, se encuentra la Reserva de la Biosfera de Sian Ka&#x27;an, que en maya quiere decir &#x27;origen del cielo&#x27;,y por su biodiversidad es considerada como una de las principales \u00c1reas Naturales Protegidas (ANP) de M\u00e9xico; sin embargo, esta zona se [&hellip;]","og_url":"https:\/\/super-news.info\/mx\/cual-es-la-importancia-de-la-reserva-de-la-biosfera-de-sian-kaan\/","og_site_name":"Super News","article_published_time":"2019-07-16T19:38:30+00:00","article_modified_time":"2019-07-16T19:38:32+00:00","og_image":[{"width":1125,"height":632,"url":"https:\/\/super-news.info\/mx\/wp-content\/uploads\/sites\/8\/2019\/07\/\u00bfCu\u00e1l-es-la-importancia-de-la-Reserva-de-la-Biosfera.jpeg","type":"image\/jpeg"}],"author":"mx","twitter_card":"summary_large_image","twitter_misc":{"Escrito por":"mx","Tiempo de lectura":"3 minutos"},"schema":{"@context":"https:\/\/schema.org","@graph":[{"@type":"Article","@id":"https:\/\/super-news.info\/mx\/cual-es-la-importancia-de-la-reserva-de-la-biosfera-de-sian-kaan\/#article","isPartOf":{"@id":"https:\/\/super-news.info\/mx\/cual-es-la-importancia-de-la-reserva-de-la-biosfera-de-sian-kaan\/"},"author":{"name":"mx","@id":"https:\/\/super-news.info\/mx\/#\/schema\/person\/74b71ca3d407439fd57da2d9c89449ca"},"headline":"\u00bfCu\u00e1l es la importancia de la Reserva de la Biosfera de Sian Ka&#039;an?","datePublished":"2019-07-16T19:38:30+00:00","dateModified":"2019-07-16T19:38:32+00:00","mainEntityOfPage":{"@id":"https:\/\/super-news.info\/mx\/cual-es-la-importancia-de-la-reserva-de-la-biosfera-de-sian-kaan\/"},"wordCount":583,"commentCount":0,"image":{"@id":"https:\/\/super-news.info\/mx\/cual-es-la-importancia-de-la-reserva-de-la-biosfera-de-sian-kaan\/#primaryimage"},"thumbnailUrl":"https:\/\/super-news.info\/mx\/wp-content\/uploads\/sites\/8\/2019\/07\/\u00bfCu\u00e1l-es-la-importancia-de-la-Reserva-de-la-Biosfera.jpeg","articleSection":["NOTICIAS FINANCIERAS"],"inLanguage":"es","potentialAction":[{"@type":"CommentAction","name":"Comment","target":["https:\/\/super-news.info\/mx\/cual-es-la-importancia-de-la-reserva-de-la-biosfera-de-sian-kaan\/#respond"]}]},{"@type":"WebPage","@id":"https:\/\/super-news.info\/mx\/cual-es-la-importancia-de-la-reserva-de-la-biosfera-de-sian-kaan\/","url":"https:\/\/super-news.info\/mx\/cual-es-la-importancia-de-la-reserva-de-la-biosfera-de-sian-kaan\/","name":"\u00bfCu\u00e1l es la importancia de la Reserva de la Biosfera de Sian Ka&#039;an? - Super News","isPartOf":{"@id":"https:\/\/super-news.info\/mx\/#website"},"primaryImageOfPage":{"@id":"https:\/\/super-news.info\/mx\/cual-es-la-importancia-de-la-reserva-de-la-biosfera-de-sian-kaan\/#primaryimage"},"image":{"@id":"https:\/\/super-news.info\/mx\/cual-es-la-importancia-de-la-reserva-de-la-biosfera-de-sian-kaan\/#primaryimage"},"thumbnailUrl":"https:\/\/super-news.info\/mx\/wp-content\/uploads\/sites\/8\/2019\/07\/\u00bfCu\u00e1l-es-la-importancia-de-la-Reserva-de-la-Biosfera.jpeg","datePublished":"2019-07-16T19:38:30+00:00","dateModified":"2019-07-16T19:38:32+00:00","author":{"@id":"https:\/\/super-news.info\/mx\/#\/schema\/person\/74b71ca3d407439fd57da2d9c89449ca"},"breadcrumb":{"@id":"https:\/\/super-news.info\/mx\/cual-es-la-importancia-de-la-reserva-de-la-biosfera-de-sian-kaan\/#breadcrumb"},"inLanguage":"es","potentialAction":[{"@type":"ReadAction","target":["https:\/\/super-news.info\/mx\/cual-es-la-importancia-de-la-reserva-de-la-biosfera-de-sian-kaan\/"]}]},{"@type":"ImageObject","inLanguage":"es","@id":"https:\/\/super-news.info\/mx\/cual-es-la-importancia-de-la-reserva-de-la-biosfera-de-sian-kaan\/#primaryimage","url":"https:\/\/super-news.info\/mx\/wp-content\/uploads\/sites\/8\/2019\/07\/\u00bfCu\u00e1l-es-la-importancia-de-la-Reserva-de-la-Biosfera.jpeg","contentUrl":"https:\/\/super-news.info\/mx\/wp-content\/uploads\/sites\/8\/2019\/07\/\u00bfCu\u00e1l-es-la-importancia-de-la-Reserva-de-la-Biosfera.jpeg","width":1125,"height":632,"caption":"La reserva cuenta con varios ecosistemas."},{"@type":"BreadcrumbList","@id":"https:\/\/super-news.info\/mx\/cual-es-la-importancia-de-la-reserva-de-la-biosfera-de-sian-kaan\/#breadcrumb","itemListElement":[{"@type":"ListItem","position":1,"name":"Home","item":"https:\/\/super-news.info\/mx\/"},{"@type":"ListItem","position":2,"name":"\u00bfCu\u00e1l es la importancia de la Reserva de la Biosfera de Sian Ka&#039;an?"}]},{"@type":"WebSite","@id":"https:\/\/super-news.info\/mx\/#website","url":"https:\/\/super-news.info\/mx\/","name":"Super News","description":"Super News Mexico","potentialAction":[{"@type":"SearchAction","target":{"@type":"EntryPoint","urlTemplate":"https:\/\/super-news.info\/mx\/?s={search_term_string}"},"query-input":{"@type":"PropertyValueSpecification","valueRequired":true,"valueName":"search_term_string"}}],"inLanguage":"es"},{"@type":"Person","@id":"https:\/\/super-news.info\/mx\/#\/schema\/person\/74b71ca3d407439fd57da2d9c89449ca","name":"mx","image":{"@type":"ImageObject","inLanguage":"es","@id":"https:\/\/secure.gravatar.com\/avatar\/6374ac65ff69c362a0ae1303d73d69dcd9bd198d62d9861f054a69aaf82c017b?s=96&d=mm&r=g","url":"https:\/\/secure.gravatar.com\/avatar\/6374ac65ff69c362a0ae1303d73d69dcd9bd198d62d9861f054a69aaf82c017b?s=96&d=mm&r=g","contentUrl":"https:\/\/secure.gravatar.com\/avatar\/6374ac65ff69c362a0ae1303d73d69dcd9bd198d62d9861f054a69aaf82c017b?s=96&d=mm&r=g","caption":"mx"},"url":"https:\/\/super-news.info\/mx\/author\/mx\/"}]}},"_links":{"self":[{"href":"https:\/\/super-news.info\/mx\/wp-json\/wp\/v2\/posts\/2412","targetHints":{"allow":["GET"]}}],"collection":[{"href":"https:\/\/super-news.info\/mx\/wp-json\/wp\/v2\/posts"}],"about":[{"href":"https:\/\/super-news.info\/mx\/wp-json\/wp\/v2\/types\/post"}],"author":[{"embeddable":true,"href":"https:\/\/super-news.info\/mx\/wp-json\/wp\/v2\/users\/3"}],"replies":[{"embeddable":true,"href":"https:\/\/super-news.info\/mx\/wp-json\/wp\/v2\/comments?post=2412"}],"version-history":[{"count":1,"href":"https:\/\/super-news.info\/mx\/wp-json\/wp\/v2\/posts\/2412\/revisions"}],"predecessor-version":[{"id":2414,"href":"https:\/\/super-news.info\/mx\/wp-json\/wp\/v2\/posts\/2412\/revisions\/2414"}],"wp:featuredmedia":[{"embeddable":true,"href":"https:\/\/super-news.info\/mx\/wp-json\/wp\/v2\/media\/2413"}],"wp:attachment":[{"href":"https:\/\/super-news.info\/mx\/wp-json\/wp\/v2\/media?parent=2412"}],"wp:term":[{"taxonomy":"category","embeddable":true,"href":"https:\/\/super-news.info\/mx\/wp-json\/wp\/v2\/categories?post=2412"},{"taxonomy":"post_tag","embeddable":true,"href":"https:\/\/super-news.info\/mx\/wp-json\/wp\/v2\/tags?post=2412"}],"curies":[{"name":"wp","href":"https:\/\/api.w.org\/{rel}","templated":true}]}}