{"id":2410,"date":"2019-07-16T18:49:10","date_gmt":"2019-07-16T18:49:10","guid":{"rendered":"https:\/\/super-news.info\/mx\/candil-de-la-calle-oscuridad-de-su-casa\/"},"modified":"2019-07-16T18:49:11","modified_gmt":"2019-07-16T18:49:11","slug":"candil-de-la-calle-oscuridad-de-su-casa","status":"publish","type":"post","link":"https:\/\/super-news.info\/mx\/candil-de-la-calle-oscuridad-de-su-casa\/","title":{"rendered":"Candil de la calle, oscuridad de su casa"},"content":{"rendered":"<p> [ad_1]<br \/>\n<\/p>\n<div class=\"image__block -side\">\n<figure><\/figure>\n<p><span class=\"element__footer\">Hiram Pe\u00f3n Lara.<\/span><span class=\"element__credit\">Fuente: Cortes\u00eda<\/span><\/div>\n<p class=\"paragraph\" data-count=\"450\" data-wrap=\"72\">En Nuevo Le\u00f3n tenemos una estrategia intersectorial llamada &#8220;<strong>Hambre Cero&#8221;<\/strong>, y es fundamental porque tiene el prop\u00f3sito de procurar una adecuada alimentaci\u00f3n a los ni\u00f1os, lo que permite el desenvolvimiento neuronal de los menores. En 2018, nuestro estado mostr\u00f3 resultados favorables en cuanto al  crecimiento econ\u00f3mico. Al tercer trimestre del a\u00f1o 2018 tuvimos un crecimiento de 4.3 por ciento. La misma cifra, pero a nivel pa\u00eds fue de 2.5 por ciento.<\/p>\n<p class=\"paragraph\" data-count=\"389\" data-wrap=\"63\">En materia de empleo, la tasa de desocupaci\u00f3n como porcentaje de la<strong> poblaci\u00f3n econ\u00f3micamente activa fue de 3.3 por ciento<\/strong> en diciembre de 2018. Este resultado represent\u00f3 una disminuci\u00f3n de 0.2 puntos porcentuales con respecto al mismo per\u00edodo de 2017 y el noveno a\u00f1o consecutivo con un descenso en la tasa. En t\u00e9rminos macroecon\u00f3micos esto significa que en Nuevo Le\u00f3n tenemos pleno empleo.<\/p>\n<p class=\"paragraph\" data-count=\"457\" data-wrap=\"77\">Este resultado ha sido posible gracias a la<strong> generaci\u00f3n de nuevos empleos formales <\/strong>en la entidad, que al cierre de 2018 sumaron un total de 55 mil 132 durante todo ese a\u00f1o, alcanzando un mill\u00f3n 608 mil 226 de asegurados en el Instituto Mexicano del Seguro Social (IMSS). Esta cifra representa el 8 por ciento del total de trabajadores registrados en dicha instituci\u00f3n a nivel nacional. Estos datos fueron tomados del <strong>Reporte 2017-2018 del Consejo Nuevo Le\u00f3n.<\/strong><\/p>\n<p class=\"paragraph\" data-count=\"231\" data-wrap=\"39\"><strong>Conclusi\u00f3n<\/strong>: Estamos bien, a pesar del gobierno estatal y sus decisiones err\u00e1ticas en pol\u00edticas y econom\u00eda, l\u00e9ase como ejemplo el caso de los Ubers, y a pesar de la recesi\u00f3n econ\u00f3mica generada por el gobierno de AMLO, seguimos bien.<\/p>\n<p class=\"paragraph\" data-count=\"288\" data-wrap=\"49\">A todo esto, tendremos que agregarle un factor m\u00e1s que nos afectar\u00e1 en lo que resta del a\u00f1o y el a\u00f1o subsiguiente: la <strong>migraci\u00f3n de extranjeros<\/strong> que ya est\u00e1 impactando en nuestra ciudad y las deportaciones masivas que nos amenazan por \u00f3rdenes del presidente de Estados Unidos, Donald Trump.<\/p>\n<p class=\"paragraph\" data-count=\"147\" data-wrap=\"26\">La migraci\u00f3n ya nos rebas\u00f3, los refugios est\u00e1n llenos y sigue llegando gente, como dice el corrido del Moro de Cumpas \u201c<strong>lleg\u00f3 gente de onde quiera<\/strong>\u201d.<\/p>\n<p class=\"paragraph\" data-count=\"248\" data-wrap=\"43\">Mientras degustaba un sushi, este pasado fin de semana, le pregunt\u00e9 a la mesera: \u00bfUsted no es de aqu\u00ed, verdad? Dijo No; \u00bfUsted es de Centroam\u00e9rica? Dijo No, soy de Venezuela; \u00bfUsted es ilegal, verdad? Dijo Si, pero ya estoy arreglando en migraci\u00f3n.<\/p>\n<p class=\"paragraph\" data-count=\"174\" data-wrap=\"32\">No le cre\u00ed, pero qui\u00e9n soy yo para juzgar a una persona necesitada, y pens\u00e9 en toda estas personas que apelan a nuestra generosidad para asentarse en un pa\u00eds como el nuestro.<\/p>\n<p class=\"paragraph\" data-count=\"304\" data-wrap=\"50\"><strong>No es la primera vez <\/strong>que tomamos hijos de otras tierras para acogerlos en nuestro terru\u00f1o. Lo hicimos cuando el descalabro espa\u00f1ol y cuando el descalabro chileno. Nos abordaron miles de hombres libres, hombres creyentes en el emprendimiento y la libre empresa. Unos huyendo de Franco y otros de Pinochet.<\/p>\n<p class=\"paragraph\" data-count=\"253\" data-wrap=\"43\">Esta vez no es as\u00ed. No son hombres libres, no son creyentes, son hombres, seres humanos, que huyen de su patria por la pobreza, la hambruna y el hostigamiento de gobiernos totalitarios. No son hombres educados, son acarreados y expulsados por la fuerza.<\/p>\n<p class=\"paragraph\" data-count=\"208\" data-wrap=\"33\">Nuevo Le\u00f3n puede sufrir, con esto, un desbalance en su econom\u00eda, lo mismo que en las oportunidades de empleo para nuestros propios v\u00e1stagos que salen a montones de nuestras universidades, p\u00fablicas o privadas.<\/p>\n<p class=\"paragraph\" data-count=\"294\" data-wrap=\"46\">Ahora, estas personas que ya est\u00e1n aqu\u00ed, no apelan a nuestra inteligencia, apelan a nuestro ego. Apelan a nuestra necesidad de sentirnos generosos, ayudadores, cristianos. En suma apelan a nuestro ego que <strong>nos hace sentir con la obligaci\u00f3n de ayudar<\/strong> para justificar nuestra opulencia o soberbia.<\/p>\n<p class=\"paragraph\" data-count=\"322\" data-wrap=\"57\">Amigo lector, no lo crea. No es verdad, no somos m\u00e1s que ellos, es un enga\u00f1o de la mente. Aceptemos mejor lo que somos y c\u00f3mo somos, y busquemos c\u00f3mo nos organizamos para regresarlos a su pa\u00eds. Es un problema social pero no lo podemos resolver, su gobierno, sus autoridades, tienen la obligaci\u00f3n de apoyarlos, no nosotros.<\/p>\n<p class=\"paragraph\" data-count=\"220\" data-wrap=\"38\">Nosotros tenemos que EXIGIRLE al Bronco y a AMLO que nos resuelva nuestros problemas porque para eso les pagamos, no para que resuelvan los problemas de otros pa\u00edses. Ya saben: \u201cCandil de la calle, oscuridad en su casa\u201d.<\/p>\n<p class=\"paragraph\" data-count=\"186\" data-wrap=\"29\">Ellos tienen tareas que resolver, no dejemos que se hagan los que la virgen les habla. Vialidad, seguridad, \u00e1reas verdes, transporte, leyes que garanticen la inversi\u00f3n. P\u00f3nganse a jalar.<\/p>\n<p class=\"paragraph\" data-count=\"17\" data-wrap=\"3\"><em>Hasta la pr\u00f3xima.<\/em><\/p>\n<p class=\"paragraph\" data-count=\"101\" data-wrap=\"17\"><em>El autor es experto en comunicaci\u00f3n corporativa y situaciones de crisis. Cuenta con un MBA del ITESM.<\/em><\/p>\n<p class=\"paragraph\" data-count=\"32\" data-wrap=\"3\">Opine usted: hirampeon@gmail.com<\/p>\n<p class=\"paragraph\" data-count=\"19\" data-wrap=\"2\">Twitter: @Hirampeon<\/p>\n<p class=\"paragraph\" data-count=\"0\" data-wrap=\"1\">\n<p>[ad_2]<br \/>\n<br \/><a href=\"https:\/\/www.elfinanciero.com.mx\/rss\/monterrey\/candil-de-la-calle-oscuridad-de-su-casa\">Source link <\/a><\/p>\n","protected":false},"excerpt":{"rendered":"<p>[ad_1] Hiram Pe\u00f3n Lara.Fuente: Cortes\u00eda En Nuevo Le\u00f3n tenemos una estrategia intersectorial llamada &#8220;Hambre Cero&#8221;, y es fundamental porque tiene el prop\u00f3sito de procurar una adecuada alimentaci\u00f3n a los ni\u00f1os, lo que permite el desenvolvimiento neuronal de los menores. En 2018, nuestro estado mostr\u00f3 resultados favorables en cuanto al crecimiento econ\u00f3mico. Al tercer trimestre del [&hellip;]<\/p>\n","protected":false},"author":3,"featured_media":120,"comment_status":"open","ping_status":"open","sticky":false,"template":"","format":"standard","meta":{"footnotes":""},"categories":[1],"tags":[],"class_list":["post-2410","post","type-post","status-publish","format-standard","has-post-thumbnail","hentry","category-noticias-financieras"],"yoast_head":"<!-- This site is optimized with the Yoast SEO plugin v27.4 - https:\/\/yoast.com\/product\/yoast-seo-wordpress\/ -->\n<title>Candil de la calle, oscuridad de su casa - Super News<\/title>\n<meta name=\"robots\" content=\"index, follow, max-snippet:-1, max-image-preview:large, max-video-preview:-1\" \/>\n<link rel=\"canonical\" href=\"https:\/\/super-news.info\/mx\/candil-de-la-calle-oscuridad-de-su-casa\/\" \/>\n<meta property=\"og:locale\" content=\"es_MX\" \/>\n<meta property=\"og:type\" content=\"article\" \/>\n<meta property=\"og:title\" content=\"Candil de la calle, oscuridad de su casa - Super News\" \/>\n<meta property=\"og:description\" content=\"[ad_1] Hiram Pe\u00f3n Lara.Fuente: Cortes\u00eda En Nuevo Le\u00f3n tenemos una estrategia intersectorial llamada &#8220;Hambre Cero&#8221;, y es fundamental porque tiene el prop\u00f3sito de procurar una adecuada alimentaci\u00f3n a los ni\u00f1os, lo que permite el desenvolvimiento neuronal de los menores. En 2018, nuestro estado mostr\u00f3 resultados favorables en cuanto al crecimiento econ\u00f3mico. Al tercer trimestre del [&hellip;]\" \/>\n<meta property=\"og:url\" content=\"https:\/\/super-news.info\/mx\/candil-de-la-calle-oscuridad-de-su-casa\/\" \/>\n<meta property=\"og:site_name\" content=\"Super News\" \/>\n<meta property=\"article:published_time\" content=\"2019-07-16T18:49:10+00:00\" \/>\n<meta property=\"article:modified_time\" content=\"2019-07-16T18:49:11+00:00\" \/>\n<meta property=\"og:image\" content=\"https:\/\/super-news.info\/mx\/wp-content\/uploads\/sites\/8\/2019\/04\/Las-Cosas-Nuestras-de-Jorge.jpeg\" \/>\n\t<meta property=\"og:image:width\" content=\"1776\" \/>\n\t<meta property=\"og:image:height\" content=\"1000\" \/>\n\t<meta property=\"og:image:type\" content=\"image\/jpeg\" \/>\n<meta name=\"author\" content=\"mx\" \/>\n<meta name=\"twitter:card\" content=\"summary_large_image\" \/>\n<meta name=\"twitter:label1\" content=\"Escrito por\" \/>\n\t<meta name=\"twitter:data1\" content=\"mx\" \/>\n\t<meta name=\"twitter:label2\" content=\"Tiempo de lectura\" \/>\n\t<meta name=\"twitter:data2\" content=\"4 minutos\" \/>\n<script type=\"application\/ld+json\" class=\"yoast-schema-graph\">{\"@context\":\"https:\\\/\\\/schema.org\",\"@graph\":[{\"@type\":\"Article\",\"@id\":\"https:\\\/\\\/super-news.info\\\/mx\\\/candil-de-la-calle-oscuridad-de-su-casa\\\/#article\",\"isPartOf\":{\"@id\":\"https:\\\/\\\/super-news.info\\\/mx\\\/candil-de-la-calle-oscuridad-de-su-casa\\\/\"},\"author\":{\"name\":\"mx\",\"@id\":\"https:\\\/\\\/super-news.info\\\/mx\\\/#\\\/schema\\\/person\\\/74b71ca3d407439fd57da2d9c89449ca\"},\"headline\":\"Candil de la calle, oscuridad de su casa\",\"datePublished\":\"2019-07-16T18:49:10+00:00\",\"dateModified\":\"2019-07-16T18:49:11+00:00\",\"mainEntityOfPage\":{\"@id\":\"https:\\\/\\\/super-news.info\\\/mx\\\/candil-de-la-calle-oscuridad-de-su-casa\\\/\"},\"wordCount\":785,\"commentCount\":0,\"image\":{\"@id\":\"https:\\\/\\\/super-news.info\\\/mx\\\/candil-de-la-calle-oscuridad-de-su-casa\\\/#primaryimage\"},\"thumbnailUrl\":\"https:\\\/\\\/super-news.info\\\/mx\\\/wp-content\\\/uploads\\\/sites\\\/8\\\/2019\\\/04\\\/Las-Cosas-Nuestras-de-Jorge.jpeg\",\"articleSection\":[\"NOTICIAS FINANCIERAS\"],\"inLanguage\":\"es\",\"potentialAction\":[{\"@type\":\"CommentAction\",\"name\":\"Comment\",\"target\":[\"https:\\\/\\\/super-news.info\\\/mx\\\/candil-de-la-calle-oscuridad-de-su-casa\\\/#respond\"]}]},{\"@type\":\"WebPage\",\"@id\":\"https:\\\/\\\/super-news.info\\\/mx\\\/candil-de-la-calle-oscuridad-de-su-casa\\\/\",\"url\":\"https:\\\/\\\/super-news.info\\\/mx\\\/candil-de-la-calle-oscuridad-de-su-casa\\\/\",\"name\":\"Candil de la calle, oscuridad de su casa - Super News\",\"isPartOf\":{\"@id\":\"https:\\\/\\\/super-news.info\\\/mx\\\/#website\"},\"primaryImageOfPage\":{\"@id\":\"https:\\\/\\\/super-news.info\\\/mx\\\/candil-de-la-calle-oscuridad-de-su-casa\\\/#primaryimage\"},\"image\":{\"@id\":\"https:\\\/\\\/super-news.info\\\/mx\\\/candil-de-la-calle-oscuridad-de-su-casa\\\/#primaryimage\"},\"thumbnailUrl\":\"https:\\\/\\\/super-news.info\\\/mx\\\/wp-content\\\/uploads\\\/sites\\\/8\\\/2019\\\/04\\\/Las-Cosas-Nuestras-de-Jorge.jpeg\",\"datePublished\":\"2019-07-16T18:49:10+00:00\",\"dateModified\":\"2019-07-16T18:49:11+00:00\",\"author\":{\"@id\":\"https:\\\/\\\/super-news.info\\\/mx\\\/#\\\/schema\\\/person\\\/74b71ca3d407439fd57da2d9c89449ca\"},\"breadcrumb\":{\"@id\":\"https:\\\/\\\/super-news.info\\\/mx\\\/candil-de-la-calle-oscuridad-de-su-casa\\\/#breadcrumb\"},\"inLanguage\":\"es\",\"potentialAction\":[{\"@type\":\"ReadAction\",\"target\":[\"https:\\\/\\\/super-news.info\\\/mx\\\/candil-de-la-calle-oscuridad-de-su-casa\\\/\"]}]},{\"@type\":\"ImageObject\",\"inLanguage\":\"es\",\"@id\":\"https:\\\/\\\/super-news.info\\\/mx\\\/candil-de-la-calle-oscuridad-de-su-casa\\\/#primaryimage\",\"url\":\"https:\\\/\\\/super-news.info\\\/mx\\\/wp-content\\\/uploads\\\/sites\\\/8\\\/2019\\\/04\\\/Las-Cosas-Nuestras-de-Jorge.jpeg\",\"contentUrl\":\"https:\\\/\\\/super-news.info\\\/mx\\\/wp-content\\\/uploads\\\/sites\\\/8\\\/2019\\\/04\\\/Las-Cosas-Nuestras-de-Jorge.jpeg\",\"width\":1776,\"height\":1000,\"caption\":\"Hiram Pe\u00f3n Lara.\"},{\"@type\":\"BreadcrumbList\",\"@id\":\"https:\\\/\\\/super-news.info\\\/mx\\\/candil-de-la-calle-oscuridad-de-su-casa\\\/#breadcrumb\",\"itemListElement\":[{\"@type\":\"ListItem\",\"position\":1,\"name\":\"Home\",\"item\":\"https:\\\/\\\/super-news.info\\\/mx\\\/\"},{\"@type\":\"ListItem\",\"position\":2,\"name\":\"Candil de la calle, oscuridad de su casa\"}]},{\"@type\":\"WebSite\",\"@id\":\"https:\\\/\\\/super-news.info\\\/mx\\\/#website\",\"url\":\"https:\\\/\\\/super-news.info\\\/mx\\\/\",\"name\":\"Super News\",\"description\":\"Super News Mexico\",\"potentialAction\":[{\"@type\":\"SearchAction\",\"target\":{\"@type\":\"EntryPoint\",\"urlTemplate\":\"https:\\\/\\\/super-news.info\\\/mx\\\/?s={search_term_string}\"},\"query-input\":{\"@type\":\"PropertyValueSpecification\",\"valueRequired\":true,\"valueName\":\"search_term_string\"}}],\"inLanguage\":\"es\"},{\"@type\":\"Person\",\"@id\":\"https:\\\/\\\/super-news.info\\\/mx\\\/#\\\/schema\\\/person\\\/74b71ca3d407439fd57da2d9c89449ca\",\"name\":\"mx\",\"image\":{\"@type\":\"ImageObject\",\"inLanguage\":\"es\",\"@id\":\"https:\\\/\\\/secure.gravatar.com\\\/avatar\\\/6374ac65ff69c362a0ae1303d73d69dcd9bd198d62d9861f054a69aaf82c017b?s=96&d=mm&r=g\",\"url\":\"https:\\\/\\\/secure.gravatar.com\\\/avatar\\\/6374ac65ff69c362a0ae1303d73d69dcd9bd198d62d9861f054a69aaf82c017b?s=96&d=mm&r=g\",\"contentUrl\":\"https:\\\/\\\/secure.gravatar.com\\\/avatar\\\/6374ac65ff69c362a0ae1303d73d69dcd9bd198d62d9861f054a69aaf82c017b?s=96&d=mm&r=g\",\"caption\":\"mx\"},\"url\":\"https:\\\/\\\/super-news.info\\\/mx\\\/author\\\/mx\\\/\"}]}<\/script>\n<!-- \/ Yoast SEO plugin. -->","yoast_head_json":{"title":"Candil de la calle, oscuridad de su casa - Super News","robots":{"index":"index","follow":"follow","max-snippet":"max-snippet:-1","max-image-preview":"max-image-preview:large","max-video-preview":"max-video-preview:-1"},"canonical":"https:\/\/super-news.info\/mx\/candil-de-la-calle-oscuridad-de-su-casa\/","og_locale":"es_MX","og_type":"article","og_title":"Candil de la calle, oscuridad de su casa - Super News","og_description":"[ad_1] Hiram Pe\u00f3n Lara.Fuente: Cortes\u00eda En Nuevo Le\u00f3n tenemos una estrategia intersectorial llamada &#8220;Hambre Cero&#8221;, y es fundamental porque tiene el prop\u00f3sito de procurar una adecuada alimentaci\u00f3n a los ni\u00f1os, lo que permite el desenvolvimiento neuronal de los menores. En 2018, nuestro estado mostr\u00f3 resultados favorables en cuanto al crecimiento econ\u00f3mico. Al tercer trimestre del [&hellip;]","og_url":"https:\/\/super-news.info\/mx\/candil-de-la-calle-oscuridad-de-su-casa\/","og_site_name":"Super News","article_published_time":"2019-07-16T18:49:10+00:00","article_modified_time":"2019-07-16T18:49:11+00:00","og_image":[{"width":1776,"height":1000,"url":"https:\/\/super-news.info\/mx\/wp-content\/uploads\/sites\/8\/2019\/04\/Las-Cosas-Nuestras-de-Jorge.jpeg","type":"image\/jpeg"}],"author":"mx","twitter_card":"summary_large_image","twitter_misc":{"Escrito por":"mx","Tiempo de lectura":"4 minutos"},"schema":{"@context":"https:\/\/schema.org","@graph":[{"@type":"Article","@id":"https:\/\/super-news.info\/mx\/candil-de-la-calle-oscuridad-de-su-casa\/#article","isPartOf":{"@id":"https:\/\/super-news.info\/mx\/candil-de-la-calle-oscuridad-de-su-casa\/"},"author":{"name":"mx","@id":"https:\/\/super-news.info\/mx\/#\/schema\/person\/74b71ca3d407439fd57da2d9c89449ca"},"headline":"Candil de la calle, oscuridad de su casa","datePublished":"2019-07-16T18:49:10+00:00","dateModified":"2019-07-16T18:49:11+00:00","mainEntityOfPage":{"@id":"https:\/\/super-news.info\/mx\/candil-de-la-calle-oscuridad-de-su-casa\/"},"wordCount":785,"commentCount":0,"image":{"@id":"https:\/\/super-news.info\/mx\/candil-de-la-calle-oscuridad-de-su-casa\/#primaryimage"},"thumbnailUrl":"https:\/\/super-news.info\/mx\/wp-content\/uploads\/sites\/8\/2019\/04\/Las-Cosas-Nuestras-de-Jorge.jpeg","articleSection":["NOTICIAS FINANCIERAS"],"inLanguage":"es","potentialAction":[{"@type":"CommentAction","name":"Comment","target":["https:\/\/super-news.info\/mx\/candil-de-la-calle-oscuridad-de-su-casa\/#respond"]}]},{"@type":"WebPage","@id":"https:\/\/super-news.info\/mx\/candil-de-la-calle-oscuridad-de-su-casa\/","url":"https:\/\/super-news.info\/mx\/candil-de-la-calle-oscuridad-de-su-casa\/","name":"Candil de la calle, oscuridad de su casa - Super News","isPartOf":{"@id":"https:\/\/super-news.info\/mx\/#website"},"primaryImageOfPage":{"@id":"https:\/\/super-news.info\/mx\/candil-de-la-calle-oscuridad-de-su-casa\/#primaryimage"},"image":{"@id":"https:\/\/super-news.info\/mx\/candil-de-la-calle-oscuridad-de-su-casa\/#primaryimage"},"thumbnailUrl":"https:\/\/super-news.info\/mx\/wp-content\/uploads\/sites\/8\/2019\/04\/Las-Cosas-Nuestras-de-Jorge.jpeg","datePublished":"2019-07-16T18:49:10+00:00","dateModified":"2019-07-16T18:49:11+00:00","author":{"@id":"https:\/\/super-news.info\/mx\/#\/schema\/person\/74b71ca3d407439fd57da2d9c89449ca"},"breadcrumb":{"@id":"https:\/\/super-news.info\/mx\/candil-de-la-calle-oscuridad-de-su-casa\/#breadcrumb"},"inLanguage":"es","potentialAction":[{"@type":"ReadAction","target":["https:\/\/super-news.info\/mx\/candil-de-la-calle-oscuridad-de-su-casa\/"]}]},{"@type":"ImageObject","inLanguage":"es","@id":"https:\/\/super-news.info\/mx\/candil-de-la-calle-oscuridad-de-su-casa\/#primaryimage","url":"https:\/\/super-news.info\/mx\/wp-content\/uploads\/sites\/8\/2019\/04\/Las-Cosas-Nuestras-de-Jorge.jpeg","contentUrl":"https:\/\/super-news.info\/mx\/wp-content\/uploads\/sites\/8\/2019\/04\/Las-Cosas-Nuestras-de-Jorge.jpeg","width":1776,"height":1000,"caption":"Hiram Pe\u00f3n Lara."},{"@type":"BreadcrumbList","@id":"https:\/\/super-news.info\/mx\/candil-de-la-calle-oscuridad-de-su-casa\/#breadcrumb","itemListElement":[{"@type":"ListItem","position":1,"name":"Home","item":"https:\/\/super-news.info\/mx\/"},{"@type":"ListItem","position":2,"name":"Candil de la calle, oscuridad de su casa"}]},{"@type":"WebSite","@id":"https:\/\/super-news.info\/mx\/#website","url":"https:\/\/super-news.info\/mx\/","name":"Super News","description":"Super News Mexico","potentialAction":[{"@type":"SearchAction","target":{"@type":"EntryPoint","urlTemplate":"https:\/\/super-news.info\/mx\/?s={search_term_string}"},"query-input":{"@type":"PropertyValueSpecification","valueRequired":true,"valueName":"search_term_string"}}],"inLanguage":"es"},{"@type":"Person","@id":"https:\/\/super-news.info\/mx\/#\/schema\/person\/74b71ca3d407439fd57da2d9c89449ca","name":"mx","image":{"@type":"ImageObject","inLanguage":"es","@id":"https:\/\/secure.gravatar.com\/avatar\/6374ac65ff69c362a0ae1303d73d69dcd9bd198d62d9861f054a69aaf82c017b?s=96&d=mm&r=g","url":"https:\/\/secure.gravatar.com\/avatar\/6374ac65ff69c362a0ae1303d73d69dcd9bd198d62d9861f054a69aaf82c017b?s=96&d=mm&r=g","contentUrl":"https:\/\/secure.gravatar.com\/avatar\/6374ac65ff69c362a0ae1303d73d69dcd9bd198d62d9861f054a69aaf82c017b?s=96&d=mm&r=g","caption":"mx"},"url":"https:\/\/super-news.info\/mx\/author\/mx\/"}]}},"_links":{"self":[{"href":"https:\/\/super-news.info\/mx\/wp-json\/wp\/v2\/posts\/2410","targetHints":{"allow":["GET"]}}],"collection":[{"href":"https:\/\/super-news.info\/mx\/wp-json\/wp\/v2\/posts"}],"about":[{"href":"https:\/\/super-news.info\/mx\/wp-json\/wp\/v2\/types\/post"}],"author":[{"embeddable":true,"href":"https:\/\/super-news.info\/mx\/wp-json\/wp\/v2\/users\/3"}],"replies":[{"embeddable":true,"href":"https:\/\/super-news.info\/mx\/wp-json\/wp\/v2\/comments?post=2410"}],"version-history":[{"count":1,"href":"https:\/\/super-news.info\/mx\/wp-json\/wp\/v2\/posts\/2410\/revisions"}],"predecessor-version":[{"id":2411,"href":"https:\/\/super-news.info\/mx\/wp-json\/wp\/v2\/posts\/2410\/revisions\/2411"}],"wp:featuredmedia":[{"embeddable":true,"href":"https:\/\/super-news.info\/mx\/wp-json\/wp\/v2\/media\/120"}],"wp:attachment":[{"href":"https:\/\/super-news.info\/mx\/wp-json\/wp\/v2\/media?parent=2410"}],"wp:term":[{"taxonomy":"category","embeddable":true,"href":"https:\/\/super-news.info\/mx\/wp-json\/wp\/v2\/categories?post=2410"},{"taxonomy":"post_tag","embeddable":true,"href":"https:\/\/super-news.info\/mx\/wp-json\/wp\/v2\/tags?post=2410"}],"curies":[{"name":"wp","href":"https:\/\/api.w.org\/{rel}","templated":true}]}}