{"id":2407,"date":"2019-07-16T18:02:23","date_gmt":"2019-07-16T18:02:23","guid":{"rendered":"https:\/\/super-news.info\/mx\/como-va-el-combate-al-incendio-en-sian-kaan-quintana-roo\/"},"modified":"2019-07-16T18:02:24","modified_gmt":"2019-07-16T18:02:24","slug":"como-va-el-combate-al-incendio-en-sian-kaan-quintana-roo","status":"publish","type":"post","link":"https:\/\/super-news.info\/mx\/como-va-el-combate-al-incendio-en-sian-kaan-quintana-roo\/","title":{"rendered":"C\u00f3mo va el combate al incendio en Sian Ka&#039;an, Quintana Roo"},"content":{"rendered":"<p> [ad_1]<br \/>\n<\/p>\n<p class=\"paragraph\" data-count=\"325\" data-wrap=\"52\">Felipe Carrillo Puerto.- Los trabajos que realizan las diferentes brigadas permiten que en este momento se encuentre bajo control el 45 por ciento del incendio &#8220;Muyil&#8221; y se detuvo el avance del fuego en el noroeste donde la velocidad de propagaci\u00f3n era muy r\u00e1pida, inform\u00f3 el\u00a0Centro Estatal de Control de Incendio Forestales.<\/p>\n<p class=\"paragraph\" data-count=\"170\" data-wrap=\"30\">En su m\u00e1s reciente recuento, se confirma la cifra de 2 mil 500 hect\u00e1reas de afectaci\u00f3n, que las\u00a0brigadas avanzaron con 3 mil metros de brecha y 300 metros de liquidaci\u00f3n.<\/p>\n<p class=\"paragraph\" data-count=\"152\" data-wrap=\"26\">En el resumen de la actividad del lunes, destaca que se\u00a0detuvo el avance del incidente en el noroeste donde la velocidad de propagaci\u00f3n era muy r\u00e1pida.\u00a0<\/p>\n<p class=\"paragraph\" data-count=\"87\" data-wrap=\"13\">El trabajo se concentr\u00f3 mediante 21 descargas con un helic\u00f3ptero mediante el helibalde.<\/p>\n<p class=\"paragraph\" data-count=\"306\" data-wrap=\"47\">Asimismo, se puntualiz\u00f3 que la\u00a0conflagraci\u00f3n por encontrarse al interior de una de las zonas del Complejo Sian Ka\u2019an, fue registrada en el Fire Information for Resource Management System (FIRMS) y confirmado de manera visual a trav\u00e9s de una brigada conformada por personal del \u00c1rea Natural Protegida (ANP).<\/p>\n<p class=\"paragraph\" data-count=\"0\" data-wrap=\"1\">\n<div class=\"image__block -side\">\n<figure><\/figure>\n<p><span class=\"element__footer\">Los trabajos para combatir el fuego se mantienen desde el fin de semana.<\/span><span class=\"element__credit\">Tomada de @CONAFOR<\/span><\/div>\n<p class=\"paragraph\" data-count=\"241\" data-wrap=\"36\">Ademas, para caracterizar el incendio,\u00a0 se\u00a0realiz\u00f3 un sobre vuelo conjunto en la zona en el que participaron las comisiones Nacional Forestal (Conafor) y de \u00c1reas Naturales Protegidas (Conanp), as\u00ed como personal del Gobierno de Quintana Roo.<\/p>\n<p class=\"paragraph\" data-count=\"115\" data-wrap=\"17\">El reporte precisa que el\u00a0incidente a\u00fan presenta puntos muy activos pero la velocidad de propagaci\u00f3n ha disminuido.<\/p>\n<p class=\"paragraph\" data-count=\"241\" data-wrap=\"38\">Adem\u00e1s, puntualiza que el\u00a0per\u00edmetro noroeste de aproximadamente 5 kil\u00f3metros est\u00e1 pegando a vegetaci\u00f3n clasificada como de selva baja, por lo que se mantiene el apoyo a\u00e9reo de la Fuerza A\u00e9rea de la Secretar\u00eda de la Defensa Nacional (Sedena).<\/p>\n<p class=\"paragraph\" data-count=\"299\" data-wrap=\"51\">Finalmente, las autoridades establecen que se\u00a0combate con ocho elementos de las brigadas de Limones, ocho de X-Hazil Sur y siete de Felipe Carrillo Puerto; 56 elementos de la Conafor, 12 de la Conanp,\u00a0\u00a0seis de la Fuerza A\u00e9rea, 18 del Ej\u00e9rcito y 13 de Protecci\u00f3n Civil, para un total de 128 personas.<\/p>\n<p class=\"paragraph\" data-count=\"246\" data-wrap=\"42\">Este lunes se anunci\u00f3 el cierre provisional hasta nuevo aviso de la zona arqueol\u00f3gica de Muyil. Del mismo modo la Laguna de Muyil se encuentra cerrada a la actividad tur\u00edstica. El muelle se utiliza para las maniobras de los combatientes al fuego.<\/p>\n<p class=\"paragraph\" data-count=\"210\" data-wrap=\"37\">El campo deportivo de Muyil se convirti\u00f3 en el punto de aterrizaje y despegue del helic\u00f3ptero de la Fuerza A\u00e9rea Mexicana que participa en el traslado de los combatientes en el incendio forestal en Sian Ka&#x27; an.<\/p>\n<p>[ad_2]<br \/>\n<br \/><a href=\"https:\/\/www.elfinanciero.com.mx\/rss\/peninsula\/como-va-el-combate-al-incendio-en-sian-kaan-quintana-roo\">Source link <\/a><\/p>\n","protected":false},"excerpt":{"rendered":"<p>[ad_1] Felipe Carrillo Puerto.- Los trabajos que realizan las diferentes brigadas permiten que en este momento se encuentre bajo control el 45 por ciento del incendio &#8220;Muyil&#8221; y se detuvo el avance del fuego en el noroeste donde la velocidad de propagaci\u00f3n era muy r\u00e1pida, inform\u00f3 el\u00a0Centro Estatal de Control de Incendio Forestales. En su [&hellip;]<\/p>\n","protected":false},"author":3,"featured_media":2408,"comment_status":"open","ping_status":"open","sticky":false,"template":"","format":"standard","meta":{"footnotes":""},"categories":[1],"tags":[],"class_list":["post-2407","post","type-post","status-publish","format-standard","has-post-thumbnail","hentry","category-noticias-financieras"],"yoast_head":"<!-- This site is optimized with the Yoast SEO plugin v27.4 - https:\/\/yoast.com\/product\/yoast-seo-wordpress\/ -->\n<title>C\u00f3mo va el combate al incendio en Sian Ka&#039;an, Quintana Roo - Super News<\/title>\n<meta name=\"robots\" content=\"index, follow, max-snippet:-1, max-image-preview:large, max-video-preview:-1\" \/>\n<link rel=\"canonical\" href=\"https:\/\/super-news.info\/mx\/como-va-el-combate-al-incendio-en-sian-kaan-quintana-roo\/\" \/>\n<meta property=\"og:locale\" content=\"es_MX\" \/>\n<meta property=\"og:type\" content=\"article\" \/>\n<meta property=\"og:title\" content=\"C\u00f3mo va el combate al incendio en Sian Ka&#039;an, Quintana Roo - Super News\" \/>\n<meta property=\"og:description\" content=\"[ad_1] Felipe Carrillo Puerto.- Los trabajos que realizan las diferentes brigadas permiten que en este momento se encuentre bajo control el 45 por ciento del incendio &#8220;Muyil&#8221; y se detuvo el avance del fuego en el noroeste donde la velocidad de propagaci\u00f3n era muy r\u00e1pida, inform\u00f3 el\u00a0Centro Estatal de Control de Incendio Forestales. En su [&hellip;]\" \/>\n<meta property=\"og:url\" content=\"https:\/\/super-news.info\/mx\/como-va-el-combate-al-incendio-en-sian-kaan-quintana-roo\/\" \/>\n<meta property=\"og:site_name\" content=\"Super News\" \/>\n<meta property=\"article:published_time\" content=\"2019-07-16T18:02:23+00:00\" \/>\n<meta property=\"article:modified_time\" content=\"2019-07-16T18:02:24+00:00\" \/>\n<meta property=\"og:image\" content=\"https:\/\/super-news.info\/mx\/wp-content\/uploads\/sites\/8\/2019\/07\/C\u00f3mo-va-el-combate-al-incendio-en-Sian-Ka039an-Quintana.jpeg\" \/>\n\t<meta property=\"og:image:width\" content=\"900\" \/>\n\t<meta property=\"og:image:height\" content=\"1200\" \/>\n\t<meta property=\"og:image:type\" content=\"image\/jpeg\" \/>\n<meta name=\"author\" content=\"mx\" \/>\n<meta name=\"twitter:card\" content=\"summary_large_image\" \/>\n<meta name=\"twitter:label1\" content=\"Escrito por\" \/>\n\t<meta name=\"twitter:data1\" content=\"mx\" \/>\n\t<meta name=\"twitter:label2\" content=\"Tiempo de lectura\" \/>\n\t<meta name=\"twitter:data2\" content=\"2 minutos\" \/>\n<script type=\"application\/ld+json\" class=\"yoast-schema-graph\">{\"@context\":\"https:\\\/\\\/schema.org\",\"@graph\":[{\"@type\":\"Article\",\"@id\":\"https:\\\/\\\/super-news.info\\\/mx\\\/como-va-el-combate-al-incendio-en-sian-kaan-quintana-roo\\\/#article\",\"isPartOf\":{\"@id\":\"https:\\\/\\\/super-news.info\\\/mx\\\/como-va-el-combate-al-incendio-en-sian-kaan-quintana-roo\\\/\"},\"author\":{\"name\":\"mx\",\"@id\":\"https:\\\/\\\/super-news.info\\\/mx\\\/#\\\/schema\\\/person\\\/74b71ca3d407439fd57da2d9c89449ca\"},\"headline\":\"C\u00f3mo va el combate al incendio en Sian Ka&#039;an, Quintana Roo\",\"datePublished\":\"2019-07-16T18:02:23+00:00\",\"dateModified\":\"2019-07-16T18:02:24+00:00\",\"mainEntityOfPage\":{\"@id\":\"https:\\\/\\\/super-news.info\\\/mx\\\/como-va-el-combate-al-incendio-en-sian-kaan-quintana-roo\\\/\"},\"wordCount\":449,\"commentCount\":0,\"image\":{\"@id\":\"https:\\\/\\\/super-news.info\\\/mx\\\/como-va-el-combate-al-incendio-en-sian-kaan-quintana-roo\\\/#primaryimage\"},\"thumbnailUrl\":\"https:\\\/\\\/super-news.info\\\/mx\\\/wp-content\\\/uploads\\\/sites\\\/8\\\/2019\\\/07\\\/C\u00f3mo-va-el-combate-al-incendio-en-Sian-Ka039an-Quintana.jpeg\",\"articleSection\":[\"NOTICIAS FINANCIERAS\"],\"inLanguage\":\"es\",\"potentialAction\":[{\"@type\":\"CommentAction\",\"name\":\"Comment\",\"target\":[\"https:\\\/\\\/super-news.info\\\/mx\\\/como-va-el-combate-al-incendio-en-sian-kaan-quintana-roo\\\/#respond\"]}]},{\"@type\":\"WebPage\",\"@id\":\"https:\\\/\\\/super-news.info\\\/mx\\\/como-va-el-combate-al-incendio-en-sian-kaan-quintana-roo\\\/\",\"url\":\"https:\\\/\\\/super-news.info\\\/mx\\\/como-va-el-combate-al-incendio-en-sian-kaan-quintana-roo\\\/\",\"name\":\"C\u00f3mo va el combate al incendio en Sian Ka&#039;an, Quintana Roo - Super News\",\"isPartOf\":{\"@id\":\"https:\\\/\\\/super-news.info\\\/mx\\\/#website\"},\"primaryImageOfPage\":{\"@id\":\"https:\\\/\\\/super-news.info\\\/mx\\\/como-va-el-combate-al-incendio-en-sian-kaan-quintana-roo\\\/#primaryimage\"},\"image\":{\"@id\":\"https:\\\/\\\/super-news.info\\\/mx\\\/como-va-el-combate-al-incendio-en-sian-kaan-quintana-roo\\\/#primaryimage\"},\"thumbnailUrl\":\"https:\\\/\\\/super-news.info\\\/mx\\\/wp-content\\\/uploads\\\/sites\\\/8\\\/2019\\\/07\\\/C\u00f3mo-va-el-combate-al-incendio-en-Sian-Ka039an-Quintana.jpeg\",\"datePublished\":\"2019-07-16T18:02:23+00:00\",\"dateModified\":\"2019-07-16T18:02:24+00:00\",\"author\":{\"@id\":\"https:\\\/\\\/super-news.info\\\/mx\\\/#\\\/schema\\\/person\\\/74b71ca3d407439fd57da2d9c89449ca\"},\"breadcrumb\":{\"@id\":\"https:\\\/\\\/super-news.info\\\/mx\\\/como-va-el-combate-al-incendio-en-sian-kaan-quintana-roo\\\/#breadcrumb\"},\"inLanguage\":\"es\",\"potentialAction\":[{\"@type\":\"ReadAction\",\"target\":[\"https:\\\/\\\/super-news.info\\\/mx\\\/como-va-el-combate-al-incendio-en-sian-kaan-quintana-roo\\\/\"]}]},{\"@type\":\"ImageObject\",\"inLanguage\":\"es\",\"@id\":\"https:\\\/\\\/super-news.info\\\/mx\\\/como-va-el-combate-al-incendio-en-sian-kaan-quintana-roo\\\/#primaryimage\",\"url\":\"https:\\\/\\\/super-news.info\\\/mx\\\/wp-content\\\/uploads\\\/sites\\\/8\\\/2019\\\/07\\\/C\u00f3mo-va-el-combate-al-incendio-en-Sian-Ka039an-Quintana.jpeg\",\"contentUrl\":\"https:\\\/\\\/super-news.info\\\/mx\\\/wp-content\\\/uploads\\\/sites\\\/8\\\/2019\\\/07\\\/C\u00f3mo-va-el-combate-al-incendio-en-Sian-Ka039an-Quintana.jpeg\",\"width\":900,\"height\":1200,\"caption\":\"Los trabajos para combatir el fuego se mantienen desde el fin de semana.\"},{\"@type\":\"BreadcrumbList\",\"@id\":\"https:\\\/\\\/super-news.info\\\/mx\\\/como-va-el-combate-al-incendio-en-sian-kaan-quintana-roo\\\/#breadcrumb\",\"itemListElement\":[{\"@type\":\"ListItem\",\"position\":1,\"name\":\"Home\",\"item\":\"https:\\\/\\\/super-news.info\\\/mx\\\/\"},{\"@type\":\"ListItem\",\"position\":2,\"name\":\"C\u00f3mo va el combate al incendio en Sian Ka&#039;an, Quintana Roo\"}]},{\"@type\":\"WebSite\",\"@id\":\"https:\\\/\\\/super-news.info\\\/mx\\\/#website\",\"url\":\"https:\\\/\\\/super-news.info\\\/mx\\\/\",\"name\":\"Super News\",\"description\":\"Super News Mexico\",\"potentialAction\":[{\"@type\":\"SearchAction\",\"target\":{\"@type\":\"EntryPoint\",\"urlTemplate\":\"https:\\\/\\\/super-news.info\\\/mx\\\/?s={search_term_string}\"},\"query-input\":{\"@type\":\"PropertyValueSpecification\",\"valueRequired\":true,\"valueName\":\"search_term_string\"}}],\"inLanguage\":\"es\"},{\"@type\":\"Person\",\"@id\":\"https:\\\/\\\/super-news.info\\\/mx\\\/#\\\/schema\\\/person\\\/74b71ca3d407439fd57da2d9c89449ca\",\"name\":\"mx\",\"image\":{\"@type\":\"ImageObject\",\"inLanguage\":\"es\",\"@id\":\"https:\\\/\\\/secure.gravatar.com\\\/avatar\\\/6374ac65ff69c362a0ae1303d73d69dcd9bd198d62d9861f054a69aaf82c017b?s=96&d=mm&r=g\",\"url\":\"https:\\\/\\\/secure.gravatar.com\\\/avatar\\\/6374ac65ff69c362a0ae1303d73d69dcd9bd198d62d9861f054a69aaf82c017b?s=96&d=mm&r=g\",\"contentUrl\":\"https:\\\/\\\/secure.gravatar.com\\\/avatar\\\/6374ac65ff69c362a0ae1303d73d69dcd9bd198d62d9861f054a69aaf82c017b?s=96&d=mm&r=g\",\"caption\":\"mx\"},\"url\":\"https:\\\/\\\/super-news.info\\\/mx\\\/author\\\/mx\\\/\"}]}<\/script>\n<!-- \/ Yoast SEO plugin. -->","yoast_head_json":{"title":"C\u00f3mo va el combate al incendio en Sian Ka&#039;an, Quintana Roo - Super News","robots":{"index":"index","follow":"follow","max-snippet":"max-snippet:-1","max-image-preview":"max-image-preview:large","max-video-preview":"max-video-preview:-1"},"canonical":"https:\/\/super-news.info\/mx\/como-va-el-combate-al-incendio-en-sian-kaan-quintana-roo\/","og_locale":"es_MX","og_type":"article","og_title":"C\u00f3mo va el combate al incendio en Sian Ka&#039;an, Quintana Roo - Super News","og_description":"[ad_1] Felipe Carrillo Puerto.- Los trabajos que realizan las diferentes brigadas permiten que en este momento se encuentre bajo control el 45 por ciento del incendio &#8220;Muyil&#8221; y se detuvo el avance del fuego en el noroeste donde la velocidad de propagaci\u00f3n era muy r\u00e1pida, inform\u00f3 el\u00a0Centro Estatal de Control de Incendio Forestales. En su [&hellip;]","og_url":"https:\/\/super-news.info\/mx\/como-va-el-combate-al-incendio-en-sian-kaan-quintana-roo\/","og_site_name":"Super News","article_published_time":"2019-07-16T18:02:23+00:00","article_modified_time":"2019-07-16T18:02:24+00:00","og_image":[{"width":900,"height":1200,"url":"https:\/\/super-news.info\/mx\/wp-content\/uploads\/sites\/8\/2019\/07\/C\u00f3mo-va-el-combate-al-incendio-en-Sian-Ka039an-Quintana.jpeg","type":"image\/jpeg"}],"author":"mx","twitter_card":"summary_large_image","twitter_misc":{"Escrito por":"mx","Tiempo de lectura":"2 minutos"},"schema":{"@context":"https:\/\/schema.org","@graph":[{"@type":"Article","@id":"https:\/\/super-news.info\/mx\/como-va-el-combate-al-incendio-en-sian-kaan-quintana-roo\/#article","isPartOf":{"@id":"https:\/\/super-news.info\/mx\/como-va-el-combate-al-incendio-en-sian-kaan-quintana-roo\/"},"author":{"name":"mx","@id":"https:\/\/super-news.info\/mx\/#\/schema\/person\/74b71ca3d407439fd57da2d9c89449ca"},"headline":"C\u00f3mo va el combate al incendio en Sian Ka&#039;an, Quintana Roo","datePublished":"2019-07-16T18:02:23+00:00","dateModified":"2019-07-16T18:02:24+00:00","mainEntityOfPage":{"@id":"https:\/\/super-news.info\/mx\/como-va-el-combate-al-incendio-en-sian-kaan-quintana-roo\/"},"wordCount":449,"commentCount":0,"image":{"@id":"https:\/\/super-news.info\/mx\/como-va-el-combate-al-incendio-en-sian-kaan-quintana-roo\/#primaryimage"},"thumbnailUrl":"https:\/\/super-news.info\/mx\/wp-content\/uploads\/sites\/8\/2019\/07\/C\u00f3mo-va-el-combate-al-incendio-en-Sian-Ka039an-Quintana.jpeg","articleSection":["NOTICIAS FINANCIERAS"],"inLanguage":"es","potentialAction":[{"@type":"CommentAction","name":"Comment","target":["https:\/\/super-news.info\/mx\/como-va-el-combate-al-incendio-en-sian-kaan-quintana-roo\/#respond"]}]},{"@type":"WebPage","@id":"https:\/\/super-news.info\/mx\/como-va-el-combate-al-incendio-en-sian-kaan-quintana-roo\/","url":"https:\/\/super-news.info\/mx\/como-va-el-combate-al-incendio-en-sian-kaan-quintana-roo\/","name":"C\u00f3mo va el combate al incendio en Sian Ka&#039;an, Quintana Roo - Super News","isPartOf":{"@id":"https:\/\/super-news.info\/mx\/#website"},"primaryImageOfPage":{"@id":"https:\/\/super-news.info\/mx\/como-va-el-combate-al-incendio-en-sian-kaan-quintana-roo\/#primaryimage"},"image":{"@id":"https:\/\/super-news.info\/mx\/como-va-el-combate-al-incendio-en-sian-kaan-quintana-roo\/#primaryimage"},"thumbnailUrl":"https:\/\/super-news.info\/mx\/wp-content\/uploads\/sites\/8\/2019\/07\/C\u00f3mo-va-el-combate-al-incendio-en-Sian-Ka039an-Quintana.jpeg","datePublished":"2019-07-16T18:02:23+00:00","dateModified":"2019-07-16T18:02:24+00:00","author":{"@id":"https:\/\/super-news.info\/mx\/#\/schema\/person\/74b71ca3d407439fd57da2d9c89449ca"},"breadcrumb":{"@id":"https:\/\/super-news.info\/mx\/como-va-el-combate-al-incendio-en-sian-kaan-quintana-roo\/#breadcrumb"},"inLanguage":"es","potentialAction":[{"@type":"ReadAction","target":["https:\/\/super-news.info\/mx\/como-va-el-combate-al-incendio-en-sian-kaan-quintana-roo\/"]}]},{"@type":"ImageObject","inLanguage":"es","@id":"https:\/\/super-news.info\/mx\/como-va-el-combate-al-incendio-en-sian-kaan-quintana-roo\/#primaryimage","url":"https:\/\/super-news.info\/mx\/wp-content\/uploads\/sites\/8\/2019\/07\/C\u00f3mo-va-el-combate-al-incendio-en-Sian-Ka039an-Quintana.jpeg","contentUrl":"https:\/\/super-news.info\/mx\/wp-content\/uploads\/sites\/8\/2019\/07\/C\u00f3mo-va-el-combate-al-incendio-en-Sian-Ka039an-Quintana.jpeg","width":900,"height":1200,"caption":"Los trabajos para combatir el fuego se mantienen desde el fin de semana."},{"@type":"BreadcrumbList","@id":"https:\/\/super-news.info\/mx\/como-va-el-combate-al-incendio-en-sian-kaan-quintana-roo\/#breadcrumb","itemListElement":[{"@type":"ListItem","position":1,"name":"Home","item":"https:\/\/super-news.info\/mx\/"},{"@type":"ListItem","position":2,"name":"C\u00f3mo va el combate al incendio en Sian Ka&#039;an, Quintana Roo"}]},{"@type":"WebSite","@id":"https:\/\/super-news.info\/mx\/#website","url":"https:\/\/super-news.info\/mx\/","name":"Super News","description":"Super News Mexico","potentialAction":[{"@type":"SearchAction","target":{"@type":"EntryPoint","urlTemplate":"https:\/\/super-news.info\/mx\/?s={search_term_string}"},"query-input":{"@type":"PropertyValueSpecification","valueRequired":true,"valueName":"search_term_string"}}],"inLanguage":"es"},{"@type":"Person","@id":"https:\/\/super-news.info\/mx\/#\/schema\/person\/74b71ca3d407439fd57da2d9c89449ca","name":"mx","image":{"@type":"ImageObject","inLanguage":"es","@id":"https:\/\/secure.gravatar.com\/avatar\/6374ac65ff69c362a0ae1303d73d69dcd9bd198d62d9861f054a69aaf82c017b?s=96&d=mm&r=g","url":"https:\/\/secure.gravatar.com\/avatar\/6374ac65ff69c362a0ae1303d73d69dcd9bd198d62d9861f054a69aaf82c017b?s=96&d=mm&r=g","contentUrl":"https:\/\/secure.gravatar.com\/avatar\/6374ac65ff69c362a0ae1303d73d69dcd9bd198d62d9861f054a69aaf82c017b?s=96&d=mm&r=g","caption":"mx"},"url":"https:\/\/super-news.info\/mx\/author\/mx\/"}]}},"_links":{"self":[{"href":"https:\/\/super-news.info\/mx\/wp-json\/wp\/v2\/posts\/2407","targetHints":{"allow":["GET"]}}],"collection":[{"href":"https:\/\/super-news.info\/mx\/wp-json\/wp\/v2\/posts"}],"about":[{"href":"https:\/\/super-news.info\/mx\/wp-json\/wp\/v2\/types\/post"}],"author":[{"embeddable":true,"href":"https:\/\/super-news.info\/mx\/wp-json\/wp\/v2\/users\/3"}],"replies":[{"embeddable":true,"href":"https:\/\/super-news.info\/mx\/wp-json\/wp\/v2\/comments?post=2407"}],"version-history":[{"count":1,"href":"https:\/\/super-news.info\/mx\/wp-json\/wp\/v2\/posts\/2407\/revisions"}],"predecessor-version":[{"id":2409,"href":"https:\/\/super-news.info\/mx\/wp-json\/wp\/v2\/posts\/2407\/revisions\/2409"}],"wp:featuredmedia":[{"embeddable":true,"href":"https:\/\/super-news.info\/mx\/wp-json\/wp\/v2\/media\/2408"}],"wp:attachment":[{"href":"https:\/\/super-news.info\/mx\/wp-json\/wp\/v2\/media?parent=2407"}],"wp:term":[{"taxonomy":"category","embeddable":true,"href":"https:\/\/super-news.info\/mx\/wp-json\/wp\/v2\/categories?post=2407"},{"taxonomy":"post_tag","embeddable":true,"href":"https:\/\/super-news.info\/mx\/wp-json\/wp\/v2\/tags?post=2407"}],"curies":[{"name":"wp","href":"https:\/\/api.w.org\/{rel}","templated":true}]}}