{"id":2405,"date":"2019-07-16T17:15:10","date_gmt":"2019-07-16T17:15:10","guid":{"rendered":"https:\/\/super-news.info\/mx\/no-debemos-dejar-que-lo-urgente-cancele-lo-estrategico\/"},"modified":"2019-07-16T17:15:11","modified_gmt":"2019-07-16T17:15:11","slug":"no-debemos-dejar-que-lo-urgente-cancele-lo-estrategico","status":"publish","type":"post","link":"https:\/\/super-news.info\/mx\/no-debemos-dejar-que-lo-urgente-cancele-lo-estrategico\/","title":{"rendered":"No debemos dejar que lo urgente cancele lo estrat\u00e9gico"},"content":{"rendered":"<p> [ad_1]<br \/>\n<\/p>\n<div class=\"image__block -side\">\n<figure><\/figure>\n<p><span class=\"element__footer\">Pablo de la Pe\u00f1a S\u00e1nchez.<\/span><span class=\"element__credit\">Fuente: cortes\u00eda<\/span><\/div>\n<p class=\"paragraph\" data-count=\"430\" data-wrap=\"71\">En d\u00edas pasados un buen amigo y yo estuvimos repasando los \u00faltimos acontecimientos pol\u00edticos y econ\u00f3micos del pa\u00eds. Iniciando, como era de esperar, por el an\u00e1lisis de las razones expuestas por <strong>Carlos Urz\u00faa <\/strong>en su carta de renuncia a la Secretar\u00eda de Hacienda, coincidimos en que esa carta es un resumen conciso de lo que se observa desde afuera, particularmente la toma de decisiones de pol\u00edtica p\u00fablica sin el suficiente sustento.<\/p>\n<p class=\"paragraph\" data-count=\"406\" data-wrap=\"61\">El presidente L\u00f3pez Obrador dej\u00f3 ver en la presentaci\u00f3n de <strong>Arturo Herrera<\/strong> como nuevo Secretario de Hacienda, que las decisiones del gobierno federal responden a una estrategia de transformaci\u00f3n y cambio de r\u00e9gimen. Sin embargo, para otros ojos menos cr\u00e9dulos nos parece que son decisiones voluntariosas cuyos efectos ser\u00e1n negativos para el balance p\u00fablico y potencialmente para la competitividad del pa\u00eds.<\/p>\n<p class=\"paragraph\" data-count=\"426\" data-wrap=\"77\">Sin lugar a duda, el modelo econ\u00f3mico mexicano ha sido inefectivo en su tarea de reducir la <strong>excesiva brecha econ\u00f3mica y educativa<\/strong> que tenemos en el pa\u00eds. El <strong>problema social en M\u00e9xico<\/strong> no se particulariza meramente por la diferencia entre los que ganan mucho y los que ganan poco por el producto de su trabajo; sino tambi\u00e9n por la escasa, y en muchas ocasiones nula, educaci\u00f3n de calidad que tenemos a lo largo y ancho del pa\u00eds.<\/p>\n<p class=\"paragraph\" data-count=\"442\" data-wrap=\"74\">La deficiencia educativa genera distorsiones en las oportunidades econ\u00f3micas de los individuos y si no se resuelve puede perpetuar la diferencia social a lo largo de la vida de las personas. Sin embargo, esta deuda social \u2013 a mi parecer \u2013 no es culpa exclusiva del modelo econ\u00f3mico de las<strong> \u00faltimas d\u00e9cadas en nuestro pa\u00eds<\/strong>; sino por el enquistamiento de una estructura pol\u00edtica perversa alimentada por la corrupci\u00f3n desde hace m\u00e1s de 5 d\u00e9cadas.<\/p>\n<p class=\"paragraph\" data-count=\"623\" data-wrap=\"100\">No importa cu\u00e1l sea el sistema o modelo econ\u00f3mico, la corrupci\u00f3n es el veneno para el funcionamiento efectivo de cualquier modelo econ\u00f3mico. No importa que se implemente un<strong> cambio de r\u00e9gimen con la 4T<\/strong>, si la corrupci\u00f3n persiste tampoco tendr\u00e1 los resultados deseados. Es muy loable poner m\u00e1s atenci\u00f3n en resolver las necesidades sociales del pa\u00eds, es indispensable eliminar las fugas econ\u00f3micas causadas por la corrupci\u00f3n, y es necesario llevar educaci\u00f3n de calidad a quienes carecen de ella, pero no podemos perder de vista que M\u00e9xico est\u00e1 inmerso en un mundo cada vez m\u00e1s competido, m\u00e1s demandante y m\u00e1s interdependiente.<\/p>\n<p class=\"paragraph\" data-count=\"752\" data-wrap=\"119\">Justo discut\u00edamos esto cuando mi compa\u00f1ero de reflexi\u00f3n me dijo \u2013 precisamente por eso, no podemos dejar que lo urgente cancele lo estrat\u00e9gico. La frase reson\u00f3 fuertemente en mi porque justo hab\u00eda estado revisando el Plan Nacional de Desarrollo 2019-2024 recientemente publicado en el <strong>Diario Oficial de la Federaci\u00f3n, <\/strong>mismo que apareci\u00f3 en la Gaceta Parlamentaria de la C\u00e1mara de Diputados el 30 de abril, en el cual se enfatizan dos cosas; una cr\u00edtica al modelo econ\u00f3mico neoliberal, pero sin reconocer que dicho modelo fue resultado de la ineficiencia del modelo centralista, paternalista y presuntamente de bienestar que nos dej\u00f3 el PRI; y dos, una enf\u00e1tica ideolog\u00eda pol\u00edtica rescatista sin congruencia econ\u00f3mica y mucho menos con visi\u00f3n de futuro.<\/p>\n<p class=\"paragraph\" data-count=\"314\" data-wrap=\"52\">Es indispensable atender las necesidades sociales de nuestro pa\u00eds, sin duda; pero hay que hacerlo mirando hacia el futuro y no con la vista en el espejo retrovisor; y m\u00e1s importante a\u00fan, hay que<strong> asegurar tener recursos econ\u00f3micos suficientes <\/strong>para no menguar la capacidad productiva y competitiva de nuestro pa\u00eds.  <\/p>\n<p class=\"paragraph\" data-count=\"106\" data-wrap=\"20\"><em>El autor es Decano de la Regi\u00f3n Norte de la Escuela de Ciencias Sociales y Gobierno, del Tec de Monterrey.<\/em><\/p>\n<p class=\"paragraph\" data-count=\"28\" data-wrap=\"3\">Opine usted: ppenia@itsem.mx<\/p>\n<p class=\"paragraph\" data-count=\"178\" data-wrap=\"27\"><strong>Esta es una columna de opini\u00f3n. Las expresiones aqu\u00ed vertidas son responsabilidad \u00fanicamente de quien la firma y no necesariamente reflejan la postura editorial de El Financiero.<\/strong><\/p>\n<p>[ad_2]<br \/>\n<br \/><a href=\"https:\/\/www.elfinanciero.com.mx\/rss\/monterrey\/no-debemos-dejar-que-lo-urgente-cancele-lo-estrategico\">Source link <\/a><\/p>\n","protected":false},"excerpt":{"rendered":"<p>[ad_1] Pablo de la Pe\u00f1a S\u00e1nchez.Fuente: cortes\u00eda En d\u00edas pasados un buen amigo y yo estuvimos repasando los \u00faltimos acontecimientos pol\u00edticos y econ\u00f3micos del pa\u00eds. Iniciando, como era de esperar, por el an\u00e1lisis de las razones expuestas por Carlos Urz\u00faa en su carta de renuncia a la Secretar\u00eda de Hacienda, coincidimos en que esa carta [&hellip;]<\/p>\n","protected":false},"author":3,"featured_media":1933,"comment_status":"open","ping_status":"open","sticky":false,"template":"","format":"standard","meta":{"footnotes":""},"categories":[1],"tags":[],"class_list":["post-2405","post","type-post","status-publish","format-standard","has-post-thumbnail","hentry","category-noticias-financieras"],"yoast_head":"<!-- This site is optimized with the Yoast SEO plugin v27.4 - https:\/\/yoast.com\/product\/yoast-seo-wordpress\/ -->\n<title>No debemos dejar que lo urgente cancele lo estrat\u00e9gico - Super News<\/title>\n<meta name=\"robots\" content=\"index, follow, max-snippet:-1, max-image-preview:large, max-video-preview:-1\" \/>\n<link rel=\"canonical\" href=\"https:\/\/super-news.info\/mx\/no-debemos-dejar-que-lo-urgente-cancele-lo-estrategico\/\" \/>\n<meta property=\"og:locale\" content=\"es_MX\" \/>\n<meta property=\"og:type\" content=\"article\" \/>\n<meta property=\"og:title\" content=\"No debemos dejar que lo urgente cancele lo estrat\u00e9gico - Super News\" \/>\n<meta property=\"og:description\" content=\"[ad_1] Pablo de la Pe\u00f1a S\u00e1nchez.Fuente: cortes\u00eda En d\u00edas pasados un buen amigo y yo estuvimos repasando los \u00faltimos acontecimientos pol\u00edticos y econ\u00f3micos del pa\u00eds. Iniciando, como era de esperar, por el an\u00e1lisis de las razones expuestas por Carlos Urz\u00faa en su carta de renuncia a la Secretar\u00eda de Hacienda, coincidimos en que esa carta [&hellip;]\" \/>\n<meta property=\"og:url\" content=\"https:\/\/super-news.info\/mx\/no-debemos-dejar-que-lo-urgente-cancele-lo-estrategico\/\" \/>\n<meta property=\"og:site_name\" content=\"Super News\" \/>\n<meta property=\"article:published_time\" content=\"2019-07-16T17:15:10+00:00\" \/>\n<meta property=\"article:modified_time\" content=\"2019-07-16T17:15:11+00:00\" \/>\n<meta property=\"og:image\" content=\"https:\/\/super-news.info\/mx\/wp-content\/uploads\/sites\/8\/2019\/07\/Micros-y-peque\u00f1as-empresas-la-base-para-generar-empleos.jpeg\" \/>\n\t<meta property=\"og:image:width\" content=\"1776\" \/>\n\t<meta property=\"og:image:height\" content=\"1000\" \/>\n\t<meta property=\"og:image:type\" content=\"image\/jpeg\" \/>\n<meta name=\"author\" content=\"mx\" \/>\n<meta name=\"twitter:card\" content=\"summary_large_image\" \/>\n<meta name=\"twitter:label1\" content=\"Escrito por\" \/>\n\t<meta name=\"twitter:data1\" content=\"mx\" \/>\n\t<meta name=\"twitter:label2\" content=\"Tiempo de lectura\" \/>\n\t<meta name=\"twitter:data2\" content=\"3 minutos\" \/>\n<script type=\"application\/ld+json\" class=\"yoast-schema-graph\">{\"@context\":\"https:\\\/\\\/schema.org\",\"@graph\":[{\"@type\":\"Article\",\"@id\":\"https:\\\/\\\/super-news.info\\\/mx\\\/no-debemos-dejar-que-lo-urgente-cancele-lo-estrategico\\\/#article\",\"isPartOf\":{\"@id\":\"https:\\\/\\\/super-news.info\\\/mx\\\/no-debemos-dejar-que-lo-urgente-cancele-lo-estrategico\\\/\"},\"author\":{\"name\":\"mx\",\"@id\":\"https:\\\/\\\/super-news.info\\\/mx\\\/#\\\/schema\\\/person\\\/74b71ca3d407439fd57da2d9c89449ca\"},\"headline\":\"No debemos dejar que lo urgente cancele lo estrat\u00e9gico\",\"datePublished\":\"2019-07-16T17:15:10+00:00\",\"dateModified\":\"2019-07-16T17:15:11+00:00\",\"mainEntityOfPage\":{\"@id\":\"https:\\\/\\\/super-news.info\\\/mx\\\/no-debemos-dejar-que-lo-urgente-cancele-lo-estrategico\\\/\"},\"wordCount\":692,\"commentCount\":0,\"image\":{\"@id\":\"https:\\\/\\\/super-news.info\\\/mx\\\/no-debemos-dejar-que-lo-urgente-cancele-lo-estrategico\\\/#primaryimage\"},\"thumbnailUrl\":\"https:\\\/\\\/super-news.info\\\/mx\\\/wp-content\\\/uploads\\\/sites\\\/8\\\/2019\\\/07\\\/Micros-y-peque\u00f1as-empresas-la-base-para-generar-empleos.jpeg\",\"articleSection\":[\"NOTICIAS FINANCIERAS\"],\"inLanguage\":\"es\",\"potentialAction\":[{\"@type\":\"CommentAction\",\"name\":\"Comment\",\"target\":[\"https:\\\/\\\/super-news.info\\\/mx\\\/no-debemos-dejar-que-lo-urgente-cancele-lo-estrategico\\\/#respond\"]}]},{\"@type\":\"WebPage\",\"@id\":\"https:\\\/\\\/super-news.info\\\/mx\\\/no-debemos-dejar-que-lo-urgente-cancele-lo-estrategico\\\/\",\"url\":\"https:\\\/\\\/super-news.info\\\/mx\\\/no-debemos-dejar-que-lo-urgente-cancele-lo-estrategico\\\/\",\"name\":\"No debemos dejar que lo urgente cancele lo estrat\u00e9gico - Super News\",\"isPartOf\":{\"@id\":\"https:\\\/\\\/super-news.info\\\/mx\\\/#website\"},\"primaryImageOfPage\":{\"@id\":\"https:\\\/\\\/super-news.info\\\/mx\\\/no-debemos-dejar-que-lo-urgente-cancele-lo-estrategico\\\/#primaryimage\"},\"image\":{\"@id\":\"https:\\\/\\\/super-news.info\\\/mx\\\/no-debemos-dejar-que-lo-urgente-cancele-lo-estrategico\\\/#primaryimage\"},\"thumbnailUrl\":\"https:\\\/\\\/super-news.info\\\/mx\\\/wp-content\\\/uploads\\\/sites\\\/8\\\/2019\\\/07\\\/Micros-y-peque\u00f1as-empresas-la-base-para-generar-empleos.jpeg\",\"datePublished\":\"2019-07-16T17:15:10+00:00\",\"dateModified\":\"2019-07-16T17:15:11+00:00\",\"author\":{\"@id\":\"https:\\\/\\\/super-news.info\\\/mx\\\/#\\\/schema\\\/person\\\/74b71ca3d407439fd57da2d9c89449ca\"},\"breadcrumb\":{\"@id\":\"https:\\\/\\\/super-news.info\\\/mx\\\/no-debemos-dejar-que-lo-urgente-cancele-lo-estrategico\\\/#breadcrumb\"},\"inLanguage\":\"es\",\"potentialAction\":[{\"@type\":\"ReadAction\",\"target\":[\"https:\\\/\\\/super-news.info\\\/mx\\\/no-debemos-dejar-que-lo-urgente-cancele-lo-estrategico\\\/\"]}]},{\"@type\":\"ImageObject\",\"inLanguage\":\"es\",\"@id\":\"https:\\\/\\\/super-news.info\\\/mx\\\/no-debemos-dejar-que-lo-urgente-cancele-lo-estrategico\\\/#primaryimage\",\"url\":\"https:\\\/\\\/super-news.info\\\/mx\\\/wp-content\\\/uploads\\\/sites\\\/8\\\/2019\\\/07\\\/Micros-y-peque\u00f1as-empresas-la-base-para-generar-empleos.jpeg\",\"contentUrl\":\"https:\\\/\\\/super-news.info\\\/mx\\\/wp-content\\\/uploads\\\/sites\\\/8\\\/2019\\\/07\\\/Micros-y-peque\u00f1as-empresas-la-base-para-generar-empleos.jpeg\",\"width\":1776,\"height\":1000,\"caption\":\"Micros y peque\u00f1as empresas, la base para generar empleos\"},{\"@type\":\"BreadcrumbList\",\"@id\":\"https:\\\/\\\/super-news.info\\\/mx\\\/no-debemos-dejar-que-lo-urgente-cancele-lo-estrategico\\\/#breadcrumb\",\"itemListElement\":[{\"@type\":\"ListItem\",\"position\":1,\"name\":\"Home\",\"item\":\"https:\\\/\\\/super-news.info\\\/mx\\\/\"},{\"@type\":\"ListItem\",\"position\":2,\"name\":\"No debemos dejar que lo urgente cancele lo estrat\u00e9gico\"}]},{\"@type\":\"WebSite\",\"@id\":\"https:\\\/\\\/super-news.info\\\/mx\\\/#website\",\"url\":\"https:\\\/\\\/super-news.info\\\/mx\\\/\",\"name\":\"Super News\",\"description\":\"Super News Mexico\",\"potentialAction\":[{\"@type\":\"SearchAction\",\"target\":{\"@type\":\"EntryPoint\",\"urlTemplate\":\"https:\\\/\\\/super-news.info\\\/mx\\\/?s={search_term_string}\"},\"query-input\":{\"@type\":\"PropertyValueSpecification\",\"valueRequired\":true,\"valueName\":\"search_term_string\"}}],\"inLanguage\":\"es\"},{\"@type\":\"Person\",\"@id\":\"https:\\\/\\\/super-news.info\\\/mx\\\/#\\\/schema\\\/person\\\/74b71ca3d407439fd57da2d9c89449ca\",\"name\":\"mx\",\"image\":{\"@type\":\"ImageObject\",\"inLanguage\":\"es\",\"@id\":\"https:\\\/\\\/secure.gravatar.com\\\/avatar\\\/6374ac65ff69c362a0ae1303d73d69dcd9bd198d62d9861f054a69aaf82c017b?s=96&d=mm&r=g\",\"url\":\"https:\\\/\\\/secure.gravatar.com\\\/avatar\\\/6374ac65ff69c362a0ae1303d73d69dcd9bd198d62d9861f054a69aaf82c017b?s=96&d=mm&r=g\",\"contentUrl\":\"https:\\\/\\\/secure.gravatar.com\\\/avatar\\\/6374ac65ff69c362a0ae1303d73d69dcd9bd198d62d9861f054a69aaf82c017b?s=96&d=mm&r=g\",\"caption\":\"mx\"},\"url\":\"https:\\\/\\\/super-news.info\\\/mx\\\/author\\\/mx\\\/\"}]}<\/script>\n<!-- \/ Yoast SEO plugin. -->","yoast_head_json":{"title":"No debemos dejar que lo urgente cancele lo estrat\u00e9gico - Super News","robots":{"index":"index","follow":"follow","max-snippet":"max-snippet:-1","max-image-preview":"max-image-preview:large","max-video-preview":"max-video-preview:-1"},"canonical":"https:\/\/super-news.info\/mx\/no-debemos-dejar-que-lo-urgente-cancele-lo-estrategico\/","og_locale":"es_MX","og_type":"article","og_title":"No debemos dejar que lo urgente cancele lo estrat\u00e9gico - Super News","og_description":"[ad_1] Pablo de la Pe\u00f1a S\u00e1nchez.Fuente: cortes\u00eda En d\u00edas pasados un buen amigo y yo estuvimos repasando los \u00faltimos acontecimientos pol\u00edticos y econ\u00f3micos del pa\u00eds. Iniciando, como era de esperar, por el an\u00e1lisis de las razones expuestas por Carlos Urz\u00faa en su carta de renuncia a la Secretar\u00eda de Hacienda, coincidimos en que esa carta [&hellip;]","og_url":"https:\/\/super-news.info\/mx\/no-debemos-dejar-que-lo-urgente-cancele-lo-estrategico\/","og_site_name":"Super News","article_published_time":"2019-07-16T17:15:10+00:00","article_modified_time":"2019-07-16T17:15:11+00:00","og_image":[{"width":1776,"height":1000,"url":"https:\/\/super-news.info\/mx\/wp-content\/uploads\/sites\/8\/2019\/07\/Micros-y-peque\u00f1as-empresas-la-base-para-generar-empleos.jpeg","type":"image\/jpeg"}],"author":"mx","twitter_card":"summary_large_image","twitter_misc":{"Escrito por":"mx","Tiempo de lectura":"3 minutos"},"schema":{"@context":"https:\/\/schema.org","@graph":[{"@type":"Article","@id":"https:\/\/super-news.info\/mx\/no-debemos-dejar-que-lo-urgente-cancele-lo-estrategico\/#article","isPartOf":{"@id":"https:\/\/super-news.info\/mx\/no-debemos-dejar-que-lo-urgente-cancele-lo-estrategico\/"},"author":{"name":"mx","@id":"https:\/\/super-news.info\/mx\/#\/schema\/person\/74b71ca3d407439fd57da2d9c89449ca"},"headline":"No debemos dejar que lo urgente cancele lo estrat\u00e9gico","datePublished":"2019-07-16T17:15:10+00:00","dateModified":"2019-07-16T17:15:11+00:00","mainEntityOfPage":{"@id":"https:\/\/super-news.info\/mx\/no-debemos-dejar-que-lo-urgente-cancele-lo-estrategico\/"},"wordCount":692,"commentCount":0,"image":{"@id":"https:\/\/super-news.info\/mx\/no-debemos-dejar-que-lo-urgente-cancele-lo-estrategico\/#primaryimage"},"thumbnailUrl":"https:\/\/super-news.info\/mx\/wp-content\/uploads\/sites\/8\/2019\/07\/Micros-y-peque\u00f1as-empresas-la-base-para-generar-empleos.jpeg","articleSection":["NOTICIAS FINANCIERAS"],"inLanguage":"es","potentialAction":[{"@type":"CommentAction","name":"Comment","target":["https:\/\/super-news.info\/mx\/no-debemos-dejar-que-lo-urgente-cancele-lo-estrategico\/#respond"]}]},{"@type":"WebPage","@id":"https:\/\/super-news.info\/mx\/no-debemos-dejar-que-lo-urgente-cancele-lo-estrategico\/","url":"https:\/\/super-news.info\/mx\/no-debemos-dejar-que-lo-urgente-cancele-lo-estrategico\/","name":"No debemos dejar que lo urgente cancele lo estrat\u00e9gico - Super News","isPartOf":{"@id":"https:\/\/super-news.info\/mx\/#website"},"primaryImageOfPage":{"@id":"https:\/\/super-news.info\/mx\/no-debemos-dejar-que-lo-urgente-cancele-lo-estrategico\/#primaryimage"},"image":{"@id":"https:\/\/super-news.info\/mx\/no-debemos-dejar-que-lo-urgente-cancele-lo-estrategico\/#primaryimage"},"thumbnailUrl":"https:\/\/super-news.info\/mx\/wp-content\/uploads\/sites\/8\/2019\/07\/Micros-y-peque\u00f1as-empresas-la-base-para-generar-empleos.jpeg","datePublished":"2019-07-16T17:15:10+00:00","dateModified":"2019-07-16T17:15:11+00:00","author":{"@id":"https:\/\/super-news.info\/mx\/#\/schema\/person\/74b71ca3d407439fd57da2d9c89449ca"},"breadcrumb":{"@id":"https:\/\/super-news.info\/mx\/no-debemos-dejar-que-lo-urgente-cancele-lo-estrategico\/#breadcrumb"},"inLanguage":"es","potentialAction":[{"@type":"ReadAction","target":["https:\/\/super-news.info\/mx\/no-debemos-dejar-que-lo-urgente-cancele-lo-estrategico\/"]}]},{"@type":"ImageObject","inLanguage":"es","@id":"https:\/\/super-news.info\/mx\/no-debemos-dejar-que-lo-urgente-cancele-lo-estrategico\/#primaryimage","url":"https:\/\/super-news.info\/mx\/wp-content\/uploads\/sites\/8\/2019\/07\/Micros-y-peque\u00f1as-empresas-la-base-para-generar-empleos.jpeg","contentUrl":"https:\/\/super-news.info\/mx\/wp-content\/uploads\/sites\/8\/2019\/07\/Micros-y-peque\u00f1as-empresas-la-base-para-generar-empleos.jpeg","width":1776,"height":1000,"caption":"Micros y peque\u00f1as empresas, la base para generar empleos"},{"@type":"BreadcrumbList","@id":"https:\/\/super-news.info\/mx\/no-debemos-dejar-que-lo-urgente-cancele-lo-estrategico\/#breadcrumb","itemListElement":[{"@type":"ListItem","position":1,"name":"Home","item":"https:\/\/super-news.info\/mx\/"},{"@type":"ListItem","position":2,"name":"No debemos dejar que lo urgente cancele lo estrat\u00e9gico"}]},{"@type":"WebSite","@id":"https:\/\/super-news.info\/mx\/#website","url":"https:\/\/super-news.info\/mx\/","name":"Super News","description":"Super News Mexico","potentialAction":[{"@type":"SearchAction","target":{"@type":"EntryPoint","urlTemplate":"https:\/\/super-news.info\/mx\/?s={search_term_string}"},"query-input":{"@type":"PropertyValueSpecification","valueRequired":true,"valueName":"search_term_string"}}],"inLanguage":"es"},{"@type":"Person","@id":"https:\/\/super-news.info\/mx\/#\/schema\/person\/74b71ca3d407439fd57da2d9c89449ca","name":"mx","image":{"@type":"ImageObject","inLanguage":"es","@id":"https:\/\/secure.gravatar.com\/avatar\/6374ac65ff69c362a0ae1303d73d69dcd9bd198d62d9861f054a69aaf82c017b?s=96&d=mm&r=g","url":"https:\/\/secure.gravatar.com\/avatar\/6374ac65ff69c362a0ae1303d73d69dcd9bd198d62d9861f054a69aaf82c017b?s=96&d=mm&r=g","contentUrl":"https:\/\/secure.gravatar.com\/avatar\/6374ac65ff69c362a0ae1303d73d69dcd9bd198d62d9861f054a69aaf82c017b?s=96&d=mm&r=g","caption":"mx"},"url":"https:\/\/super-news.info\/mx\/author\/mx\/"}]}},"_links":{"self":[{"href":"https:\/\/super-news.info\/mx\/wp-json\/wp\/v2\/posts\/2405","targetHints":{"allow":["GET"]}}],"collection":[{"href":"https:\/\/super-news.info\/mx\/wp-json\/wp\/v2\/posts"}],"about":[{"href":"https:\/\/super-news.info\/mx\/wp-json\/wp\/v2\/types\/post"}],"author":[{"embeddable":true,"href":"https:\/\/super-news.info\/mx\/wp-json\/wp\/v2\/users\/3"}],"replies":[{"embeddable":true,"href":"https:\/\/super-news.info\/mx\/wp-json\/wp\/v2\/comments?post=2405"}],"version-history":[{"count":1,"href":"https:\/\/super-news.info\/mx\/wp-json\/wp\/v2\/posts\/2405\/revisions"}],"predecessor-version":[{"id":2406,"href":"https:\/\/super-news.info\/mx\/wp-json\/wp\/v2\/posts\/2405\/revisions\/2406"}],"wp:featuredmedia":[{"embeddable":true,"href":"https:\/\/super-news.info\/mx\/wp-json\/wp\/v2\/media\/1933"}],"wp:attachment":[{"href":"https:\/\/super-news.info\/mx\/wp-json\/wp\/v2\/media?parent=2405"}],"wp:term":[{"taxonomy":"category","embeddable":true,"href":"https:\/\/super-news.info\/mx\/wp-json\/wp\/v2\/categories?post=2405"},{"taxonomy":"post_tag","embeddable":true,"href":"https:\/\/super-news.info\/mx\/wp-json\/wp\/v2\/tags?post=2405"}],"curies":[{"name":"wp","href":"https:\/\/api.w.org\/{rel}","templated":true}]}}