{"id":2397,"date":"2019-07-16T14:49:04","date_gmt":"2019-07-16T14:49:04","guid":{"rendered":"https:\/\/super-news.info\/mx\/mayoria-de-usuarios-en-redes-dice-que-hay-menos-empleo-con-amlo\/"},"modified":"2019-07-16T14:49:05","modified_gmt":"2019-07-16T14:49:05","slug":"mayoria-de-usuarios-en-redes-dice-que-hay-menos-empleo-con-amlo","status":"publish","type":"post","link":"https:\/\/super-news.info\/mx\/mayoria-de-usuarios-en-redes-dice-que-hay-menos-empleo-con-amlo\/","title":{"rendered":"Mayor\u00eda de usuarios en redes dice que hay menos empleo con AMLO"},"content":{"rendered":"<p> [ad_1]<br \/>\n<\/p>\n<p class=\"paragraph\" data-count=\"192\" data-wrap=\"33\">Las condiciones del empleo que prevalecieron en el pa\u00eds acumularon<strong> 128 mil 332 menciones entre el 21 de junio y los primeros d\u00edas de julio<\/strong> en redes sociales y medios digitales de comunicaci\u00f3n.<\/p>\n<p class=\"paragraph\" data-count=\"358\" data-wrap=\"62\">En el marco de la presentaci\u00f3n de su Informe de Actividades el 1 de julio, el presidente <strong>Andr\u00e9s Manuel L\u00f3pez Obrador<\/strong> habl\u00f3 sobre la \u201cvitalidad\u201d de las finanzas mexicanas y coment\u00f3 que en el IMSS se \u201chab\u00edan creado\u201d m\u00e1s de 300 mil empleos a trav\u00e9s de programas como \u201cJ\u00f3venes Construyendo el Futuro\u201d, cifra que fue puesta en entredicho por usuarios de Internet.<\/p>\n<div class=\"image__block \">\n<figure><\/figure>\n<p><span class=\"element__footer\"><\/span><span class=\"element__credit\"><\/span><\/div>\n<h3 class=\"featured__title\">Sobre 82% en redes considera que hay menos empleos<\/p>\n<\/h3>\n<p class=\"paragraph\" data-count=\"256\" data-wrap=\"49\">El 82 por ciento de los usuarios de redes sociales consider\u00f3 que al final del primer semestre del a\u00f1o <strong>hay menos empleo que el a\u00f1o pasado<\/strong>, bajo el argumento de que el pa\u00eds est\u00e1 pasando por un \u201cmal momento\u201d y por ello no hay \u201cni jeringas en los hospitales\u201d.\n<\/p>\n<p class=\"paragraph\" data-count=\"165\" data-wrap=\"30\">\nEl 18 por ciento restante aleg\u00f3 que el empleo aument\u00f3 durante el primer semestre de 2019 por la \u201cconstrucci\u00f3n\u201d de obras como <strong>el Tren Maya y la Refiner\u00eda Dos Bocas<\/strong>.\n<\/p>\n<div class=\"image__block \">\n<figure><img decoding=\"async\" alt=\"\" src=\"http:\/\/super-news.info\/mx\/wp-content\/uploads\/sites\/8\/2019\/07\/1563288543_447_Mayoria-de-usuarios-en-redes-dice-que-hay-menos-empleo.png\" style=\"height:auto;width:100%\" \/><\/figure>\n<p><span class=\"element__footer\"><\/span><span class=\"element__credit\"><\/span><\/div>\n<h3 class=\"featured__title\">\nUsuarios que creen que<br \/>\n hay menos empleo culpan<br \/>\n a migrantes<br \/>\n<\/h3>\n<p class=\"paragraph\" data-count=\"186\" data-wrap=\"27\">\nLos usuarios que expresaron que hubo una disminuci\u00f3n de los empleos durante los primeros seis meses de la actual administraci\u00f3n federal alegaron argumentos adicionales al ya expuesto.<\/p>\n<p class=\"paragraph\" data-count=\"241\" data-wrap=\"44\">El m\u00e1s destacado con 5 mil 950 menciones fue que <strong>Andr\u00e9s Manuel L\u00f3pez Obrador \u201cprefiere\u201d dar empleo a los migrantes<\/strong> y no \u201ca los mexicanos\u201d. En foros de Internet se critic\u00f3 que el Presidente fuera \u201ccandil de la calle y oscuridad de la casa\u201d.<\/p>\n<p class=\"paragraph\" data-count=\"223\" data-wrap=\"35\"><strong>Las \u201cfalsas promesas\u201d del Poder Ejecutivo se replicaron en 335 alusiones<\/strong>, ya que usuarios de redes sociales consideraron que la promesa de su titular de aumentar el empleo fue \u201cpura demagogia\u201d y una \u201cestrategia populista\u201d.\n<\/p>\n<p class=\"paragraph\" data-count=\"313\" data-wrap=\"47\"><strong><br \/>\nLos despidos masivos realizados en las instancias gubernamentales<\/strong> generaron 317 referencias. En redes sociales se coment\u00f3 que no era \u201cposible\u201d un aumento del empleo cuando \u201cse estaba corriendo a todo el mundo\u201d; usuarios y analistas recordaron los casos del <strong>Sistema de Administraci\u00f3n Tributaria (SAT) <\/strong>y del <strong>IMSS<\/strong>.\n<\/p>\n<div class=\"image__block \">\n<figure><img decoding=\"async\" alt=\"\" src=\"http:\/\/super-news.info\/mx\/wp-content\/uploads\/sites\/8\/2019\/07\/1563288543_499_Mayoria-de-usuarios-en-redes-dice-que-hay-menos-empleo.png\" style=\"height:auto;width:100%\" \/><\/figure>\n<p><span class=\"element__footer\"><\/span><span class=\"element__credit\"><\/span><\/div>\n<h3 class=\"featured__title\">Usuarios que creen que hay<br \/>\n m\u00e1s empleo lo atribuyen a<br \/>\n programas para j\u00f3venes<br \/>\n<\/h3>\n<p class=\"paragraph\" data-count=\"113\" data-wrap=\"17\">\nLos usuarios que sostienen que hubo un aumento del empleo durante el periodo analizado refirieron lo siguiente:\n<\/p>\n<p class=\"paragraph\" data-count=\"213\" data-wrap=\"32\">\nEl \u201cimpulso\u201d que <strong>Andr\u00e9s Manuel L\u00f3pez Obrador<\/strong> est\u00e1 dando a los j\u00f3venes para que estos puedan acceder a mejores oportunidades laborales a trav\u00e9s del programa <strong>\u201cJ\u00f3venes Construyendo el Futuro\u201d<\/strong> acumul\u00f3 284 alusiones.\n<\/p>\n<p class=\"paragraph\" data-count=\"116\" data-wrap=\"19\">\nLa compra de \u201cm\u00e1s productos mexicanos\u201d con el fin de apoyar el \u201ctalento nacional\u201d fue replicado en 103 ocasiones.<\/p>\n<p class=\"paragraph\" data-count=\"216\" data-wrap=\"34\">Por \u00faltimo, se consider\u00f3 que <strong>Andr\u00e9s Manuel L\u00f3pez Obrador \u201cs\u00ed hab\u00eda cumplido sus promesas\u201d<\/strong>, ya que en siete meses de administraci\u00f3n hab\u00eda logrado crear m\u00e1s empleos que en los \u201cotros sexenios\u201d gener\u00f3 100 referencias.<\/p>\n<div class=\"image__block \">\n<figure><img decoding=\"async\" alt=\"\" src=\"http:\/\/super-news.info\/mx\/wp-content\/uploads\/sites\/8\/2019\/07\/1563288543_129_Mayoria-de-usuarios-en-redes-dice-que-hay-menos-empleo.png\" style=\"height:auto;width:100%\" \/><\/figure>\n<p><span class=\"element__footer\"><\/span><span class=\"element__credit\"><\/span><\/div>\n<h3 class=\"featured__title\">Potencial cierre de emisoras<br \/>\n del Instituto Mexicano de la<br \/>\n Radio (IMER) gener\u00f3 el mayor<br \/>\n volumen de menciones<br \/>\n<\/h3>\n<p class=\"paragraph\" data-count=\"434\" data-wrap=\"68\"><strong><br \/>\n26 de junio con 13 mil 203 referencias:<\/strong> fue el d\u00eda que acumul\u00f3 mayor n\u00famero de menciones durante el periodo analizado. Usuarios de redes sociales reaccionaron y comentaron sobre la potencial desaparici\u00f3n de programas y cierre de emisoras de radio pertenecientes a la plantilla del <strong>Instituto Mexicano de la Radio (IMER)<\/strong> por falta de recursos econ\u00f3micos. Usuarios de Internet comentaron que se estaba \u201cdesmantelando\u201d la voz de M\u00e9xico.\n<\/p>\n<p class=\"paragraph\" data-count=\"348\" data-wrap=\"57\"><strong><br \/>\n22 de junio con 12 mil 235 menciones:<\/strong> foros de Internet reaccionaron ante la entrega de 30 millones de d\u00f3lares por parte del gobierno de M\u00e9xico a El Salvador como medida para \u201cfrenar el flujo migratorio\u201d hacia territorio mexicano. <strong>Usuarios de Twitter<\/strong> criticaron que se \u201cregalara\u201d dinero a otro pa\u00eds cuando \u201cmiles de mexicanos estaban sin empleo\u201d.\n<\/p>\n<p class=\"paragraph\" data-count=\"290\" data-wrap=\"46\"><strong><br \/>\n2 de julio con 12 mil 170 alusiones: <\/strong>usuarios de Internet aludieron a las cifras econ\u00f3micas presentadas en el Informe de Actividades de <strong>Andr\u00e9s Manuel L\u00f3pez Obrador<\/strong>, comentando que \u201cnunca\u201d hab\u00eda \u201cbajando tanto\u201d el empleo como durante los siete meses de gesti\u00f3n de la administraci\u00f3n actual.\n<\/p>\n<p class=\"paragraph\" data-count=\"366\" data-wrap=\"65\"><strong><br \/>\n29 de junio con 8 mil 993 referencias: <\/strong>usuarios de Twitter comentaron y reaccionaron ante el anuncio de la creaci\u00f3n de 40 mil plazas de empleo para migrantes por parte del gobierno federal. En foros de Internet se critic\u00f3 la medida alegando que mientras en M\u00e9xico se \u201cpart\u00edan la madre\u201d y los \u201ccorr\u00edan de sus trabajos\u201d se le iba a dar empleo a los centroamericanos.\n<\/p>\n<div class=\"image__block \">\n<figure><img decoding=\"async\" alt=\"\" src=\"http:\/\/super-news.info\/mx\/wp-content\/uploads\/sites\/8\/2019\/07\/1563288544_889_Mayoria-de-usuarios-en-redes-dice-que-hay-menos-empleo.png\" style=\"height:auto;width:100%\" \/><\/figure>\n<p><span class=\"element__footer\"><\/span><span class=\"element__credit\"><\/span><\/div>\n<h3 class=\"featured__title\">\nCiudad de M\u00e9xico fue la entidad<br \/>\n m\u00e1s asociada con la disminuci\u00f3n<br \/>\n del empleo<br \/>\n<\/h3>\n<p class=\"paragraph\" data-count=\"439\" data-wrap=\"78\">\nLa entidad m\u00e1s mencionada en la discusi\u00f3n sobre el aumento del desempleo fue la Ciudad de M\u00e9xico con <strong>2 mil 070 referencias<\/strong>. <strong>Usuarios de Twitter <\/strong>aludieron a la <strong>Encuesta Nacional de Ocupaci\u00f3n y Empleo (ENOE)<\/strong> en el que se ubica a la entidad con uno de los mayores porcentajes de desempleo a nivel nacional con 4.7 por ciento. Se coment\u00f3 que adicional a esto, la ciudad viv\u00eda su peor \u201ccrisis de seguridad\u201d y los hospitales no ten\u00edan insumos.\n<\/p>\n<p class=\"paragraph\" data-count=\"79\" data-wrap=\"14\">\nA Ciudad de M\u00e9xico le siguieron <strong>Durango <\/strong>con 439 menciones y <strong>Tabasco <\/strong>con 246.<\/p>\n<h3 class=\"featured__title\">Oaxaca la m\u00e1s aludida en<br \/>\n referencia a sus bajos \u00edndices<br \/>\n de desempleo<br \/>\n<\/h3>\n<p class=\"paragraph\" data-count=\"284\" data-wrap=\"48\">\nEl estado de Oaxaca acumul\u00f3 mil 014 referencias debido a la entrega de apoyos econ\u00f3micos en Huatulco a ocho beneficiarios del Programa Apoyos de Capacitaci\u00f3n para la Empleabilidad en el marco de la 5ta audiencia de la Secretar\u00eda de Econom\u00eda y la Secretar\u00eda de Turismo de la entidad.\n<\/p>\n<p class=\"paragraph\" data-count=\"74\" data-wrap=\"11\">\nLe siguieron Yucat\u00e1n y Morelos con 294 y 250 menciones,<br \/>\n respectivamente.<\/p>\n<p>[ad_2]<br \/>\n<br \/><a href=\"https:\/\/www.elfinanciero.com.mx\/rss\/economia\/mayoria-de-usuarios-en-redes-dice-que-hay-menos-empleo-con-amlo\">Source link <\/a><\/p>\n","protected":false},"excerpt":{"rendered":"<p>[ad_1] Las condiciones del empleo que prevalecieron en el pa\u00eds acumularon 128 mil 332 menciones entre el 21 de junio y los primeros d\u00edas de julio en redes sociales y medios digitales de comunicaci\u00f3n. En el marco de la presentaci\u00f3n de su Informe de Actividades el 1 de julio, el presidente Andr\u00e9s Manuel L\u00f3pez Obrador [&hellip;]<\/p>\n","protected":false},"author":3,"featured_media":2398,"comment_status":"open","ping_status":"open","sticky":false,"template":"","format":"standard","meta":{"footnotes":""},"categories":[1],"tags":[],"class_list":["post-2397","post","type-post","status-publish","format-standard","has-post-thumbnail","hentry","category-noticias-financieras"],"yoast_head":"<!-- This site is optimized with the Yoast SEO plugin v27.4 - https:\/\/yoast.com\/product\/yoast-seo-wordpress\/ -->\n<title>Mayor\u00eda de usuarios en redes dice que hay menos empleo con AMLO - Super News<\/title>\n<meta name=\"robots\" content=\"index, follow, max-snippet:-1, max-image-preview:large, max-video-preview:-1\" \/>\n<link rel=\"canonical\" href=\"https:\/\/super-news.info\/mx\/mayoria-de-usuarios-en-redes-dice-que-hay-menos-empleo-con-amlo\/\" \/>\n<meta property=\"og:locale\" content=\"es_MX\" \/>\n<meta property=\"og:type\" content=\"article\" \/>\n<meta property=\"og:title\" content=\"Mayor\u00eda de usuarios en redes dice que hay menos empleo con AMLO - Super News\" \/>\n<meta property=\"og:description\" content=\"[ad_1] Las condiciones del empleo que prevalecieron en el pa\u00eds acumularon 128 mil 332 menciones entre el 21 de junio y los primeros d\u00edas de julio en redes sociales y medios digitales de comunicaci\u00f3n. En el marco de la presentaci\u00f3n de su Informe de Actividades el 1 de julio, el presidente Andr\u00e9s Manuel L\u00f3pez Obrador [&hellip;]\" \/>\n<meta property=\"og:url\" content=\"https:\/\/super-news.info\/mx\/mayoria-de-usuarios-en-redes-dice-que-hay-menos-empleo-con-amlo\/\" \/>\n<meta property=\"og:site_name\" content=\"Super News\" \/>\n<meta property=\"article:published_time\" content=\"2019-07-16T14:49:04+00:00\" \/>\n<meta property=\"article:modified_time\" content=\"2019-07-16T14:49:05+00:00\" \/>\n<meta property=\"og:image\" content=\"https:\/\/super-news.info\/mx\/wp-content\/uploads\/sites\/8\/2019\/07\/Mayor\u00eda-de-usuarios-en-redes-dice-que-hay-menos-empleo.png\" \/>\n\t<meta property=\"og:image:width\" content=\"800\" \/>\n\t<meta property=\"og:image:height\" content=\"950\" \/>\n\t<meta property=\"og:image:type\" content=\"image\/png\" \/>\n<meta name=\"author\" content=\"mx\" \/>\n<meta name=\"twitter:card\" content=\"summary_large_image\" \/>\n<meta name=\"twitter:label1\" content=\"Escrito por\" \/>\n\t<meta name=\"twitter:data1\" content=\"mx\" \/>\n\t<meta name=\"twitter:label2\" content=\"Tiempo de lectura\" \/>\n\t<meta name=\"twitter:data2\" content=\"5 minutos\" \/>\n<script type=\"application\/ld+json\" class=\"yoast-schema-graph\">{\"@context\":\"https:\\\/\\\/schema.org\",\"@graph\":[{\"@type\":\"Article\",\"@id\":\"https:\\\/\\\/super-news.info\\\/mx\\\/mayoria-de-usuarios-en-redes-dice-que-hay-menos-empleo-con-amlo\\\/#article\",\"isPartOf\":{\"@id\":\"https:\\\/\\\/super-news.info\\\/mx\\\/mayoria-de-usuarios-en-redes-dice-que-hay-menos-empleo-con-amlo\\\/\"},\"author\":{\"name\":\"mx\",\"@id\":\"https:\\\/\\\/super-news.info\\\/mx\\\/#\\\/schema\\\/person\\\/74b71ca3d407439fd57da2d9c89449ca\"},\"headline\":\"Mayor\u00eda de usuarios en redes dice que hay menos empleo con AMLO\",\"datePublished\":\"2019-07-16T14:49:04+00:00\",\"dateModified\":\"2019-07-16T14:49:05+00:00\",\"mainEntityOfPage\":{\"@id\":\"https:\\\/\\\/super-news.info\\\/mx\\\/mayoria-de-usuarios-en-redes-dice-que-hay-menos-empleo-con-amlo\\\/\"},\"wordCount\":939,\"commentCount\":0,\"image\":{\"@id\":\"https:\\\/\\\/super-news.info\\\/mx\\\/mayoria-de-usuarios-en-redes-dice-que-hay-menos-empleo-con-amlo\\\/#primaryimage\"},\"thumbnailUrl\":\"https:\\\/\\\/super-news.info\\\/mx\\\/wp-content\\\/uploads\\\/sites\\\/8\\\/2019\\\/07\\\/Mayor\u00eda-de-usuarios-en-redes-dice-que-hay-menos-empleo.png\",\"articleSection\":[\"NOTICIAS FINANCIERAS\"],\"inLanguage\":\"es\",\"potentialAction\":[{\"@type\":\"CommentAction\",\"name\":\"Comment\",\"target\":[\"https:\\\/\\\/super-news.info\\\/mx\\\/mayoria-de-usuarios-en-redes-dice-que-hay-menos-empleo-con-amlo\\\/#respond\"]}]},{\"@type\":\"WebPage\",\"@id\":\"https:\\\/\\\/super-news.info\\\/mx\\\/mayoria-de-usuarios-en-redes-dice-que-hay-menos-empleo-con-amlo\\\/\",\"url\":\"https:\\\/\\\/super-news.info\\\/mx\\\/mayoria-de-usuarios-en-redes-dice-que-hay-menos-empleo-con-amlo\\\/\",\"name\":\"Mayor\u00eda de usuarios en redes dice que hay menos empleo con AMLO - Super News\",\"isPartOf\":{\"@id\":\"https:\\\/\\\/super-news.info\\\/mx\\\/#website\"},\"primaryImageOfPage\":{\"@id\":\"https:\\\/\\\/super-news.info\\\/mx\\\/mayoria-de-usuarios-en-redes-dice-que-hay-menos-empleo-con-amlo\\\/#primaryimage\"},\"image\":{\"@id\":\"https:\\\/\\\/super-news.info\\\/mx\\\/mayoria-de-usuarios-en-redes-dice-que-hay-menos-empleo-con-amlo\\\/#primaryimage\"},\"thumbnailUrl\":\"https:\\\/\\\/super-news.info\\\/mx\\\/wp-content\\\/uploads\\\/sites\\\/8\\\/2019\\\/07\\\/Mayor\u00eda-de-usuarios-en-redes-dice-que-hay-menos-empleo.png\",\"datePublished\":\"2019-07-16T14:49:04+00:00\",\"dateModified\":\"2019-07-16T14:49:05+00:00\",\"author\":{\"@id\":\"https:\\\/\\\/super-news.info\\\/mx\\\/#\\\/schema\\\/person\\\/74b71ca3d407439fd57da2d9c89449ca\"},\"breadcrumb\":{\"@id\":\"https:\\\/\\\/super-news.info\\\/mx\\\/mayoria-de-usuarios-en-redes-dice-que-hay-menos-empleo-con-amlo\\\/#breadcrumb\"},\"inLanguage\":\"es\",\"potentialAction\":[{\"@type\":\"ReadAction\",\"target\":[\"https:\\\/\\\/super-news.info\\\/mx\\\/mayoria-de-usuarios-en-redes-dice-que-hay-menos-empleo-con-amlo\\\/\"]}]},{\"@type\":\"ImageObject\",\"inLanguage\":\"es\",\"@id\":\"https:\\\/\\\/super-news.info\\\/mx\\\/mayoria-de-usuarios-en-redes-dice-que-hay-menos-empleo-con-amlo\\\/#primaryimage\",\"url\":\"https:\\\/\\\/super-news.info\\\/mx\\\/wp-content\\\/uploads\\\/sites\\\/8\\\/2019\\\/07\\\/Mayor\u00eda-de-usuarios-en-redes-dice-que-hay-menos-empleo.png\",\"contentUrl\":\"https:\\\/\\\/super-news.info\\\/mx\\\/wp-content\\\/uploads\\\/sites\\\/8\\\/2019\\\/07\\\/Mayor\u00eda-de-usuarios-en-redes-dice-que-hay-menos-empleo.png\",\"width\":800,\"height\":950,\"caption\":\"Mayor\u00eda de usuarios en redes dice que hay menos empleo con AMLO\"},{\"@type\":\"BreadcrumbList\",\"@id\":\"https:\\\/\\\/super-news.info\\\/mx\\\/mayoria-de-usuarios-en-redes-dice-que-hay-menos-empleo-con-amlo\\\/#breadcrumb\",\"itemListElement\":[{\"@type\":\"ListItem\",\"position\":1,\"name\":\"Home\",\"item\":\"https:\\\/\\\/super-news.info\\\/mx\\\/\"},{\"@type\":\"ListItem\",\"position\":2,\"name\":\"Mayor\u00eda de usuarios en redes dice que hay menos empleo con AMLO\"}]},{\"@type\":\"WebSite\",\"@id\":\"https:\\\/\\\/super-news.info\\\/mx\\\/#website\",\"url\":\"https:\\\/\\\/super-news.info\\\/mx\\\/\",\"name\":\"Super News\",\"description\":\"Super News Mexico\",\"potentialAction\":[{\"@type\":\"SearchAction\",\"target\":{\"@type\":\"EntryPoint\",\"urlTemplate\":\"https:\\\/\\\/super-news.info\\\/mx\\\/?s={search_term_string}\"},\"query-input\":{\"@type\":\"PropertyValueSpecification\",\"valueRequired\":true,\"valueName\":\"search_term_string\"}}],\"inLanguage\":\"es\"},{\"@type\":\"Person\",\"@id\":\"https:\\\/\\\/super-news.info\\\/mx\\\/#\\\/schema\\\/person\\\/74b71ca3d407439fd57da2d9c89449ca\",\"name\":\"mx\",\"image\":{\"@type\":\"ImageObject\",\"inLanguage\":\"es\",\"@id\":\"https:\\\/\\\/secure.gravatar.com\\\/avatar\\\/6374ac65ff69c362a0ae1303d73d69dcd9bd198d62d9861f054a69aaf82c017b?s=96&d=mm&r=g\",\"url\":\"https:\\\/\\\/secure.gravatar.com\\\/avatar\\\/6374ac65ff69c362a0ae1303d73d69dcd9bd198d62d9861f054a69aaf82c017b?s=96&d=mm&r=g\",\"contentUrl\":\"https:\\\/\\\/secure.gravatar.com\\\/avatar\\\/6374ac65ff69c362a0ae1303d73d69dcd9bd198d62d9861f054a69aaf82c017b?s=96&d=mm&r=g\",\"caption\":\"mx\"},\"url\":\"https:\\\/\\\/super-news.info\\\/mx\\\/author\\\/mx\\\/\"}]}<\/script>\n<!-- \/ Yoast SEO plugin. -->","yoast_head_json":{"title":"Mayor\u00eda de usuarios en redes dice que hay menos empleo con AMLO - Super News","robots":{"index":"index","follow":"follow","max-snippet":"max-snippet:-1","max-image-preview":"max-image-preview:large","max-video-preview":"max-video-preview:-1"},"canonical":"https:\/\/super-news.info\/mx\/mayoria-de-usuarios-en-redes-dice-que-hay-menos-empleo-con-amlo\/","og_locale":"es_MX","og_type":"article","og_title":"Mayor\u00eda de usuarios en redes dice que hay menos empleo con AMLO - Super News","og_description":"[ad_1] Las condiciones del empleo que prevalecieron en el pa\u00eds acumularon 128 mil 332 menciones entre el 21 de junio y los primeros d\u00edas de julio en redes sociales y medios digitales de comunicaci\u00f3n. En el marco de la presentaci\u00f3n de su Informe de Actividades el 1 de julio, el presidente Andr\u00e9s Manuel L\u00f3pez Obrador [&hellip;]","og_url":"https:\/\/super-news.info\/mx\/mayoria-de-usuarios-en-redes-dice-que-hay-menos-empleo-con-amlo\/","og_site_name":"Super News","article_published_time":"2019-07-16T14:49:04+00:00","article_modified_time":"2019-07-16T14:49:05+00:00","og_image":[{"width":800,"height":950,"url":"https:\/\/super-news.info\/mx\/wp-content\/uploads\/sites\/8\/2019\/07\/Mayor\u00eda-de-usuarios-en-redes-dice-que-hay-menos-empleo.png","type":"image\/png"}],"author":"mx","twitter_card":"summary_large_image","twitter_misc":{"Escrito por":"mx","Tiempo de lectura":"5 minutos"},"schema":{"@context":"https:\/\/schema.org","@graph":[{"@type":"Article","@id":"https:\/\/super-news.info\/mx\/mayoria-de-usuarios-en-redes-dice-que-hay-menos-empleo-con-amlo\/#article","isPartOf":{"@id":"https:\/\/super-news.info\/mx\/mayoria-de-usuarios-en-redes-dice-que-hay-menos-empleo-con-amlo\/"},"author":{"name":"mx","@id":"https:\/\/super-news.info\/mx\/#\/schema\/person\/74b71ca3d407439fd57da2d9c89449ca"},"headline":"Mayor\u00eda de usuarios en redes dice que hay menos empleo con AMLO","datePublished":"2019-07-16T14:49:04+00:00","dateModified":"2019-07-16T14:49:05+00:00","mainEntityOfPage":{"@id":"https:\/\/super-news.info\/mx\/mayoria-de-usuarios-en-redes-dice-que-hay-menos-empleo-con-amlo\/"},"wordCount":939,"commentCount":0,"image":{"@id":"https:\/\/super-news.info\/mx\/mayoria-de-usuarios-en-redes-dice-que-hay-menos-empleo-con-amlo\/#primaryimage"},"thumbnailUrl":"https:\/\/super-news.info\/mx\/wp-content\/uploads\/sites\/8\/2019\/07\/Mayor\u00eda-de-usuarios-en-redes-dice-que-hay-menos-empleo.png","articleSection":["NOTICIAS FINANCIERAS"],"inLanguage":"es","potentialAction":[{"@type":"CommentAction","name":"Comment","target":["https:\/\/super-news.info\/mx\/mayoria-de-usuarios-en-redes-dice-que-hay-menos-empleo-con-amlo\/#respond"]}]},{"@type":"WebPage","@id":"https:\/\/super-news.info\/mx\/mayoria-de-usuarios-en-redes-dice-que-hay-menos-empleo-con-amlo\/","url":"https:\/\/super-news.info\/mx\/mayoria-de-usuarios-en-redes-dice-que-hay-menos-empleo-con-amlo\/","name":"Mayor\u00eda de usuarios en redes dice que hay menos empleo con AMLO - Super News","isPartOf":{"@id":"https:\/\/super-news.info\/mx\/#website"},"primaryImageOfPage":{"@id":"https:\/\/super-news.info\/mx\/mayoria-de-usuarios-en-redes-dice-que-hay-menos-empleo-con-amlo\/#primaryimage"},"image":{"@id":"https:\/\/super-news.info\/mx\/mayoria-de-usuarios-en-redes-dice-que-hay-menos-empleo-con-amlo\/#primaryimage"},"thumbnailUrl":"https:\/\/super-news.info\/mx\/wp-content\/uploads\/sites\/8\/2019\/07\/Mayor\u00eda-de-usuarios-en-redes-dice-que-hay-menos-empleo.png","datePublished":"2019-07-16T14:49:04+00:00","dateModified":"2019-07-16T14:49:05+00:00","author":{"@id":"https:\/\/super-news.info\/mx\/#\/schema\/person\/74b71ca3d407439fd57da2d9c89449ca"},"breadcrumb":{"@id":"https:\/\/super-news.info\/mx\/mayoria-de-usuarios-en-redes-dice-que-hay-menos-empleo-con-amlo\/#breadcrumb"},"inLanguage":"es","potentialAction":[{"@type":"ReadAction","target":["https:\/\/super-news.info\/mx\/mayoria-de-usuarios-en-redes-dice-que-hay-menos-empleo-con-amlo\/"]}]},{"@type":"ImageObject","inLanguage":"es","@id":"https:\/\/super-news.info\/mx\/mayoria-de-usuarios-en-redes-dice-que-hay-menos-empleo-con-amlo\/#primaryimage","url":"https:\/\/super-news.info\/mx\/wp-content\/uploads\/sites\/8\/2019\/07\/Mayor\u00eda-de-usuarios-en-redes-dice-que-hay-menos-empleo.png","contentUrl":"https:\/\/super-news.info\/mx\/wp-content\/uploads\/sites\/8\/2019\/07\/Mayor\u00eda-de-usuarios-en-redes-dice-que-hay-menos-empleo.png","width":800,"height":950,"caption":"Mayor\u00eda de usuarios en redes dice que hay menos empleo con AMLO"},{"@type":"BreadcrumbList","@id":"https:\/\/super-news.info\/mx\/mayoria-de-usuarios-en-redes-dice-que-hay-menos-empleo-con-amlo\/#breadcrumb","itemListElement":[{"@type":"ListItem","position":1,"name":"Home","item":"https:\/\/super-news.info\/mx\/"},{"@type":"ListItem","position":2,"name":"Mayor\u00eda de usuarios en redes dice que hay menos empleo con AMLO"}]},{"@type":"WebSite","@id":"https:\/\/super-news.info\/mx\/#website","url":"https:\/\/super-news.info\/mx\/","name":"Super News","description":"Super News Mexico","potentialAction":[{"@type":"SearchAction","target":{"@type":"EntryPoint","urlTemplate":"https:\/\/super-news.info\/mx\/?s={search_term_string}"},"query-input":{"@type":"PropertyValueSpecification","valueRequired":true,"valueName":"search_term_string"}}],"inLanguage":"es"},{"@type":"Person","@id":"https:\/\/super-news.info\/mx\/#\/schema\/person\/74b71ca3d407439fd57da2d9c89449ca","name":"mx","image":{"@type":"ImageObject","inLanguage":"es","@id":"https:\/\/secure.gravatar.com\/avatar\/6374ac65ff69c362a0ae1303d73d69dcd9bd198d62d9861f054a69aaf82c017b?s=96&d=mm&r=g","url":"https:\/\/secure.gravatar.com\/avatar\/6374ac65ff69c362a0ae1303d73d69dcd9bd198d62d9861f054a69aaf82c017b?s=96&d=mm&r=g","contentUrl":"https:\/\/secure.gravatar.com\/avatar\/6374ac65ff69c362a0ae1303d73d69dcd9bd198d62d9861f054a69aaf82c017b?s=96&d=mm&r=g","caption":"mx"},"url":"https:\/\/super-news.info\/mx\/author\/mx\/"}]}},"_links":{"self":[{"href":"https:\/\/super-news.info\/mx\/wp-json\/wp\/v2\/posts\/2397","targetHints":{"allow":["GET"]}}],"collection":[{"href":"https:\/\/super-news.info\/mx\/wp-json\/wp\/v2\/posts"}],"about":[{"href":"https:\/\/super-news.info\/mx\/wp-json\/wp\/v2\/types\/post"}],"author":[{"embeddable":true,"href":"https:\/\/super-news.info\/mx\/wp-json\/wp\/v2\/users\/3"}],"replies":[{"embeddable":true,"href":"https:\/\/super-news.info\/mx\/wp-json\/wp\/v2\/comments?post=2397"}],"version-history":[{"count":1,"href":"https:\/\/super-news.info\/mx\/wp-json\/wp\/v2\/posts\/2397\/revisions"}],"predecessor-version":[{"id":2399,"href":"https:\/\/super-news.info\/mx\/wp-json\/wp\/v2\/posts\/2397\/revisions\/2399"}],"wp:featuredmedia":[{"embeddable":true,"href":"https:\/\/super-news.info\/mx\/wp-json\/wp\/v2\/media\/2398"}],"wp:attachment":[{"href":"https:\/\/super-news.info\/mx\/wp-json\/wp\/v2\/media?parent=2397"}],"wp:term":[{"taxonomy":"category","embeddable":true,"href":"https:\/\/super-news.info\/mx\/wp-json\/wp\/v2\/categories?post=2397"},{"taxonomy":"post_tag","embeddable":true,"href":"https:\/\/super-news.info\/mx\/wp-json\/wp\/v2\/tags?post=2397"}],"curies":[{"name":"wp","href":"https:\/\/api.w.org\/{rel}","templated":true}]}}