{"id":2388,"date":"2019-07-16T12:06:14","date_gmt":"2019-07-16T12:06:14","guid":{"rendered":"https:\/\/super-news.info\/mx\/afirman-que-el-sector-industrial-en-mexico-ya-esta-en-recesion\/"},"modified":"2019-07-16T12:06:16","modified_gmt":"2019-07-16T12:06:16","slug":"afirman-que-el-sector-industrial-en-mexico-ya-esta-en-recesion","status":"publish","type":"post","link":"https:\/\/super-news.info\/mx\/afirman-que-el-sector-industrial-en-mexico-ya-esta-en-recesion\/","title":{"rendered":"Afirman que el sector industrial en M\u00e9xico ya est\u00e1 en recesi\u00f3n"},"content":{"rendered":"<p> [ad_1]<br \/>\n<\/p>\n<p class=\"paragraph\" data-count=\"253\" data-wrap=\"45\">Al menos en el <strong>sector industrial <\/strong>ya se puede afirmar que <strong>se encuentra en recesi\u00f3<\/strong>n, tras el desplome que registr\u00f3 en mayo pasado, lo que apunta a una <strong>mayor debilidad en la econom\u00eda<\/strong> y aumenta el riesgo que presente una contracci\u00f3n en el segundo trimestre.<\/p>\n<p class=\"paragraph\" data-count=\"375\" data-wrap=\"58\">\u201cLa recesi\u00f3n del sector industrial es una realidad innegable que requiere una visi\u00f3n de pol\u00edtica econ\u00f3mica diferente. No \u00fanicamente se observan ocho meses consecutivos de ca\u00eddas a tasa anual, adem\u00e1s es evidente que la fuerza de la contracci\u00f3n aumenta\u201d, dijo<strong> Jos\u00e9 Luis de la Cruz, director general del Instituto para el Desarrollo Industrial y el Crecimiento Econ\u00f3mico (IDIC)<\/strong>.<\/p>\n<p class=\"paragraph\" data-count=\"348\" data-wrap=\"58\">Advirti\u00f3 que uno de los costos m\u00e1s elevados de la recesi\u00f3n industrial es estructural, ya que la ca\u00edda en su capacidad potencial se traduce en un retroceso en la posibilidad de generar <strong>crecimiento econ\u00f3mico vigoroso en el corto plazo<\/strong>; para  lograrlo se requerir\u00e1 de un<strong> proceso de inversi\u00f3n p\u00fablica y privada <\/strong>robusto que deje atr\u00e1s las restricciones.<\/p>\n<p class=\"paragraph\" data-count=\"257\" data-wrap=\"44\">A la situaci\u00f3n interna de la industria se debe agregar la <strong>desaceleraci\u00f3n del ciclo industrial en Estados Unidos<\/strong>, la cual comenz\u00f3 a finales del 2018 y afectar\u00e1 con mayor fuerza a la econom\u00eda mexicana durante el segundo semestre, apunt\u00f3 el director del IDIC. <\/p>\n<p class=\"paragraph\" data-count=\"159\" data-wrap=\"28\">La producci\u00f3n industrial en mayo registr\u00f3 <strong>una ca\u00edda anual de 3.14 por ciento<\/strong>, la m\u00e1s severa en diez a\u00f1os, desde octubre de 2009, seg\u00fan los registros del INEGI.<\/p>\n<p class=\"paragraph\" data-count=\"249\" data-wrap=\"39\">\u201cEste comportamiento permite anticipar cifras negativas o muy reducidas en el crecimiento del IGAE y del PIB que ser\u00e1n publicados hacia fines del mes\u201d, se\u00f1al\u00f3<strong> el Centro de Estudios Econ\u00f3micos del Sector Privado (CEESP)<\/strong>, en su \u00faltimo reporte semanal.<\/p>\n<h3 class=\"featured__title\">Probabilidad de recesi\u00f3n<\/h3>\n<p class=\"paragraph\" data-count=\"238\" data-wrap=\"39\">La <strong>probabilidad de que la econom\u00eda mexicana<\/strong> est\u00e9 en recesi\u00f3n es de <strong>70 por ciento<\/strong>, estim\u00f3 Carlos Serrano, economista en jefe de BBVA en M\u00e9xico. Si esto se confirma, dijo, es importante generar mayor certidumbre para reactivar la inversi\u00f3n.<\/p>\n<p class=\"paragraph\" data-count=\"126\" data-wrap=\"19\">Economistas de <strong>Bank of America Merril Lynch (BofA)<\/strong> se\u00f1alaron recientemente que M\u00e9xico ya se encuentra en una recesi\u00f3n t\u00e9cnica.<\/p>\n<p class=\"paragraph\" data-count=\"253\" data-wrap=\"45\">La definici\u00f3n  de recesi\u00f3n t\u00e9cnica es cuando<strong> se registra una contracci\u00f3n del PIB por dos o m\u00e1s trimestres consecutivos<\/strong>. En el primer trimestre del a\u00f1o<strong> la econom\u00eda cay\u00f3 0.2 por ciento <\/strong>y <strong>BofA anticipa una ca\u00edda de 0.4 por ciento<\/strong> para el segundo trimestre.<\/p>\n<p class=\"paragraph\" data-count=\"293\" data-wrap=\"48\">Para <strong>Ernesto O\u2019Farril, presidente de Bursam\u00e9trica,<\/strong> es muy probable que <strong>el IGAE de mayo sea negativo<\/strong> y con ello ser\u00eda el segundo mes del segundo trimestre contray\u00e9ndose, \u201ccon los datos que nos han arrojado los pron\u00f3sticos, es muy probable que todo el segundo trimestre sea inferior al primero\u201d.<\/p>\n<p class=\"paragraph\" data-count=\"252\" data-wrap=\"43\">Explic\u00f3 que los datos publicados hace unos d\u00edas, de <strong>la producci\u00f3n industrial y el empleo formal<\/strong>, fueron  m\u00e1s pesimistas a lo esperado, y revelan que la deteriorada situaci\u00f3n de la econom\u00eda nacional es m\u00e1s pronunciada y apunta a una fase de contracci\u00f3n.<\/p>\n<p class=\"paragraph\" data-count=\"232\" data-wrap=\"38\"><strong>Gabriela Siller, directora de an\u00e1lisis econ\u00f3mico en Banco Base, <\/strong>dijo que ajustar\u00e1 a la baja su estimado de crecimiento econ\u00f3mico para el segundo trimestre, luego de los datos de destrucci\u00f3n de empleo en junio reportados por el IMSS.<\/p>\n<p class=\"paragraph\" data-count=\"145\" data-wrap=\"23\">\u201cVemos dos escenarios posibles, pero con la publicaci\u00f3n del IMSS de la destrucci\u00f3n de empleos es m\u00e1s probable que veamos una recesi\u00f3n\u201d, mencion\u00f3.<\/p>\n<p class=\"paragraph\" data-count=\"217\" data-wrap=\"38\">El banco brasile\u00f1o Ita\u00fa ve <strong>una probabilidad de 35 por ciento a que la econom\u00eda mexicana entre en un periodo recesivo<\/strong>, mientras que Grupo Financiero Ve por M\u00e1s asign\u00f3 una probabilidad de 30 por ciento a este escenario.<\/p>\n<p class=\"paragraph\" data-count=\"388\" data-wrap=\"70\">Alejandro Salda\u00f1a, economista en jefe de Ve por M\u00e1s, explic\u00f3 que si bien los riesgos se han acentuado y con ellos los riesgos de que la econom\u00eda pueda incurrir en una recesi\u00f3n, el grupo no ha ajustado sus pron\u00f3sticos debido a que est\u00e1n a la espera de una normalizaci\u00f3n del gasto p\u00fablico en los pr\u00f3ximos meses, situaci\u00f3n que podr\u00eda ayudar al consumo y a la din\u00e1mica interna de la econom\u00eda.<\/p>\n<p class=\"paragraph\" data-count=\"69\" data-wrap=\"10\"><em>\ufffcCon informaci\u00f3n de Jeanette Leyva, Jassiel Valdelamar y Rub\u00e9n Rivera<\/em><\/p>\n<div class=\"image__block \">\n<figure><\/figure>\n<p><span class=\"element__footer\"><\/span><span class=\"element__credit\"><\/span><\/div>\n<p>[ad_2]<br \/>\n<br \/><a href=\"https:\/\/www.elfinanciero.com.mx\/rss\/economia\/afirman-que-el-sector-industrial-en-mexico-ya-esta-en-recesion\">Source link <\/a><\/p>\n","protected":false},"excerpt":{"rendered":"<p>[ad_1] Al menos en el sector industrial ya se puede afirmar que se encuentra en recesi\u00f3n, tras el desplome que registr\u00f3 en mayo pasado, lo que apunta a una mayor debilidad en la econom\u00eda y aumenta el riesgo que presente una contracci\u00f3n en el segundo trimestre. \u201cLa recesi\u00f3n del sector industrial es una realidad innegable [&hellip;]<\/p>\n","protected":false},"author":3,"featured_media":2389,"comment_status":"open","ping_status":"open","sticky":false,"template":"","format":"standard","meta":{"footnotes":""},"categories":[1],"tags":[],"class_list":["post-2388","post","type-post","status-publish","format-standard","has-post-thumbnail","hentry","category-noticias-financieras"],"yoast_head":"<!-- This site is optimized with the Yoast SEO plugin v27.4 - https:\/\/yoast.com\/product\/yoast-seo-wordpress\/ -->\n<title>Afirman que el sector industrial en M\u00e9xico ya est\u00e1 en recesi\u00f3n - Super News<\/title>\n<meta name=\"robots\" content=\"index, follow, max-snippet:-1, max-image-preview:large, max-video-preview:-1\" \/>\n<link rel=\"canonical\" href=\"https:\/\/super-news.info\/mx\/afirman-que-el-sector-industrial-en-mexico-ya-esta-en-recesion\/\" \/>\n<meta property=\"og:locale\" content=\"es_MX\" \/>\n<meta property=\"og:type\" content=\"article\" \/>\n<meta property=\"og:title\" content=\"Afirman que el sector industrial en M\u00e9xico ya est\u00e1 en recesi\u00f3n - Super News\" \/>\n<meta property=\"og:description\" content=\"[ad_1] Al menos en el sector industrial ya se puede afirmar que se encuentra en recesi\u00f3n, tras el desplome que registr\u00f3 en mayo pasado, lo que apunta a una mayor debilidad en la econom\u00eda y aumenta el riesgo que presente una contracci\u00f3n en el segundo trimestre. \u201cLa recesi\u00f3n del sector industrial es una realidad innegable [&hellip;]\" \/>\n<meta property=\"og:url\" content=\"https:\/\/super-news.info\/mx\/afirman-que-el-sector-industrial-en-mexico-ya-esta-en-recesion\/\" \/>\n<meta property=\"og:site_name\" content=\"Super News\" \/>\n<meta property=\"article:published_time\" content=\"2019-07-16T12:06:14+00:00\" \/>\n<meta property=\"article:modified_time\" content=\"2019-07-16T12:06:16+00:00\" \/>\n<meta property=\"og:image\" content=\"https:\/\/super-news.info\/mx\/wp-content\/uploads\/sites\/8\/2019\/07\/Afirman-que-el-sector-industrial-en-M\u00e9xico-ya-est\u00e1-en.jpeg\" \/>\n\t<meta property=\"og:image:width\" content=\"800\" \/>\n\t<meta property=\"og:image:height\" content=\"2155\" \/>\n\t<meta property=\"og:image:type\" content=\"image\/jpeg\" \/>\n<meta name=\"author\" content=\"mx\" \/>\n<meta name=\"twitter:card\" content=\"summary_large_image\" \/>\n<meta name=\"twitter:label1\" content=\"Escrito por\" \/>\n\t<meta name=\"twitter:data1\" content=\"mx\" \/>\n\t<meta name=\"twitter:label2\" content=\"Tiempo de lectura\" \/>\n\t<meta name=\"twitter:data2\" content=\"4 minutos\" \/>\n<script type=\"application\/ld+json\" class=\"yoast-schema-graph\">{\"@context\":\"https:\\\/\\\/schema.org\",\"@graph\":[{\"@type\":\"Article\",\"@id\":\"https:\\\/\\\/super-news.info\\\/mx\\\/afirman-que-el-sector-industrial-en-mexico-ya-esta-en-recesion\\\/#article\",\"isPartOf\":{\"@id\":\"https:\\\/\\\/super-news.info\\\/mx\\\/afirman-que-el-sector-industrial-en-mexico-ya-esta-en-recesion\\\/\"},\"author\":{\"name\":\"mx\",\"@id\":\"https:\\\/\\\/super-news.info\\\/mx\\\/#\\\/schema\\\/person\\\/74b71ca3d407439fd57da2d9c89449ca\"},\"headline\":\"Afirman que el sector industrial en M\u00e9xico ya est\u00e1 en recesi\u00f3n\",\"datePublished\":\"2019-07-16T12:06:14+00:00\",\"dateModified\":\"2019-07-16T12:06:16+00:00\",\"mainEntityOfPage\":{\"@id\":\"https:\\\/\\\/super-news.info\\\/mx\\\/afirman-que-el-sector-industrial-en-mexico-ya-esta-en-recesion\\\/\"},\"wordCount\":737,\"commentCount\":0,\"image\":{\"@id\":\"https:\\\/\\\/super-news.info\\\/mx\\\/afirman-que-el-sector-industrial-en-mexico-ya-esta-en-recesion\\\/#primaryimage\"},\"thumbnailUrl\":\"https:\\\/\\\/super-news.info\\\/mx\\\/wp-content\\\/uploads\\\/sites\\\/8\\\/2019\\\/07\\\/Afirman-que-el-sector-industrial-en-M\u00e9xico-ya-est\u00e1-en.jpeg\",\"articleSection\":[\"NOTICIAS FINANCIERAS\"],\"inLanguage\":\"es\",\"potentialAction\":[{\"@type\":\"CommentAction\",\"name\":\"Comment\",\"target\":[\"https:\\\/\\\/super-news.info\\\/mx\\\/afirman-que-el-sector-industrial-en-mexico-ya-esta-en-recesion\\\/#respond\"]}]},{\"@type\":\"WebPage\",\"@id\":\"https:\\\/\\\/super-news.info\\\/mx\\\/afirman-que-el-sector-industrial-en-mexico-ya-esta-en-recesion\\\/\",\"url\":\"https:\\\/\\\/super-news.info\\\/mx\\\/afirman-que-el-sector-industrial-en-mexico-ya-esta-en-recesion\\\/\",\"name\":\"Afirman que el sector industrial en M\u00e9xico ya est\u00e1 en recesi\u00f3n - Super News\",\"isPartOf\":{\"@id\":\"https:\\\/\\\/super-news.info\\\/mx\\\/#website\"},\"primaryImageOfPage\":{\"@id\":\"https:\\\/\\\/super-news.info\\\/mx\\\/afirman-que-el-sector-industrial-en-mexico-ya-esta-en-recesion\\\/#primaryimage\"},\"image\":{\"@id\":\"https:\\\/\\\/super-news.info\\\/mx\\\/afirman-que-el-sector-industrial-en-mexico-ya-esta-en-recesion\\\/#primaryimage\"},\"thumbnailUrl\":\"https:\\\/\\\/super-news.info\\\/mx\\\/wp-content\\\/uploads\\\/sites\\\/8\\\/2019\\\/07\\\/Afirman-que-el-sector-industrial-en-M\u00e9xico-ya-est\u00e1-en.jpeg\",\"datePublished\":\"2019-07-16T12:06:14+00:00\",\"dateModified\":\"2019-07-16T12:06:16+00:00\",\"author\":{\"@id\":\"https:\\\/\\\/super-news.info\\\/mx\\\/#\\\/schema\\\/person\\\/74b71ca3d407439fd57da2d9c89449ca\"},\"breadcrumb\":{\"@id\":\"https:\\\/\\\/super-news.info\\\/mx\\\/afirman-que-el-sector-industrial-en-mexico-ya-esta-en-recesion\\\/#breadcrumb\"},\"inLanguage\":\"es\",\"potentialAction\":[{\"@type\":\"ReadAction\",\"target\":[\"https:\\\/\\\/super-news.info\\\/mx\\\/afirman-que-el-sector-industrial-en-mexico-ya-esta-en-recesion\\\/\"]}]},{\"@type\":\"ImageObject\",\"inLanguage\":\"es\",\"@id\":\"https:\\\/\\\/super-news.info\\\/mx\\\/afirman-que-el-sector-industrial-en-mexico-ya-esta-en-recesion\\\/#primaryimage\",\"url\":\"https:\\\/\\\/super-news.info\\\/mx\\\/wp-content\\\/uploads\\\/sites\\\/8\\\/2019\\\/07\\\/Afirman-que-el-sector-industrial-en-M\u00e9xico-ya-est\u00e1-en.jpeg\",\"contentUrl\":\"https:\\\/\\\/super-news.info\\\/mx\\\/wp-content\\\/uploads\\\/sites\\\/8\\\/2019\\\/07\\\/Afirman-que-el-sector-industrial-en-M\u00e9xico-ya-est\u00e1-en.jpeg\",\"width\":800,\"height\":2155,\"caption\":\"Afirman que el sector industrial en M\u00e9xico ya est\u00e1 en recesi\u00f3n\"},{\"@type\":\"BreadcrumbList\",\"@id\":\"https:\\\/\\\/super-news.info\\\/mx\\\/afirman-que-el-sector-industrial-en-mexico-ya-esta-en-recesion\\\/#breadcrumb\",\"itemListElement\":[{\"@type\":\"ListItem\",\"position\":1,\"name\":\"Home\",\"item\":\"https:\\\/\\\/super-news.info\\\/mx\\\/\"},{\"@type\":\"ListItem\",\"position\":2,\"name\":\"Afirman que el sector industrial en M\u00e9xico ya est\u00e1 en recesi\u00f3n\"}]},{\"@type\":\"WebSite\",\"@id\":\"https:\\\/\\\/super-news.info\\\/mx\\\/#website\",\"url\":\"https:\\\/\\\/super-news.info\\\/mx\\\/\",\"name\":\"Super News\",\"description\":\"Super News Mexico\",\"potentialAction\":[{\"@type\":\"SearchAction\",\"target\":{\"@type\":\"EntryPoint\",\"urlTemplate\":\"https:\\\/\\\/super-news.info\\\/mx\\\/?s={search_term_string}\"},\"query-input\":{\"@type\":\"PropertyValueSpecification\",\"valueRequired\":true,\"valueName\":\"search_term_string\"}}],\"inLanguage\":\"es\"},{\"@type\":\"Person\",\"@id\":\"https:\\\/\\\/super-news.info\\\/mx\\\/#\\\/schema\\\/person\\\/74b71ca3d407439fd57da2d9c89449ca\",\"name\":\"mx\",\"image\":{\"@type\":\"ImageObject\",\"inLanguage\":\"es\",\"@id\":\"https:\\\/\\\/secure.gravatar.com\\\/avatar\\\/6374ac65ff69c362a0ae1303d73d69dcd9bd198d62d9861f054a69aaf82c017b?s=96&d=mm&r=g\",\"url\":\"https:\\\/\\\/secure.gravatar.com\\\/avatar\\\/6374ac65ff69c362a0ae1303d73d69dcd9bd198d62d9861f054a69aaf82c017b?s=96&d=mm&r=g\",\"contentUrl\":\"https:\\\/\\\/secure.gravatar.com\\\/avatar\\\/6374ac65ff69c362a0ae1303d73d69dcd9bd198d62d9861f054a69aaf82c017b?s=96&d=mm&r=g\",\"caption\":\"mx\"},\"url\":\"https:\\\/\\\/super-news.info\\\/mx\\\/author\\\/mx\\\/\"}]}<\/script>\n<!-- \/ Yoast SEO plugin. -->","yoast_head_json":{"title":"Afirman que el sector industrial en M\u00e9xico ya est\u00e1 en recesi\u00f3n - Super News","robots":{"index":"index","follow":"follow","max-snippet":"max-snippet:-1","max-image-preview":"max-image-preview:large","max-video-preview":"max-video-preview:-1"},"canonical":"https:\/\/super-news.info\/mx\/afirman-que-el-sector-industrial-en-mexico-ya-esta-en-recesion\/","og_locale":"es_MX","og_type":"article","og_title":"Afirman que el sector industrial en M\u00e9xico ya est\u00e1 en recesi\u00f3n - Super News","og_description":"[ad_1] Al menos en el sector industrial ya se puede afirmar que se encuentra en recesi\u00f3n, tras el desplome que registr\u00f3 en mayo pasado, lo que apunta a una mayor debilidad en la econom\u00eda y aumenta el riesgo que presente una contracci\u00f3n en el segundo trimestre. \u201cLa recesi\u00f3n del sector industrial es una realidad innegable [&hellip;]","og_url":"https:\/\/super-news.info\/mx\/afirman-que-el-sector-industrial-en-mexico-ya-esta-en-recesion\/","og_site_name":"Super News","article_published_time":"2019-07-16T12:06:14+00:00","article_modified_time":"2019-07-16T12:06:16+00:00","og_image":[{"width":800,"height":2155,"url":"https:\/\/super-news.info\/mx\/wp-content\/uploads\/sites\/8\/2019\/07\/Afirman-que-el-sector-industrial-en-M\u00e9xico-ya-est\u00e1-en.jpeg","type":"image\/jpeg"}],"author":"mx","twitter_card":"summary_large_image","twitter_misc":{"Escrito por":"mx","Tiempo de lectura":"4 minutos"},"schema":{"@context":"https:\/\/schema.org","@graph":[{"@type":"Article","@id":"https:\/\/super-news.info\/mx\/afirman-que-el-sector-industrial-en-mexico-ya-esta-en-recesion\/#article","isPartOf":{"@id":"https:\/\/super-news.info\/mx\/afirman-que-el-sector-industrial-en-mexico-ya-esta-en-recesion\/"},"author":{"name":"mx","@id":"https:\/\/super-news.info\/mx\/#\/schema\/person\/74b71ca3d407439fd57da2d9c89449ca"},"headline":"Afirman que el sector industrial en M\u00e9xico ya est\u00e1 en recesi\u00f3n","datePublished":"2019-07-16T12:06:14+00:00","dateModified":"2019-07-16T12:06:16+00:00","mainEntityOfPage":{"@id":"https:\/\/super-news.info\/mx\/afirman-que-el-sector-industrial-en-mexico-ya-esta-en-recesion\/"},"wordCount":737,"commentCount":0,"image":{"@id":"https:\/\/super-news.info\/mx\/afirman-que-el-sector-industrial-en-mexico-ya-esta-en-recesion\/#primaryimage"},"thumbnailUrl":"https:\/\/super-news.info\/mx\/wp-content\/uploads\/sites\/8\/2019\/07\/Afirman-que-el-sector-industrial-en-M\u00e9xico-ya-est\u00e1-en.jpeg","articleSection":["NOTICIAS FINANCIERAS"],"inLanguage":"es","potentialAction":[{"@type":"CommentAction","name":"Comment","target":["https:\/\/super-news.info\/mx\/afirman-que-el-sector-industrial-en-mexico-ya-esta-en-recesion\/#respond"]}]},{"@type":"WebPage","@id":"https:\/\/super-news.info\/mx\/afirman-que-el-sector-industrial-en-mexico-ya-esta-en-recesion\/","url":"https:\/\/super-news.info\/mx\/afirman-que-el-sector-industrial-en-mexico-ya-esta-en-recesion\/","name":"Afirman que el sector industrial en M\u00e9xico ya est\u00e1 en recesi\u00f3n - Super News","isPartOf":{"@id":"https:\/\/super-news.info\/mx\/#website"},"primaryImageOfPage":{"@id":"https:\/\/super-news.info\/mx\/afirman-que-el-sector-industrial-en-mexico-ya-esta-en-recesion\/#primaryimage"},"image":{"@id":"https:\/\/super-news.info\/mx\/afirman-que-el-sector-industrial-en-mexico-ya-esta-en-recesion\/#primaryimage"},"thumbnailUrl":"https:\/\/super-news.info\/mx\/wp-content\/uploads\/sites\/8\/2019\/07\/Afirman-que-el-sector-industrial-en-M\u00e9xico-ya-est\u00e1-en.jpeg","datePublished":"2019-07-16T12:06:14+00:00","dateModified":"2019-07-16T12:06:16+00:00","author":{"@id":"https:\/\/super-news.info\/mx\/#\/schema\/person\/74b71ca3d407439fd57da2d9c89449ca"},"breadcrumb":{"@id":"https:\/\/super-news.info\/mx\/afirman-que-el-sector-industrial-en-mexico-ya-esta-en-recesion\/#breadcrumb"},"inLanguage":"es","potentialAction":[{"@type":"ReadAction","target":["https:\/\/super-news.info\/mx\/afirman-que-el-sector-industrial-en-mexico-ya-esta-en-recesion\/"]}]},{"@type":"ImageObject","inLanguage":"es","@id":"https:\/\/super-news.info\/mx\/afirman-que-el-sector-industrial-en-mexico-ya-esta-en-recesion\/#primaryimage","url":"https:\/\/super-news.info\/mx\/wp-content\/uploads\/sites\/8\/2019\/07\/Afirman-que-el-sector-industrial-en-M\u00e9xico-ya-est\u00e1-en.jpeg","contentUrl":"https:\/\/super-news.info\/mx\/wp-content\/uploads\/sites\/8\/2019\/07\/Afirman-que-el-sector-industrial-en-M\u00e9xico-ya-est\u00e1-en.jpeg","width":800,"height":2155,"caption":"Afirman que el sector industrial en M\u00e9xico ya est\u00e1 en recesi\u00f3n"},{"@type":"BreadcrumbList","@id":"https:\/\/super-news.info\/mx\/afirman-que-el-sector-industrial-en-mexico-ya-esta-en-recesion\/#breadcrumb","itemListElement":[{"@type":"ListItem","position":1,"name":"Home","item":"https:\/\/super-news.info\/mx\/"},{"@type":"ListItem","position":2,"name":"Afirman que el sector industrial en M\u00e9xico ya est\u00e1 en recesi\u00f3n"}]},{"@type":"WebSite","@id":"https:\/\/super-news.info\/mx\/#website","url":"https:\/\/super-news.info\/mx\/","name":"Super News","description":"Super News Mexico","potentialAction":[{"@type":"SearchAction","target":{"@type":"EntryPoint","urlTemplate":"https:\/\/super-news.info\/mx\/?s={search_term_string}"},"query-input":{"@type":"PropertyValueSpecification","valueRequired":true,"valueName":"search_term_string"}}],"inLanguage":"es"},{"@type":"Person","@id":"https:\/\/super-news.info\/mx\/#\/schema\/person\/74b71ca3d407439fd57da2d9c89449ca","name":"mx","image":{"@type":"ImageObject","inLanguage":"es","@id":"https:\/\/secure.gravatar.com\/avatar\/6374ac65ff69c362a0ae1303d73d69dcd9bd198d62d9861f054a69aaf82c017b?s=96&d=mm&r=g","url":"https:\/\/secure.gravatar.com\/avatar\/6374ac65ff69c362a0ae1303d73d69dcd9bd198d62d9861f054a69aaf82c017b?s=96&d=mm&r=g","contentUrl":"https:\/\/secure.gravatar.com\/avatar\/6374ac65ff69c362a0ae1303d73d69dcd9bd198d62d9861f054a69aaf82c017b?s=96&d=mm&r=g","caption":"mx"},"url":"https:\/\/super-news.info\/mx\/author\/mx\/"}]}},"_links":{"self":[{"href":"https:\/\/super-news.info\/mx\/wp-json\/wp\/v2\/posts\/2388","targetHints":{"allow":["GET"]}}],"collection":[{"href":"https:\/\/super-news.info\/mx\/wp-json\/wp\/v2\/posts"}],"about":[{"href":"https:\/\/super-news.info\/mx\/wp-json\/wp\/v2\/types\/post"}],"author":[{"embeddable":true,"href":"https:\/\/super-news.info\/mx\/wp-json\/wp\/v2\/users\/3"}],"replies":[{"embeddable":true,"href":"https:\/\/super-news.info\/mx\/wp-json\/wp\/v2\/comments?post=2388"}],"version-history":[{"count":1,"href":"https:\/\/super-news.info\/mx\/wp-json\/wp\/v2\/posts\/2388\/revisions"}],"predecessor-version":[{"id":2390,"href":"https:\/\/super-news.info\/mx\/wp-json\/wp\/v2\/posts\/2388\/revisions\/2390"}],"wp:featuredmedia":[{"embeddable":true,"href":"https:\/\/super-news.info\/mx\/wp-json\/wp\/v2\/media\/2389"}],"wp:attachment":[{"href":"https:\/\/super-news.info\/mx\/wp-json\/wp\/v2\/media?parent=2388"}],"wp:term":[{"taxonomy":"category","embeddable":true,"href":"https:\/\/super-news.info\/mx\/wp-json\/wp\/v2\/categories?post=2388"},{"taxonomy":"post_tag","embeddable":true,"href":"https:\/\/super-news.info\/mx\/wp-json\/wp\/v2\/tags?post=2388"}],"curies":[{"name":"wp","href":"https:\/\/api.w.org\/{rel}","templated":true}]}}