{"id":2385,"date":"2019-07-16T10:57:48","date_gmt":"2019-07-16T10:57:48","guid":{"rendered":"https:\/\/super-news.info\/mx\/50-anos-del-alunizaje-con-apolo-11-el-primer-paso-del-hombre-en-la-luna\/"},"modified":"2019-07-16T10:57:49","modified_gmt":"2019-07-16T10:57:49","slug":"50-anos-del-alunizaje-con-apolo-11-el-primer-paso-del-hombre-en-la-luna","status":"publish","type":"post","link":"https:\/\/super-news.info\/mx\/50-anos-del-alunizaje-con-apolo-11-el-primer-paso-del-hombre-en-la-luna\/","title":{"rendered":"50 a\u00f1os del \u2018alunizaje\u2019 con Apolo 11, el primer paso del hombre en la Luna"},"content":{"rendered":"<p> [ad_1]<br \/>\n<\/p>\n<p class=\"paragraph\" data-count=\"167\" data-wrap=\"30\">Pareciera que el mundo se puso de acuerdo para que 1969 fuese un a\u00f1o decisivo. Casualidad o causalidad, todo se acomod\u00f3 para que nadie se quedara fuera del gran hito.\n<\/p>\n<p class=\"paragraph\" data-count=\"227\" data-wrap=\"42\">Cuando Los Beatles pusieron fin a su carrera en enero de 1969 en una azotea de Londres, musicalizaron sin querer lo que estaba por venir: el Verano del Amor, la liberaci\u00f3n LGBT y, por supuesto,<strong> la llegada del hombre a la Luna<\/strong>.\n<\/p>\n<p class=\"paragraph\" data-count=\"490\" data-wrap=\"86\">Fue un a\u00f1o de claroscuros. De nacimientos y de muertes. Quiz\u00e1s mor\u00edan Los Beatles, pero nac\u00eda Led Zeppelin. Y si los jipis hac\u00edan el amor en las calles,<br \/>\n ah\u00ed estaba el gobierno estadounidense para reportar el primer caso de VIH en Am\u00e9rica. Y si el LSD se vend\u00eda como pan caliente, Richard Nixon aparec\u00eda para declararle la guerra a las drogas. Y si Woodstock propagaba la idea del amor libre, sal\u00edan Charles Manson y su pandilla para recordar que tambi\u00e9n los jipis pod\u00edan matar y destazar.\n<\/p>\n<p class=\"paragraph\" data-count=\"209\" data-wrap=\"38\">Para cuando <strong>Neil Armstrong <\/strong>pis\u00f3 la Luna, las v\u00edctimas de<strong> la Guerra de Vietnam <\/strong>ya se contaban en cientos de miles y la URSS y Estados Unidos luchaban por fabricar la bomba nuclear m\u00e1s mort\u00edfera de la historia.\n<\/p>\n<p class=\"paragraph\" data-count=\"314\" data-wrap=\"51\">Para cuando<strong> Neil Armstrong pis\u00f3 la Luna, en M\u00e9xico se inauguraba el Metro<\/strong>, los ni\u00f1os ve\u00edan por primera vez un programa llamado Plaza S\u00e9samo y las familias norteamericanas estaban maravilladas con Wal Mart, un nuevo negocio que promet\u00eda satisfacer las necesidades del pap\u00e1, la mam\u00e1, los hijos y hasta las mascotas.\n<\/p>\n<p class=\"paragraph\" data-count=\"38\" data-wrap=\"9\">El gran salto no s\u00f3lo fue en la Luna.\n<\/p>\n<div class=\"rich__block \">\n<div><a href=\"https:\/\/elfinanciero.com.mx\/pages\/pdf\/a-50-anos-de-apolo-11-el-primer-paso-del-hombre-en-la-luna\" target=\"_blank\" rel=\"noopener noreferrer\"><\/p>\n<p><\/a> <\/div>\n<p><span class=\"element__footer\"><\/span><span class=\"element__credit\">Infograf\u00eda de Oscar Castro <\/span><\/div>\n<p>[ad_2]<br \/>\n<br \/><a href=\"https:\/\/www.elfinanciero.com.mx\/rss\/culturas\/50-anos-del-alunizaje-con-apolo-11-el-primer-paso-del-hombre-en-la-luna\">Source link <\/a><\/p>\n","protected":false},"excerpt":{"rendered":"<p>[ad_1] Pareciera que el mundo se puso de acuerdo para que 1969 fuese un a\u00f1o decisivo. Casualidad o causalidad, todo se acomod\u00f3 para que nadie se quedara fuera del gran hito. Cuando Los Beatles pusieron fin a su carrera en enero de 1969 en una azotea de Londres, musicalizaron sin querer lo que estaba por [&hellip;]<\/p>\n","protected":false},"author":3,"featured_media":2386,"comment_status":"open","ping_status":"open","sticky":false,"template":"","format":"standard","meta":{"footnotes":""},"categories":[1],"tags":[],"class_list":["post-2385","post","type-post","status-publish","format-standard","has-post-thumbnail","hentry","category-noticias-financieras"],"yoast_head":"<!-- This site is optimized with the Yoast SEO plugin v27.4 - https:\/\/yoast.com\/product\/yoast-seo-wordpress\/ -->\n<title>50 a\u00f1os del \u2018alunizaje\u2019 con Apolo 11, el primer paso del hombre en la Luna - Super News<\/title>\n<meta name=\"robots\" content=\"index, follow, max-snippet:-1, max-image-preview:large, max-video-preview:-1\" \/>\n<link rel=\"canonical\" href=\"https:\/\/super-news.info\/mx\/50-anos-del-alunizaje-con-apolo-11-el-primer-paso-del-hombre-en-la-luna\/\" \/>\n<meta property=\"og:locale\" content=\"es_MX\" \/>\n<meta property=\"og:type\" content=\"article\" \/>\n<meta property=\"og:title\" content=\"50 a\u00f1os del \u2018alunizaje\u2019 con Apolo 11, el primer paso del hombre en la Luna - Super News\" \/>\n<meta property=\"og:description\" content=\"[ad_1] Pareciera que el mundo se puso de acuerdo para que 1969 fuese un a\u00f1o decisivo. Casualidad o causalidad, todo se acomod\u00f3 para que nadie se quedara fuera del gran hito. Cuando Los Beatles pusieron fin a su carrera en enero de 1969 en una azotea de Londres, musicalizaron sin querer lo que estaba por [&hellip;]\" \/>\n<meta property=\"og:url\" content=\"https:\/\/super-news.info\/mx\/50-anos-del-alunizaje-con-apolo-11-el-primer-paso-del-hombre-en-la-luna\/\" \/>\n<meta property=\"og:site_name\" content=\"Super News\" \/>\n<meta property=\"article:published_time\" content=\"2019-07-16T10:57:48+00:00\" \/>\n<meta property=\"article:modified_time\" content=\"2019-07-16T10:57:49+00:00\" \/>\n<meta property=\"og:image\" content=\"https:\/\/super-news.info\/mx\/wp-content\/uploads\/sites\/8\/2019\/07\/50-a\u00f1os-del-\u2018alunizaje\u2019-con-Apolo-11-el-primer-paso.png\" \/>\n\t<meta property=\"og:image:width\" content=\"888\" \/>\n\t<meta property=\"og:image:height\" content=\"500\" \/>\n\t<meta property=\"og:image:type\" content=\"image\/png\" \/>\n<meta name=\"author\" content=\"mx\" \/>\n<meta name=\"twitter:card\" content=\"summary_large_image\" \/>\n<meta name=\"twitter:label1\" content=\"Escrito por\" \/>\n\t<meta name=\"twitter:data1\" content=\"mx\" \/>\n\t<meta name=\"twitter:label2\" content=\"Tiempo de lectura\" \/>\n\t<meta name=\"twitter:data2\" content=\"1 minuto\" \/>\n<script type=\"application\/ld+json\" class=\"yoast-schema-graph\">{\"@context\":\"https:\\\/\\\/schema.org\",\"@graph\":[{\"@type\":\"Article\",\"@id\":\"https:\\\/\\\/super-news.info\\\/mx\\\/50-anos-del-alunizaje-con-apolo-11-el-primer-paso-del-hombre-en-la-luna\\\/#article\",\"isPartOf\":{\"@id\":\"https:\\\/\\\/super-news.info\\\/mx\\\/50-anos-del-alunizaje-con-apolo-11-el-primer-paso-del-hombre-en-la-luna\\\/\"},\"author\":{\"name\":\"mx\",\"@id\":\"https:\\\/\\\/super-news.info\\\/mx\\\/#\\\/schema\\\/person\\\/74b71ca3d407439fd57da2d9c89449ca\"},\"headline\":\"50 a\u00f1os del \u2018alunizaje\u2019 con Apolo 11, el primer paso del hombre en la Luna\",\"datePublished\":\"2019-07-16T10:57:48+00:00\",\"dateModified\":\"2019-07-16T10:57:49+00:00\",\"mainEntityOfPage\":{\"@id\":\"https:\\\/\\\/super-news.info\\\/mx\\\/50-anos-del-alunizaje-con-apolo-11-el-primer-paso-del-hombre-en-la-luna\\\/\"},\"wordCount\":299,\"commentCount\":0,\"image\":{\"@id\":\"https:\\\/\\\/super-news.info\\\/mx\\\/50-anos-del-alunizaje-con-apolo-11-el-primer-paso-del-hombre-en-la-luna\\\/#primaryimage\"},\"thumbnailUrl\":\"https:\\\/\\\/super-news.info\\\/mx\\\/wp-content\\\/uploads\\\/sites\\\/8\\\/2019\\\/07\\\/50-a\u00f1os-del-\u2018alunizaje\u2019-con-Apolo-11-el-primer-paso.png\",\"articleSection\":[\"NOTICIAS FINANCIERAS\"],\"inLanguage\":\"es\",\"potentialAction\":[{\"@type\":\"CommentAction\",\"name\":\"Comment\",\"target\":[\"https:\\\/\\\/super-news.info\\\/mx\\\/50-anos-del-alunizaje-con-apolo-11-el-primer-paso-del-hombre-en-la-luna\\\/#respond\"]}]},{\"@type\":\"WebPage\",\"@id\":\"https:\\\/\\\/super-news.info\\\/mx\\\/50-anos-del-alunizaje-con-apolo-11-el-primer-paso-del-hombre-en-la-luna\\\/\",\"url\":\"https:\\\/\\\/super-news.info\\\/mx\\\/50-anos-del-alunizaje-con-apolo-11-el-primer-paso-del-hombre-en-la-luna\\\/\",\"name\":\"50 a\u00f1os del \u2018alunizaje\u2019 con Apolo 11, el primer paso del hombre en la Luna - Super News\",\"isPartOf\":{\"@id\":\"https:\\\/\\\/super-news.info\\\/mx\\\/#website\"},\"primaryImageOfPage\":{\"@id\":\"https:\\\/\\\/super-news.info\\\/mx\\\/50-anos-del-alunizaje-con-apolo-11-el-primer-paso-del-hombre-en-la-luna\\\/#primaryimage\"},\"image\":{\"@id\":\"https:\\\/\\\/super-news.info\\\/mx\\\/50-anos-del-alunizaje-con-apolo-11-el-primer-paso-del-hombre-en-la-luna\\\/#primaryimage\"},\"thumbnailUrl\":\"https:\\\/\\\/super-news.info\\\/mx\\\/wp-content\\\/uploads\\\/sites\\\/8\\\/2019\\\/07\\\/50-a\u00f1os-del-\u2018alunizaje\u2019-con-Apolo-11-el-primer-paso.png\",\"datePublished\":\"2019-07-16T10:57:48+00:00\",\"dateModified\":\"2019-07-16T10:57:49+00:00\",\"author\":{\"@id\":\"https:\\\/\\\/super-news.info\\\/mx\\\/#\\\/schema\\\/person\\\/74b71ca3d407439fd57da2d9c89449ca\"},\"breadcrumb\":{\"@id\":\"https:\\\/\\\/super-news.info\\\/mx\\\/50-anos-del-alunizaje-con-apolo-11-el-primer-paso-del-hombre-en-la-luna\\\/#breadcrumb\"},\"inLanguage\":\"es\",\"potentialAction\":[{\"@type\":\"ReadAction\",\"target\":[\"https:\\\/\\\/super-news.info\\\/mx\\\/50-anos-del-alunizaje-con-apolo-11-el-primer-paso-del-hombre-en-la-luna\\\/\"]}]},{\"@type\":\"ImageObject\",\"inLanguage\":\"es\",\"@id\":\"https:\\\/\\\/super-news.info\\\/mx\\\/50-anos-del-alunizaje-con-apolo-11-el-primer-paso-del-hombre-en-la-luna\\\/#primaryimage\",\"url\":\"https:\\\/\\\/super-news.info\\\/mx\\\/wp-content\\\/uploads\\\/sites\\\/8\\\/2019\\\/07\\\/50-a\u00f1os-del-\u2018alunizaje\u2019-con-Apolo-11-el-primer-paso.png\",\"contentUrl\":\"https:\\\/\\\/super-news.info\\\/mx\\\/wp-content\\\/uploads\\\/sites\\\/8\\\/2019\\\/07\\\/50-a\u00f1os-del-\u2018alunizaje\u2019-con-Apolo-11-el-primer-paso.png\",\"width\":888,\"height\":500,\"caption\":\"50 a\u00f1os del \u2018alunizaje\u2019 con Apolo 11, el primer paso del hombre en la Luna\"},{\"@type\":\"BreadcrumbList\",\"@id\":\"https:\\\/\\\/super-news.info\\\/mx\\\/50-anos-del-alunizaje-con-apolo-11-el-primer-paso-del-hombre-en-la-luna\\\/#breadcrumb\",\"itemListElement\":[{\"@type\":\"ListItem\",\"position\":1,\"name\":\"Home\",\"item\":\"https:\\\/\\\/super-news.info\\\/mx\\\/\"},{\"@type\":\"ListItem\",\"position\":2,\"name\":\"50 a\u00f1os del \u2018alunizaje\u2019 con Apolo 11, el primer paso del hombre en la Luna\"}]},{\"@type\":\"WebSite\",\"@id\":\"https:\\\/\\\/super-news.info\\\/mx\\\/#website\",\"url\":\"https:\\\/\\\/super-news.info\\\/mx\\\/\",\"name\":\"Super News\",\"description\":\"Super News Mexico\",\"potentialAction\":[{\"@type\":\"SearchAction\",\"target\":{\"@type\":\"EntryPoint\",\"urlTemplate\":\"https:\\\/\\\/super-news.info\\\/mx\\\/?s={search_term_string}\"},\"query-input\":{\"@type\":\"PropertyValueSpecification\",\"valueRequired\":true,\"valueName\":\"search_term_string\"}}],\"inLanguage\":\"es\"},{\"@type\":\"Person\",\"@id\":\"https:\\\/\\\/super-news.info\\\/mx\\\/#\\\/schema\\\/person\\\/74b71ca3d407439fd57da2d9c89449ca\",\"name\":\"mx\",\"image\":{\"@type\":\"ImageObject\",\"inLanguage\":\"es\",\"@id\":\"https:\\\/\\\/secure.gravatar.com\\\/avatar\\\/6374ac65ff69c362a0ae1303d73d69dcd9bd198d62d9861f054a69aaf82c017b?s=96&d=mm&r=g\",\"url\":\"https:\\\/\\\/secure.gravatar.com\\\/avatar\\\/6374ac65ff69c362a0ae1303d73d69dcd9bd198d62d9861f054a69aaf82c017b?s=96&d=mm&r=g\",\"contentUrl\":\"https:\\\/\\\/secure.gravatar.com\\\/avatar\\\/6374ac65ff69c362a0ae1303d73d69dcd9bd198d62d9861f054a69aaf82c017b?s=96&d=mm&r=g\",\"caption\":\"mx\"},\"url\":\"https:\\\/\\\/super-news.info\\\/mx\\\/author\\\/mx\\\/\"}]}<\/script>\n<!-- \/ Yoast SEO plugin. -->","yoast_head_json":{"title":"50 a\u00f1os del \u2018alunizaje\u2019 con Apolo 11, el primer paso del hombre en la Luna - Super News","robots":{"index":"index","follow":"follow","max-snippet":"max-snippet:-1","max-image-preview":"max-image-preview:large","max-video-preview":"max-video-preview:-1"},"canonical":"https:\/\/super-news.info\/mx\/50-anos-del-alunizaje-con-apolo-11-el-primer-paso-del-hombre-en-la-luna\/","og_locale":"es_MX","og_type":"article","og_title":"50 a\u00f1os del \u2018alunizaje\u2019 con Apolo 11, el primer paso del hombre en la Luna - Super News","og_description":"[ad_1] Pareciera que el mundo se puso de acuerdo para que 1969 fuese un a\u00f1o decisivo. Casualidad o causalidad, todo se acomod\u00f3 para que nadie se quedara fuera del gran hito. Cuando Los Beatles pusieron fin a su carrera en enero de 1969 en una azotea de Londres, musicalizaron sin querer lo que estaba por [&hellip;]","og_url":"https:\/\/super-news.info\/mx\/50-anos-del-alunizaje-con-apolo-11-el-primer-paso-del-hombre-en-la-luna\/","og_site_name":"Super News","article_published_time":"2019-07-16T10:57:48+00:00","article_modified_time":"2019-07-16T10:57:49+00:00","og_image":[{"width":888,"height":500,"url":"https:\/\/super-news.info\/mx\/wp-content\/uploads\/sites\/8\/2019\/07\/50-a\u00f1os-del-\u2018alunizaje\u2019-con-Apolo-11-el-primer-paso.png","type":"image\/png"}],"author":"mx","twitter_card":"summary_large_image","twitter_misc":{"Escrito por":"mx","Tiempo de lectura":"1 minuto"},"schema":{"@context":"https:\/\/schema.org","@graph":[{"@type":"Article","@id":"https:\/\/super-news.info\/mx\/50-anos-del-alunizaje-con-apolo-11-el-primer-paso-del-hombre-en-la-luna\/#article","isPartOf":{"@id":"https:\/\/super-news.info\/mx\/50-anos-del-alunizaje-con-apolo-11-el-primer-paso-del-hombre-en-la-luna\/"},"author":{"name":"mx","@id":"https:\/\/super-news.info\/mx\/#\/schema\/person\/74b71ca3d407439fd57da2d9c89449ca"},"headline":"50 a\u00f1os del \u2018alunizaje\u2019 con Apolo 11, el primer paso del hombre en la Luna","datePublished":"2019-07-16T10:57:48+00:00","dateModified":"2019-07-16T10:57:49+00:00","mainEntityOfPage":{"@id":"https:\/\/super-news.info\/mx\/50-anos-del-alunizaje-con-apolo-11-el-primer-paso-del-hombre-en-la-luna\/"},"wordCount":299,"commentCount":0,"image":{"@id":"https:\/\/super-news.info\/mx\/50-anos-del-alunizaje-con-apolo-11-el-primer-paso-del-hombre-en-la-luna\/#primaryimage"},"thumbnailUrl":"https:\/\/super-news.info\/mx\/wp-content\/uploads\/sites\/8\/2019\/07\/50-a\u00f1os-del-\u2018alunizaje\u2019-con-Apolo-11-el-primer-paso.png","articleSection":["NOTICIAS FINANCIERAS"],"inLanguage":"es","potentialAction":[{"@type":"CommentAction","name":"Comment","target":["https:\/\/super-news.info\/mx\/50-anos-del-alunizaje-con-apolo-11-el-primer-paso-del-hombre-en-la-luna\/#respond"]}]},{"@type":"WebPage","@id":"https:\/\/super-news.info\/mx\/50-anos-del-alunizaje-con-apolo-11-el-primer-paso-del-hombre-en-la-luna\/","url":"https:\/\/super-news.info\/mx\/50-anos-del-alunizaje-con-apolo-11-el-primer-paso-del-hombre-en-la-luna\/","name":"50 a\u00f1os del \u2018alunizaje\u2019 con Apolo 11, el primer paso del hombre en la Luna - Super News","isPartOf":{"@id":"https:\/\/super-news.info\/mx\/#website"},"primaryImageOfPage":{"@id":"https:\/\/super-news.info\/mx\/50-anos-del-alunizaje-con-apolo-11-el-primer-paso-del-hombre-en-la-luna\/#primaryimage"},"image":{"@id":"https:\/\/super-news.info\/mx\/50-anos-del-alunizaje-con-apolo-11-el-primer-paso-del-hombre-en-la-luna\/#primaryimage"},"thumbnailUrl":"https:\/\/super-news.info\/mx\/wp-content\/uploads\/sites\/8\/2019\/07\/50-a\u00f1os-del-\u2018alunizaje\u2019-con-Apolo-11-el-primer-paso.png","datePublished":"2019-07-16T10:57:48+00:00","dateModified":"2019-07-16T10:57:49+00:00","author":{"@id":"https:\/\/super-news.info\/mx\/#\/schema\/person\/74b71ca3d407439fd57da2d9c89449ca"},"breadcrumb":{"@id":"https:\/\/super-news.info\/mx\/50-anos-del-alunizaje-con-apolo-11-el-primer-paso-del-hombre-en-la-luna\/#breadcrumb"},"inLanguage":"es","potentialAction":[{"@type":"ReadAction","target":["https:\/\/super-news.info\/mx\/50-anos-del-alunizaje-con-apolo-11-el-primer-paso-del-hombre-en-la-luna\/"]}]},{"@type":"ImageObject","inLanguage":"es","@id":"https:\/\/super-news.info\/mx\/50-anos-del-alunizaje-con-apolo-11-el-primer-paso-del-hombre-en-la-luna\/#primaryimage","url":"https:\/\/super-news.info\/mx\/wp-content\/uploads\/sites\/8\/2019\/07\/50-a\u00f1os-del-\u2018alunizaje\u2019-con-Apolo-11-el-primer-paso.png","contentUrl":"https:\/\/super-news.info\/mx\/wp-content\/uploads\/sites\/8\/2019\/07\/50-a\u00f1os-del-\u2018alunizaje\u2019-con-Apolo-11-el-primer-paso.png","width":888,"height":500,"caption":"50 a\u00f1os del \u2018alunizaje\u2019 con Apolo 11, el primer paso del hombre en la Luna"},{"@type":"BreadcrumbList","@id":"https:\/\/super-news.info\/mx\/50-anos-del-alunizaje-con-apolo-11-el-primer-paso-del-hombre-en-la-luna\/#breadcrumb","itemListElement":[{"@type":"ListItem","position":1,"name":"Home","item":"https:\/\/super-news.info\/mx\/"},{"@type":"ListItem","position":2,"name":"50 a\u00f1os del \u2018alunizaje\u2019 con Apolo 11, el primer paso del hombre en la Luna"}]},{"@type":"WebSite","@id":"https:\/\/super-news.info\/mx\/#website","url":"https:\/\/super-news.info\/mx\/","name":"Super News","description":"Super News Mexico","potentialAction":[{"@type":"SearchAction","target":{"@type":"EntryPoint","urlTemplate":"https:\/\/super-news.info\/mx\/?s={search_term_string}"},"query-input":{"@type":"PropertyValueSpecification","valueRequired":true,"valueName":"search_term_string"}}],"inLanguage":"es"},{"@type":"Person","@id":"https:\/\/super-news.info\/mx\/#\/schema\/person\/74b71ca3d407439fd57da2d9c89449ca","name":"mx","image":{"@type":"ImageObject","inLanguage":"es","@id":"https:\/\/secure.gravatar.com\/avatar\/6374ac65ff69c362a0ae1303d73d69dcd9bd198d62d9861f054a69aaf82c017b?s=96&d=mm&r=g","url":"https:\/\/secure.gravatar.com\/avatar\/6374ac65ff69c362a0ae1303d73d69dcd9bd198d62d9861f054a69aaf82c017b?s=96&d=mm&r=g","contentUrl":"https:\/\/secure.gravatar.com\/avatar\/6374ac65ff69c362a0ae1303d73d69dcd9bd198d62d9861f054a69aaf82c017b?s=96&d=mm&r=g","caption":"mx"},"url":"https:\/\/super-news.info\/mx\/author\/mx\/"}]}},"_links":{"self":[{"href":"https:\/\/super-news.info\/mx\/wp-json\/wp\/v2\/posts\/2385","targetHints":{"allow":["GET"]}}],"collection":[{"href":"https:\/\/super-news.info\/mx\/wp-json\/wp\/v2\/posts"}],"about":[{"href":"https:\/\/super-news.info\/mx\/wp-json\/wp\/v2\/types\/post"}],"author":[{"embeddable":true,"href":"https:\/\/super-news.info\/mx\/wp-json\/wp\/v2\/users\/3"}],"replies":[{"embeddable":true,"href":"https:\/\/super-news.info\/mx\/wp-json\/wp\/v2\/comments?post=2385"}],"version-history":[{"count":1,"href":"https:\/\/super-news.info\/mx\/wp-json\/wp\/v2\/posts\/2385\/revisions"}],"predecessor-version":[{"id":2387,"href":"https:\/\/super-news.info\/mx\/wp-json\/wp\/v2\/posts\/2385\/revisions\/2387"}],"wp:featuredmedia":[{"embeddable":true,"href":"https:\/\/super-news.info\/mx\/wp-json\/wp\/v2\/media\/2386"}],"wp:attachment":[{"href":"https:\/\/super-news.info\/mx\/wp-json\/wp\/v2\/media?parent=2385"}],"wp:term":[{"taxonomy":"category","embeddable":true,"href":"https:\/\/super-news.info\/mx\/wp-json\/wp\/v2\/categories?post=2385"},{"taxonomy":"post_tag","embeddable":true,"href":"https:\/\/super-news.info\/mx\/wp-json\/wp\/v2\/tags?post=2385"}],"curies":[{"name":"wp","href":"https:\/\/api.w.org\/{rel}","templated":true}]}}