{"id":2379,"date":"2019-07-16T03:19:40","date_gmt":"2019-07-16T03:19:40","guid":{"rendered":"https:\/\/super-news.info\/mx\/10-jovenes-politicos-despues-de-pasar-por-faceapp\/"},"modified":"2019-07-16T03:19:42","modified_gmt":"2019-07-16T03:19:42","slug":"10-jovenes-politicos-despues-de-pasar-por-faceapp","status":"publish","type":"post","link":"https:\/\/super-news.info\/mx\/10-jovenes-politicos-despues-de-pasar-por-faceapp\/","title":{"rendered":"10 j\u00f3venes pol\u00edticos despu\u00e9s de &#039;pasar&#039; por FaceApp"},"content":{"rendered":"<p> [ad_1]<br \/>\n<\/p>\n<p class=\"paragraph\" data-count=\"193\" data-wrap=\"34\">La aplicaci\u00f3n rusa FaceApp y su herramienta para cambiar el rostro de las personas al de un adulto mayor gener\u00f3 que el nombre de la plataforma se convirtiera en tendencia en Twitter este lunes.<\/p>\n<p class=\"paragraph\" data-count=\"146\" data-wrap=\"25\">Es por eso que decidimos colocar el rostro de 10 de los pol\u00edticos m\u00e1s j\u00f3venes del pa\u00eds para saber c\u00f3mo, posiblemente, lucir\u00e1n cuando sean mayores.<\/p>\n<h3 class=\"featured__title\"><strong>Samuel Garc\u00eda. Senador de Movimiento Ciudadano<\/strong><\/h3>\n<div class=\"image__block \">\n<figure><\/figure>\n<p><span class=\"element__footer\"><\/span><span class=\"element__credit\"><\/span><\/div>\n<h3 class=\"featured__title\"><strong>Luisa Mar\u00eda Alcalde. Secretar\u00eda de Trabajo y Previsi\u00f3n Social<\/strong><\/h3>\n<div class=\"image__block \">\n<figure><img decoding=\"async\" alt=\"\" src=\"http:\/\/super-news.info\/mx\/wp-content\/uploads\/sites\/8\/2019\/07\/1563247177_179_10-jovenes-politicos-despues-de-039pasar039-por-FaceApp.png\" style=\"height:auto;width:100%\" \/><\/figure>\n<p><span class=\"element__footer\"><\/span><span class=\"element__credit\"><\/span><\/div>\n<h3 class=\"featured__title\"><strong>Antonio Attolini. Analista pol\u00edtico<\/strong><\/h3>\n<div class=\"image__block \">\n<figure><img decoding=\"async\" alt=\"\" src=\"http:\/\/super-news.info\/mx\/wp-content\/uploads\/sites\/8\/2019\/07\/1563247178_935_10-jovenes-politicos-despues-de-039pasar039-por-FaceApp.png\" style=\"height:auto;width:100%\" \/><\/figure>\n<p><span class=\"element__footer\"><\/span><span class=\"element__credit\"><\/span><\/div>\n<h3 class=\"featured__title\"><strong>Rom\u00e1n Meyer.  Secretario de Desarrollo Agrario, Territorial y Urbano<\/strong><\/h3>\n<div class=\"image__block \">\n<figure><img decoding=\"async\" alt=\"\" src=\"http:\/\/super-news.info\/mx\/wp-content\/uploads\/sites\/8\/2019\/07\/1563247178_78_10-jovenes-politicos-despues-de-039pasar039-por-FaceApp.png\" style=\"height:auto;width:100%\" \/><\/figure>\n<p><span class=\"element__footer\"><\/span><span class=\"element__credit\"><\/span><\/div>\n<h3 class=\"featured__title\"><strong>Pedro Kumamoto. Pol\u00edtico independiente<\/strong><\/h3>\n<div class=\"image__block \">\n<figure><img decoding=\"async\" alt=\"\" src=\"http:\/\/super-news.info\/mx\/wp-content\/uploads\/sites\/8\/2019\/07\/1563247178_234_10-jovenes-politicos-despues-de-039pasar039-por-FaceApp.png\" style=\"height:auto;width:100%\" \/><\/figure>\n<p><span class=\"element__footer\"><\/span><span class=\"element__credit\"><\/span><\/div>\n<h3 class=\"featured__title\"><strong>Gibr\u00e1n Ram\u00edrez. Secretario general de la Conferencia Interamericana de Seguridad Social<\/strong><\/h3>\n<div class=\"image__block \">\n<figure><img decoding=\"async\" alt=\"\" src=\"http:\/\/super-news.info\/mx\/wp-content\/uploads\/sites\/8\/2019\/07\/1563247179_509_10-jovenes-politicos-despues-de-039pasar039-por-FaceApp.png\" style=\"height:auto;width:100%\" \/><\/figure>\n<p><span class=\"element__footer\"><\/span><span class=\"element__credit\"><\/span><\/div>\n<h3 class=\"featured__title\"><strong>Pedro Carrizales &#x27;El Mijis&#x27;. Diputado por Morena<\/strong><\/h3>\n<div class=\"image__block \">\n<figure><img decoding=\"async\" alt=\"\" src=\"http:\/\/super-news.info\/mx\/wp-content\/uploads\/sites\/8\/2019\/07\/1563247179_164_10-jovenes-politicos-despues-de-039pasar039-por-FaceApp.png\" style=\"height:auto;width:100%\" \/><\/figure>\n<p><span class=\"element__footer\"><\/span><span class=\"element__credit\"><\/span><\/div>\n<h3 class=\"featured__title\"><strong>Citlalli Hern\u00e1ndez. Senadora por Morena<\/strong><\/h3>\n<div class=\"image__block \">\n<figure><img decoding=\"async\" alt=\"\" src=\"http:\/\/super-news.info\/mx\/wp-content\/uploads\/sites\/8\/2019\/07\/1563247179_670_10-jovenes-politicos-despues-de-039pasar039-por-FaceApp.png\" style=\"height:auto;width:100%\" \/><\/figure>\n<p><span class=\"element__footer\"><\/span><span class=\"element__credit\"><\/span><\/div>\n<h3 class=\"featured__title\"><strong>Andr\u00e9s Lajous. Secretario de Movilidad de la CDMX<\/strong><\/h3>\n<div class=\"image__block \">\n<figure><img decoding=\"async\" alt=\"\" src=\"http:\/\/super-news.info\/mx\/wp-content\/uploads\/sites\/8\/2019\/07\/1563247180_102_10-jovenes-politicos-despues-de-039pasar039-por-FaceApp.png\" style=\"height:auto;width:100%\" \/><\/figure>\n<p><span class=\"element__footer\"><\/span><span class=\"element__credit\"><\/span><\/div>\n<h3 class=\"featured__title\"><strong>Juan Pablo Adame. Diputado por el PAN<\/strong><\/h3>\n<div class=\"image__block \">\n<figure><img decoding=\"async\" alt=\"\" src=\"http:\/\/super-news.info\/mx\/wp-content\/uploads\/sites\/8\/2019\/07\/1563247180_959_10-jovenes-politicos-despues-de-039pasar039-por-FaceApp.png\" style=\"height:auto;width:100%\" \/><\/figure>\n<p><span class=\"element__footer\"><\/span><span class=\"element__credit\"><\/span><\/div>\n<p>[ad_2]<br \/>\n<br \/><a href=\"https:\/\/www.elfinanciero.com.mx\/rss\/tech\/asi-se-ven-estos-10-jovenes-politicos-con-faceapp\">Source link <\/a><\/p>\n","protected":false},"excerpt":{"rendered":"<p>[ad_1] La aplicaci\u00f3n rusa FaceApp y su herramienta para cambiar el rostro de las personas al de un adulto mayor gener\u00f3 que el nombre de la plataforma se convirtiera en tendencia en Twitter este lunes. Es por eso que decidimos colocar el rostro de 10 de los pol\u00edticos m\u00e1s j\u00f3venes del pa\u00eds para saber c\u00f3mo, [&hellip;]<\/p>\n","protected":false},"author":3,"featured_media":2380,"comment_status":"open","ping_status":"open","sticky":false,"template":"","format":"standard","meta":{"footnotes":""},"categories":[1],"tags":[],"class_list":["post-2379","post","type-post","status-publish","format-standard","has-post-thumbnail","hentry","category-noticias-financieras"],"yoast_head":"<!-- This site is optimized with the Yoast SEO plugin v27.4 - https:\/\/yoast.com\/product\/yoast-seo-wordpress\/ -->\n<title>10 j\u00f3venes pol\u00edticos despu\u00e9s de &#039;pasar&#039; por FaceApp - Super News<\/title>\n<meta name=\"robots\" content=\"index, follow, max-snippet:-1, max-image-preview:large, max-video-preview:-1\" \/>\n<link rel=\"canonical\" href=\"https:\/\/super-news.info\/mx\/10-jovenes-politicos-despues-de-pasar-por-faceapp\/\" \/>\n<meta property=\"og:locale\" content=\"es_MX\" \/>\n<meta property=\"og:type\" content=\"article\" \/>\n<meta property=\"og:title\" content=\"10 j\u00f3venes pol\u00edticos despu\u00e9s de &#039;pasar&#039; por FaceApp - Super News\" \/>\n<meta property=\"og:description\" content=\"[ad_1] La aplicaci\u00f3n rusa FaceApp y su herramienta para cambiar el rostro de las personas al de un adulto mayor gener\u00f3 que el nombre de la plataforma se convirtiera en tendencia en Twitter este lunes. Es por eso que decidimos colocar el rostro de 10 de los pol\u00edticos m\u00e1s j\u00f3venes del pa\u00eds para saber c\u00f3mo, [&hellip;]\" \/>\n<meta property=\"og:url\" content=\"https:\/\/super-news.info\/mx\/10-jovenes-politicos-despues-de-pasar-por-faceapp\/\" \/>\n<meta property=\"og:site_name\" content=\"Super News\" \/>\n<meta property=\"article:published_time\" content=\"2019-07-16T03:19:40+00:00\" \/>\n<meta property=\"article:modified_time\" content=\"2019-07-16T03:19:42+00:00\" \/>\n<meta property=\"og:image\" content=\"https:\/\/super-news.info\/mx\/wp-content\/uploads\/sites\/8\/2019\/07\/10-j\u00f3venes-pol\u00edticos-despu\u00e9s-de-039pasar039-por-FaceApp.png\" \/>\n\t<meta property=\"og:image:width\" content=\"888\" \/>\n\t<meta property=\"og:image:height\" content=\"500\" \/>\n\t<meta property=\"og:image:type\" content=\"image\/png\" \/>\n<meta name=\"author\" content=\"mx\" \/>\n<meta name=\"twitter:card\" content=\"summary_large_image\" \/>\n<meta name=\"twitter:label1\" content=\"Escrito por\" \/>\n\t<meta name=\"twitter:data1\" content=\"mx\" \/>\n\t<meta name=\"twitter:label2\" content=\"Tiempo de lectura\" \/>\n\t<meta name=\"twitter:data2\" content=\"1 minuto\" \/>\n<script type=\"application\/ld+json\" class=\"yoast-schema-graph\">{\"@context\":\"https:\\\/\\\/schema.org\",\"@graph\":[{\"@type\":\"Article\",\"@id\":\"https:\\\/\\\/super-news.info\\\/mx\\\/10-jovenes-politicos-despues-de-pasar-por-faceapp\\\/#article\",\"isPartOf\":{\"@id\":\"https:\\\/\\\/super-news.info\\\/mx\\\/10-jovenes-politicos-despues-de-pasar-por-faceapp\\\/\"},\"author\":{\"name\":\"mx\",\"@id\":\"https:\\\/\\\/super-news.info\\\/mx\\\/#\\\/schema\\\/person\\\/74b71ca3d407439fd57da2d9c89449ca\"},\"headline\":\"10 j\u00f3venes pol\u00edticos despu\u00e9s de &#039;pasar&#039; por FaceApp\",\"datePublished\":\"2019-07-16T03:19:40+00:00\",\"dateModified\":\"2019-07-16T03:19:42+00:00\",\"mainEntityOfPage\":{\"@id\":\"https:\\\/\\\/super-news.info\\\/mx\\\/10-jovenes-politicos-despues-de-pasar-por-faceapp\\\/\"},\"wordCount\":162,\"commentCount\":0,\"image\":{\"@id\":\"https:\\\/\\\/super-news.info\\\/mx\\\/10-jovenes-politicos-despues-de-pasar-por-faceapp\\\/#primaryimage\"},\"thumbnailUrl\":\"https:\\\/\\\/super-news.info\\\/mx\\\/wp-content\\\/uploads\\\/sites\\\/8\\\/2019\\\/07\\\/10-j\u00f3venes-pol\u00edticos-despu\u00e9s-de-039pasar039-por-FaceApp.png\",\"articleSection\":[\"NOTICIAS FINANCIERAS\"],\"inLanguage\":\"es\",\"potentialAction\":[{\"@type\":\"CommentAction\",\"name\":\"Comment\",\"target\":[\"https:\\\/\\\/super-news.info\\\/mx\\\/10-jovenes-politicos-despues-de-pasar-por-faceapp\\\/#respond\"]}]},{\"@type\":\"WebPage\",\"@id\":\"https:\\\/\\\/super-news.info\\\/mx\\\/10-jovenes-politicos-despues-de-pasar-por-faceapp\\\/\",\"url\":\"https:\\\/\\\/super-news.info\\\/mx\\\/10-jovenes-politicos-despues-de-pasar-por-faceapp\\\/\",\"name\":\"10 j\u00f3venes pol\u00edticos despu\u00e9s de &#039;pasar&#039; por FaceApp - Super News\",\"isPartOf\":{\"@id\":\"https:\\\/\\\/super-news.info\\\/mx\\\/#website\"},\"primaryImageOfPage\":{\"@id\":\"https:\\\/\\\/super-news.info\\\/mx\\\/10-jovenes-politicos-despues-de-pasar-por-faceapp\\\/#primaryimage\"},\"image\":{\"@id\":\"https:\\\/\\\/super-news.info\\\/mx\\\/10-jovenes-politicos-despues-de-pasar-por-faceapp\\\/#primaryimage\"},\"thumbnailUrl\":\"https:\\\/\\\/super-news.info\\\/mx\\\/wp-content\\\/uploads\\\/sites\\\/8\\\/2019\\\/07\\\/10-j\u00f3venes-pol\u00edticos-despu\u00e9s-de-039pasar039-por-FaceApp.png\",\"datePublished\":\"2019-07-16T03:19:40+00:00\",\"dateModified\":\"2019-07-16T03:19:42+00:00\",\"author\":{\"@id\":\"https:\\\/\\\/super-news.info\\\/mx\\\/#\\\/schema\\\/person\\\/74b71ca3d407439fd57da2d9c89449ca\"},\"breadcrumb\":{\"@id\":\"https:\\\/\\\/super-news.info\\\/mx\\\/10-jovenes-politicos-despues-de-pasar-por-faceapp\\\/#breadcrumb\"},\"inLanguage\":\"es\",\"potentialAction\":[{\"@type\":\"ReadAction\",\"target\":[\"https:\\\/\\\/super-news.info\\\/mx\\\/10-jovenes-politicos-despues-de-pasar-por-faceapp\\\/\"]}]},{\"@type\":\"ImageObject\",\"inLanguage\":\"es\",\"@id\":\"https:\\\/\\\/super-news.info\\\/mx\\\/10-jovenes-politicos-despues-de-pasar-por-faceapp\\\/#primaryimage\",\"url\":\"https:\\\/\\\/super-news.info\\\/mx\\\/wp-content\\\/uploads\\\/sites\\\/8\\\/2019\\\/07\\\/10-j\u00f3venes-pol\u00edticos-despu\u00e9s-de-039pasar039-por-FaceApp.png\",\"contentUrl\":\"https:\\\/\\\/super-news.info\\\/mx\\\/wp-content\\\/uploads\\\/sites\\\/8\\\/2019\\\/07\\\/10-j\u00f3venes-pol\u00edticos-despu\u00e9s-de-039pasar039-por-FaceApp.png\",\"width\":888,\"height\":500,\"caption\":\"10 j\u00f3venes pol\u00edticos despu\u00e9s de &#039;pasar&#039; por FaceApp\"},{\"@type\":\"BreadcrumbList\",\"@id\":\"https:\\\/\\\/super-news.info\\\/mx\\\/10-jovenes-politicos-despues-de-pasar-por-faceapp\\\/#breadcrumb\",\"itemListElement\":[{\"@type\":\"ListItem\",\"position\":1,\"name\":\"Home\",\"item\":\"https:\\\/\\\/super-news.info\\\/mx\\\/\"},{\"@type\":\"ListItem\",\"position\":2,\"name\":\"10 j\u00f3venes pol\u00edticos despu\u00e9s de &#039;pasar&#039; por FaceApp\"}]},{\"@type\":\"WebSite\",\"@id\":\"https:\\\/\\\/super-news.info\\\/mx\\\/#website\",\"url\":\"https:\\\/\\\/super-news.info\\\/mx\\\/\",\"name\":\"Super News\",\"description\":\"Super News Mexico\",\"potentialAction\":[{\"@type\":\"SearchAction\",\"target\":{\"@type\":\"EntryPoint\",\"urlTemplate\":\"https:\\\/\\\/super-news.info\\\/mx\\\/?s={search_term_string}\"},\"query-input\":{\"@type\":\"PropertyValueSpecification\",\"valueRequired\":true,\"valueName\":\"search_term_string\"}}],\"inLanguage\":\"es\"},{\"@type\":\"Person\",\"@id\":\"https:\\\/\\\/super-news.info\\\/mx\\\/#\\\/schema\\\/person\\\/74b71ca3d407439fd57da2d9c89449ca\",\"name\":\"mx\",\"image\":{\"@type\":\"ImageObject\",\"inLanguage\":\"es\",\"@id\":\"https:\\\/\\\/secure.gravatar.com\\\/avatar\\\/6374ac65ff69c362a0ae1303d73d69dcd9bd198d62d9861f054a69aaf82c017b?s=96&d=mm&r=g\",\"url\":\"https:\\\/\\\/secure.gravatar.com\\\/avatar\\\/6374ac65ff69c362a0ae1303d73d69dcd9bd198d62d9861f054a69aaf82c017b?s=96&d=mm&r=g\",\"contentUrl\":\"https:\\\/\\\/secure.gravatar.com\\\/avatar\\\/6374ac65ff69c362a0ae1303d73d69dcd9bd198d62d9861f054a69aaf82c017b?s=96&d=mm&r=g\",\"caption\":\"mx\"},\"url\":\"https:\\\/\\\/super-news.info\\\/mx\\\/author\\\/mx\\\/\"}]}<\/script>\n<!-- \/ Yoast SEO plugin. -->","yoast_head_json":{"title":"10 j\u00f3venes pol\u00edticos despu\u00e9s de &#039;pasar&#039; por FaceApp - Super News","robots":{"index":"index","follow":"follow","max-snippet":"max-snippet:-1","max-image-preview":"max-image-preview:large","max-video-preview":"max-video-preview:-1"},"canonical":"https:\/\/super-news.info\/mx\/10-jovenes-politicos-despues-de-pasar-por-faceapp\/","og_locale":"es_MX","og_type":"article","og_title":"10 j\u00f3venes pol\u00edticos despu\u00e9s de &#039;pasar&#039; por FaceApp - Super News","og_description":"[ad_1] La aplicaci\u00f3n rusa FaceApp y su herramienta para cambiar el rostro de las personas al de un adulto mayor gener\u00f3 que el nombre de la plataforma se convirtiera en tendencia en Twitter este lunes. Es por eso que decidimos colocar el rostro de 10 de los pol\u00edticos m\u00e1s j\u00f3venes del pa\u00eds para saber c\u00f3mo, [&hellip;]","og_url":"https:\/\/super-news.info\/mx\/10-jovenes-politicos-despues-de-pasar-por-faceapp\/","og_site_name":"Super News","article_published_time":"2019-07-16T03:19:40+00:00","article_modified_time":"2019-07-16T03:19:42+00:00","og_image":[{"width":888,"height":500,"url":"https:\/\/super-news.info\/mx\/wp-content\/uploads\/sites\/8\/2019\/07\/10-j\u00f3venes-pol\u00edticos-despu\u00e9s-de-039pasar039-por-FaceApp.png","type":"image\/png"}],"author":"mx","twitter_card":"summary_large_image","twitter_misc":{"Escrito por":"mx","Tiempo de lectura":"1 minuto"},"schema":{"@context":"https:\/\/schema.org","@graph":[{"@type":"Article","@id":"https:\/\/super-news.info\/mx\/10-jovenes-politicos-despues-de-pasar-por-faceapp\/#article","isPartOf":{"@id":"https:\/\/super-news.info\/mx\/10-jovenes-politicos-despues-de-pasar-por-faceapp\/"},"author":{"name":"mx","@id":"https:\/\/super-news.info\/mx\/#\/schema\/person\/74b71ca3d407439fd57da2d9c89449ca"},"headline":"10 j\u00f3venes pol\u00edticos despu\u00e9s de &#039;pasar&#039; por FaceApp","datePublished":"2019-07-16T03:19:40+00:00","dateModified":"2019-07-16T03:19:42+00:00","mainEntityOfPage":{"@id":"https:\/\/super-news.info\/mx\/10-jovenes-politicos-despues-de-pasar-por-faceapp\/"},"wordCount":162,"commentCount":0,"image":{"@id":"https:\/\/super-news.info\/mx\/10-jovenes-politicos-despues-de-pasar-por-faceapp\/#primaryimage"},"thumbnailUrl":"https:\/\/super-news.info\/mx\/wp-content\/uploads\/sites\/8\/2019\/07\/10-j\u00f3venes-pol\u00edticos-despu\u00e9s-de-039pasar039-por-FaceApp.png","articleSection":["NOTICIAS FINANCIERAS"],"inLanguage":"es","potentialAction":[{"@type":"CommentAction","name":"Comment","target":["https:\/\/super-news.info\/mx\/10-jovenes-politicos-despues-de-pasar-por-faceapp\/#respond"]}]},{"@type":"WebPage","@id":"https:\/\/super-news.info\/mx\/10-jovenes-politicos-despues-de-pasar-por-faceapp\/","url":"https:\/\/super-news.info\/mx\/10-jovenes-politicos-despues-de-pasar-por-faceapp\/","name":"10 j\u00f3venes pol\u00edticos despu\u00e9s de &#039;pasar&#039; por FaceApp - Super News","isPartOf":{"@id":"https:\/\/super-news.info\/mx\/#website"},"primaryImageOfPage":{"@id":"https:\/\/super-news.info\/mx\/10-jovenes-politicos-despues-de-pasar-por-faceapp\/#primaryimage"},"image":{"@id":"https:\/\/super-news.info\/mx\/10-jovenes-politicos-despues-de-pasar-por-faceapp\/#primaryimage"},"thumbnailUrl":"https:\/\/super-news.info\/mx\/wp-content\/uploads\/sites\/8\/2019\/07\/10-j\u00f3venes-pol\u00edticos-despu\u00e9s-de-039pasar039-por-FaceApp.png","datePublished":"2019-07-16T03:19:40+00:00","dateModified":"2019-07-16T03:19:42+00:00","author":{"@id":"https:\/\/super-news.info\/mx\/#\/schema\/person\/74b71ca3d407439fd57da2d9c89449ca"},"breadcrumb":{"@id":"https:\/\/super-news.info\/mx\/10-jovenes-politicos-despues-de-pasar-por-faceapp\/#breadcrumb"},"inLanguage":"es","potentialAction":[{"@type":"ReadAction","target":["https:\/\/super-news.info\/mx\/10-jovenes-politicos-despues-de-pasar-por-faceapp\/"]}]},{"@type":"ImageObject","inLanguage":"es","@id":"https:\/\/super-news.info\/mx\/10-jovenes-politicos-despues-de-pasar-por-faceapp\/#primaryimage","url":"https:\/\/super-news.info\/mx\/wp-content\/uploads\/sites\/8\/2019\/07\/10-j\u00f3venes-pol\u00edticos-despu\u00e9s-de-039pasar039-por-FaceApp.png","contentUrl":"https:\/\/super-news.info\/mx\/wp-content\/uploads\/sites\/8\/2019\/07\/10-j\u00f3venes-pol\u00edticos-despu\u00e9s-de-039pasar039-por-FaceApp.png","width":888,"height":500,"caption":"10 j\u00f3venes pol\u00edticos despu\u00e9s de &#039;pasar&#039; por FaceApp"},{"@type":"BreadcrumbList","@id":"https:\/\/super-news.info\/mx\/10-jovenes-politicos-despues-de-pasar-por-faceapp\/#breadcrumb","itemListElement":[{"@type":"ListItem","position":1,"name":"Home","item":"https:\/\/super-news.info\/mx\/"},{"@type":"ListItem","position":2,"name":"10 j\u00f3venes pol\u00edticos despu\u00e9s de &#039;pasar&#039; por FaceApp"}]},{"@type":"WebSite","@id":"https:\/\/super-news.info\/mx\/#website","url":"https:\/\/super-news.info\/mx\/","name":"Super News","description":"Super News Mexico","potentialAction":[{"@type":"SearchAction","target":{"@type":"EntryPoint","urlTemplate":"https:\/\/super-news.info\/mx\/?s={search_term_string}"},"query-input":{"@type":"PropertyValueSpecification","valueRequired":true,"valueName":"search_term_string"}}],"inLanguage":"es"},{"@type":"Person","@id":"https:\/\/super-news.info\/mx\/#\/schema\/person\/74b71ca3d407439fd57da2d9c89449ca","name":"mx","image":{"@type":"ImageObject","inLanguage":"es","@id":"https:\/\/secure.gravatar.com\/avatar\/6374ac65ff69c362a0ae1303d73d69dcd9bd198d62d9861f054a69aaf82c017b?s=96&d=mm&r=g","url":"https:\/\/secure.gravatar.com\/avatar\/6374ac65ff69c362a0ae1303d73d69dcd9bd198d62d9861f054a69aaf82c017b?s=96&d=mm&r=g","contentUrl":"https:\/\/secure.gravatar.com\/avatar\/6374ac65ff69c362a0ae1303d73d69dcd9bd198d62d9861f054a69aaf82c017b?s=96&d=mm&r=g","caption":"mx"},"url":"https:\/\/super-news.info\/mx\/author\/mx\/"}]}},"_links":{"self":[{"href":"https:\/\/super-news.info\/mx\/wp-json\/wp\/v2\/posts\/2379","targetHints":{"allow":["GET"]}}],"collection":[{"href":"https:\/\/super-news.info\/mx\/wp-json\/wp\/v2\/posts"}],"about":[{"href":"https:\/\/super-news.info\/mx\/wp-json\/wp\/v2\/types\/post"}],"author":[{"embeddable":true,"href":"https:\/\/super-news.info\/mx\/wp-json\/wp\/v2\/users\/3"}],"replies":[{"embeddable":true,"href":"https:\/\/super-news.info\/mx\/wp-json\/wp\/v2\/comments?post=2379"}],"version-history":[{"count":1,"href":"https:\/\/super-news.info\/mx\/wp-json\/wp\/v2\/posts\/2379\/revisions"}],"predecessor-version":[{"id":2381,"href":"https:\/\/super-news.info\/mx\/wp-json\/wp\/v2\/posts\/2379\/revisions\/2381"}],"wp:featuredmedia":[{"embeddable":true,"href":"https:\/\/super-news.info\/mx\/wp-json\/wp\/v2\/media\/2380"}],"wp:attachment":[{"href":"https:\/\/super-news.info\/mx\/wp-json\/wp\/v2\/media?parent=2379"}],"wp:term":[{"taxonomy":"category","embeddable":true,"href":"https:\/\/super-news.info\/mx\/wp-json\/wp\/v2\/categories?post=2379"},{"taxonomy":"post_tag","embeddable":true,"href":"https:\/\/super-news.info\/mx\/wp-json\/wp\/v2\/tags?post=2379"}],"curies":[{"name":"wp","href":"https:\/\/api.w.org\/{rel}","templated":true}]}}