{"id":2362,"date":"2019-07-15T18:30:43","date_gmt":"2019-07-15T18:30:43","guid":{"rendered":"https:\/\/super-news.info\/mx\/nissan-adaptara-autos-para-discapacitados-motrices\/"},"modified":"2019-07-15T18:30:44","modified_gmt":"2019-07-15T18:30:44","slug":"nissan-adaptara-autos-para-discapacitados-motrices","status":"publish","type":"post","link":"https:\/\/super-news.info\/mx\/nissan-adaptara-autos-para-discapacitados-motrices\/","title":{"rendered":"Nissan adaptar\u00e1 autos para discapacitados motrices"},"content":{"rendered":"<p> [ad_1]<br \/>\n<\/p>\n<p class=\"paragraph\" data-count=\"170\" data-wrap=\"25\"><strong>Nissan <\/strong>lanz\u00f3 al mercado mexicano la primera adaptaci\u00f3n aplicada a sus veh\u00edculos desde f\u00e1brica para que personas que padezcan una <strong>discapacidad motriz <\/strong>puedan conducirlos.\n<\/p>\n<p class=\"paragraph\" data-count=\"225\" data-wrap=\"37\">En conferencia, Roberto Lerma, subdirector de mercadotecnia de la firma, detall\u00f3 que como parte de su plan <strong>Nissan Go<\/strong> ofrecer\u00e1n dos equipos adicionales para los autos que quieran usar personas que no pueden usar sus piernas.\n<\/p>\n<p class=\"paragraph\" data-count=\"254\" data-wrap=\"43\">&#8220;Ahora comenzamos con el Versa pero esta se ir\u00e1 aplicando desde fabrica a otros modelos del portafolio (&#8230;) Ya se puede pedir en cualquiera de los distribuidores de la empresa y puede tardar dos semanas la entrega para ponerle las adaptaciones&#8221;, dijo.\n<\/p>\n<p class=\"paragraph\" data-count=\"367\" data-wrap=\"65\">El primer equipo es un &#x27;hand set&#x27;, que con una palanca se puede usar el acelerador y el freno, mientras que en el volante tiene otros controles que facilitan el manejo del auto. El segundo es un sistema sobre el asiento del copiloto que permite girarlo hasta en 90 grados para facilitar que la persona con discapacidad pueda subir directamente de su silla de ruedas.\n<\/p>\n<p class=\"paragraph\" data-count=\"108\" data-wrap=\"16\">&#8220;Todos los sistemas est\u00e1n certificados con los m\u00e1s altos est\u00e1ndares de calidad y seguridad&#8221;, refiri\u00f3 Lerma.\n<\/p>\n<p class=\"paragraph\" data-count=\"204\" data-wrap=\"31\">Agreg\u00f3 que incluso esto puede ser un m\u00e9todo de autoempleo para las personas con discapacidad motriz, pues puede usarse para manejarse bajo plataformas de conductor privado, sea Uber, Cabify, entre otros.\n<\/p>\n<p class=\"paragraph\" data-count=\"139\" data-wrap=\"23\">&#8220;Somos la \u00fanica automotriz en M\u00e9xico que tienen este sistema, adem\u00e1s de ser el \u00fanico mercado donde Nissan lo usa&#8221;, destac\u00f3 el subdirector.\n<\/p>\n<p class=\"paragraph\" data-count=\"109\" data-wrap=\"19\">El <strong>Versa <\/strong>con adaptaciones tendr\u00e1 un precio base de 267 mil 700 pesos, todos son con transmisi\u00f3n autom\u00e1tica.\n<\/p>\n<div class=\"image__block \">\n<figure><\/figure>\n<p><span class=\"element__footer\"><\/span><span class=\"element__credit\"><\/span><\/div>\n<p>[ad_2]<br \/>\n<br \/><a href=\"https:\/\/www.elfinanciero.com.mx\/rss\/empresas\/nissan-adaptara-autos-para-discapacitados-motrices\">Source link <\/a><\/p>\n","protected":false},"excerpt":{"rendered":"<p>[ad_1] Nissan lanz\u00f3 al mercado mexicano la primera adaptaci\u00f3n aplicada a sus veh\u00edculos desde f\u00e1brica para que personas que padezcan una discapacidad motriz puedan conducirlos. En conferencia, Roberto Lerma, subdirector de mercadotecnia de la firma, detall\u00f3 que como parte de su plan Nissan Go ofrecer\u00e1n dos equipos adicionales para los autos que quieran usar personas [&hellip;]<\/p>\n","protected":false},"author":3,"featured_media":2363,"comment_status":"open","ping_status":"open","sticky":false,"template":"","format":"standard","meta":{"footnotes":""},"categories":[1],"tags":[],"class_list":["post-2362","post","type-post","status-publish","format-standard","has-post-thumbnail","hentry","category-noticias-financieras"],"yoast_head":"<!-- This site is optimized with the Yoast SEO plugin v27.4 - https:\/\/yoast.com\/product\/yoast-seo-wordpress\/ -->\n<title>Nissan adaptar\u00e1 autos para discapacitados motrices - Super News<\/title>\n<meta name=\"robots\" content=\"index, follow, max-snippet:-1, max-image-preview:large, max-video-preview:-1\" \/>\n<link rel=\"canonical\" href=\"https:\/\/super-news.info\/mx\/nissan-adaptara-autos-para-discapacitados-motrices\/\" \/>\n<meta property=\"og:locale\" content=\"es_MX\" \/>\n<meta property=\"og:type\" content=\"article\" \/>\n<meta property=\"og:title\" content=\"Nissan adaptar\u00e1 autos para discapacitados motrices - Super News\" \/>\n<meta property=\"og:description\" content=\"[ad_1] Nissan lanz\u00f3 al mercado mexicano la primera adaptaci\u00f3n aplicada a sus veh\u00edculos desde f\u00e1brica para que personas que padezcan una discapacidad motriz puedan conducirlos. En conferencia, Roberto Lerma, subdirector de mercadotecnia de la firma, detall\u00f3 que como parte de su plan Nissan Go ofrecer\u00e1n dos equipos adicionales para los autos que quieran usar personas [&hellip;]\" \/>\n<meta property=\"og:url\" content=\"https:\/\/super-news.info\/mx\/nissan-adaptara-autos-para-discapacitados-motrices\/\" \/>\n<meta property=\"og:site_name\" content=\"Super News\" \/>\n<meta property=\"article:published_time\" content=\"2019-07-15T18:30:43+00:00\" \/>\n<meta property=\"article:modified_time\" content=\"2019-07-15T18:30:44+00:00\" \/>\n<meta property=\"og:image\" content=\"https:\/\/super-news.info\/mx\/wp-content\/uploads\/sites\/8\/2019\/07\/Nissan-adaptar\u00e1-autos-para-discapacitados-motrices.jpeg\" \/>\n\t<meta property=\"og:image:width\" content=\"1361\" \/>\n\t<meta property=\"og:image:height\" content=\"765\" \/>\n\t<meta property=\"og:image:type\" content=\"image\/jpeg\" \/>\n<meta name=\"author\" content=\"mx\" \/>\n<meta name=\"twitter:card\" content=\"summary_large_image\" \/>\n<meta name=\"twitter:label1\" content=\"Escrito por\" \/>\n\t<meta name=\"twitter:data1\" content=\"mx\" \/>\n\t<meta name=\"twitter:label2\" content=\"Tiempo de lectura\" \/>\n\t<meta name=\"twitter:data2\" content=\"1 minuto\" \/>\n<script type=\"application\/ld+json\" class=\"yoast-schema-graph\">{\"@context\":\"https:\\\/\\\/schema.org\",\"@graph\":[{\"@type\":\"Article\",\"@id\":\"https:\\\/\\\/super-news.info\\\/mx\\\/nissan-adaptara-autos-para-discapacitados-motrices\\\/#article\",\"isPartOf\":{\"@id\":\"https:\\\/\\\/super-news.info\\\/mx\\\/nissan-adaptara-autos-para-discapacitados-motrices\\\/\"},\"author\":{\"name\":\"mx\",\"@id\":\"https:\\\/\\\/super-news.info\\\/mx\\\/#\\\/schema\\\/person\\\/74b71ca3d407439fd57da2d9c89449ca\"},\"headline\":\"Nissan adaptar\u00e1 autos para discapacitados motrices\",\"datePublished\":\"2019-07-15T18:30:43+00:00\",\"dateModified\":\"2019-07-15T18:30:44+00:00\",\"mainEntityOfPage\":{\"@id\":\"https:\\\/\\\/super-news.info\\\/mx\\\/nissan-adaptara-autos-para-discapacitados-motrices\\\/\"},\"wordCount\":275,\"commentCount\":0,\"image\":{\"@id\":\"https:\\\/\\\/super-news.info\\\/mx\\\/nissan-adaptara-autos-para-discapacitados-motrices\\\/#primaryimage\"},\"thumbnailUrl\":\"https:\\\/\\\/super-news.info\\\/mx\\\/wp-content\\\/uploads\\\/sites\\\/8\\\/2019\\\/07\\\/Nissan-adaptar\u00e1-autos-para-discapacitados-motrices.jpeg\",\"articleSection\":[\"NOTICIAS FINANCIERAS\"],\"inLanguage\":\"es\",\"potentialAction\":[{\"@type\":\"CommentAction\",\"name\":\"Comment\",\"target\":[\"https:\\\/\\\/super-news.info\\\/mx\\\/nissan-adaptara-autos-para-discapacitados-motrices\\\/#respond\"]}]},{\"@type\":\"WebPage\",\"@id\":\"https:\\\/\\\/super-news.info\\\/mx\\\/nissan-adaptara-autos-para-discapacitados-motrices\\\/\",\"url\":\"https:\\\/\\\/super-news.info\\\/mx\\\/nissan-adaptara-autos-para-discapacitados-motrices\\\/\",\"name\":\"Nissan adaptar\u00e1 autos para discapacitados motrices - Super News\",\"isPartOf\":{\"@id\":\"https:\\\/\\\/super-news.info\\\/mx\\\/#website\"},\"primaryImageOfPage\":{\"@id\":\"https:\\\/\\\/super-news.info\\\/mx\\\/nissan-adaptara-autos-para-discapacitados-motrices\\\/#primaryimage\"},\"image\":{\"@id\":\"https:\\\/\\\/super-news.info\\\/mx\\\/nissan-adaptara-autos-para-discapacitados-motrices\\\/#primaryimage\"},\"thumbnailUrl\":\"https:\\\/\\\/super-news.info\\\/mx\\\/wp-content\\\/uploads\\\/sites\\\/8\\\/2019\\\/07\\\/Nissan-adaptar\u00e1-autos-para-discapacitados-motrices.jpeg\",\"datePublished\":\"2019-07-15T18:30:43+00:00\",\"dateModified\":\"2019-07-15T18:30:44+00:00\",\"author\":{\"@id\":\"https:\\\/\\\/super-news.info\\\/mx\\\/#\\\/schema\\\/person\\\/74b71ca3d407439fd57da2d9c89449ca\"},\"breadcrumb\":{\"@id\":\"https:\\\/\\\/super-news.info\\\/mx\\\/nissan-adaptara-autos-para-discapacitados-motrices\\\/#breadcrumb\"},\"inLanguage\":\"es\",\"potentialAction\":[{\"@type\":\"ReadAction\",\"target\":[\"https:\\\/\\\/super-news.info\\\/mx\\\/nissan-adaptara-autos-para-discapacitados-motrices\\\/\"]}]},{\"@type\":\"ImageObject\",\"inLanguage\":\"es\",\"@id\":\"https:\\\/\\\/super-news.info\\\/mx\\\/nissan-adaptara-autos-para-discapacitados-motrices\\\/#primaryimage\",\"url\":\"https:\\\/\\\/super-news.info\\\/mx\\\/wp-content\\\/uploads\\\/sites\\\/8\\\/2019\\\/07\\\/Nissan-adaptar\u00e1-autos-para-discapacitados-motrices.jpeg\",\"contentUrl\":\"https:\\\/\\\/super-news.info\\\/mx\\\/wp-content\\\/uploads\\\/sites\\\/8\\\/2019\\\/07\\\/Nissan-adaptar\u00e1-autos-para-discapacitados-motrices.jpeg\",\"width\":1361,\"height\":765,\"caption\":\"Nissan adaptar\u00e1 autos para discapacitados motrices\"},{\"@type\":\"BreadcrumbList\",\"@id\":\"https:\\\/\\\/super-news.info\\\/mx\\\/nissan-adaptara-autos-para-discapacitados-motrices\\\/#breadcrumb\",\"itemListElement\":[{\"@type\":\"ListItem\",\"position\":1,\"name\":\"Home\",\"item\":\"https:\\\/\\\/super-news.info\\\/mx\\\/\"},{\"@type\":\"ListItem\",\"position\":2,\"name\":\"Nissan adaptar\u00e1 autos para discapacitados motrices\"}]},{\"@type\":\"WebSite\",\"@id\":\"https:\\\/\\\/super-news.info\\\/mx\\\/#website\",\"url\":\"https:\\\/\\\/super-news.info\\\/mx\\\/\",\"name\":\"Super News\",\"description\":\"Super News Mexico\",\"potentialAction\":[{\"@type\":\"SearchAction\",\"target\":{\"@type\":\"EntryPoint\",\"urlTemplate\":\"https:\\\/\\\/super-news.info\\\/mx\\\/?s={search_term_string}\"},\"query-input\":{\"@type\":\"PropertyValueSpecification\",\"valueRequired\":true,\"valueName\":\"search_term_string\"}}],\"inLanguage\":\"es\"},{\"@type\":\"Person\",\"@id\":\"https:\\\/\\\/super-news.info\\\/mx\\\/#\\\/schema\\\/person\\\/74b71ca3d407439fd57da2d9c89449ca\",\"name\":\"mx\",\"image\":{\"@type\":\"ImageObject\",\"inLanguage\":\"es\",\"@id\":\"https:\\\/\\\/secure.gravatar.com\\\/avatar\\\/6374ac65ff69c362a0ae1303d73d69dcd9bd198d62d9861f054a69aaf82c017b?s=96&d=mm&r=g\",\"url\":\"https:\\\/\\\/secure.gravatar.com\\\/avatar\\\/6374ac65ff69c362a0ae1303d73d69dcd9bd198d62d9861f054a69aaf82c017b?s=96&d=mm&r=g\",\"contentUrl\":\"https:\\\/\\\/secure.gravatar.com\\\/avatar\\\/6374ac65ff69c362a0ae1303d73d69dcd9bd198d62d9861f054a69aaf82c017b?s=96&d=mm&r=g\",\"caption\":\"mx\"},\"url\":\"https:\\\/\\\/super-news.info\\\/mx\\\/author\\\/mx\\\/\"}]}<\/script>\n<!-- \/ Yoast SEO plugin. -->","yoast_head_json":{"title":"Nissan adaptar\u00e1 autos para discapacitados motrices - Super News","robots":{"index":"index","follow":"follow","max-snippet":"max-snippet:-1","max-image-preview":"max-image-preview:large","max-video-preview":"max-video-preview:-1"},"canonical":"https:\/\/super-news.info\/mx\/nissan-adaptara-autos-para-discapacitados-motrices\/","og_locale":"es_MX","og_type":"article","og_title":"Nissan adaptar\u00e1 autos para discapacitados motrices - Super News","og_description":"[ad_1] Nissan lanz\u00f3 al mercado mexicano la primera adaptaci\u00f3n aplicada a sus veh\u00edculos desde f\u00e1brica para que personas que padezcan una discapacidad motriz puedan conducirlos. En conferencia, Roberto Lerma, subdirector de mercadotecnia de la firma, detall\u00f3 que como parte de su plan Nissan Go ofrecer\u00e1n dos equipos adicionales para los autos que quieran usar personas [&hellip;]","og_url":"https:\/\/super-news.info\/mx\/nissan-adaptara-autos-para-discapacitados-motrices\/","og_site_name":"Super News","article_published_time":"2019-07-15T18:30:43+00:00","article_modified_time":"2019-07-15T18:30:44+00:00","og_image":[{"width":1361,"height":765,"url":"https:\/\/super-news.info\/mx\/wp-content\/uploads\/sites\/8\/2019\/07\/Nissan-adaptar\u00e1-autos-para-discapacitados-motrices.jpeg","type":"image\/jpeg"}],"author":"mx","twitter_card":"summary_large_image","twitter_misc":{"Escrito por":"mx","Tiempo de lectura":"1 minuto"},"schema":{"@context":"https:\/\/schema.org","@graph":[{"@type":"Article","@id":"https:\/\/super-news.info\/mx\/nissan-adaptara-autos-para-discapacitados-motrices\/#article","isPartOf":{"@id":"https:\/\/super-news.info\/mx\/nissan-adaptara-autos-para-discapacitados-motrices\/"},"author":{"name":"mx","@id":"https:\/\/super-news.info\/mx\/#\/schema\/person\/74b71ca3d407439fd57da2d9c89449ca"},"headline":"Nissan adaptar\u00e1 autos para discapacitados motrices","datePublished":"2019-07-15T18:30:43+00:00","dateModified":"2019-07-15T18:30:44+00:00","mainEntityOfPage":{"@id":"https:\/\/super-news.info\/mx\/nissan-adaptara-autos-para-discapacitados-motrices\/"},"wordCount":275,"commentCount":0,"image":{"@id":"https:\/\/super-news.info\/mx\/nissan-adaptara-autos-para-discapacitados-motrices\/#primaryimage"},"thumbnailUrl":"https:\/\/super-news.info\/mx\/wp-content\/uploads\/sites\/8\/2019\/07\/Nissan-adaptar\u00e1-autos-para-discapacitados-motrices.jpeg","articleSection":["NOTICIAS FINANCIERAS"],"inLanguage":"es","potentialAction":[{"@type":"CommentAction","name":"Comment","target":["https:\/\/super-news.info\/mx\/nissan-adaptara-autos-para-discapacitados-motrices\/#respond"]}]},{"@type":"WebPage","@id":"https:\/\/super-news.info\/mx\/nissan-adaptara-autos-para-discapacitados-motrices\/","url":"https:\/\/super-news.info\/mx\/nissan-adaptara-autos-para-discapacitados-motrices\/","name":"Nissan adaptar\u00e1 autos para discapacitados motrices - Super News","isPartOf":{"@id":"https:\/\/super-news.info\/mx\/#website"},"primaryImageOfPage":{"@id":"https:\/\/super-news.info\/mx\/nissan-adaptara-autos-para-discapacitados-motrices\/#primaryimage"},"image":{"@id":"https:\/\/super-news.info\/mx\/nissan-adaptara-autos-para-discapacitados-motrices\/#primaryimage"},"thumbnailUrl":"https:\/\/super-news.info\/mx\/wp-content\/uploads\/sites\/8\/2019\/07\/Nissan-adaptar\u00e1-autos-para-discapacitados-motrices.jpeg","datePublished":"2019-07-15T18:30:43+00:00","dateModified":"2019-07-15T18:30:44+00:00","author":{"@id":"https:\/\/super-news.info\/mx\/#\/schema\/person\/74b71ca3d407439fd57da2d9c89449ca"},"breadcrumb":{"@id":"https:\/\/super-news.info\/mx\/nissan-adaptara-autos-para-discapacitados-motrices\/#breadcrumb"},"inLanguage":"es","potentialAction":[{"@type":"ReadAction","target":["https:\/\/super-news.info\/mx\/nissan-adaptara-autos-para-discapacitados-motrices\/"]}]},{"@type":"ImageObject","inLanguage":"es","@id":"https:\/\/super-news.info\/mx\/nissan-adaptara-autos-para-discapacitados-motrices\/#primaryimage","url":"https:\/\/super-news.info\/mx\/wp-content\/uploads\/sites\/8\/2019\/07\/Nissan-adaptar\u00e1-autos-para-discapacitados-motrices.jpeg","contentUrl":"https:\/\/super-news.info\/mx\/wp-content\/uploads\/sites\/8\/2019\/07\/Nissan-adaptar\u00e1-autos-para-discapacitados-motrices.jpeg","width":1361,"height":765,"caption":"Nissan adaptar\u00e1 autos para discapacitados motrices"},{"@type":"BreadcrumbList","@id":"https:\/\/super-news.info\/mx\/nissan-adaptara-autos-para-discapacitados-motrices\/#breadcrumb","itemListElement":[{"@type":"ListItem","position":1,"name":"Home","item":"https:\/\/super-news.info\/mx\/"},{"@type":"ListItem","position":2,"name":"Nissan adaptar\u00e1 autos para discapacitados motrices"}]},{"@type":"WebSite","@id":"https:\/\/super-news.info\/mx\/#website","url":"https:\/\/super-news.info\/mx\/","name":"Super News","description":"Super News Mexico","potentialAction":[{"@type":"SearchAction","target":{"@type":"EntryPoint","urlTemplate":"https:\/\/super-news.info\/mx\/?s={search_term_string}"},"query-input":{"@type":"PropertyValueSpecification","valueRequired":true,"valueName":"search_term_string"}}],"inLanguage":"es"},{"@type":"Person","@id":"https:\/\/super-news.info\/mx\/#\/schema\/person\/74b71ca3d407439fd57da2d9c89449ca","name":"mx","image":{"@type":"ImageObject","inLanguage":"es","@id":"https:\/\/secure.gravatar.com\/avatar\/6374ac65ff69c362a0ae1303d73d69dcd9bd198d62d9861f054a69aaf82c017b?s=96&d=mm&r=g","url":"https:\/\/secure.gravatar.com\/avatar\/6374ac65ff69c362a0ae1303d73d69dcd9bd198d62d9861f054a69aaf82c017b?s=96&d=mm&r=g","contentUrl":"https:\/\/secure.gravatar.com\/avatar\/6374ac65ff69c362a0ae1303d73d69dcd9bd198d62d9861f054a69aaf82c017b?s=96&d=mm&r=g","caption":"mx"},"url":"https:\/\/super-news.info\/mx\/author\/mx\/"}]}},"_links":{"self":[{"href":"https:\/\/super-news.info\/mx\/wp-json\/wp\/v2\/posts\/2362","targetHints":{"allow":["GET"]}}],"collection":[{"href":"https:\/\/super-news.info\/mx\/wp-json\/wp\/v2\/posts"}],"about":[{"href":"https:\/\/super-news.info\/mx\/wp-json\/wp\/v2\/types\/post"}],"author":[{"embeddable":true,"href":"https:\/\/super-news.info\/mx\/wp-json\/wp\/v2\/users\/3"}],"replies":[{"embeddable":true,"href":"https:\/\/super-news.info\/mx\/wp-json\/wp\/v2\/comments?post=2362"}],"version-history":[{"count":1,"href":"https:\/\/super-news.info\/mx\/wp-json\/wp\/v2\/posts\/2362\/revisions"}],"predecessor-version":[{"id":2364,"href":"https:\/\/super-news.info\/mx\/wp-json\/wp\/v2\/posts\/2362\/revisions\/2364"}],"wp:featuredmedia":[{"embeddable":true,"href":"https:\/\/super-news.info\/mx\/wp-json\/wp\/v2\/media\/2363"}],"wp:attachment":[{"href":"https:\/\/super-news.info\/mx\/wp-json\/wp\/v2\/media?parent=2362"}],"wp:term":[{"taxonomy":"category","embeddable":true,"href":"https:\/\/super-news.info\/mx\/wp-json\/wp\/v2\/categories?post=2362"},{"taxonomy":"post_tag","embeddable":true,"href":"https:\/\/super-news.info\/mx\/wp-json\/wp\/v2\/tags?post=2362"}],"curies":[{"name":"wp","href":"https:\/\/api.w.org\/{rel}","templated":true}]}}