{"id":2349,"date":"2019-07-15T14:57:41","date_gmt":"2019-07-15T14:57:41","guid":{"rendered":"https:\/\/super-news.info\/mx\/la-crisis-humanitaria-en-la-frontera-norte-se-agrava\/"},"modified":"2019-07-15T14:57:42","modified_gmt":"2019-07-15T14:57:42","slug":"la-crisis-humanitaria-en-la-frontera-norte-se-agrava","status":"publish","type":"post","link":"https:\/\/super-news.info\/mx\/la-crisis-humanitaria-en-la-frontera-norte-se-agrava\/","title":{"rendered":"La Crisis Humanitaria en la Frontera Norte se agrava"},"content":{"rendered":"<p> [ad_1]<br \/>\n<\/p>\n<div class=\"image__block -side\">\n<figure><\/figure>\n<p><span class=\"element__footer\">Javier Amieva<\/span><span class=\"element__credit\">Fuente: Cortes\u00eda<\/span><\/div>\n<p class=\"paragraph\" data-count=\"432\" data-wrap=\"78\">No cabe duda que la actual <strong>Crisis Humanitaria<\/strong>, con la di\u00e1spora en la frontera de M\u00e9xico con Estados Unidos (EU) ha sido impulsada y obedece a los <strong>malos gobiernos y a la corrupci\u00f3n, <\/strong>factores que preponderantemente han sido los detonadores de la violencia, \u00e9sta ha encontrado un campo f\u00e9rtil en los individuos que no han tenido acceso a la educaci\u00f3n y que no ven en sus pa\u00edses un panorama de un futuro digno para ellos y sus familias.<\/p>\n<p class=\"paragraph\" data-count=\"356\" data-wrap=\"58\">Lo que realmente quiere la poblaci\u00f3n, esto no debe de olvid\u00e1rseles a los gobernantes: Es la <strong>seguridad<\/strong> para sus personas y sus familias, seguridad alimentaria, el derecho a un<strong> trabajo digno, <\/strong>a la educaci\u00f3n para un crecimiento arm\u00f3nico y un gobierno en el que puedan confiar, de otra forma la di\u00e1spora continuar\u00e1 y los <strong>problemas migratorios<\/strong> se multiplicar\u00e1n.<\/p>\n<p class=\"paragraph\" data-count=\"665\" data-wrap=\"114\">Los grandes temas de las \u201c<strong>tensiones<\/strong>\u201d en la pol\u00edtica de inmigraci\u00f3n de EU en general, que han afectado la migraci\u00f3n mexicana: la contradicci\u00f3n entre la creencia en la \u201cigualdad fundamental de las personas\u201d y el deseo de satisfacer las necesidades regionales o los<strong> grupos de inter\u00e9s en este pa\u00eds <\/strong>que hoy reviven los odios raciales por un lado y la necesidad de mano de obra por otro; la dualidad y <strong>doble moral de Trump<\/strong> entre un sentimiento creciente entre la poblaci\u00f3n de controlar el flujo de personas y la necesidad econ\u00f3mica de mano de obra en ciertas industrias, situaci\u00f3n que el actual mandatario ha capitalizado para ganar votos ya en b\u00fasqueda de su reelecci\u00f3n.<\/p>\n<p class=\"paragraph\" data-count=\"683\" data-wrap=\"105\">Por otro lado, el aislacionismo y autoritarismo demostrado hasta hoy en la <strong>administraci\u00f3n de AMLO<\/strong>, -quien responde reactivamente ante las presiones que ponen en peligro los factores de incidencia en la econom\u00eda internacional,-  que con su pol\u00edtica de austeridad ha cortado las ayudas para las llamadas guarder\u00edas, cl\u00ednicas y hospitales populares y otros servicios b\u00e1sicos para la subsistencia como se hab\u00eda venido acotando en los \u00faltimos lustros, empujar\u00e1 sin duda a una di\u00e1spora que afectara a\u00fan m\u00e1s gravemente; La <strong>di\u00e1spora de los capitales<\/strong>, de los profesionistas pensantes y de los empresarios que no desear\u00e1n estar en medio de un experimento denominado Cuarta Transformaci\u00f3n (4T).<\/p>\n<p class=\"paragraph\" data-count=\"564\" data-wrap=\"90\">En la otra mano, est\u00e1 EU cuya respuesta  de la administraci\u00f3n Trump ante la crisis humanitaria es que ya ha iniciado las redadas para deportaci\u00f3n masiva anunciadas desde hace varios meses, al menos en 10 ciudades a lo largo de la naci\u00f3n, las autoridades de <strong>Customs and Border Protection<\/strong> (CBP) tambi\u00e9n participar\u00e1n en la coordinaci\u00f3n de entrevistas para los inmigrantes que han marchado desde centro y Sudam\u00e9rica, lo que impondr\u00e1 una carga adicional de trabajo que podr\u00eda trastocar las operaciones comerciales en la frontera y desalentar el turismo transfronterizo.<\/p>\n<p class=\"paragraph\" data-count=\"366\" data-wrap=\"63\">El resultado es que los centros de ayuda a migrantes en ambos lados de las fronteras, se han convertido en colonias de desplazados y ya est\u00e1n al tope y el problema consiste en que esta<strong> deportaci\u00f3n masiva<\/strong> podr\u00eda ser de miles de familias como ha se\u00f1alado el presidente Trump, pero tambi\u00e9n podr\u00eda alcanzar proporciones de millones para lo cual no est\u00e1 preparado M\u00e9xico.<\/p>\n<p class=\"paragraph\" data-count=\"616\" data-wrap=\"94\">Las deportaciones podr\u00edan circunscribirse a dos mil familias con \u00f3rdenes finales de deportaci\u00f3n como se ha comentado, pero Ken Cuccinelli, Director operacional de la USICS, de la Oficina de Servicios de Inmigraci\u00f3n, encargada de los procesos administrativos declar\u00f3 que: \u201cHan pasado \u2013los posibles deportados-, por el debido proceso y tienen \u00f3rdenes de deportaci\u00f3n definitivas. Entre estos y quienes ser\u00e1n los destinatarios de este esfuerzo de deportaci\u00f3n en particular&#8230;  es solo informaci\u00f3n guardada dentro de ICE en este momento\u201d, agreg\u00f3. \u201cEl grupo de aquellos con, \u00f3rdenes de remoci\u00f3n final  \u2013en EU-, es enorme\u201d.<\/p>\n<p class=\"paragraph\" data-count=\"480\" data-wrap=\"80\">No solo la respuesta de los gobernantes debe de ser analizada y resuelta con visi\u00f3n m\u00e1s amplia, toca tambi\u00e9n a la iniciativa privada despertar y proponer planes o la producci\u00f3n econ\u00f3mica nacional caer\u00e1 a\u00fan m\u00e1s y estaremos entonces en una recesi\u00f3n franca de la econom\u00eda, aunque las autoridades se nieguen a reconocer el casi<strong> nulo crecimiento de la actividad productiva nacional<\/strong> en M\u00e9xico que debe de ir acorde con un gobierno que otorgue y reafirme seguridad en todos los aspectos.<\/p>\n<p class=\"paragraph\" data-count=\"98\" data-wrap=\"17\"><em>El autor es analista pol\u00edtico en Texas, y experto en temas de la frontera M\u00e9xico-Estados Unidos.\ufffc <\/em><\/p>\n<p class=\"paragraph\" data-count=\"51\" data-wrap=\"2\">Opine usted:javier.amieva@hispanicinternational.com<\/p>\n<p class=\"paragraph\" data-count=\"178\" data-wrap=\"27\"><strong>Esta es una columna de opini\u00f3n. Las expresiones aqu\u00ed vertidas son responsabilidad \u00fanicamente de quien la firma y no necesariamente reflejan la postura editorial de El Financiero.<\/strong><\/p>\n<p>[ad_2]<br \/>\n<br \/><a href=\"https:\/\/www.elfinanciero.com.mx\/rss\/monterrey\/la-crisis-humanitaria-en-la-frontera-norte-se-agrava\">Source link <\/a><\/p>\n","protected":false},"excerpt":{"rendered":"<p>[ad_1] Javier AmievaFuente: Cortes\u00eda No cabe duda que la actual Crisis Humanitaria, con la di\u00e1spora en la frontera de M\u00e9xico con Estados Unidos (EU) ha sido impulsada y obedece a los malos gobiernos y a la corrupci\u00f3n, factores que preponderantemente han sido los detonadores de la violencia, \u00e9sta ha encontrado un campo f\u00e9rtil en los [&hellip;]<\/p>\n","protected":false},"author":3,"featured_media":206,"comment_status":"open","ping_status":"open","sticky":false,"template":"","format":"standard","meta":{"footnotes":""},"categories":[1],"tags":[],"class_list":["post-2349","post","type-post","status-publish","format-standard","has-post-thumbnail","hentry","category-noticias-financieras"],"yoast_head":"<!-- This site is optimized with the Yoast SEO plugin v27.4 - https:\/\/yoast.com\/product\/yoast-seo-wordpress\/ -->\n<title>La Crisis Humanitaria en la Frontera Norte se agrava - Super News<\/title>\n<meta name=\"robots\" content=\"index, follow, max-snippet:-1, max-image-preview:large, max-video-preview:-1\" \/>\n<link rel=\"canonical\" href=\"https:\/\/super-news.info\/mx\/la-crisis-humanitaria-en-la-frontera-norte-se-agrava\/\" \/>\n<meta property=\"og:locale\" content=\"es_MX\" \/>\n<meta property=\"og:type\" content=\"article\" \/>\n<meta property=\"og:title\" content=\"La Crisis Humanitaria en la Frontera Norte se agrava - Super News\" \/>\n<meta property=\"og:description\" content=\"[ad_1] Javier AmievaFuente: Cortes\u00eda No cabe duda que la actual Crisis Humanitaria, con la di\u00e1spora en la frontera de M\u00e9xico con Estados Unidos (EU) ha sido impulsada y obedece a los malos gobiernos y a la corrupci\u00f3n, factores que preponderantemente han sido los detonadores de la violencia, \u00e9sta ha encontrado un campo f\u00e9rtil en los [&hellip;]\" \/>\n<meta property=\"og:url\" content=\"https:\/\/super-news.info\/mx\/la-crisis-humanitaria-en-la-frontera-norte-se-agrava\/\" \/>\n<meta property=\"og:site_name\" content=\"Super News\" \/>\n<meta property=\"article:published_time\" content=\"2019-07-15T14:57:41+00:00\" \/>\n<meta property=\"article:modified_time\" content=\"2019-07-15T14:57:42+00:00\" \/>\n<meta property=\"og:image\" content=\"https:\/\/super-news.info\/mx\/wp-content\/uploads\/sites\/8\/2019\/04\/Las-leyes-laborales-de-M\u00e9xico-que-no-tienen-ni-Obama.jpeg\" \/>\n\t<meta property=\"og:image:width\" content=\"1776\" \/>\n\t<meta property=\"og:image:height\" content=\"1000\" \/>\n\t<meta property=\"og:image:type\" content=\"image\/jpeg\" \/>\n<meta name=\"author\" content=\"mx\" \/>\n<meta name=\"twitter:card\" content=\"summary_large_image\" \/>\n<meta name=\"twitter:label1\" content=\"Escrito por\" \/>\n\t<meta name=\"twitter:data1\" content=\"mx\" \/>\n\t<meta name=\"twitter:label2\" content=\"Tiempo de lectura\" \/>\n\t<meta name=\"twitter:data2\" content=\"4 minutos\" \/>\n<script type=\"application\/ld+json\" class=\"yoast-schema-graph\">{\"@context\":\"https:\\\/\\\/schema.org\",\"@graph\":[{\"@type\":\"Article\",\"@id\":\"https:\\\/\\\/super-news.info\\\/mx\\\/la-crisis-humanitaria-en-la-frontera-norte-se-agrava\\\/#article\",\"isPartOf\":{\"@id\":\"https:\\\/\\\/super-news.info\\\/mx\\\/la-crisis-humanitaria-en-la-frontera-norte-se-agrava\\\/\"},\"author\":{\"name\":\"mx\",\"@id\":\"https:\\\/\\\/super-news.info\\\/mx\\\/#\\\/schema\\\/person\\\/74b71ca3d407439fd57da2d9c89449ca\"},\"headline\":\"La Crisis Humanitaria en la Frontera Norte se agrava\",\"datePublished\":\"2019-07-15T14:57:41+00:00\",\"dateModified\":\"2019-07-15T14:57:42+00:00\",\"mainEntityOfPage\":{\"@id\":\"https:\\\/\\\/super-news.info\\\/mx\\\/la-crisis-humanitaria-en-la-frontera-norte-se-agrava\\\/\"},\"wordCount\":817,\"commentCount\":0,\"image\":{\"@id\":\"https:\\\/\\\/super-news.info\\\/mx\\\/la-crisis-humanitaria-en-la-frontera-norte-se-agrava\\\/#primaryimage\"},\"thumbnailUrl\":\"https:\\\/\\\/super-news.info\\\/mx\\\/wp-content\\\/uploads\\\/sites\\\/8\\\/2019\\\/04\\\/Las-leyes-laborales-de-M\u00e9xico-que-no-tienen-ni-Obama.jpeg\",\"articleSection\":[\"NOTICIAS FINANCIERAS\"],\"inLanguage\":\"es\",\"potentialAction\":[{\"@type\":\"CommentAction\",\"name\":\"Comment\",\"target\":[\"https:\\\/\\\/super-news.info\\\/mx\\\/la-crisis-humanitaria-en-la-frontera-norte-se-agrava\\\/#respond\"]}]},{\"@type\":\"WebPage\",\"@id\":\"https:\\\/\\\/super-news.info\\\/mx\\\/la-crisis-humanitaria-en-la-frontera-norte-se-agrava\\\/\",\"url\":\"https:\\\/\\\/super-news.info\\\/mx\\\/la-crisis-humanitaria-en-la-frontera-norte-se-agrava\\\/\",\"name\":\"La Crisis Humanitaria en la Frontera Norte se agrava - Super News\",\"isPartOf\":{\"@id\":\"https:\\\/\\\/super-news.info\\\/mx\\\/#website\"},\"primaryImageOfPage\":{\"@id\":\"https:\\\/\\\/super-news.info\\\/mx\\\/la-crisis-humanitaria-en-la-frontera-norte-se-agrava\\\/#primaryimage\"},\"image\":{\"@id\":\"https:\\\/\\\/super-news.info\\\/mx\\\/la-crisis-humanitaria-en-la-frontera-norte-se-agrava\\\/#primaryimage\"},\"thumbnailUrl\":\"https:\\\/\\\/super-news.info\\\/mx\\\/wp-content\\\/uploads\\\/sites\\\/8\\\/2019\\\/04\\\/Las-leyes-laborales-de-M\u00e9xico-que-no-tienen-ni-Obama.jpeg\",\"datePublished\":\"2019-07-15T14:57:41+00:00\",\"dateModified\":\"2019-07-15T14:57:42+00:00\",\"author\":{\"@id\":\"https:\\\/\\\/super-news.info\\\/mx\\\/#\\\/schema\\\/person\\\/74b71ca3d407439fd57da2d9c89449ca\"},\"breadcrumb\":{\"@id\":\"https:\\\/\\\/super-news.info\\\/mx\\\/la-crisis-humanitaria-en-la-frontera-norte-se-agrava\\\/#breadcrumb\"},\"inLanguage\":\"es\",\"potentialAction\":[{\"@type\":\"ReadAction\",\"target\":[\"https:\\\/\\\/super-news.info\\\/mx\\\/la-crisis-humanitaria-en-la-frontera-norte-se-agrava\\\/\"]}]},{\"@type\":\"ImageObject\",\"inLanguage\":\"es\",\"@id\":\"https:\\\/\\\/super-news.info\\\/mx\\\/la-crisis-humanitaria-en-la-frontera-norte-se-agrava\\\/#primaryimage\",\"url\":\"https:\\\/\\\/super-news.info\\\/mx\\\/wp-content\\\/uploads\\\/sites\\\/8\\\/2019\\\/04\\\/Las-leyes-laborales-de-M\u00e9xico-que-no-tienen-ni-Obama.jpeg\",\"contentUrl\":\"https:\\\/\\\/super-news.info\\\/mx\\\/wp-content\\\/uploads\\\/sites\\\/8\\\/2019\\\/04\\\/Las-leyes-laborales-de-M\u00e9xico-que-no-tienen-ni-Obama.jpeg\",\"width\":1776,\"height\":1000,\"caption\":\"Javier Amieva\"},{\"@type\":\"BreadcrumbList\",\"@id\":\"https:\\\/\\\/super-news.info\\\/mx\\\/la-crisis-humanitaria-en-la-frontera-norte-se-agrava\\\/#breadcrumb\",\"itemListElement\":[{\"@type\":\"ListItem\",\"position\":1,\"name\":\"Home\",\"item\":\"https:\\\/\\\/super-news.info\\\/mx\\\/\"},{\"@type\":\"ListItem\",\"position\":2,\"name\":\"La Crisis Humanitaria en la Frontera Norte se agrava\"}]},{\"@type\":\"WebSite\",\"@id\":\"https:\\\/\\\/super-news.info\\\/mx\\\/#website\",\"url\":\"https:\\\/\\\/super-news.info\\\/mx\\\/\",\"name\":\"Super News\",\"description\":\"Super News Mexico\",\"potentialAction\":[{\"@type\":\"SearchAction\",\"target\":{\"@type\":\"EntryPoint\",\"urlTemplate\":\"https:\\\/\\\/super-news.info\\\/mx\\\/?s={search_term_string}\"},\"query-input\":{\"@type\":\"PropertyValueSpecification\",\"valueRequired\":true,\"valueName\":\"search_term_string\"}}],\"inLanguage\":\"es\"},{\"@type\":\"Person\",\"@id\":\"https:\\\/\\\/super-news.info\\\/mx\\\/#\\\/schema\\\/person\\\/74b71ca3d407439fd57da2d9c89449ca\",\"name\":\"mx\",\"image\":{\"@type\":\"ImageObject\",\"inLanguage\":\"es\",\"@id\":\"https:\\\/\\\/secure.gravatar.com\\\/avatar\\\/6374ac65ff69c362a0ae1303d73d69dcd9bd198d62d9861f054a69aaf82c017b?s=96&d=mm&r=g\",\"url\":\"https:\\\/\\\/secure.gravatar.com\\\/avatar\\\/6374ac65ff69c362a0ae1303d73d69dcd9bd198d62d9861f054a69aaf82c017b?s=96&d=mm&r=g\",\"contentUrl\":\"https:\\\/\\\/secure.gravatar.com\\\/avatar\\\/6374ac65ff69c362a0ae1303d73d69dcd9bd198d62d9861f054a69aaf82c017b?s=96&d=mm&r=g\",\"caption\":\"mx\"},\"url\":\"https:\\\/\\\/super-news.info\\\/mx\\\/author\\\/mx\\\/\"}]}<\/script>\n<!-- \/ Yoast SEO plugin. -->","yoast_head_json":{"title":"La Crisis Humanitaria en la Frontera Norte se agrava - Super News","robots":{"index":"index","follow":"follow","max-snippet":"max-snippet:-1","max-image-preview":"max-image-preview:large","max-video-preview":"max-video-preview:-1"},"canonical":"https:\/\/super-news.info\/mx\/la-crisis-humanitaria-en-la-frontera-norte-se-agrava\/","og_locale":"es_MX","og_type":"article","og_title":"La Crisis Humanitaria en la Frontera Norte se agrava - Super News","og_description":"[ad_1] Javier AmievaFuente: Cortes\u00eda No cabe duda que la actual Crisis Humanitaria, con la di\u00e1spora en la frontera de M\u00e9xico con Estados Unidos (EU) ha sido impulsada y obedece a los malos gobiernos y a la corrupci\u00f3n, factores que preponderantemente han sido los detonadores de la violencia, \u00e9sta ha encontrado un campo f\u00e9rtil en los [&hellip;]","og_url":"https:\/\/super-news.info\/mx\/la-crisis-humanitaria-en-la-frontera-norte-se-agrava\/","og_site_name":"Super News","article_published_time":"2019-07-15T14:57:41+00:00","article_modified_time":"2019-07-15T14:57:42+00:00","og_image":[{"width":1776,"height":1000,"url":"https:\/\/super-news.info\/mx\/wp-content\/uploads\/sites\/8\/2019\/04\/Las-leyes-laborales-de-M\u00e9xico-que-no-tienen-ni-Obama.jpeg","type":"image\/jpeg"}],"author":"mx","twitter_card":"summary_large_image","twitter_misc":{"Escrito por":"mx","Tiempo de lectura":"4 minutos"},"schema":{"@context":"https:\/\/schema.org","@graph":[{"@type":"Article","@id":"https:\/\/super-news.info\/mx\/la-crisis-humanitaria-en-la-frontera-norte-se-agrava\/#article","isPartOf":{"@id":"https:\/\/super-news.info\/mx\/la-crisis-humanitaria-en-la-frontera-norte-se-agrava\/"},"author":{"name":"mx","@id":"https:\/\/super-news.info\/mx\/#\/schema\/person\/74b71ca3d407439fd57da2d9c89449ca"},"headline":"La Crisis Humanitaria en la Frontera Norte se agrava","datePublished":"2019-07-15T14:57:41+00:00","dateModified":"2019-07-15T14:57:42+00:00","mainEntityOfPage":{"@id":"https:\/\/super-news.info\/mx\/la-crisis-humanitaria-en-la-frontera-norte-se-agrava\/"},"wordCount":817,"commentCount":0,"image":{"@id":"https:\/\/super-news.info\/mx\/la-crisis-humanitaria-en-la-frontera-norte-se-agrava\/#primaryimage"},"thumbnailUrl":"https:\/\/super-news.info\/mx\/wp-content\/uploads\/sites\/8\/2019\/04\/Las-leyes-laborales-de-M\u00e9xico-que-no-tienen-ni-Obama.jpeg","articleSection":["NOTICIAS FINANCIERAS"],"inLanguage":"es","potentialAction":[{"@type":"CommentAction","name":"Comment","target":["https:\/\/super-news.info\/mx\/la-crisis-humanitaria-en-la-frontera-norte-se-agrava\/#respond"]}]},{"@type":"WebPage","@id":"https:\/\/super-news.info\/mx\/la-crisis-humanitaria-en-la-frontera-norte-se-agrava\/","url":"https:\/\/super-news.info\/mx\/la-crisis-humanitaria-en-la-frontera-norte-se-agrava\/","name":"La Crisis Humanitaria en la Frontera Norte se agrava - Super News","isPartOf":{"@id":"https:\/\/super-news.info\/mx\/#website"},"primaryImageOfPage":{"@id":"https:\/\/super-news.info\/mx\/la-crisis-humanitaria-en-la-frontera-norte-se-agrava\/#primaryimage"},"image":{"@id":"https:\/\/super-news.info\/mx\/la-crisis-humanitaria-en-la-frontera-norte-se-agrava\/#primaryimage"},"thumbnailUrl":"https:\/\/super-news.info\/mx\/wp-content\/uploads\/sites\/8\/2019\/04\/Las-leyes-laborales-de-M\u00e9xico-que-no-tienen-ni-Obama.jpeg","datePublished":"2019-07-15T14:57:41+00:00","dateModified":"2019-07-15T14:57:42+00:00","author":{"@id":"https:\/\/super-news.info\/mx\/#\/schema\/person\/74b71ca3d407439fd57da2d9c89449ca"},"breadcrumb":{"@id":"https:\/\/super-news.info\/mx\/la-crisis-humanitaria-en-la-frontera-norte-se-agrava\/#breadcrumb"},"inLanguage":"es","potentialAction":[{"@type":"ReadAction","target":["https:\/\/super-news.info\/mx\/la-crisis-humanitaria-en-la-frontera-norte-se-agrava\/"]}]},{"@type":"ImageObject","inLanguage":"es","@id":"https:\/\/super-news.info\/mx\/la-crisis-humanitaria-en-la-frontera-norte-se-agrava\/#primaryimage","url":"https:\/\/super-news.info\/mx\/wp-content\/uploads\/sites\/8\/2019\/04\/Las-leyes-laborales-de-M\u00e9xico-que-no-tienen-ni-Obama.jpeg","contentUrl":"https:\/\/super-news.info\/mx\/wp-content\/uploads\/sites\/8\/2019\/04\/Las-leyes-laborales-de-M\u00e9xico-que-no-tienen-ni-Obama.jpeg","width":1776,"height":1000,"caption":"Javier Amieva"},{"@type":"BreadcrumbList","@id":"https:\/\/super-news.info\/mx\/la-crisis-humanitaria-en-la-frontera-norte-se-agrava\/#breadcrumb","itemListElement":[{"@type":"ListItem","position":1,"name":"Home","item":"https:\/\/super-news.info\/mx\/"},{"@type":"ListItem","position":2,"name":"La Crisis Humanitaria en la Frontera Norte se agrava"}]},{"@type":"WebSite","@id":"https:\/\/super-news.info\/mx\/#website","url":"https:\/\/super-news.info\/mx\/","name":"Super News","description":"Super News Mexico","potentialAction":[{"@type":"SearchAction","target":{"@type":"EntryPoint","urlTemplate":"https:\/\/super-news.info\/mx\/?s={search_term_string}"},"query-input":{"@type":"PropertyValueSpecification","valueRequired":true,"valueName":"search_term_string"}}],"inLanguage":"es"},{"@type":"Person","@id":"https:\/\/super-news.info\/mx\/#\/schema\/person\/74b71ca3d407439fd57da2d9c89449ca","name":"mx","image":{"@type":"ImageObject","inLanguage":"es","@id":"https:\/\/secure.gravatar.com\/avatar\/6374ac65ff69c362a0ae1303d73d69dcd9bd198d62d9861f054a69aaf82c017b?s=96&d=mm&r=g","url":"https:\/\/secure.gravatar.com\/avatar\/6374ac65ff69c362a0ae1303d73d69dcd9bd198d62d9861f054a69aaf82c017b?s=96&d=mm&r=g","contentUrl":"https:\/\/secure.gravatar.com\/avatar\/6374ac65ff69c362a0ae1303d73d69dcd9bd198d62d9861f054a69aaf82c017b?s=96&d=mm&r=g","caption":"mx"},"url":"https:\/\/super-news.info\/mx\/author\/mx\/"}]}},"_links":{"self":[{"href":"https:\/\/super-news.info\/mx\/wp-json\/wp\/v2\/posts\/2349","targetHints":{"allow":["GET"]}}],"collection":[{"href":"https:\/\/super-news.info\/mx\/wp-json\/wp\/v2\/posts"}],"about":[{"href":"https:\/\/super-news.info\/mx\/wp-json\/wp\/v2\/types\/post"}],"author":[{"embeddable":true,"href":"https:\/\/super-news.info\/mx\/wp-json\/wp\/v2\/users\/3"}],"replies":[{"embeddable":true,"href":"https:\/\/super-news.info\/mx\/wp-json\/wp\/v2\/comments?post=2349"}],"version-history":[{"count":1,"href":"https:\/\/super-news.info\/mx\/wp-json\/wp\/v2\/posts\/2349\/revisions"}],"predecessor-version":[{"id":2350,"href":"https:\/\/super-news.info\/mx\/wp-json\/wp\/v2\/posts\/2349\/revisions\/2350"}],"wp:featuredmedia":[{"embeddable":true,"href":"https:\/\/super-news.info\/mx\/wp-json\/wp\/v2\/media\/206"}],"wp:attachment":[{"href":"https:\/\/super-news.info\/mx\/wp-json\/wp\/v2\/media?parent=2349"}],"wp:term":[{"taxonomy":"category","embeddable":true,"href":"https:\/\/super-news.info\/mx\/wp-json\/wp\/v2\/categories?post=2349"},{"taxonomy":"post_tag","embeddable":true,"href":"https:\/\/super-news.info\/mx\/wp-json\/wp\/v2\/tags?post=2349"}],"curies":[{"name":"wp","href":"https:\/\/api.w.org\/{rel}","templated":true}]}}